{"id":127218,"date":"2022-06-29T12:40:36","date_gmt":"2022-06-29T11:40:36","guid":{"rendered":"https:\/\/eurecat.org\/eurect-formara-part-del-eit-culture-and-creativity\/"},"modified":"2022-10-17T14:38:37","modified_gmt":"2022-10-17T13:38:37","slug":"eurect-formara-part-del-eit-culture-and-creativity","status":"publish","type":"post","link":"https:\/\/eurecat.org\/en\/eurect-formara-part-del-eit-culture-and-creativity\/","title":{"rendered":"Eurecat formar\u00e0 part de l&#8217;EIT Culture &#038; Creativity, el nou instrument europeu per a la competitivitat de les ind\u00fastries culturals i creatives"},"content":{"rendered":"<div class=\"fusion-fullwidth fullwidth-box fusion-builder-row-1 fusion-flex-container nonhundred-percent-fullwidth non-hundred-percent-height-scrolling\" style=\"--awb-border-radius-top-left:0px;--awb-border-radius-top-right:0px;--awb-border-radius-bottom-right:0px;--awb-border-radius-bottom-left:0px;--awb-flex-wrap:wrap;\" ><div class=\"fusion-builder-row fusion-row fusion-flex-align-items-flex-start fusion-flex-content-wrap\" style=\"max-width:1424.8px;margin-left: calc(-4% \/ 2 );margin-right: calc(-4% \/ 2 );\"><div class=\"fusion-layout-column fusion_builder_column fusion-builder-column-0 fusion_builder_column_1_1 1_1 fusion-flex-column\" style=\"--awb-bg-size:cover;--awb-width-large:100%;--awb-margin-top-large:0px;--awb-spacing-right-large:1.92%;--awb-margin-bottom-large:0px;--awb-spacing-left-large:1.92%;--awb-width-medium:100%;--awb-spacing-right-medium:1.92%;--awb-spacing-left-medium:1.92%;--awb-width-small:100%;--awb-spacing-right-small:1.92%;--awb-spacing-left-small:1.92%;\"><div class=\"fusion-column-wrapper fusion-flex-justify-content-flex-start fusion-content-layout-column\"><div class=\"fusion-text fusion-text-1\" style=\"--awb-text-transform:none;\"><p>El centre tecnol\u00f2gic <a href=\"http:\/\/eurecat.org\/\">Eurecat<\/a> forma part del consorci ICE, que ha estat seleccionat pel Consell de Govern de l&#8217;Institut Europeu d&#8217;Innovaci\u00f3 i Tecnologia (EIT de les sigles en angl\u00e8s) per impulsar la competitivitat de les ind\u00fastries culturals i creatives europees mitjan\u00e7ant la societat EIT Culture &amp; Creativity.<\/p>\n<p>Coordinat pel Fraunhofer i format per 50 organitzacions d\u2019arreu d\u2019Europa, el consorci ICE s\u2019ha imposat amb \u00e8xit a altres quatre candidats en el proc\u00e9s de selecci\u00f3 amb una proposta dissenyada per posar en valor el valor latent dels sectors i de les ind\u00fastries culturals i creatives per convertir-se en un agent de canvi per a la transformaci\u00f3 verda, digital i social d&#8217;Europa.<\/p>\n<p>Eurecat, que ha comptat amb el suport de l\u2019ICEC i ACCIO, ha liderat un ecosistema de 30 organitzacions espanyoles, franceses i portugueses on hi ha representades empreses, centres tecnol\u00f2gics, universitats i administracions p\u00fabliques. I la voluntat \u00e9s fer cr\u00e9ixer aquesta comunitat en el futur, incorporant empreses culturals, agents tecnol\u00f2gics i administracions interessades en la innovaci\u00f3 pel teixit cultural i creatiu.<\/p>\n<p>Dins l\u2018EIT Culture &amp; Creativity, Eurecat desplegar\u00e0 la seva activitat per al sud-oest d\u2019Europa des de Barcelona, integrat dins d\u2019una una xarxa de sis <em>Co-Location Centers<\/em>, on funcionar\u00e0 com un hub per a tots els agents rellevants a les ind\u00fastries i sectors de creativitat i cultura. En aquest sentit, \u201ces preocupar\u00e0 especialment de com les ind\u00fastries culturals i creatives poden ser un motor de competitivitat per a altres sectors en clau d\u2019innovaci\u00f3 cross-sectorial, a m\u00e9s d\u2019afavorir la seva adaptaci\u00f3 al canvi clim\u00e0tic\u201c, subratlla la directora de la Unitat de Propostes i Coordinaci\u00f3 de Projectes Europeus d\u2019Eurecat, Patricia Castillo.<\/p>\n<p>L\u2019\u00e8xit d\u2019aquesta iniciativa suposa una fita important per Eurecat ja que referma el seu lideratge en la innovaci\u00f3 tecnol\u00f2gica i multidisciplinar aplicada a un sector tan important per Catalunya com \u00e9s el sector creatiu i cultural. Disposar d\u2019una de les sis seus d\u2019aquesta Comunitat a Barcelona contribuir\u00e0 positivament al desenvolupament d\u2019aquest sector empresarial i tindr\u00e0 un impacte tamb\u00e9 positiu en la sostenibilitat del nostre territori.<\/p>\n<p><strong>L\u2018EIT Culture &amp; Creativity<\/strong><\/p>\n<p>L\u2018EIT Culture &amp; Creativity ser\u00e0 una societat sense \u00e0nim de lucre finan\u00e7ada amb fons p\u00fablics que invertir\u00e0 per impulsar la competitivitat dels sectors i ind\u00fastries culturals i creatives europees i refor\u00e7ar el seu paper com a motors de prosperitat per a Europa.<\/p>\n<p>En aquest sentit, el consorci t\u00e9 la missi\u00f3 d&#8217;establir la novena Comunitat de Coneixement i Innovaci\u00f3, que iniciar\u00e0 el 2024 el seu primer per\u00edode d&#8217;operacions de set anys amb el suport de l&#8217;Institut Europeu de Tecnologia, i una possible ampliaci\u00f3 a un segon per\u00edode, abans d\u2018esdevenir autosostenible. El 2023 ser\u00e0 la fase de llan\u00e7ament, on l&#8217;EIT aportar\u00e0 6 milions d&#8217;euros de finan\u00e7ament perqu\u00e8 s\u2019estableixi la col\u00b7laboraci\u00f3.<\/p>\n<p>Amb el lema &#8220;Creat a Europa&#8221;, el consorci guanyador reuneix universitats, institucions de recerca, empreses, inversors i associacions rellevants per a tots els subsectors culturals i creatius.<\/p>\n<p>\u201cLa diversitat \u00e9s la porta d&#8217;entrada a la innovaci\u00f3. Estem orgullosos d&#8217;haver constru\u00eft un consorci que \u00e9s divers en molts aspectes, per\u00f2 especialment un que fa honor a la naturalesa del CCSI europeu: el nostre \u00e9s un sector format per nombroses pimes i actors molt petits\u201d, afirma Bernd Fesel, CEO inter\u00ed i portaveu del consorci guanyador.<\/p>\n<p>Les ind\u00fastries culturals i creatives representen el 5,5 per cent del PIB total de la Uni\u00f3 Europea i el 6,2 per cent de la for\u00e7a de treball europea, on el 80 per cent dels 2,9 milions d&#8217;empreses del sector s\u00f3n petites i microempreses. \u201cAquesta ser\u00e0 una Comunitat d\u2019Innovaci\u00f3 i Coneixement oberta: oberta a emprenedors, artistes, aut\u00f2noms, innovadors socials, agents culturals. La innovaci\u00f3 i el canvi s\u00f3n possibles quan tots els actors -grans i petits- es troben en espais de col\u00b7laboraci\u00f3\u201d, afirma Bernd Fesel.<\/p>\n<p>La seu central de l\u2018EIT Culture &amp; Creativity s\u2019ubicar\u00e0 a Ren\u00e0nia del Nord-Westf\u00e0lia i tindr\u00e0 sis oficines, anomenades Co-Location Centers, a \u00c0msterdam, Barcelona, \u200b\u200bBolonya, H\u00e8lsinki, Kosice i Viena. Aquests centres faran possible aquesta vocaci\u00f3 oberta implicant i canalitzant les necessitats i les expectatives dels ecosistemes locals i regionals i oferiran serveis rellevants de les Comunitats d\u2019Innovaci\u00f3 i Coneixement adequats a cada ecosistema i grups d&#8217;inter\u00e8s, per exemple, estudiants, startups, inversors de capital de risc i administracions.<\/p>\n<p>Les ind\u00fastries culturals i creatives s\u00f3n un motor d&#8217;innovaci\u00f3 per a tota la societat, tal com va quedar especialment pal\u00e8s en la crisi de la Covid-19 i constitueixen un dels motors clau del creixement econ\u00f2mic i la creaci\u00f3 d&#8217;ocupaci\u00f3 a tot Europa, on Comunitat d\u2019Innovaci\u00f3 i Coneixement ser\u00e0 clau per donar suport a la recuperaci\u00f3 d&#8217;Europa.<\/p>\n<p><strong>Sobre l&#8217;Institut Europeu d&#8217;Innovaci\u00f3 i Tecnologia (EIT)<\/strong><\/p>\n<p>L&#8217;EIT \u00e9s l&#8217;ecosistema d&#8217;innovaci\u00f3 m\u00e9s gran d&#8217;Europa que reuneix prop de 3.000 socis de les principals organitzacions empresarials, de recerca i d&#8217;educaci\u00f3 d&#8217;Europa en m\u00e9s de 60 centres d&#8217;innovaci\u00f3. L&#8217;EIT \u00e9s un organisme de la UE i una part integral d&#8217;Horizon Europe, el programa marc de la UE per a la Recerca i la Innovaci\u00f3. A trav\u00e9s d&#8217;associacions paneuropees din\u00e0miques, anomenades Comunitats d\u2019Innovaci\u00f3 i Coneixement i Innovaci\u00f3 (KICs), la Comunitat EIT ofereix una \u00e0mplia gamma d&#8217;activitats d&#8217;innovaci\u00f3 i emprenedoria, refor\u00e7ant la capacitat d&#8217;Europa d&#8217;innovar i d\u2019impulsar solucions als reptes globals urgents alhora que fomenta el talent emprenedor per crear un creixement sostenible i i llocs de treball qualificats a Europa.<\/p>\n<p><strong>Sobre les Comunitats d\u2019Innovaci\u00f3 i Coneixement <\/strong><\/p>\n<p>Les Comunitats d\u2019Innovaci\u00f3 i Coneixement s\u00f3n grans projectes en xarxa, que requereixen molt m\u00e9s temps i complexitat per a la seva preparaci\u00f3 que els projectes habituals de la UE. Poden reunir fins a 200 o m\u00e9s institucions associades en un consorci. Tenen forma jur\u00eddica pr\u00f2pia i estan dissenyats per a una cooperaci\u00f3 a llarg termini de set a quinze anys.<\/p>\n<p>Des de l\u2018any 2010, s&#8217;han establert un total de vuit Comunitats d\u2019Innovaci\u00f3 i Coneixement amb m\u00e9s de 2.900 organitzacions europees associades en 200 hubs d&#8217;Europa. Van donar suport a m\u00e9s de 3.800 empreses, van portar 1.400 nous productes i serveis al mercat i van generar 13.000 llocs de treball nous. Les inversions recaptades per les empreses associades de les Comunitats d\u2019Innovaci\u00f3 i Coneixement van ascendir a 3.900 milions d&#8217;euros i 3.800 graduats van completar amb \u00e8xit un programa universitari de l&#8217;EIT. L&#8217;any 2026 est\u00e0 prevista una convocat\u00f2ria de propostes per a una altra comunitat sobre aigua, oceans i sector mar\u00edtim.<\/p>\n<p><strong>PEU DE FOTO: <\/strong>A la imatge hi apareix Patricia Castillo, d\u2019Eurecat (primera per l\u2019esquerra), acompanyada dels representants del consorci guanyador, a Budapest, seu de l\u2019EIT.<\/p>\n<p><strong>M\u00e9s informaci\u00f3 a: <\/strong><a href=\"https:\/\/eit.europa.eu\/\" target=\"_blank\" rel=\"noopener\"><strong>https:\/\/eit.europa.eu\/<\/strong><\/a><\/p>\n<\/div><\/div><\/div><\/div><\/div>\n","protected":false},"excerpt":{"rendered":"","protected":false},"author":12,"featured_media":124296,"comment_status":"open","ping_status":"closed","sticky":false,"template":"","format":"standard","meta":{"footnotes":""},"categories":[434,2276,743],"tags":[],"class_list":["post-127218","post","type-post","status-publish","format-standard","has-post-thumbnail","hentry","category-audiovisual-technologies","category-cultural-and-creative-industries","category-press-notes-en"],"yoast_head":"<!-- This site is optimized with the Yoast SEO plugin v27.5 - https:\/\/yoast.com\/product\/yoast-seo-wordpress\/ -->\n<title>Eurecat formar\u00e0 part del EIT Culture &amp; Creativity<\/title>\n<meta name=\"description\" content=\"Eurecat formar\u00e0 part de l&#039;EIT Culture &amp; Creativity, el nou instrument europeu per a la competitivitat de les ind\u00fastries culturals i creatives\" \/>\n<meta name=\"robots\" content=\"index, follow, max-snippet:-1, max-image-preview:large, max-video-preview:-1\" \/>\n<link rel=\"canonical\" href=\"https:\/\/eurecat.org\/en\/eurect-formara-part-del-eit-culture-and-creativity\/\" \/>\n<meta property=\"og:locale\" content=\"en_US\" \/>\n<meta property=\"og:type\" content=\"article\" \/>\n<meta property=\"og:title\" content=\"Eurecat formar\u00e0 part del EIT Culture &amp; Creativity\" \/>\n<meta property=\"og:description\" content=\"Eurecat formar\u00e0 part de l&#039;EIT Culture &amp; Creativity, el nou instrument europeu per a la competitivitat de les ind\u00fastries culturals i creatives\" \/>\n<meta property=\"og:url\" content=\"https:\/\/eurecat.org\/en\/eurect-formara-part-del-eit-culture-and-creativity\/\" \/>\n<meta property=\"og:site_name\" content=\"Eurecat\" \/>\n<meta property=\"article:published_time\" content=\"2022-06-29T11:40:36+00:00\" \/>\n<meta property=\"article:modified_time\" content=\"2022-10-17T13:38:37+00:00\" \/>\n<meta property=\"og:image\" content=\"https:\/\/eurecat.org\/wp-content\/uploads\/2022\/06\/EIT_Eurecat_800px.jpg\" \/>\n\t<meta property=\"og:image:width\" content=\"800\" \/>\n\t<meta property=\"og:image:height\" content=\"450\" \/>\n\t<meta property=\"og:image:type\" content=\"image\/jpeg\" \/>\n<meta name=\"author\" content=\"EurecatEG\" \/>\n<meta name=\"twitter:card\" content=\"summary_large_image\" \/>\n<meta name=\"twitter:label1\" content=\"Written by\" \/>\n\t<meta name=\"twitter:data1\" content=\"EurecatEG\" \/>\n\t<meta name=\"twitter:label2\" content=\"Est. reading time\" \/>\n\t<meta name=\"twitter:data2\" content=\"6 minutes\" \/>\n<script type=\"application\/ld+json\" class=\"yoast-schema-graph\">{\"@context\":\"https:\\\/\\\/schema.org\",\"@graph\":[{\"@type\":\"Article\",\"@id\":\"https:\\\/\\\/eurecat.org\\\/en\\\/eurect-formara-part-del-eit-culture-and-creativity\\\/#article\",\"isPartOf\":{\"@id\":\"https:\\\/\\\/eurecat.org\\\/en\\\/eurect-formara-part-del-eit-culture-and-creativity\\\/\"},\"author\":{\"name\":\"EurecatEG\",\"@id\":\"https:\\\/\\\/eurecat.org\\\/en\\\/#\\\/schema\\\/person\\\/def9217eded50ee57a9dc4cf0c883f80\"},\"headline\":\"Eurecat formar\u00e0 part de l&#8217;EIT Culture &#038; Creativity, el nou instrument europeu per a la competitivitat de les ind\u00fastries culturals i creatives\",\"datePublished\":\"2022-06-29T11:40:36+00:00\",\"dateModified\":\"2022-10-17T13:38:37+00:00\",\"mainEntityOfPage\":{\"@id\":\"https:\\\/\\\/eurecat.org\\\/en\\\/eurect-formara-part-del-eit-culture-and-creativity\\\/\"},\"wordCount\":1428,\"commentCount\":0,\"image\":{\"@id\":\"https:\\\/\\\/eurecat.org\\\/en\\\/eurect-formara-part-del-eit-culture-and-creativity\\\/#primaryimage\"},\"thumbnailUrl\":\"https:\\\/\\\/eurecat.org\\\/wp-content\\\/uploads\\\/2022\\\/06\\\/EIT_Eurecat_800px.jpg\",\"articleSection\":[\"Audiovisual Technologies\",\"Cultural and Creative Industries\",\"Press Notes\"],\"inLanguage\":\"en-US\",\"potentialAction\":[{\"@type\":\"CommentAction\",\"name\":\"Comment\",\"target\":[\"https:\\\/\\\/eurecat.org\\\/en\\\/eurect-formara-part-del-eit-culture-and-creativity\\\/#respond\"]}]},{\"@type\":\"WebPage\",\"@id\":\"https:\\\/\\\/eurecat.org\\\/en\\\/eurect-formara-part-del-eit-culture-and-creativity\\\/\",\"url\":\"https:\\\/\\\/eurecat.org\\\/en\\\/eurect-formara-part-del-eit-culture-and-creativity\\\/\",\"name\":\"Eurecat formar\u00e0 part del EIT Culture & Creativity\",\"isPartOf\":{\"@id\":\"https:\\\/\\\/eurecat.org\\\/en\\\/#website\"},\"primaryImageOfPage\":{\"@id\":\"https:\\\/\\\/eurecat.org\\\/en\\\/eurect-formara-part-del-eit-culture-and-creativity\\\/#primaryimage\"},\"image\":{\"@id\":\"https:\\\/\\\/eurecat.org\\\/en\\\/eurect-formara-part-del-eit-culture-and-creativity\\\/#primaryimage\"},\"thumbnailUrl\":\"https:\\\/\\\/eurecat.org\\\/wp-content\\\/uploads\\\/2022\\\/06\\\/EIT_Eurecat_800px.jpg\",\"datePublished\":\"2022-06-29T11:40:36+00:00\",\"dateModified\":\"2022-10-17T13:38:37+00:00\",\"author\":{\"@id\":\"https:\\\/\\\/eurecat.org\\\/en\\\/#\\\/schema\\\/person\\\/def9217eded50ee57a9dc4cf0c883f80\"},\"description\":\"Eurecat formar\u00e0 part de l'EIT Culture & Creativity, el nou instrument europeu per a la competitivitat de les ind\u00fastries culturals i creatives\",\"breadcrumb\":{\"@id\":\"https:\\\/\\\/eurecat.org\\\/en\\\/eurect-formara-part-del-eit-culture-and-creativity\\\/#breadcrumb\"},\"inLanguage\":\"en-US\",\"potentialAction\":[{\"@type\":\"ReadAction\",\"target\":[\"https:\\\/\\\/eurecat.org\\\/en\\\/eurect-formara-part-del-eit-culture-and-creativity\\\/\"]}]},{\"@type\":\"ImageObject\",\"inLanguage\":\"en-US\",\"@id\":\"https:\\\/\\\/eurecat.org\\\/en\\\/eurect-formara-part-del-eit-culture-and-creativity\\\/#primaryimage\",\"url\":\"https:\\\/\\\/eurecat.org\\\/wp-content\\\/uploads\\\/2022\\\/06\\\/EIT_Eurecat_800px.jpg\",\"contentUrl\":\"https:\\\/\\\/eurecat.org\\\/wp-content\\\/uploads\\\/2022\\\/06\\\/EIT_Eurecat_800px.jpg\",\"width\":800,\"height\":450,\"caption\":\"A la imatge hi apareix Patricia Castillo, d\u2019Eurecat (primera per l\u2019esquerra), acompanyada dels representants del consorci guanyador, a Budapest, seu de l\u2019EIT.\"},{\"@type\":\"BreadcrumbList\",\"@id\":\"https:\\\/\\\/eurecat.org\\\/en\\\/eurect-formara-part-del-eit-culture-and-creativity\\\/#breadcrumb\",\"itemListElement\":[{\"@type\":\"ListItem\",\"position\":1,\"name\":\"Inici\",\"item\":\"https:\\\/\\\/eurecat.org\\\/en\\\/\"},{\"@type\":\"ListItem\",\"position\":2,\"name\":\"Eurecat formar\u00e0 part de l&#8217;EIT Culture &#038; Creativity, el nou instrument europeu per a la competitivitat de les ind\u00fastries culturals i creatives\"}]},{\"@type\":\"WebSite\",\"@id\":\"https:\\\/\\\/eurecat.org\\\/en\\\/#website\",\"url\":\"https:\\\/\\\/eurecat.org\\\/en\\\/\",\"name\":\"Eurecat\",\"description\":\"Otro sitio realizado con WordPress\",\"potentialAction\":[{\"@type\":\"SearchAction\",\"target\":{\"@type\":\"EntryPoint\",\"urlTemplate\":\"https:\\\/\\\/eurecat.org\\\/en\\\/?s={search_term_string}\"},\"query-input\":{\"@type\":\"PropertyValueSpecification\",\"valueRequired\":true,\"valueName\":\"search_term_string\"}}],\"inLanguage\":\"en-US\"},{\"@type\":\"Person\",\"@id\":\"https:\\\/\\\/eurecat.org\\\/en\\\/#\\\/schema\\\/person\\\/def9217eded50ee57a9dc4cf0c883f80\",\"name\":\"EurecatEG\",\"image\":{\"@type\":\"ImageObject\",\"inLanguage\":\"en-US\",\"@id\":\"https:\\\/\\\/secure.gravatar.com\\\/avatar\\\/f40dd9b6ecd3e5c591f3c9b033e495ee0ec9877ba77249fbf268b3889350c824?s=96&d=mm&r=g\",\"url\":\"https:\\\/\\\/secure.gravatar.com\\\/avatar\\\/f40dd9b6ecd3e5c591f3c9b033e495ee0ec9877ba77249fbf268b3889350c824?s=96&d=mm&r=g\",\"contentUrl\":\"https:\\\/\\\/secure.gravatar.com\\\/avatar\\\/f40dd9b6ecd3e5c591f3c9b033e495ee0ec9877ba77249fbf268b3889350c824?s=96&d=mm&r=g\",\"caption\":\"EurecatEG\"}}]}<\/script>\n<!-- \/ Yoast SEO plugin. -->","yoast_head_json":{"title":"Eurecat formar\u00e0 part del EIT Culture & Creativity","description":"Eurecat formar\u00e0 part de l'EIT Culture & Creativity, el nou instrument europeu per a la competitivitat de les ind\u00fastries culturals i creatives","robots":{"index":"index","follow":"follow","max-snippet":"max-snippet:-1","max-image-preview":"max-image-preview:large","max-video-preview":"max-video-preview:-1"},"canonical":"https:\/\/eurecat.org\/en\/eurect-formara-part-del-eit-culture-and-creativity\/","og_locale":"en_US","og_type":"article","og_title":"Eurecat formar\u00e0 part del EIT Culture & Creativity","og_description":"Eurecat formar\u00e0 part de l'EIT Culture & Creativity, el nou instrument europeu per a la competitivitat de les ind\u00fastries culturals i creatives","og_url":"https:\/\/eurecat.org\/en\/eurect-formara-part-del-eit-culture-and-creativity\/","og_site_name":"Eurecat","article_published_time":"2022-06-29T11:40:36+00:00","article_modified_time":"2022-10-17T13:38:37+00:00","og_image":[{"width":800,"height":450,"url":"https:\/\/eurecat.org\/wp-content\/uploads\/2022\/06\/EIT_Eurecat_800px.jpg","type":"image\/jpeg"}],"author":"EurecatEG","twitter_card":"summary_large_image","twitter_misc":{"Written by":"EurecatEG","Est. reading time":"6 minutes"},"schema":{"@context":"https:\/\/schema.org","@graph":[{"@type":"Article","@id":"https:\/\/eurecat.org\/en\/eurect-formara-part-del-eit-culture-and-creativity\/#article","isPartOf":{"@id":"https:\/\/eurecat.org\/en\/eurect-formara-part-del-eit-culture-and-creativity\/"},"author":{"name":"EurecatEG","@id":"https:\/\/eurecat.org\/en\/#\/schema\/person\/def9217eded50ee57a9dc4cf0c883f80"},"headline":"Eurecat formar\u00e0 part de l&#8217;EIT Culture &#038; Creativity, el nou instrument europeu per a la competitivitat de les ind\u00fastries culturals i creatives","datePublished":"2022-06-29T11:40:36+00:00","dateModified":"2022-10-17T13:38:37+00:00","mainEntityOfPage":{"@id":"https:\/\/eurecat.org\/en\/eurect-formara-part-del-eit-culture-and-creativity\/"},"wordCount":1428,"commentCount":0,"image":{"@id":"https:\/\/eurecat.org\/en\/eurect-formara-part-del-eit-culture-and-creativity\/#primaryimage"},"thumbnailUrl":"https:\/\/eurecat.org\/wp-content\/uploads\/2022\/06\/EIT_Eurecat_800px.jpg","articleSection":["Audiovisual Technologies","Cultural and Creative Industries","Press Notes"],"inLanguage":"en-US","potentialAction":[{"@type":"CommentAction","name":"Comment","target":["https:\/\/eurecat.org\/en\/eurect-formara-part-del-eit-culture-and-creativity\/#respond"]}]},{"@type":"WebPage","@id":"https:\/\/eurecat.org\/en\/eurect-formara-part-del-eit-culture-and-creativity\/","url":"https:\/\/eurecat.org\/en\/eurect-formara-part-del-eit-culture-and-creativity\/","name":"Eurecat formar\u00e0 part del EIT Culture & Creativity","isPartOf":{"@id":"https:\/\/eurecat.org\/en\/#website"},"primaryImageOfPage":{"@id":"https:\/\/eurecat.org\/en\/eurect-formara-part-del-eit-culture-and-creativity\/#primaryimage"},"image":{"@id":"https:\/\/eurecat.org\/en\/eurect-formara-part-del-eit-culture-and-creativity\/#primaryimage"},"thumbnailUrl":"https:\/\/eurecat.org\/wp-content\/uploads\/2022\/06\/EIT_Eurecat_800px.jpg","datePublished":"2022-06-29T11:40:36+00:00","dateModified":"2022-10-17T13:38:37+00:00","author":{"@id":"https:\/\/eurecat.org\/en\/#\/schema\/person\/def9217eded50ee57a9dc4cf0c883f80"},"description":"Eurecat formar\u00e0 part de l'EIT Culture & Creativity, el nou instrument europeu per a la competitivitat de les ind\u00fastries culturals i creatives","breadcrumb":{"@id":"https:\/\/eurecat.org\/en\/eurect-formara-part-del-eit-culture-and-creativity\/#breadcrumb"},"inLanguage":"en-US","potentialAction":[{"@type":"ReadAction","target":["https:\/\/eurecat.org\/en\/eurect-formara-part-del-eit-culture-and-creativity\/"]}]},{"@type":"ImageObject","inLanguage":"en-US","@id":"https:\/\/eurecat.org\/en\/eurect-formara-part-del-eit-culture-and-creativity\/#primaryimage","url":"https:\/\/eurecat.org\/wp-content\/uploads\/2022\/06\/EIT_Eurecat_800px.jpg","contentUrl":"https:\/\/eurecat.org\/wp-content\/uploads\/2022\/06\/EIT_Eurecat_800px.jpg","width":800,"height":450,"caption":"A la imatge hi apareix Patricia Castillo, d\u2019Eurecat (primera per l\u2019esquerra), acompanyada dels representants del consorci guanyador, a Budapest, seu de l\u2019EIT."},{"@type":"BreadcrumbList","@id":"https:\/\/eurecat.org\/en\/eurect-formara-part-del-eit-culture-and-creativity\/#breadcrumb","itemListElement":[{"@type":"ListItem","position":1,"name":"Inici","item":"https:\/\/eurecat.org\/en\/"},{"@type":"ListItem","position":2,"name":"Eurecat formar\u00e0 part de l&#8217;EIT Culture &#038; Creativity, el nou instrument europeu per a la competitivitat de les ind\u00fastries culturals i creatives"}]},{"@type":"WebSite","@id":"https:\/\/eurecat.org\/en\/#website","url":"https:\/\/eurecat.org\/en\/","name":"Eurecat","description":"Otro sitio realizado con WordPress","potentialAction":[{"@type":"SearchAction","target":{"@type":"EntryPoint","urlTemplate":"https:\/\/eurecat.org\/en\/?s={search_term_string}"},"query-input":{"@type":"PropertyValueSpecification","valueRequired":true,"valueName":"search_term_string"}}],"inLanguage":"en-US"},{"@type":"Person","@id":"https:\/\/eurecat.org\/en\/#\/schema\/person\/def9217eded50ee57a9dc4cf0c883f80","name":"EurecatEG","image":{"@type":"ImageObject","inLanguage":"en-US","@id":"https:\/\/secure.gravatar.com\/avatar\/f40dd9b6ecd3e5c591f3c9b033e495ee0ec9877ba77249fbf268b3889350c824?s=96&d=mm&r=g","url":"https:\/\/secure.gravatar.com\/avatar\/f40dd9b6ecd3e5c591f3c9b033e495ee0ec9877ba77249fbf268b3889350c824?s=96&d=mm&r=g","contentUrl":"https:\/\/secure.gravatar.com\/avatar\/f40dd9b6ecd3e5c591f3c9b033e495ee0ec9877ba77249fbf268b3889350c824?s=96&d=mm&r=g","caption":"EurecatEG"}}]}},"_links":{"self":[{"href":"https:\/\/eurecat.org\/en\/wp-json\/wp\/v2\/posts\/127218","targetHints":{"allow":["GET"]}}],"collection":[{"href":"https:\/\/eurecat.org\/en\/wp-json\/wp\/v2\/posts"}],"about":[{"href":"https:\/\/eurecat.org\/en\/wp-json\/wp\/v2\/types\/post"}],"author":[{"embeddable":true,"href":"https:\/\/eurecat.org\/en\/wp-json\/wp\/v2\/users\/12"}],"replies":[{"embeddable":true,"href":"https:\/\/eurecat.org\/en\/wp-json\/wp\/v2\/comments?post=127218"}],"version-history":[{"count":1,"href":"https:\/\/eurecat.org\/en\/wp-json\/wp\/v2\/posts\/127218\/revisions"}],"predecessor-version":[{"id":127219,"href":"https:\/\/eurecat.org\/en\/wp-json\/wp\/v2\/posts\/127218\/revisions\/127219"}],"wp:featuredmedia":[{"embeddable":true,"href":"https:\/\/eurecat.org\/en\/wp-json\/wp\/v2\/media\/124296"}],"wp:attachment":[{"href":"https:\/\/eurecat.org\/en\/wp-json\/wp\/v2\/media?parent=127218"}],"wp:term":[{"taxonomy":"category","embeddable":true,"href":"https:\/\/eurecat.org\/en\/wp-json\/wp\/v2\/categories?post=127218"},{"taxonomy":"post_tag","embeddable":true,"href":"https:\/\/eurecat.org\/en\/wp-json\/wp\/v2\/tags?post=127218"}],"curies":[{"name":"wp","href":"https:\/\/api.w.org\/{rel}","templated":true}]}}