{"id":127225,"date":"2022-06-20T14:10:20","date_gmt":"2022-06-20T13:10:20","guid":{"rendered":"https:\/\/eurecat.org\/comissio-europea-2_8m-dih4cat-seleccionat-hubs-transformacio-digital-pimes-europa\/"},"modified":"2022-10-17T14:41:46","modified_gmt":"2022-10-17T13:41:46","slug":"the-european-commission-will-allocate-eur-2-8-million-to-dih4cat-selected-as-one-of-europes-sme-digital-transformation-hubs","status":"publish","type":"post","link":"https:\/\/eurecat.org\/en\/the-european-commission-will-allocate-eur-2-8-million-to-dih4cat-selected-as-one-of-europes-sme-digital-transformation-hubs\/","title":{"rendered":"The European Commission will allocate EUR 2.8 million to DIH4CAT, selected as one of Europe\u2019s SME digital transformation hubs"},"content":{"rendered":"<div class=\"fusion-fullwidth fullwidth-box fusion-builder-row-1 fusion-flex-container nonhundred-percent-fullwidth non-hundred-percent-height-scrolling\" style=\"--awb-border-radius-top-left:0px;--awb-border-radius-top-right:0px;--awb-border-radius-bottom-right:0px;--awb-border-radius-bottom-left:0px;--awb-flex-wrap:wrap;\" ><div class=\"fusion-builder-row fusion-row fusion-flex-align-items-flex-start fusion-flex-content-wrap\" style=\"max-width:1424.8px;margin-left: calc(-4% \/ 2 );margin-right: calc(-4% \/ 2 );\"><div class=\"fusion-layout-column fusion_builder_column fusion-builder-column-0 fusion_builder_column_1_1 1_1 fusion-flex-column\" style=\"--awb-bg-size:cover;--awb-width-large:100%;--awb-margin-top-large:0px;--awb-spacing-right-large:1.92%;--awb-margin-bottom-large:0px;--awb-spacing-left-large:1.92%;--awb-width-medium:100%;--awb-spacing-right-medium:1.92%;--awb-spacing-left-medium:1.92%;--awb-width-small:100%;--awb-spacing-right-small:1.92%;--awb-spacing-left-small:1.92%;\"><div class=\"fusion-column-wrapper fusion-flex-justify-content-flex-start fusion-content-layout-column\"><div class=\"fusion-text fusion-text-1\" style=\"--awb-text-transform:none;\"><p>The European Commission has selected the Catalan public-private consortium DIH4CAT, of which Eurecat is part, as one of the EU hubs responsible for the digital transformation of SMEs. DIH4CAT thus becomes one of the European Digital Innovation Hubs (EDIH) with the aim of contributing to getting 75 per cent of European SMEs to have carried out advanced digitalisation processes by 2030.<\/p>\n<p>With this recognition, the European Commission will allocate 2.8 million euros to the Catalan project, promoted by the Catalan Ministry of Business and Employment through ACCI\u00d3 (the Catalan Government\u2019s agency for business competitiveness), the Catalan Ministry of the Vice-Presidency and Digital Policies and Territory, Foment del Treball, PIMEC, Eurecat, the Computer Vision Centre (CVC), the Institute of Photonic Sciences (ICFO), the i2CAT Foundation, Leitat Technological Centre, the Polytechnic University of Catalonia (UPC), the Barcelona Supercomputing Center (BCS) and IESE Business School. In addition to the 2.8 million euros from the European Commission, the Catalan Government, the Ministry of Economy and Competitiveness and the project partners will contribute up to 4 million euros to the initiative.<\/p>\n<p>DIH4CAT will thus make it easier for Catalan companies to be able to carry out tests and trials of advanced technologies before investing to implement them in their business. At the moment, as part of the contribution from the project partners, an initial million euros from the Catalan Ministry of the Vice-Presidency and Digital Policies and Territory will enable aid of up to 10,000 euros to be allocated to 100 Catalan companies this summer, so they can carry out these proofs of concept, develop prototypes or do trials in the laboratories and infrastructures of the DIH4CAT members. The technologies that will be able to be tested will be connected to 3D printing, robotics, super-\/quantum computing, cybersecurity, blockchain, artificial intelligence, big data, the IoT, 5G and photonics.<\/p>\n<p>In parallel, technology consultancy services will also be offered prior to testing, as well as specialist technology training, connection with the innovation ecosystem and advice on sourcing funds. DIH4CAT is set up as a network service centre, a \u2018single window\u2019 where companies and public institutions can access technological capacity, solutions and infrastructure to drive their digital transformation.<\/p>\n<p>Besides the funding from the Government of Catalonia and the European Commission, DIH4CAT will also go for a Next Generation funding line channelled through the Ministry of Economy and Competitiveness\u2019 EOI Foundation, which in total will have an endowment of more than 40 million euros for the whole of Spain. In this case, the aid to each company will be between 30,000 and 60,000 euros.<\/p>\n<p>DIH4CAT also provides companies with a self-guidance tool to analyse their degree of digital maturity in a quick, simple and agile way. After completing the self-assessment\u00a0<a href=\"https:\/\/autorientacio.dih4cat.cat\/\">using this link<\/a>, companies can automatically obtain a customised report with their digital maturity evaluation, followed by a set of recommendations and next steps to move forward with their digital transformation; this will also be accompanied by the identification of the main resources of interest from DIH4CAT and the tech clusters that make it up.<\/p>\n<\/div><\/div><\/div><\/div><\/div>\n","protected":false},"excerpt":{"rendered":"","protected":false},"author":12,"featured_media":123579,"comment_status":"open","ping_status":"closed","sticky":false,"template":"","format":"standard","meta":{"footnotes":""},"categories":[2290,743,432],"tags":[],"class_list":["post-127225","post","type-post","status-publish","format-standard","has-post-thumbnail","hentry","category-ict","category-press-notes-en","category-smart-management-systems-en"],"yoast_head":"<!-- This site is optimized with the Yoast SEO plugin v27.5 - https:\/\/yoast.com\/product\/yoast-seo-wordpress\/ -->\n<title>La Comissi\u00f3 Europea destinar\u00e0 2,8 MEUR al DIH4CAT<\/title>\n<meta name=\"description\" content=\"La Comissi\u00f3 Europea destinar\u00e0 2,8 MEUR al DIH4CAT, seleccionat com un dels \u2018hubs\u2019 de transformaci\u00f3 digital de les pimes a Europa\" \/>\n<meta name=\"robots\" content=\"index, follow, max-snippet:-1, max-image-preview:large, max-video-preview:-1\" \/>\n<link rel=\"canonical\" href=\"https:\/\/eurecat.org\/en\/the-european-commission-will-allocate-eur-2-8-million-to-dih4cat-selected-as-one-of-europes-sme-digital-transformation-hubs\/\" \/>\n<meta property=\"og:locale\" content=\"en_US\" \/>\n<meta property=\"og:type\" content=\"article\" \/>\n<meta property=\"og:title\" content=\"La Comissi\u00f3 Europea destinar\u00e0 2,8 MEUR al DIH4CAT\" \/>\n<meta property=\"og:description\" content=\"La Comissi\u00f3 Europea destinar\u00e0 2,8 MEUR al DIH4CAT, seleccionat com un dels \u2018hubs\u2019 de transformaci\u00f3 digital de les pimes a Europa\" \/>\n<meta property=\"og:url\" content=\"https:\/\/eurecat.org\/en\/the-european-commission-will-allocate-eur-2-8-million-to-dih4cat-selected-as-one-of-europes-sme-digital-transformation-hubs\/\" \/>\n<meta property=\"og:site_name\" content=\"Eurecat\" \/>\n<meta property=\"article:published_time\" content=\"2022-06-20T13:10:20+00:00\" \/>\n<meta property=\"article:modified_time\" content=\"2022-10-17T13:41:46+00:00\" \/>\n<meta property=\"og:image\" content=\"https:\/\/eurecat.org\/wp-content\/uploads\/2022\/05\/DIH4CAT_ACCIO_0300_800px.jpg\" \/>\n\t<meta property=\"og:image:width\" content=\"800\" \/>\n\t<meta property=\"og:image:height\" content=\"533\" \/>\n\t<meta property=\"og:image:type\" content=\"image\/jpeg\" \/>\n<meta name=\"author\" content=\"EurecatEG\" \/>\n<meta name=\"twitter:card\" content=\"summary_large_image\" \/>\n<meta name=\"twitter:label1\" content=\"Written by\" \/>\n\t<meta name=\"twitter:data1\" content=\"EurecatEG\" \/>\n\t<meta name=\"twitter:label2\" content=\"Est. reading time\" \/>\n\t<meta name=\"twitter:data2\" content=\"4 minutes\" \/>\n<script type=\"application\/ld+json\" class=\"yoast-schema-graph\">{\"@context\":\"https:\\\/\\\/schema.org\",\"@graph\":[{\"@type\":\"Article\",\"@id\":\"https:\\\/\\\/eurecat.org\\\/en\\\/the-european-commission-will-allocate-eur-2-8-million-to-dih4cat-selected-as-one-of-europes-sme-digital-transformation-hubs\\\/#article\",\"isPartOf\":{\"@id\":\"https:\\\/\\\/eurecat.org\\\/en\\\/the-european-commission-will-allocate-eur-2-8-million-to-dih4cat-selected-as-one-of-europes-sme-digital-transformation-hubs\\\/\"},\"author\":{\"name\":\"EurecatEG\",\"@id\":\"https:\\\/\\\/eurecat.org\\\/en\\\/#\\\/schema\\\/person\\\/def9217eded50ee57a9dc4cf0c883f80\"},\"headline\":\"The European Commission will allocate EUR 2.8 million to DIH4CAT, selected as one of Europe\u2019s SME digital transformation hubs\",\"datePublished\":\"2022-06-20T13:10:20+00:00\",\"dateModified\":\"2022-10-17T13:41:46+00:00\",\"mainEntityOfPage\":{\"@id\":\"https:\\\/\\\/eurecat.org\\\/en\\\/the-european-commission-will-allocate-eur-2-8-million-to-dih4cat-selected-as-one-of-europes-sme-digital-transformation-hubs\\\/\"},\"wordCount\":771,\"commentCount\":0,\"image\":{\"@id\":\"https:\\\/\\\/eurecat.org\\\/en\\\/the-european-commission-will-allocate-eur-2-8-million-to-dih4cat-selected-as-one-of-europes-sme-digital-transformation-hubs\\\/#primaryimage\"},\"thumbnailUrl\":\"https:\\\/\\\/eurecat.org\\\/wp-content\\\/uploads\\\/2022\\\/05\\\/DIH4CAT_ACCIO_0300_800px.jpg\",\"articleSection\":[\"ICT\",\"Press Notes\",\"Smart Management Systems\"],\"inLanguage\":\"en-US\",\"potentialAction\":[{\"@type\":\"CommentAction\",\"name\":\"Comment\",\"target\":[\"https:\\\/\\\/eurecat.org\\\/en\\\/the-european-commission-will-allocate-eur-2-8-million-to-dih4cat-selected-as-one-of-europes-sme-digital-transformation-hubs\\\/#respond\"]}]},{\"@type\":\"WebPage\",\"@id\":\"https:\\\/\\\/eurecat.org\\\/en\\\/the-european-commission-will-allocate-eur-2-8-million-to-dih4cat-selected-as-one-of-europes-sme-digital-transformation-hubs\\\/\",\"url\":\"https:\\\/\\\/eurecat.org\\\/en\\\/the-european-commission-will-allocate-eur-2-8-million-to-dih4cat-selected-as-one-of-europes-sme-digital-transformation-hubs\\\/\",\"name\":\"La Comissi\u00f3 Europea destinar\u00e0 2,8 MEUR al DIH4CAT\",\"isPartOf\":{\"@id\":\"https:\\\/\\\/eurecat.org\\\/en\\\/#website\"},\"primaryImageOfPage\":{\"@id\":\"https:\\\/\\\/eurecat.org\\\/en\\\/the-european-commission-will-allocate-eur-2-8-million-to-dih4cat-selected-as-one-of-europes-sme-digital-transformation-hubs\\\/#primaryimage\"},\"image\":{\"@id\":\"https:\\\/\\\/eurecat.org\\\/en\\\/the-european-commission-will-allocate-eur-2-8-million-to-dih4cat-selected-as-one-of-europes-sme-digital-transformation-hubs\\\/#primaryimage\"},\"thumbnailUrl\":\"https:\\\/\\\/eurecat.org\\\/wp-content\\\/uploads\\\/2022\\\/05\\\/DIH4CAT_ACCIO_0300_800px.jpg\",\"datePublished\":\"2022-06-20T13:10:20+00:00\",\"dateModified\":\"2022-10-17T13:41:46+00:00\",\"author\":{\"@id\":\"https:\\\/\\\/eurecat.org\\\/en\\\/#\\\/schema\\\/person\\\/def9217eded50ee57a9dc4cf0c883f80\"},\"description\":\"La Comissi\u00f3 Europea destinar\u00e0 2,8 MEUR al DIH4CAT, seleccionat com un dels \u2018hubs\u2019 de transformaci\u00f3 digital de les pimes a Europa\",\"breadcrumb\":{\"@id\":\"https:\\\/\\\/eurecat.org\\\/en\\\/the-european-commission-will-allocate-eur-2-8-million-to-dih4cat-selected-as-one-of-europes-sme-digital-transformation-hubs\\\/#breadcrumb\"},\"inLanguage\":\"en-US\",\"potentialAction\":[{\"@type\":\"ReadAction\",\"target\":[\"https:\\\/\\\/eurecat.org\\\/en\\\/the-european-commission-will-allocate-eur-2-8-million-to-dih4cat-selected-as-one-of-europes-sme-digital-transformation-hubs\\\/\"]}]},{\"@type\":\"ImageObject\",\"inLanguage\":\"en-US\",\"@id\":\"https:\\\/\\\/eurecat.org\\\/en\\\/the-european-commission-will-allocate-eur-2-8-million-to-dih4cat-selected-as-one-of-europes-sme-digital-transformation-hubs\\\/#primaryimage\",\"url\":\"https:\\\/\\\/eurecat.org\\\/wp-content\\\/uploads\\\/2022\\\/05\\\/DIH4CAT_ACCIO_0300_800px.jpg\",\"contentUrl\":\"https:\\\/\\\/eurecat.org\\\/wp-content\\\/uploads\\\/2022\\\/05\\\/DIH4CAT_ACCIO_0300_800px.jpg\",\"width\":800,\"height\":533,\"caption\":\"dih4cat\"},{\"@type\":\"BreadcrumbList\",\"@id\":\"https:\\\/\\\/eurecat.org\\\/en\\\/the-european-commission-will-allocate-eur-2-8-million-to-dih4cat-selected-as-one-of-europes-sme-digital-transformation-hubs\\\/#breadcrumb\",\"itemListElement\":[{\"@type\":\"ListItem\",\"position\":1,\"name\":\"Inici\",\"item\":\"https:\\\/\\\/eurecat.org\\\/en\\\/\"},{\"@type\":\"ListItem\",\"position\":2,\"name\":\"The European Commission will allocate EUR 2.8 million to DIH4CAT, selected as one of Europe\u2019s SME digital transformation hubs\"}]},{\"@type\":\"WebSite\",\"@id\":\"https:\\\/\\\/eurecat.org\\\/en\\\/#website\",\"url\":\"https:\\\/\\\/eurecat.org\\\/en\\\/\",\"name\":\"Eurecat\",\"description\":\"Otro sitio realizado con WordPress\",\"potentialAction\":[{\"@type\":\"SearchAction\",\"target\":{\"@type\":\"EntryPoint\",\"urlTemplate\":\"https:\\\/\\\/eurecat.org\\\/en\\\/?s={search_term_string}\"},\"query-input\":{\"@type\":\"PropertyValueSpecification\",\"valueRequired\":true,\"valueName\":\"search_term_string\"}}],\"inLanguage\":\"en-US\"},{\"@type\":\"Person\",\"@id\":\"https:\\\/\\\/eurecat.org\\\/en\\\/#\\\/schema\\\/person\\\/def9217eded50ee57a9dc4cf0c883f80\",\"name\":\"EurecatEG\",\"image\":{\"@type\":\"ImageObject\",\"inLanguage\":\"en-US\",\"@id\":\"https:\\\/\\\/secure.gravatar.com\\\/avatar\\\/f40dd9b6ecd3e5c591f3c9b033e495ee0ec9877ba77249fbf268b3889350c824?s=96&d=mm&r=g\",\"url\":\"https:\\\/\\\/secure.gravatar.com\\\/avatar\\\/f40dd9b6ecd3e5c591f3c9b033e495ee0ec9877ba77249fbf268b3889350c824?s=96&d=mm&r=g\",\"contentUrl\":\"https:\\\/\\\/secure.gravatar.com\\\/avatar\\\/f40dd9b6ecd3e5c591f3c9b033e495ee0ec9877ba77249fbf268b3889350c824?s=96&d=mm&r=g\",\"caption\":\"EurecatEG\"}}]}<\/script>\n<!-- \/ Yoast SEO plugin. -->","yoast_head_json":{"title":"La Comissi\u00f3 Europea destinar\u00e0 2,8 MEUR al DIH4CAT","description":"La Comissi\u00f3 Europea destinar\u00e0 2,8 MEUR al DIH4CAT, seleccionat com un dels \u2018hubs\u2019 de transformaci\u00f3 digital de les pimes a Europa","robots":{"index":"index","follow":"follow","max-snippet":"max-snippet:-1","max-image-preview":"max-image-preview:large","max-video-preview":"max-video-preview:-1"},"canonical":"https:\/\/eurecat.org\/en\/the-european-commission-will-allocate-eur-2-8-million-to-dih4cat-selected-as-one-of-europes-sme-digital-transformation-hubs\/","og_locale":"en_US","og_type":"article","og_title":"La Comissi\u00f3 Europea destinar\u00e0 2,8 MEUR al DIH4CAT","og_description":"La Comissi\u00f3 Europea destinar\u00e0 2,8 MEUR al DIH4CAT, seleccionat com un dels \u2018hubs\u2019 de transformaci\u00f3 digital de les pimes a Europa","og_url":"https:\/\/eurecat.org\/en\/the-european-commission-will-allocate-eur-2-8-million-to-dih4cat-selected-as-one-of-europes-sme-digital-transformation-hubs\/","og_site_name":"Eurecat","article_published_time":"2022-06-20T13:10:20+00:00","article_modified_time":"2022-10-17T13:41:46+00:00","og_image":[{"width":800,"height":533,"url":"https:\/\/eurecat.org\/wp-content\/uploads\/2022\/05\/DIH4CAT_ACCIO_0300_800px.jpg","type":"image\/jpeg"}],"author":"EurecatEG","twitter_card":"summary_large_image","twitter_misc":{"Written by":"EurecatEG","Est. reading time":"4 minutes"},"schema":{"@context":"https:\/\/schema.org","@graph":[{"@type":"Article","@id":"https:\/\/eurecat.org\/en\/the-european-commission-will-allocate-eur-2-8-million-to-dih4cat-selected-as-one-of-europes-sme-digital-transformation-hubs\/#article","isPartOf":{"@id":"https:\/\/eurecat.org\/en\/the-european-commission-will-allocate-eur-2-8-million-to-dih4cat-selected-as-one-of-europes-sme-digital-transformation-hubs\/"},"author":{"name":"EurecatEG","@id":"https:\/\/eurecat.org\/en\/#\/schema\/person\/def9217eded50ee57a9dc4cf0c883f80"},"headline":"The European Commission will allocate EUR 2.8 million to DIH4CAT, selected as one of Europe\u2019s SME digital transformation hubs","datePublished":"2022-06-20T13:10:20+00:00","dateModified":"2022-10-17T13:41:46+00:00","mainEntityOfPage":{"@id":"https:\/\/eurecat.org\/en\/the-european-commission-will-allocate-eur-2-8-million-to-dih4cat-selected-as-one-of-europes-sme-digital-transformation-hubs\/"},"wordCount":771,"commentCount":0,"image":{"@id":"https:\/\/eurecat.org\/en\/the-european-commission-will-allocate-eur-2-8-million-to-dih4cat-selected-as-one-of-europes-sme-digital-transformation-hubs\/#primaryimage"},"thumbnailUrl":"https:\/\/eurecat.org\/wp-content\/uploads\/2022\/05\/DIH4CAT_ACCIO_0300_800px.jpg","articleSection":["ICT","Press Notes","Smart Management Systems"],"inLanguage":"en-US","potentialAction":[{"@type":"CommentAction","name":"Comment","target":["https:\/\/eurecat.org\/en\/the-european-commission-will-allocate-eur-2-8-million-to-dih4cat-selected-as-one-of-europes-sme-digital-transformation-hubs\/#respond"]}]},{"@type":"WebPage","@id":"https:\/\/eurecat.org\/en\/the-european-commission-will-allocate-eur-2-8-million-to-dih4cat-selected-as-one-of-europes-sme-digital-transformation-hubs\/","url":"https:\/\/eurecat.org\/en\/the-european-commission-will-allocate-eur-2-8-million-to-dih4cat-selected-as-one-of-europes-sme-digital-transformation-hubs\/","name":"La Comissi\u00f3 Europea destinar\u00e0 2,8 MEUR al DIH4CAT","isPartOf":{"@id":"https:\/\/eurecat.org\/en\/#website"},"primaryImageOfPage":{"@id":"https:\/\/eurecat.org\/en\/the-european-commission-will-allocate-eur-2-8-million-to-dih4cat-selected-as-one-of-europes-sme-digital-transformation-hubs\/#primaryimage"},"image":{"@id":"https:\/\/eurecat.org\/en\/the-european-commission-will-allocate-eur-2-8-million-to-dih4cat-selected-as-one-of-europes-sme-digital-transformation-hubs\/#primaryimage"},"thumbnailUrl":"https:\/\/eurecat.org\/wp-content\/uploads\/2022\/05\/DIH4CAT_ACCIO_0300_800px.jpg","datePublished":"2022-06-20T13:10:20+00:00","dateModified":"2022-10-17T13:41:46+00:00","author":{"@id":"https:\/\/eurecat.org\/en\/#\/schema\/person\/def9217eded50ee57a9dc4cf0c883f80"},"description":"La Comissi\u00f3 Europea destinar\u00e0 2,8 MEUR al DIH4CAT, seleccionat com un dels \u2018hubs\u2019 de transformaci\u00f3 digital de les pimes a Europa","breadcrumb":{"@id":"https:\/\/eurecat.org\/en\/the-european-commission-will-allocate-eur-2-8-million-to-dih4cat-selected-as-one-of-europes-sme-digital-transformation-hubs\/#breadcrumb"},"inLanguage":"en-US","potentialAction":[{"@type":"ReadAction","target":["https:\/\/eurecat.org\/en\/the-european-commission-will-allocate-eur-2-8-million-to-dih4cat-selected-as-one-of-europes-sme-digital-transformation-hubs\/"]}]},{"@type":"ImageObject","inLanguage":"en-US","@id":"https:\/\/eurecat.org\/en\/the-european-commission-will-allocate-eur-2-8-million-to-dih4cat-selected-as-one-of-europes-sme-digital-transformation-hubs\/#primaryimage","url":"https:\/\/eurecat.org\/wp-content\/uploads\/2022\/05\/DIH4CAT_ACCIO_0300_800px.jpg","contentUrl":"https:\/\/eurecat.org\/wp-content\/uploads\/2022\/05\/DIH4CAT_ACCIO_0300_800px.jpg","width":800,"height":533,"caption":"dih4cat"},{"@type":"BreadcrumbList","@id":"https:\/\/eurecat.org\/en\/the-european-commission-will-allocate-eur-2-8-million-to-dih4cat-selected-as-one-of-europes-sme-digital-transformation-hubs\/#breadcrumb","itemListElement":[{"@type":"ListItem","position":1,"name":"Inici","item":"https:\/\/eurecat.org\/en\/"},{"@type":"ListItem","position":2,"name":"The European Commission will allocate EUR 2.8 million to DIH4CAT, selected as one of Europe\u2019s SME digital transformation hubs"}]},{"@type":"WebSite","@id":"https:\/\/eurecat.org\/en\/#website","url":"https:\/\/eurecat.org\/en\/","name":"Eurecat","description":"Otro sitio realizado con WordPress","potentialAction":[{"@type":"SearchAction","target":{"@type":"EntryPoint","urlTemplate":"https:\/\/eurecat.org\/en\/?s={search_term_string}"},"query-input":{"@type":"PropertyValueSpecification","valueRequired":true,"valueName":"search_term_string"}}],"inLanguage":"en-US"},{"@type":"Person","@id":"https:\/\/eurecat.org\/en\/#\/schema\/person\/def9217eded50ee57a9dc4cf0c883f80","name":"EurecatEG","image":{"@type":"ImageObject","inLanguage":"en-US","@id":"https:\/\/secure.gravatar.com\/avatar\/f40dd9b6ecd3e5c591f3c9b033e495ee0ec9877ba77249fbf268b3889350c824?s=96&d=mm&r=g","url":"https:\/\/secure.gravatar.com\/avatar\/f40dd9b6ecd3e5c591f3c9b033e495ee0ec9877ba77249fbf268b3889350c824?s=96&d=mm&r=g","contentUrl":"https:\/\/secure.gravatar.com\/avatar\/f40dd9b6ecd3e5c591f3c9b033e495ee0ec9877ba77249fbf268b3889350c824?s=96&d=mm&r=g","caption":"EurecatEG"}}]}},"_links":{"self":[{"href":"https:\/\/eurecat.org\/en\/wp-json\/wp\/v2\/posts\/127225","targetHints":{"allow":["GET"]}}],"collection":[{"href":"https:\/\/eurecat.org\/en\/wp-json\/wp\/v2\/posts"}],"about":[{"href":"https:\/\/eurecat.org\/en\/wp-json\/wp\/v2\/types\/post"}],"author":[{"embeddable":true,"href":"https:\/\/eurecat.org\/en\/wp-json\/wp\/v2\/users\/12"}],"replies":[{"embeddable":true,"href":"https:\/\/eurecat.org\/en\/wp-json\/wp\/v2\/comments?post=127225"}],"version-history":[{"count":1,"href":"https:\/\/eurecat.org\/en\/wp-json\/wp\/v2\/posts\/127225\/revisions"}],"predecessor-version":[{"id":127227,"href":"https:\/\/eurecat.org\/en\/wp-json\/wp\/v2\/posts\/127225\/revisions\/127227"}],"wp:featuredmedia":[{"embeddable":true,"href":"https:\/\/eurecat.org\/en\/wp-json\/wp\/v2\/media\/123579"}],"wp:attachment":[{"href":"https:\/\/eurecat.org\/en\/wp-json\/wp\/v2\/media?parent=127225"}],"wp:term":[{"taxonomy":"category","embeddable":true,"href":"https:\/\/eurecat.org\/en\/wp-json\/wp\/v2\/categories?post=127225"},{"taxonomy":"post_tag","embeddable":true,"href":"https:\/\/eurecat.org\/en\/wp-json\/wp\/v2\/tags?post=127225"}],"curies":[{"name":"wp","href":"https:\/\/api.w.org\/{rel}","templated":true}]}}