{"id":127271,"date":"2022-05-12T13:27:27","date_gmt":"2022-05-12T12:27:27","guid":{"rendered":"https:\/\/eurecat.org\/un-projecte-europeu-vol-desplegar-solucions-per-augmentar-la-capacitat-del-litoral-catala-per-adaptar-se-al-canvi-climatic\/"},"modified":"2022-10-17T15:12:13","modified_gmt":"2022-10-17T14:12:13","slug":"a-european-project-seeks-to-roll-out-solutions-to-increase-the-catalan-coasts-ability-to-adapt-to-climate-change","status":"publish","type":"post","link":"https:\/\/eurecat.org\/en\/a-european-project-seeks-to-roll-out-solutions-to-increase-the-catalan-coasts-ability-to-adapt-to-climate-change\/","title":{"rendered":"A European project seeks to roll out solutions to increase the Catalan coast\u2019s ability to adapt to climate change"},"content":{"rendered":"<div class=\"fusion-fullwidth fullwidth-box fusion-builder-row-1 fusion-flex-container nonhundred-percent-fullwidth non-hundred-percent-height-scrolling\" style=\"--awb-border-radius-top-left:0px;--awb-border-radius-top-right:0px;--awb-border-radius-bottom-right:0px;--awb-border-radius-bottom-left:0px;--awb-flex-wrap:wrap;\" ><div class=\"fusion-builder-row fusion-row fusion-flex-align-items-flex-start fusion-flex-content-wrap\" style=\"max-width:1424.8px;margin-left: calc(-4% \/ 2 );margin-right: calc(-4% \/ 2 );\"><div class=\"fusion-layout-column fusion_builder_column fusion-builder-column-0 fusion_builder_column_1_1 1_1 fusion-flex-column\" style=\"--awb-bg-size:cover;--awb-width-large:100%;--awb-margin-top-large:0px;--awb-spacing-right-large:1.92%;--awb-margin-bottom-large:0px;--awb-spacing-left-large:1.92%;--awb-width-medium:100%;--awb-spacing-right-medium:1.92%;--awb-spacing-left-medium:1.92%;--awb-width-small:100%;--awb-spacing-right-small:1.92%;--awb-spacing-left-small:1.92%;\"><div class=\"fusion-column-wrapper fusion-flex-justify-content-flex-start fusion-content-layout-column\"><div class=\"fusion-text fusion-text-1\" style=\"--awb-text-transform:none;\"><p>The European IMPETUS project, coordinated by the\u00a0<a href=\"http:\/\/eurecat.org\/\">Eurecat<\/a> technology centre, has launched a public survey open to companies, local entities, industry, organisations and the public to have them take part in proposing and evaluating effective solutions to increase the Catalan coast\u2019s ability to adapt to the impacts of climate change.<\/p>\n<p>This survey provides the chance to pose and share ideas to have an influence on the outcome of the climate adaptation and mitigation solutions and actions that will be implemented, in line with stepping up Europe\u2019s response to climate change.<\/p>\n<p>In this project, Eurecat, the Government of Catalonia\u2019s Ministry of Climate Action, Food and Rural Agenda (<em>Departament d\u2019Acci\u00f3 Clim\u00e0tica, Alimentaci\u00f3 i Agenda Rural<\/em> \u2013 DACC), Rovira and Virgili University (URV), the University of Girona (UdG), the company Lobelia Earth and the IUCN Centre for Mediterranean Cooperation are leading the work to establish the transformation of climate commitments into actions in the specific case of the Catalan coast as a case study.<\/p>\n<p>This initiative aims to \u2018bring the project to the public, create a network for collaboration and generate solutions for the future and, therefore, we invite anyone with an interest in or knowledge about climate change and its local impacts to contribute to starting up this work\u2019, says Aitor Corchero, the technical coordinator of IMPETUS and researcher in Eurecat\u2019s Applied Artificial Intelligence Unit.<\/p>\n<p><strong>Vulnerable access point<\/strong><\/p>\n<p>The Catalan coast represents one of the seven biogeographical regions of Europe where innovative solutions will be tested and implemented to provide resilience to climate change, along with Latvia, Greece, Italy, Germany, Norway and the Netherlands.<\/p>\n<p>The 900-km Catalan coast features a wide array of geographical and biodiversity systems that provide various ecosystem services. According to Carles Ib\u00e1\u00f1ez, the scientific director of the Climate Resilience Centre and head of Eurecat\u2019s Climate Change Line, the Catalan coast \u2018is representative of other coastal and Mediterranean regions and becomes a vulnerable area at the limit as it is home to intense urbanisation, tourism, agriculture, critical infrastructures and industries, in other words, the coexistence of very important natural and social factors, activities and economic interests\u2019.<\/p>\n<p>Moreover, \u2018the climate predictions indicate that existing problems will get worse as regards water availability, loss of biodiversity, flooding and salinisation of aquifers\u2019, adds Xavier Mart\u00ednez Llad\u00f3, the director of Eurecat\u2019s Water, Air and Soil Unit.<\/p>\n<p><strong>Participation, part of the solution for climate change<\/strong><\/p>\n<p>Participating in the survey on the case of the Catalan coast will give the public, companies, industry, the media and civil society representatives opportunities to participate in different activities with multidisciplinary research teams and those responsible for environmental policies, with the aim of establishing a more permanent cooperative effort in Catalonia.<\/p>\n<p>The successful solutions could have an influence on the drafting of local policy and set an example for other Spanish or European regions, help communities to be more resilient and adapt to the impacts of climate change.<\/p>\n<p><strong>Local organisations, local approach<\/strong><\/p>\n<p>Eurecat is coordinating the project and leading the activities related to the coastal demonstration space as well as the development of digital technologies to create optimal strategies for adapting to the climate.<\/p>\n<p>For its part, the DACC\u2019s Catalan Office for Climate Change is participating in the development of activities, providing its experience in policy assessment and contributing to an effective and ongoing dialogue, at both local and supra-municipal level.<\/p>\n<p>In terms of the universities, Rovira i Virgili University is focusing on innovative actions related to socio-economic solutions for sustainable tourism and the University of Girona is leading the work to conserve, restore and recover dune areas and participating in the project governance.<\/p>\n<p>Lobelia Earth, a company headquartered in Barcelona and specialising in satellite technology, computational intelligence and data visualisation for climate action, evaluates and analyses climate risks and extracts information from satellite data on the air, soil, water and marine resources.<\/p>\n<p>Finally, the IUCN Centre for Mediterranean Cooperation, located in M\u00e1laga, is responsible for assessing what will happen with the biodiversity of the coastal ecosystems in vulnerable areas of the Catalan coast given a climate change scenario.<\/p>\n<p><strong>Turning climate commitments into action<\/strong><\/p>\n<p>Financed by the European Union\u2019s Horizon 2020 research and innovation programme in the Green Deal call, IMPETUS aims to turn climate commitments into tangible and urgent actions to protect communities and the planet. The project consortium is made up of 32 organisations from nine European countries.<\/p>\n<p>The four-year programme is part of a broader set of projects that support the European Union\u2019s ambitions to become the world\u2019s first climate-neutral continent by 2050. IMPETUS is working in close collaboration with the sister climate change projects REGILIENCE, ARSINOE and TransformAr.<\/p>\n<\/div><div style=\"text-align:center;\"><a class=\"fusion-button button-flat button-large button-default fusion-button-default button-1 fusion-button-default-span \" target=\"_blank\" rel=\"noopener noreferrer\" href=\"https:\/\/www.surveymonkey.de\/r\/IMPETUS-CAT\"><span class=\"fusion-button-text awb-button__text awb-button__text--default\">Enquesta del projecte IMPETUS<\/span><\/a><\/div><\/div><\/div><\/div><\/div>\n","protected":false},"excerpt":{"rendered":"","protected":false},"author":12,"featured_media":123050,"comment_status":"open","ping_status":"closed","sticky":false,"template":"","format":"standard","meta":{"footnotes":""},"categories":[743,432,433],"tags":[],"class_list":["post-127271","post","type-post","status-publish","format-standard","has-post-thumbnail","hentry","category-press-notes-en","category-smart-management-systems-en","category-sustainability"],"yoast_head":"<!-- This site is optimized with the Yoast SEO plugin v27.5 - https:\/\/yoast.com\/product\/yoast-seo-wordpress\/ -->\n<title>Desplegar solucions per augmentar la capacitat litoral catal\u00e0<\/title>\n<meta name=\"description\" content=\"Un projecte europeu vol desplegar solucions per augmentar la capacitat del litoral catal\u00e0 per adaptar-se al canvi clim\u00e0tic\" \/>\n<meta name=\"robots\" content=\"index, follow, max-snippet:-1, max-image-preview:large, max-video-preview:-1\" \/>\n<link rel=\"canonical\" href=\"https:\/\/eurecat.org\/en\/a-european-project-seeks-to-roll-out-solutions-to-increase-the-catalan-coasts-ability-to-adapt-to-climate-change\/\" \/>\n<meta property=\"og:locale\" content=\"en_US\" \/>\n<meta property=\"og:type\" content=\"article\" \/>\n<meta property=\"og:title\" content=\"Desplegar solucions per augmentar la capacitat litoral catal\u00e0\" \/>\n<meta property=\"og:description\" content=\"Un projecte europeu vol desplegar solucions per augmentar la capacitat del litoral catal\u00e0 per adaptar-se al canvi clim\u00e0tic\" \/>\n<meta property=\"og:url\" content=\"https:\/\/eurecat.org\/en\/a-european-project-seeks-to-roll-out-solutions-to-increase-the-catalan-coasts-ability-to-adapt-to-climate-change\/\" \/>\n<meta property=\"og:site_name\" content=\"Eurecat\" \/>\n<meta property=\"article:published_time\" content=\"2022-05-12T12:27:27+00:00\" \/>\n<meta property=\"article:modified_time\" content=\"2022-10-17T14:12:13+00:00\" \/>\n<meta property=\"og:image\" content=\"https:\/\/eurecat.org\/wp-content\/uploads\/2022\/05\/Impetus_800.jpg\" \/>\n\t<meta property=\"og:image:width\" content=\"800\" \/>\n\t<meta property=\"og:image:height\" content=\"510\" \/>\n\t<meta property=\"og:image:type\" content=\"image\/jpeg\" \/>\n<meta name=\"author\" content=\"EurecatEG\" \/>\n<meta name=\"twitter:card\" content=\"summary_large_image\" \/>\n<meta name=\"twitter:label1\" content=\"Written by\" \/>\n\t<meta name=\"twitter:data1\" content=\"EurecatEG\" \/>\n\t<meta name=\"twitter:label2\" content=\"Est. reading time\" \/>\n\t<meta name=\"twitter:data2\" content=\"6 minutes\" \/>\n<script type=\"application\/ld+json\" class=\"yoast-schema-graph\">{\"@context\":\"https:\\\/\\\/schema.org\",\"@graph\":[{\"@type\":\"Article\",\"@id\":\"https:\\\/\\\/eurecat.org\\\/en\\\/a-european-project-seeks-to-roll-out-solutions-to-increase-the-catalan-coasts-ability-to-adapt-to-climate-change\\\/#article\",\"isPartOf\":{\"@id\":\"https:\\\/\\\/eurecat.org\\\/en\\\/a-european-project-seeks-to-roll-out-solutions-to-increase-the-catalan-coasts-ability-to-adapt-to-climate-change\\\/\"},\"author\":{\"name\":\"EurecatEG\",\"@id\":\"https:\\\/\\\/eurecat.org\\\/en\\\/#\\\/schema\\\/person\\\/def9217eded50ee57a9dc4cf0c883f80\"},\"headline\":\"A European project seeks to roll out solutions to increase the Catalan coast\u2019s ability to adapt to climate change\",\"datePublished\":\"2022-05-12T12:27:27+00:00\",\"dateModified\":\"2022-10-17T14:12:13+00:00\",\"mainEntityOfPage\":{\"@id\":\"https:\\\/\\\/eurecat.org\\\/en\\\/a-european-project-seeks-to-roll-out-solutions-to-increase-the-catalan-coasts-ability-to-adapt-to-climate-change\\\/\"},\"wordCount\":1209,\"commentCount\":0,\"image\":{\"@id\":\"https:\\\/\\\/eurecat.org\\\/en\\\/a-european-project-seeks-to-roll-out-solutions-to-increase-the-catalan-coasts-ability-to-adapt-to-climate-change\\\/#primaryimage\"},\"thumbnailUrl\":\"https:\\\/\\\/eurecat.org\\\/wp-content\\\/uploads\\\/2022\\\/05\\\/Impetus_800.jpg\",\"articleSection\":[\"Press Notes\",\"Smart Management Systems\",\"Sustainability\"],\"inLanguage\":\"en-US\",\"potentialAction\":[{\"@type\":\"CommentAction\",\"name\":\"Comment\",\"target\":[\"https:\\\/\\\/eurecat.org\\\/en\\\/a-european-project-seeks-to-roll-out-solutions-to-increase-the-catalan-coasts-ability-to-adapt-to-climate-change\\\/#respond\"]}]},{\"@type\":\"WebPage\",\"@id\":\"https:\\\/\\\/eurecat.org\\\/en\\\/a-european-project-seeks-to-roll-out-solutions-to-increase-the-catalan-coasts-ability-to-adapt-to-climate-change\\\/\",\"url\":\"https:\\\/\\\/eurecat.org\\\/en\\\/a-european-project-seeks-to-roll-out-solutions-to-increase-the-catalan-coasts-ability-to-adapt-to-climate-change\\\/\",\"name\":\"Desplegar solucions per augmentar la capacitat litoral catal\u00e0\",\"isPartOf\":{\"@id\":\"https:\\\/\\\/eurecat.org\\\/en\\\/#website\"},\"primaryImageOfPage\":{\"@id\":\"https:\\\/\\\/eurecat.org\\\/en\\\/a-european-project-seeks-to-roll-out-solutions-to-increase-the-catalan-coasts-ability-to-adapt-to-climate-change\\\/#primaryimage\"},\"image\":{\"@id\":\"https:\\\/\\\/eurecat.org\\\/en\\\/a-european-project-seeks-to-roll-out-solutions-to-increase-the-catalan-coasts-ability-to-adapt-to-climate-change\\\/#primaryimage\"},\"thumbnailUrl\":\"https:\\\/\\\/eurecat.org\\\/wp-content\\\/uploads\\\/2022\\\/05\\\/Impetus_800.jpg\",\"datePublished\":\"2022-05-12T12:27:27+00:00\",\"dateModified\":\"2022-10-17T14:12:13+00:00\",\"author\":{\"@id\":\"https:\\\/\\\/eurecat.org\\\/en\\\/#\\\/schema\\\/person\\\/def9217eded50ee57a9dc4cf0c883f80\"},\"description\":\"Un projecte europeu vol desplegar solucions per augmentar la capacitat del litoral catal\u00e0 per adaptar-se al canvi clim\u00e0tic\",\"breadcrumb\":{\"@id\":\"https:\\\/\\\/eurecat.org\\\/en\\\/a-european-project-seeks-to-roll-out-solutions-to-increase-the-catalan-coasts-ability-to-adapt-to-climate-change\\\/#breadcrumb\"},\"inLanguage\":\"en-US\",\"potentialAction\":[{\"@type\":\"ReadAction\",\"target\":[\"https:\\\/\\\/eurecat.org\\\/en\\\/a-european-project-seeks-to-roll-out-solutions-to-increase-the-catalan-coasts-ability-to-adapt-to-climate-change\\\/\"]}]},{\"@type\":\"ImageObject\",\"inLanguage\":\"en-US\",\"@id\":\"https:\\\/\\\/eurecat.org\\\/en\\\/a-european-project-seeks-to-roll-out-solutions-to-increase-the-catalan-coasts-ability-to-adapt-to-climate-change\\\/#primaryimage\",\"url\":\"https:\\\/\\\/eurecat.org\\\/wp-content\\\/uploads\\\/2022\\\/05\\\/Impetus_800.jpg\",\"contentUrl\":\"https:\\\/\\\/eurecat.org\\\/wp-content\\\/uploads\\\/2022\\\/05\\\/Impetus_800.jpg\",\"width\":800,\"height\":510,\"caption\":\"impetus\"},{\"@type\":\"BreadcrumbList\",\"@id\":\"https:\\\/\\\/eurecat.org\\\/en\\\/a-european-project-seeks-to-roll-out-solutions-to-increase-the-catalan-coasts-ability-to-adapt-to-climate-change\\\/#breadcrumb\",\"itemListElement\":[{\"@type\":\"ListItem\",\"position\":1,\"name\":\"Inici\",\"item\":\"https:\\\/\\\/eurecat.org\\\/en\\\/\"},{\"@type\":\"ListItem\",\"position\":2,\"name\":\"A European project seeks to roll out solutions to increase the Catalan coast\u2019s ability to adapt to climate change\"}]},{\"@type\":\"WebSite\",\"@id\":\"https:\\\/\\\/eurecat.org\\\/en\\\/#website\",\"url\":\"https:\\\/\\\/eurecat.org\\\/en\\\/\",\"name\":\"Eurecat\",\"description\":\"Otro sitio realizado con WordPress\",\"potentialAction\":[{\"@type\":\"SearchAction\",\"target\":{\"@type\":\"EntryPoint\",\"urlTemplate\":\"https:\\\/\\\/eurecat.org\\\/en\\\/?s={search_term_string}\"},\"query-input\":{\"@type\":\"PropertyValueSpecification\",\"valueRequired\":true,\"valueName\":\"search_term_string\"}}],\"inLanguage\":\"en-US\"},{\"@type\":\"Person\",\"@id\":\"https:\\\/\\\/eurecat.org\\\/en\\\/#\\\/schema\\\/person\\\/def9217eded50ee57a9dc4cf0c883f80\",\"name\":\"EurecatEG\",\"image\":{\"@type\":\"ImageObject\",\"inLanguage\":\"en-US\",\"@id\":\"https:\\\/\\\/secure.gravatar.com\\\/avatar\\\/f40dd9b6ecd3e5c591f3c9b033e495ee0ec9877ba77249fbf268b3889350c824?s=96&d=mm&r=g\",\"url\":\"https:\\\/\\\/secure.gravatar.com\\\/avatar\\\/f40dd9b6ecd3e5c591f3c9b033e495ee0ec9877ba77249fbf268b3889350c824?s=96&d=mm&r=g\",\"contentUrl\":\"https:\\\/\\\/secure.gravatar.com\\\/avatar\\\/f40dd9b6ecd3e5c591f3c9b033e495ee0ec9877ba77249fbf268b3889350c824?s=96&d=mm&r=g\",\"caption\":\"EurecatEG\"}}]}<\/script>\n<!-- \/ Yoast SEO plugin. -->","yoast_head_json":{"title":"Desplegar solucions per augmentar la capacitat litoral catal\u00e0","description":"Un projecte europeu vol desplegar solucions per augmentar la capacitat del litoral catal\u00e0 per adaptar-se al canvi clim\u00e0tic","robots":{"index":"index","follow":"follow","max-snippet":"max-snippet:-1","max-image-preview":"max-image-preview:large","max-video-preview":"max-video-preview:-1"},"canonical":"https:\/\/eurecat.org\/en\/a-european-project-seeks-to-roll-out-solutions-to-increase-the-catalan-coasts-ability-to-adapt-to-climate-change\/","og_locale":"en_US","og_type":"article","og_title":"Desplegar solucions per augmentar la capacitat litoral catal\u00e0","og_description":"Un projecte europeu vol desplegar solucions per augmentar la capacitat del litoral catal\u00e0 per adaptar-se al canvi clim\u00e0tic","og_url":"https:\/\/eurecat.org\/en\/a-european-project-seeks-to-roll-out-solutions-to-increase-the-catalan-coasts-ability-to-adapt-to-climate-change\/","og_site_name":"Eurecat","article_published_time":"2022-05-12T12:27:27+00:00","article_modified_time":"2022-10-17T14:12:13+00:00","og_image":[{"width":800,"height":510,"url":"https:\/\/eurecat.org\/wp-content\/uploads\/2022\/05\/Impetus_800.jpg","type":"image\/jpeg"}],"author":"EurecatEG","twitter_card":"summary_large_image","twitter_misc":{"Written by":"EurecatEG","Est. reading time":"6 minutes"},"schema":{"@context":"https:\/\/schema.org","@graph":[{"@type":"Article","@id":"https:\/\/eurecat.org\/en\/a-european-project-seeks-to-roll-out-solutions-to-increase-the-catalan-coasts-ability-to-adapt-to-climate-change\/#article","isPartOf":{"@id":"https:\/\/eurecat.org\/en\/a-european-project-seeks-to-roll-out-solutions-to-increase-the-catalan-coasts-ability-to-adapt-to-climate-change\/"},"author":{"name":"EurecatEG","@id":"https:\/\/eurecat.org\/en\/#\/schema\/person\/def9217eded50ee57a9dc4cf0c883f80"},"headline":"A European project seeks to roll out solutions to increase the Catalan coast\u2019s ability to adapt to climate change","datePublished":"2022-05-12T12:27:27+00:00","dateModified":"2022-10-17T14:12:13+00:00","mainEntityOfPage":{"@id":"https:\/\/eurecat.org\/en\/a-european-project-seeks-to-roll-out-solutions-to-increase-the-catalan-coasts-ability-to-adapt-to-climate-change\/"},"wordCount":1209,"commentCount":0,"image":{"@id":"https:\/\/eurecat.org\/en\/a-european-project-seeks-to-roll-out-solutions-to-increase-the-catalan-coasts-ability-to-adapt-to-climate-change\/#primaryimage"},"thumbnailUrl":"https:\/\/eurecat.org\/wp-content\/uploads\/2022\/05\/Impetus_800.jpg","articleSection":["Press Notes","Smart Management Systems","Sustainability"],"inLanguage":"en-US","potentialAction":[{"@type":"CommentAction","name":"Comment","target":["https:\/\/eurecat.org\/en\/a-european-project-seeks-to-roll-out-solutions-to-increase-the-catalan-coasts-ability-to-adapt-to-climate-change\/#respond"]}]},{"@type":"WebPage","@id":"https:\/\/eurecat.org\/en\/a-european-project-seeks-to-roll-out-solutions-to-increase-the-catalan-coasts-ability-to-adapt-to-climate-change\/","url":"https:\/\/eurecat.org\/en\/a-european-project-seeks-to-roll-out-solutions-to-increase-the-catalan-coasts-ability-to-adapt-to-climate-change\/","name":"Desplegar solucions per augmentar la capacitat litoral catal\u00e0","isPartOf":{"@id":"https:\/\/eurecat.org\/en\/#website"},"primaryImageOfPage":{"@id":"https:\/\/eurecat.org\/en\/a-european-project-seeks-to-roll-out-solutions-to-increase-the-catalan-coasts-ability-to-adapt-to-climate-change\/#primaryimage"},"image":{"@id":"https:\/\/eurecat.org\/en\/a-european-project-seeks-to-roll-out-solutions-to-increase-the-catalan-coasts-ability-to-adapt-to-climate-change\/#primaryimage"},"thumbnailUrl":"https:\/\/eurecat.org\/wp-content\/uploads\/2022\/05\/Impetus_800.jpg","datePublished":"2022-05-12T12:27:27+00:00","dateModified":"2022-10-17T14:12:13+00:00","author":{"@id":"https:\/\/eurecat.org\/en\/#\/schema\/person\/def9217eded50ee57a9dc4cf0c883f80"},"description":"Un projecte europeu vol desplegar solucions per augmentar la capacitat del litoral catal\u00e0 per adaptar-se al canvi clim\u00e0tic","breadcrumb":{"@id":"https:\/\/eurecat.org\/en\/a-european-project-seeks-to-roll-out-solutions-to-increase-the-catalan-coasts-ability-to-adapt-to-climate-change\/#breadcrumb"},"inLanguage":"en-US","potentialAction":[{"@type":"ReadAction","target":["https:\/\/eurecat.org\/en\/a-european-project-seeks-to-roll-out-solutions-to-increase-the-catalan-coasts-ability-to-adapt-to-climate-change\/"]}]},{"@type":"ImageObject","inLanguage":"en-US","@id":"https:\/\/eurecat.org\/en\/a-european-project-seeks-to-roll-out-solutions-to-increase-the-catalan-coasts-ability-to-adapt-to-climate-change\/#primaryimage","url":"https:\/\/eurecat.org\/wp-content\/uploads\/2022\/05\/Impetus_800.jpg","contentUrl":"https:\/\/eurecat.org\/wp-content\/uploads\/2022\/05\/Impetus_800.jpg","width":800,"height":510,"caption":"impetus"},{"@type":"BreadcrumbList","@id":"https:\/\/eurecat.org\/en\/a-european-project-seeks-to-roll-out-solutions-to-increase-the-catalan-coasts-ability-to-adapt-to-climate-change\/#breadcrumb","itemListElement":[{"@type":"ListItem","position":1,"name":"Inici","item":"https:\/\/eurecat.org\/en\/"},{"@type":"ListItem","position":2,"name":"A European project seeks to roll out solutions to increase the Catalan coast\u2019s ability to adapt to climate change"}]},{"@type":"WebSite","@id":"https:\/\/eurecat.org\/en\/#website","url":"https:\/\/eurecat.org\/en\/","name":"Eurecat","description":"Otro sitio realizado con WordPress","potentialAction":[{"@type":"SearchAction","target":{"@type":"EntryPoint","urlTemplate":"https:\/\/eurecat.org\/en\/?s={search_term_string}"},"query-input":{"@type":"PropertyValueSpecification","valueRequired":true,"valueName":"search_term_string"}}],"inLanguage":"en-US"},{"@type":"Person","@id":"https:\/\/eurecat.org\/en\/#\/schema\/person\/def9217eded50ee57a9dc4cf0c883f80","name":"EurecatEG","image":{"@type":"ImageObject","inLanguage":"en-US","@id":"https:\/\/secure.gravatar.com\/avatar\/f40dd9b6ecd3e5c591f3c9b033e495ee0ec9877ba77249fbf268b3889350c824?s=96&d=mm&r=g","url":"https:\/\/secure.gravatar.com\/avatar\/f40dd9b6ecd3e5c591f3c9b033e495ee0ec9877ba77249fbf268b3889350c824?s=96&d=mm&r=g","contentUrl":"https:\/\/secure.gravatar.com\/avatar\/f40dd9b6ecd3e5c591f3c9b033e495ee0ec9877ba77249fbf268b3889350c824?s=96&d=mm&r=g","caption":"EurecatEG"}}]}},"_links":{"self":[{"href":"https:\/\/eurecat.org\/en\/wp-json\/wp\/v2\/posts\/127271","targetHints":{"allow":["GET"]}}],"collection":[{"href":"https:\/\/eurecat.org\/en\/wp-json\/wp\/v2\/posts"}],"about":[{"href":"https:\/\/eurecat.org\/en\/wp-json\/wp\/v2\/types\/post"}],"author":[{"embeddable":true,"href":"https:\/\/eurecat.org\/en\/wp-json\/wp\/v2\/users\/12"}],"replies":[{"embeddable":true,"href":"https:\/\/eurecat.org\/en\/wp-json\/wp\/v2\/comments?post=127271"}],"version-history":[{"count":1,"href":"https:\/\/eurecat.org\/en\/wp-json\/wp\/v2\/posts\/127271\/revisions"}],"predecessor-version":[{"id":127273,"href":"https:\/\/eurecat.org\/en\/wp-json\/wp\/v2\/posts\/127271\/revisions\/127273"}],"wp:featuredmedia":[{"embeddable":true,"href":"https:\/\/eurecat.org\/en\/wp-json\/wp\/v2\/media\/123050"}],"wp:attachment":[{"href":"https:\/\/eurecat.org\/en\/wp-json\/wp\/v2\/media?parent=127271"}],"wp:term":[{"taxonomy":"category","embeddable":true,"href":"https:\/\/eurecat.org\/en\/wp-json\/wp\/v2\/categories?post=127271"},{"taxonomy":"post_tag","embeddable":true,"href":"https:\/\/eurecat.org\/en\/wp-json\/wp\/v2\/tags?post=127271"}],"curies":[{"name":"wp","href":"https:\/\/api.w.org\/{rel}","templated":true}]}}