{"id":127322,"date":"2022-04-04T13:10:09","date_gmt":"2022-04-04T12:10:09","guid":{"rendered":"https:\/\/eurecat.org\/estudien-nous-aliments-funcionals-per-afavorir-el-benestar-mental\/"},"modified":"2022-10-17T15:29:11","modified_gmt":"2022-10-17T14:29:11","slug":"studying-new-functional-foods-to-promote-mental-well-being","status":"publish","type":"post","link":"https:\/\/eurecat.org\/en\/studying-new-functional-foods-to-promote-mental-well-being\/","title":{"rendered":"Studying new functional foods to promote mental well-being"},"content":{"rendered":"<div class=\"fusion-fullwidth fullwidth-box fusion-builder-row-1 fusion-flex-container nonhundred-percent-fullwidth non-hundred-percent-height-scrolling\" style=\"--awb-border-radius-top-left:0px;--awb-border-radius-top-right:0px;--awb-border-radius-bottom-right:0px;--awb-border-radius-bottom-left:0px;--awb-flex-wrap:wrap;\" ><div class=\"fusion-builder-row fusion-row fusion-flex-align-items-flex-start fusion-flex-content-wrap\" style=\"max-width:1424.8px;margin-left: calc(-4% \/ 2 );margin-right: calc(-4% \/ 2 );\"><div class=\"fusion-layout-column fusion_builder_column fusion-builder-column-0 fusion_builder_column_1_1 1_1 fusion-flex-column\" style=\"--awb-bg-size:cover;--awb-width-large:100%;--awb-margin-top-large:0px;--awb-spacing-right-large:1.92%;--awb-margin-bottom-large:0px;--awb-spacing-left-large:1.92%;--awb-width-medium:100%;--awb-spacing-right-medium:1.92%;--awb-spacing-left-medium:1.92%;--awb-width-small:100%;--awb-spacing-right-small:1.92%;--awb-spacing-left-small:1.92%;\"><div class=\"fusion-column-wrapper fusion-flex-justify-content-flex-start fusion-content-layout-column\"><div class=\"fusion-text fusion-text-1\" style=\"--awb-text-transform:none;\"><p>Starting today, the\u00a0<a href=\"https:\/\/eurecat.org\/\">Eurecat<\/a>\u00a0technology centre is presenting the DANTIAN project at the Alimentaria fair in Barcelona. This project studies new foods and bioactive ingredients that will encourage mental well-being through the understanding of the mechanism at cognitive level and its relationship with the microbiota and intestinal health.<\/p>\n<p>In this vein, studies are being carried out to validate the beneficial effects of foods, extracts and probiotics on cognitive impairment, disorders linked to stress, anxiety and depression. Clinical studies are also under way with some of these compounds, as well as metagenomic studies on intestinal microbiota and searches for biomarkers.<\/p>\n<p>According to Josep Maria del Bas, the project\u2019s technological coordinator and director of Eurecat\u2019s Nutrition and Health Unit, DANTIAN \u2018is based on the concept of the gut-brain axis, and it translates the knowledge generated in recent years about the relationship between food and mental health into concrete suggestions of foods and ingredients that may help to maintain our mental well-being when integrated into our diets\u2019.<\/p>\n<p>The DANTIAN project \u2018is an example of the potential opened up by the development of new healthy and sustainable ingredients and foods designed with a specific aim, such as, in this case, mental well-being, through the contribution of functionalities and improved nutritional profiles\u2019, a trend that \u2018has a long way to go thinking about specific population groups, such as the elderly or young people\u2019, notes Ignasi Papell, the head of Eurecat\u2019s Food Industry Business.<\/p>\n<p>The DANTIAN project has a consortium made up of eight agri-food and technology industry companies: the dairy cooperative company Agrupaci\u00f3n Cooperativa L\u00e1ctea (ACOLACT) that is leading the project, Bioinicia, Mahou San Miguel, Pronat, Uni\u00f3 Nuts, Grupo ICA, Agr\u00edcola El Bosque and Biogenetics; and eight technology and research centres: Eurecat, which is the project\u2019s technological coordinator, the National Agri-Food Technology Centre in Extremadura (<em>Centro Tecnol\u00f3gico Agroalimentario de Extremadura<\/em> \u2013 CTAEX), Institut Guttmann, the University of Barcelona, the University of Santiago de Compostela, the Galicia Sur Biomedical Foundation, ANFACO and the Institute of Agrochemicals and Food Technology (<em>Instituto de Agroqu\u00edmica y Tecnolog\u00eda de Alimentos<\/em> \u2013 IATA).<\/p>\n<p>DANTIAN is funded with 4.8 million euros by the Centre for the Development of Industrial Technology (<em>Centro para el Desarrollo Tecnol\u00f3gico Industrial<\/em> \u2013 CDTI) as part of the CIEN call for strategic projects and co-financed by the European Regional Development Fund (ERDF).<\/p>\n<p><strong>Companies innovating in food, health and well-being<\/strong><\/p>\n<p>On Thursday, 7 April, Eurecat is organising the session \u2018Companies innovating in food, health and well-being\u2019 as part of the Alimentaria fair, which will look at the trends affecting food innovation and success stories with industry companies.<\/p>\n<p>The session will also feature the participation of the companies Mahou San Miguel and Agr\u00edcola El Bosque, which will talk about the DANTIAN project; the Ametller Origen Group, which will present the VALACTICAT circular economy project on the recovery of whey and other projects for sustainable and healthy foods; Microalgae, which will present its microalgae as an alternative protein source and different biocompounds that can be extracted from it; and Torrons i Mel Alemany, which will present new vegetable spread products, among others.<\/p>\n<\/div><\/div><\/div><\/div><\/div>\n","protected":false},"excerpt":{"rendered":"","protected":false},"author":12,"featured_media":121719,"comment_status":"open","ping_status":"closed","sticky":false,"template":"","format":"standard","meta":{"footnotes":""},"categories":[2295,429,743],"tags":[],"class_list":["post-127322","post","type-post","status-publish","format-standard","has-post-thumbnail","hentry","category-food","category-nutrition-and-health","category-press-notes-en"],"yoast_head":"<!-- This site is optimized with the Yoast SEO plugin v27.4 - https:\/\/yoast.com\/product\/yoast-seo-wordpress\/ -->\n<title>Estudien nous aliments funcionals per afavorir el benestar mental<\/title>\n<meta name=\"description\" content=\"Estudien nous aliments funcionals per afavorir el benestar mental - Eurecat Centre Tecnol\u00f2gic\" \/>\n<meta name=\"robots\" content=\"index, follow, max-snippet:-1, max-image-preview:large, max-video-preview:-1\" \/>\n<link rel=\"canonical\" href=\"https:\/\/eurecat.org\/en\/studying-new-functional-foods-to-promote-mental-well-being\/\" \/>\n<meta property=\"og:locale\" content=\"en_US\" \/>\n<meta property=\"og:type\" content=\"article\" \/>\n<meta property=\"og:title\" content=\"Estudien nous aliments funcionals per afavorir el benestar mental\" \/>\n<meta property=\"og:description\" content=\"Estudien nous aliments funcionals per afavorir el benestar mental - Eurecat Centre Tecnol\u00f2gic\" \/>\n<meta property=\"og:url\" content=\"https:\/\/eurecat.org\/en\/studying-new-functional-foods-to-promote-mental-well-being\/\" \/>\n<meta property=\"og:site_name\" content=\"Eurecat\" \/>\n<meta property=\"article:published_time\" content=\"2022-04-04T12:10:09+00:00\" \/>\n<meta property=\"article:modified_time\" content=\"2022-10-17T14:29:11+00:00\" \/>\n<meta property=\"og:image\" content=\"https:\/\/eurecat.org\/wp-content\/uploads\/2022\/04\/Alimentaria_Dantian_800.jpg\" \/>\n\t<meta property=\"og:image:width\" content=\"800\" \/>\n\t<meta property=\"og:image:height\" content=\"462\" \/>\n\t<meta property=\"og:image:type\" content=\"image\/jpeg\" \/>\n<meta name=\"author\" content=\"EurecatEG\" \/>\n<meta name=\"twitter:card\" content=\"summary_large_image\" \/>\n<meta name=\"twitter:label1\" content=\"Written by\" \/>\n\t<meta name=\"twitter:data1\" content=\"EurecatEG\" \/>\n\t<meta name=\"twitter:label2\" content=\"Est. reading time\" \/>\n\t<meta name=\"twitter:data2\" content=\"4 minutes\" \/>\n<script type=\"application\/ld+json\" class=\"yoast-schema-graph\">{\"@context\":\"https:\\\/\\\/schema.org\",\"@graph\":[{\"@type\":\"Article\",\"@id\":\"https:\\\/\\\/eurecat.org\\\/en\\\/studying-new-functional-foods-to-promote-mental-well-being\\\/#article\",\"isPartOf\":{\"@id\":\"https:\\\/\\\/eurecat.org\\\/en\\\/studying-new-functional-foods-to-promote-mental-well-being\\\/\"},\"author\":{\"name\":\"EurecatEG\",\"@id\":\"https:\\\/\\\/eurecat.org\\\/en\\\/#\\\/schema\\\/person\\\/def9217eded50ee57a9dc4cf0c883f80\"},\"headline\":\"Studying new functional foods to promote mental well-being\",\"datePublished\":\"2022-04-04T12:10:09+00:00\",\"dateModified\":\"2022-10-17T14:29:11+00:00\",\"mainEntityOfPage\":{\"@id\":\"https:\\\/\\\/eurecat.org\\\/en\\\/studying-new-functional-foods-to-promote-mental-well-being\\\/\"},\"wordCount\":771,\"commentCount\":0,\"image\":{\"@id\":\"https:\\\/\\\/eurecat.org\\\/en\\\/studying-new-functional-foods-to-promote-mental-well-being\\\/#primaryimage\"},\"thumbnailUrl\":\"https:\\\/\\\/eurecat.org\\\/wp-content\\\/uploads\\\/2022\\\/04\\\/Alimentaria_Dantian_800.jpg\",\"articleSection\":[\"Food\",\"Nutrition and Health\",\"Press Notes\"],\"inLanguage\":\"en-US\",\"potentialAction\":[{\"@type\":\"CommentAction\",\"name\":\"Comment\",\"target\":[\"https:\\\/\\\/eurecat.org\\\/en\\\/studying-new-functional-foods-to-promote-mental-well-being\\\/#respond\"]}]},{\"@type\":\"WebPage\",\"@id\":\"https:\\\/\\\/eurecat.org\\\/en\\\/studying-new-functional-foods-to-promote-mental-well-being\\\/\",\"url\":\"https:\\\/\\\/eurecat.org\\\/en\\\/studying-new-functional-foods-to-promote-mental-well-being\\\/\",\"name\":\"Estudien nous aliments funcionals per afavorir el benestar mental\",\"isPartOf\":{\"@id\":\"https:\\\/\\\/eurecat.org\\\/en\\\/#website\"},\"primaryImageOfPage\":{\"@id\":\"https:\\\/\\\/eurecat.org\\\/en\\\/studying-new-functional-foods-to-promote-mental-well-being\\\/#primaryimage\"},\"image\":{\"@id\":\"https:\\\/\\\/eurecat.org\\\/en\\\/studying-new-functional-foods-to-promote-mental-well-being\\\/#primaryimage\"},\"thumbnailUrl\":\"https:\\\/\\\/eurecat.org\\\/wp-content\\\/uploads\\\/2022\\\/04\\\/Alimentaria_Dantian_800.jpg\",\"datePublished\":\"2022-04-04T12:10:09+00:00\",\"dateModified\":\"2022-10-17T14:29:11+00:00\",\"author\":{\"@id\":\"https:\\\/\\\/eurecat.org\\\/en\\\/#\\\/schema\\\/person\\\/def9217eded50ee57a9dc4cf0c883f80\"},\"description\":\"Estudien nous aliments funcionals per afavorir el benestar mental - Eurecat Centre Tecnol\u00f2gic\",\"breadcrumb\":{\"@id\":\"https:\\\/\\\/eurecat.org\\\/en\\\/studying-new-functional-foods-to-promote-mental-well-being\\\/#breadcrumb\"},\"inLanguage\":\"en-US\",\"potentialAction\":[{\"@type\":\"ReadAction\",\"target\":[\"https:\\\/\\\/eurecat.org\\\/en\\\/studying-new-functional-foods-to-promote-mental-well-being\\\/\"]}]},{\"@type\":\"ImageObject\",\"inLanguage\":\"en-US\",\"@id\":\"https:\\\/\\\/eurecat.org\\\/en\\\/studying-new-functional-foods-to-promote-mental-well-being\\\/#primaryimage\",\"url\":\"https:\\\/\\\/eurecat.org\\\/wp-content\\\/uploads\\\/2022\\\/04\\\/Alimentaria_Dantian_800.jpg\",\"contentUrl\":\"https:\\\/\\\/eurecat.org\\\/wp-content\\\/uploads\\\/2022\\\/04\\\/Alimentaria_Dantian_800.jpg\",\"width\":800,\"height\":462,\"caption\":\"dantian\"},{\"@type\":\"BreadcrumbList\",\"@id\":\"https:\\\/\\\/eurecat.org\\\/en\\\/studying-new-functional-foods-to-promote-mental-well-being\\\/#breadcrumb\",\"itemListElement\":[{\"@type\":\"ListItem\",\"position\":1,\"name\":\"Inici\",\"item\":\"https:\\\/\\\/eurecat.org\\\/en\\\/\"},{\"@type\":\"ListItem\",\"position\":2,\"name\":\"Studying new functional foods to promote mental well-being\"}]},{\"@type\":\"WebSite\",\"@id\":\"https:\\\/\\\/eurecat.org\\\/en\\\/#website\",\"url\":\"https:\\\/\\\/eurecat.org\\\/en\\\/\",\"name\":\"Eurecat\",\"description\":\"Otro sitio realizado con WordPress\",\"potentialAction\":[{\"@type\":\"SearchAction\",\"target\":{\"@type\":\"EntryPoint\",\"urlTemplate\":\"https:\\\/\\\/eurecat.org\\\/en\\\/?s={search_term_string}\"},\"query-input\":{\"@type\":\"PropertyValueSpecification\",\"valueRequired\":true,\"valueName\":\"search_term_string\"}}],\"inLanguage\":\"en-US\"},{\"@type\":\"Person\",\"@id\":\"https:\\\/\\\/eurecat.org\\\/en\\\/#\\\/schema\\\/person\\\/def9217eded50ee57a9dc4cf0c883f80\",\"name\":\"EurecatEG\",\"image\":{\"@type\":\"ImageObject\",\"inLanguage\":\"en-US\",\"@id\":\"https:\\\/\\\/secure.gravatar.com\\\/avatar\\\/f40dd9b6ecd3e5c591f3c9b033e495ee0ec9877ba77249fbf268b3889350c824?s=96&d=mm&r=g\",\"url\":\"https:\\\/\\\/secure.gravatar.com\\\/avatar\\\/f40dd9b6ecd3e5c591f3c9b033e495ee0ec9877ba77249fbf268b3889350c824?s=96&d=mm&r=g\",\"contentUrl\":\"https:\\\/\\\/secure.gravatar.com\\\/avatar\\\/f40dd9b6ecd3e5c591f3c9b033e495ee0ec9877ba77249fbf268b3889350c824?s=96&d=mm&r=g\",\"caption\":\"EurecatEG\"}}]}<\/script>\n<!-- \/ Yoast SEO plugin. -->","yoast_head_json":{"title":"Estudien nous aliments funcionals per afavorir el benestar mental","description":"Estudien nous aliments funcionals per afavorir el benestar mental - Eurecat Centre Tecnol\u00f2gic","robots":{"index":"index","follow":"follow","max-snippet":"max-snippet:-1","max-image-preview":"max-image-preview:large","max-video-preview":"max-video-preview:-1"},"canonical":"https:\/\/eurecat.org\/en\/studying-new-functional-foods-to-promote-mental-well-being\/","og_locale":"en_US","og_type":"article","og_title":"Estudien nous aliments funcionals per afavorir el benestar mental","og_description":"Estudien nous aliments funcionals per afavorir el benestar mental - Eurecat Centre Tecnol\u00f2gic","og_url":"https:\/\/eurecat.org\/en\/studying-new-functional-foods-to-promote-mental-well-being\/","og_site_name":"Eurecat","article_published_time":"2022-04-04T12:10:09+00:00","article_modified_time":"2022-10-17T14:29:11+00:00","og_image":[{"width":800,"height":462,"url":"https:\/\/eurecat.org\/wp-content\/uploads\/2022\/04\/Alimentaria_Dantian_800.jpg","type":"image\/jpeg"}],"author":"EurecatEG","twitter_card":"summary_large_image","twitter_misc":{"Written by":"EurecatEG","Est. reading time":"4 minutes"},"schema":{"@context":"https:\/\/schema.org","@graph":[{"@type":"Article","@id":"https:\/\/eurecat.org\/en\/studying-new-functional-foods-to-promote-mental-well-being\/#article","isPartOf":{"@id":"https:\/\/eurecat.org\/en\/studying-new-functional-foods-to-promote-mental-well-being\/"},"author":{"name":"EurecatEG","@id":"https:\/\/eurecat.org\/en\/#\/schema\/person\/def9217eded50ee57a9dc4cf0c883f80"},"headline":"Studying new functional foods to promote mental well-being","datePublished":"2022-04-04T12:10:09+00:00","dateModified":"2022-10-17T14:29:11+00:00","mainEntityOfPage":{"@id":"https:\/\/eurecat.org\/en\/studying-new-functional-foods-to-promote-mental-well-being\/"},"wordCount":771,"commentCount":0,"image":{"@id":"https:\/\/eurecat.org\/en\/studying-new-functional-foods-to-promote-mental-well-being\/#primaryimage"},"thumbnailUrl":"https:\/\/eurecat.org\/wp-content\/uploads\/2022\/04\/Alimentaria_Dantian_800.jpg","articleSection":["Food","Nutrition and Health","Press Notes"],"inLanguage":"en-US","potentialAction":[{"@type":"CommentAction","name":"Comment","target":["https:\/\/eurecat.org\/en\/studying-new-functional-foods-to-promote-mental-well-being\/#respond"]}]},{"@type":"WebPage","@id":"https:\/\/eurecat.org\/en\/studying-new-functional-foods-to-promote-mental-well-being\/","url":"https:\/\/eurecat.org\/en\/studying-new-functional-foods-to-promote-mental-well-being\/","name":"Estudien nous aliments funcionals per afavorir el benestar mental","isPartOf":{"@id":"https:\/\/eurecat.org\/en\/#website"},"primaryImageOfPage":{"@id":"https:\/\/eurecat.org\/en\/studying-new-functional-foods-to-promote-mental-well-being\/#primaryimage"},"image":{"@id":"https:\/\/eurecat.org\/en\/studying-new-functional-foods-to-promote-mental-well-being\/#primaryimage"},"thumbnailUrl":"https:\/\/eurecat.org\/wp-content\/uploads\/2022\/04\/Alimentaria_Dantian_800.jpg","datePublished":"2022-04-04T12:10:09+00:00","dateModified":"2022-10-17T14:29:11+00:00","author":{"@id":"https:\/\/eurecat.org\/en\/#\/schema\/person\/def9217eded50ee57a9dc4cf0c883f80"},"description":"Estudien nous aliments funcionals per afavorir el benestar mental - Eurecat Centre Tecnol\u00f2gic","breadcrumb":{"@id":"https:\/\/eurecat.org\/en\/studying-new-functional-foods-to-promote-mental-well-being\/#breadcrumb"},"inLanguage":"en-US","potentialAction":[{"@type":"ReadAction","target":["https:\/\/eurecat.org\/en\/studying-new-functional-foods-to-promote-mental-well-being\/"]}]},{"@type":"ImageObject","inLanguage":"en-US","@id":"https:\/\/eurecat.org\/en\/studying-new-functional-foods-to-promote-mental-well-being\/#primaryimage","url":"https:\/\/eurecat.org\/wp-content\/uploads\/2022\/04\/Alimentaria_Dantian_800.jpg","contentUrl":"https:\/\/eurecat.org\/wp-content\/uploads\/2022\/04\/Alimentaria_Dantian_800.jpg","width":800,"height":462,"caption":"dantian"},{"@type":"BreadcrumbList","@id":"https:\/\/eurecat.org\/en\/studying-new-functional-foods-to-promote-mental-well-being\/#breadcrumb","itemListElement":[{"@type":"ListItem","position":1,"name":"Inici","item":"https:\/\/eurecat.org\/en\/"},{"@type":"ListItem","position":2,"name":"Studying new functional foods to promote mental well-being"}]},{"@type":"WebSite","@id":"https:\/\/eurecat.org\/en\/#website","url":"https:\/\/eurecat.org\/en\/","name":"Eurecat","description":"Otro sitio realizado con WordPress","potentialAction":[{"@type":"SearchAction","target":{"@type":"EntryPoint","urlTemplate":"https:\/\/eurecat.org\/en\/?s={search_term_string}"},"query-input":{"@type":"PropertyValueSpecification","valueRequired":true,"valueName":"search_term_string"}}],"inLanguage":"en-US"},{"@type":"Person","@id":"https:\/\/eurecat.org\/en\/#\/schema\/person\/def9217eded50ee57a9dc4cf0c883f80","name":"EurecatEG","image":{"@type":"ImageObject","inLanguage":"en-US","@id":"https:\/\/secure.gravatar.com\/avatar\/f40dd9b6ecd3e5c591f3c9b033e495ee0ec9877ba77249fbf268b3889350c824?s=96&d=mm&r=g","url":"https:\/\/secure.gravatar.com\/avatar\/f40dd9b6ecd3e5c591f3c9b033e495ee0ec9877ba77249fbf268b3889350c824?s=96&d=mm&r=g","contentUrl":"https:\/\/secure.gravatar.com\/avatar\/f40dd9b6ecd3e5c591f3c9b033e495ee0ec9877ba77249fbf268b3889350c824?s=96&d=mm&r=g","caption":"EurecatEG"}}]}},"_links":{"self":[{"href":"https:\/\/eurecat.org\/en\/wp-json\/wp\/v2\/posts\/127322","targetHints":{"allow":["GET"]}}],"collection":[{"href":"https:\/\/eurecat.org\/en\/wp-json\/wp\/v2\/posts"}],"about":[{"href":"https:\/\/eurecat.org\/en\/wp-json\/wp\/v2\/types\/post"}],"author":[{"embeddable":true,"href":"https:\/\/eurecat.org\/en\/wp-json\/wp\/v2\/users\/12"}],"replies":[{"embeddable":true,"href":"https:\/\/eurecat.org\/en\/wp-json\/wp\/v2\/comments?post=127322"}],"version-history":[{"count":1,"href":"https:\/\/eurecat.org\/en\/wp-json\/wp\/v2\/posts\/127322\/revisions"}],"predecessor-version":[{"id":127324,"href":"https:\/\/eurecat.org\/en\/wp-json\/wp\/v2\/posts\/127322\/revisions\/127324"}],"wp:featuredmedia":[{"embeddable":true,"href":"https:\/\/eurecat.org\/en\/wp-json\/wp\/v2\/media\/121719"}],"wp:attachment":[{"href":"https:\/\/eurecat.org\/en\/wp-json\/wp\/v2\/media?parent=127322"}],"wp:term":[{"taxonomy":"category","embeddable":true,"href":"https:\/\/eurecat.org\/en\/wp-json\/wp\/v2\/categories?post=127322"},{"taxonomy":"post_tag","embeddable":true,"href":"https:\/\/eurecat.org\/en\/wp-json\/wp\/v2\/tags?post=127322"}],"curies":[{"name":"wp","href":"https:\/\/api.w.org\/{rel}","templated":true}]}}