{"id":127346,"date":"2022-03-22T12:33:50","date_gmt":"2022-03-22T11:33:50","guid":{"rendered":"https:\/\/eurecat.org\/la-reutilitzacio-de-laigua-clau-davant-de-lescassetat-hidrica-i-limpacte-del-canvi-climatic\/"},"modified":"2022-10-17T15:34:58","modified_gmt":"2022-10-17T14:34:58","slug":"reusing-water-key-in-the-face-of-water-scarcity-and-the-impact-of-climate-change","status":"publish","type":"post","link":"https:\/\/eurecat.org\/en\/reusing-water-key-in-the-face-of-water-scarcity-and-the-impact-of-climate-change\/","title":{"rendered":"Reusing water, key in the face of water scarcity and the impact of climate change"},"content":{"rendered":"<div class=\"fusion-fullwidth fullwidth-box fusion-builder-row-1 fusion-flex-container nonhundred-percent-fullwidth non-hundred-percent-height-scrolling\" style=\"--awb-border-radius-top-left:0px;--awb-border-radius-top-right:0px;--awb-border-radius-bottom-right:0px;--awb-border-radius-bottom-left:0px;--awb-flex-wrap:wrap;\" ><div class=\"fusion-builder-row fusion-row fusion-flex-align-items-flex-start fusion-flex-content-wrap\" style=\"max-width:1424.8px;margin-left: calc(-4% \/ 2 );margin-right: calc(-4% \/ 2 );\"><div class=\"fusion-layout-column fusion_builder_column fusion-builder-column-0 fusion_builder_column_1_1 1_1 fusion-flex-column\" style=\"--awb-bg-size:cover;--awb-width-large:100%;--awb-margin-top-large:0px;--awb-spacing-right-large:1.92%;--awb-margin-bottom-large:0px;--awb-spacing-left-large:1.92%;--awb-width-medium:100%;--awb-spacing-right-medium:1.92%;--awb-spacing-left-medium:1.92%;--awb-width-small:100%;--awb-spacing-right-small:1.92%;--awb-spacing-left-small:1.92%;\"><div class=\"fusion-column-wrapper fusion-flex-justify-content-flex-start fusion-content-layout-column\"><div class=\"fusion-text fusion-text-1\" style=\"--awb-text-transform:none;\"><p>The increased use of water resources and problems arising from climate change \u2018mean reusing water is emerging as a growing need\u2019 since it is an asset that is \u2018too valuable to be used just once, in a context of water scarcity resulting from population growth\u2019, explains Miquel Rovira, the director of the Eurecat technology centre\u2019s Sustainability Division, on the occasion of World Water Day.<\/p>\n<p>Spain \u2018is the European country that reuses water most, with 75 per cent of the continent\u2019s total; however, there is still a very significant volume of potentially reusable water that\u2019s dumped into the sea and represents a lost opportunity, as only 10 per cent of waste water is reused\u2019, Rovira points out.<\/p>\n<p>In this context, \u2018Spain can export technology and knowledge\u2019 since the implementation of systems for regeneration and reuse \u2018requires development and innovation activities to increase the trust in new circular economy schemes\u2019, adds Eurecat\u2019s Sustainability Division director.<\/p>\n<p>From his point of view, \u2018one opportunity to increase the implementation of reuse is the improvement in risk management, considering the existing lack of knowledge about the behaviour and toxicity of a large number of compounds derived from human activity that are found in effluents\u2019.<\/p>\n<p><strong>New safe reuse schemes<\/strong><\/p>\n<p>\u2018Another significant hurdle in terms of implementing tertiary treatment systems that will enable water regeneration and reuse are the costs\u2019, so \u2018choosing the right technologies to be implemented and optimally running the treatment systems based on the different end uses will make it possible to adjust the operating costs, thus facilitating the implementation and launch of new reuse schemes safely\u2019, says Xavier Mart\u00ednez, the director of Eurecat\u2019s Air, Water and Soil Unit.<\/p>\n<p>As a result of this need, the SUGGEREIX project, funded by the Catalan Water Agency (<em>Ag\u00e8ncia Catalana de l\u2019Aigua<\/em> \u2013 ACA) and led by the Eurecat technology centre, aims to bring together dispersed knowledge about the regeneration of purified waste water, with a special emphasis on managing polluting compounds of microbiological origin, trace organics and heavy metals.<\/p>\n<p>For this purpose, an innovative decision support system has been developed that will help entities that manage reuse schemes to plan future reuse initiatives, as well as to evaluate those currently in operation.<\/p>\n<p>The decision support system will finish being validated in the first half of 2022 with three demonstrators that are also success stories in the reuse of water for difference uses, in Tossa de Mar, Lloret de Mar and El Prat de Llobregat, which include non-potable urban uses, the irrigation of garden areas and the recharge of aquifers and maintenance of minimum flows.<\/p>\n<p>Overall, as part of the SUGGEREIX project, a total of 162 success stories of reuse schemes implemented at national and international level have been identified and can be viewed on the project\u00a0<a href=\"http:\/\/www.aiguaregenerada.cat\/\">website<\/a>. Moreover, 13 reference regulatory guidelines for reuse in force in countries such as Spain, the USA, Australia and Israel, have been evaluated.<\/p>\n<p>All this knowledge generated from the SUGGEREIX project aims to become a tool that will make it possible to optimise the management of reuse schemes under optimal conditions of consumption and safety while facilitating the possibility of implementing new reuse schemes, promoting the circular economy and climate resilience.<\/p>\n<p>SUGGEREIX, which will end in June, also includes the participation of the Catalan Water Partnership, the Catalan Institute for Water Research, the Cetaqua water technology centre and the Polytechnic University of Catalonia.<\/p>\n<\/div><\/div><\/div><\/div><\/div>\n","protected":false},"excerpt":{"rendered":"","protected":false},"author":12,"featured_media":121363,"comment_status":"open","ping_status":"closed","sticky":false,"template":"","format":"standard","meta":{"footnotes":""},"categories":[2351,417,743,433],"tags":[],"class_list":["post-127346","post","type-post","status-publish","format-standard","has-post-thumbnail","hentry","category-aigua-aire-sols-en","category-consulting","category-press-notes-en","category-sustainability"],"yoast_head":"<!-- This site is optimized with the Yoast SEO plugin v27.4 - https:\/\/yoast.com\/product\/yoast-seo-wordpress\/ -->\n<title>Reutilitzaci\u00f3 de l&#039;aigua clau davant de l&#039;escassetat h\u00eddrica<\/title>\n<meta name=\"description\" content=\"La reutilitzaci\u00f3 de l&#039;aigua, clau davant de l&#039;escassetat h\u00eddrica i l&#039;impacte del canvi clim\u00e0tic - Eurecat Centre Tecnol\u00f2gic\" \/>\n<meta name=\"robots\" content=\"index, follow, max-snippet:-1, max-image-preview:large, max-video-preview:-1\" \/>\n<link rel=\"canonical\" href=\"https:\/\/eurecat.org\/en\/reusing-water-key-in-the-face-of-water-scarcity-and-the-impact-of-climate-change\/\" \/>\n<meta property=\"og:locale\" content=\"en_US\" \/>\n<meta property=\"og:type\" content=\"article\" \/>\n<meta property=\"og:title\" content=\"Reutilitzaci\u00f3 de l&#039;aigua clau davant de l&#039;escassetat h\u00eddrica\" \/>\n<meta property=\"og:description\" content=\"La reutilitzaci\u00f3 de l&#039;aigua, clau davant de l&#039;escassetat h\u00eddrica i l&#039;impacte del canvi clim\u00e0tic - Eurecat Centre Tecnol\u00f2gic\" \/>\n<meta property=\"og:url\" content=\"https:\/\/eurecat.org\/en\/reusing-water-key-in-the-face-of-water-scarcity-and-the-impact-of-climate-change\/\" \/>\n<meta property=\"og:site_name\" content=\"Eurecat\" \/>\n<meta property=\"article:published_time\" content=\"2022-03-22T11:33:50+00:00\" \/>\n<meta property=\"article:modified_time\" content=\"2022-10-17T14:34:58+00:00\" \/>\n<meta property=\"og:image\" content=\"https:\/\/eurecat.org\/wp-content\/uploads\/2022\/03\/dia-mundial-aigua-800px.jpg\" \/>\n\t<meta property=\"og:image:width\" content=\"800\" \/>\n\t<meta property=\"og:image:height\" content=\"508\" \/>\n\t<meta property=\"og:image:type\" content=\"image\/jpeg\" \/>\n<meta name=\"author\" content=\"EurecatEG\" \/>\n<meta name=\"twitter:card\" content=\"summary_large_image\" \/>\n<meta name=\"twitter:label1\" content=\"Written by\" \/>\n\t<meta name=\"twitter:data1\" content=\"EurecatEG\" \/>\n\t<meta name=\"twitter:label2\" content=\"Est. reading time\" \/>\n\t<meta name=\"twitter:data2\" content=\"4 minutes\" \/>\n<script type=\"application\/ld+json\" class=\"yoast-schema-graph\">{\"@context\":\"https:\\\/\\\/schema.org\",\"@graph\":[{\"@type\":\"Article\",\"@id\":\"https:\\\/\\\/eurecat.org\\\/en\\\/reusing-water-key-in-the-face-of-water-scarcity-and-the-impact-of-climate-change\\\/#article\",\"isPartOf\":{\"@id\":\"https:\\\/\\\/eurecat.org\\\/en\\\/reusing-water-key-in-the-face-of-water-scarcity-and-the-impact-of-climate-change\\\/\"},\"author\":{\"name\":\"EurecatEG\",\"@id\":\"https:\\\/\\\/eurecat.org\\\/en\\\/#\\\/schema\\\/person\\\/def9217eded50ee57a9dc4cf0c883f80\"},\"headline\":\"Reusing water, key in the face of water scarcity and the impact of climate change\",\"datePublished\":\"2022-03-22T11:33:50+00:00\",\"dateModified\":\"2022-10-17T14:34:58+00:00\",\"mainEntityOfPage\":{\"@id\":\"https:\\\/\\\/eurecat.org\\\/en\\\/reusing-water-key-in-the-face-of-water-scarcity-and-the-impact-of-climate-change\\\/\"},\"wordCount\":823,\"commentCount\":0,\"image\":{\"@id\":\"https:\\\/\\\/eurecat.org\\\/en\\\/reusing-water-key-in-the-face-of-water-scarcity-and-the-impact-of-climate-change\\\/#primaryimage\"},\"thumbnailUrl\":\"https:\\\/\\\/eurecat.org\\\/wp-content\\\/uploads\\\/2022\\\/03\\\/dia-mundial-aigua-800px.jpg\",\"articleSection\":[\"Aigua aire sols\",\"Consulting\",\"Press Notes\",\"Sustainability\"],\"inLanguage\":\"en-US\",\"potentialAction\":[{\"@type\":\"CommentAction\",\"name\":\"Comment\",\"target\":[\"https:\\\/\\\/eurecat.org\\\/en\\\/reusing-water-key-in-the-face-of-water-scarcity-and-the-impact-of-climate-change\\\/#respond\"]}]},{\"@type\":\"WebPage\",\"@id\":\"https:\\\/\\\/eurecat.org\\\/en\\\/reusing-water-key-in-the-face-of-water-scarcity-and-the-impact-of-climate-change\\\/\",\"url\":\"https:\\\/\\\/eurecat.org\\\/en\\\/reusing-water-key-in-the-face-of-water-scarcity-and-the-impact-of-climate-change\\\/\",\"name\":\"Reutilitzaci\u00f3 de l'aigua clau davant de l'escassetat h\u00eddrica\",\"isPartOf\":{\"@id\":\"https:\\\/\\\/eurecat.org\\\/en\\\/#website\"},\"primaryImageOfPage\":{\"@id\":\"https:\\\/\\\/eurecat.org\\\/en\\\/reusing-water-key-in-the-face-of-water-scarcity-and-the-impact-of-climate-change\\\/#primaryimage\"},\"image\":{\"@id\":\"https:\\\/\\\/eurecat.org\\\/en\\\/reusing-water-key-in-the-face-of-water-scarcity-and-the-impact-of-climate-change\\\/#primaryimage\"},\"thumbnailUrl\":\"https:\\\/\\\/eurecat.org\\\/wp-content\\\/uploads\\\/2022\\\/03\\\/dia-mundial-aigua-800px.jpg\",\"datePublished\":\"2022-03-22T11:33:50+00:00\",\"dateModified\":\"2022-10-17T14:34:58+00:00\",\"author\":{\"@id\":\"https:\\\/\\\/eurecat.org\\\/en\\\/#\\\/schema\\\/person\\\/def9217eded50ee57a9dc4cf0c883f80\"},\"description\":\"La reutilitzaci\u00f3 de l'aigua, clau davant de l'escassetat h\u00eddrica i l'impacte del canvi clim\u00e0tic - Eurecat Centre Tecnol\u00f2gic\",\"breadcrumb\":{\"@id\":\"https:\\\/\\\/eurecat.org\\\/en\\\/reusing-water-key-in-the-face-of-water-scarcity-and-the-impact-of-climate-change\\\/#breadcrumb\"},\"inLanguage\":\"en-US\",\"potentialAction\":[{\"@type\":\"ReadAction\",\"target\":[\"https:\\\/\\\/eurecat.org\\\/en\\\/reusing-water-key-in-the-face-of-water-scarcity-and-the-impact-of-climate-change\\\/\"]}]},{\"@type\":\"ImageObject\",\"inLanguage\":\"en-US\",\"@id\":\"https:\\\/\\\/eurecat.org\\\/en\\\/reusing-water-key-in-the-face-of-water-scarcity-and-the-impact-of-climate-change\\\/#primaryimage\",\"url\":\"https:\\\/\\\/eurecat.org\\\/wp-content\\\/uploads\\\/2022\\\/03\\\/dia-mundial-aigua-800px.jpg\",\"contentUrl\":\"https:\\\/\\\/eurecat.org\\\/wp-content\\\/uploads\\\/2022\\\/03\\\/dia-mundial-aigua-800px.jpg\",\"width\":800,\"height\":508,\"caption\":\"aigua\"},{\"@type\":\"BreadcrumbList\",\"@id\":\"https:\\\/\\\/eurecat.org\\\/en\\\/reusing-water-key-in-the-face-of-water-scarcity-and-the-impact-of-climate-change\\\/#breadcrumb\",\"itemListElement\":[{\"@type\":\"ListItem\",\"position\":1,\"name\":\"Inici\",\"item\":\"https:\\\/\\\/eurecat.org\\\/en\\\/\"},{\"@type\":\"ListItem\",\"position\":2,\"name\":\"Reusing water, key in the face of water scarcity and the impact of climate change\"}]},{\"@type\":\"WebSite\",\"@id\":\"https:\\\/\\\/eurecat.org\\\/en\\\/#website\",\"url\":\"https:\\\/\\\/eurecat.org\\\/en\\\/\",\"name\":\"Eurecat\",\"description\":\"Otro sitio realizado con WordPress\",\"potentialAction\":[{\"@type\":\"SearchAction\",\"target\":{\"@type\":\"EntryPoint\",\"urlTemplate\":\"https:\\\/\\\/eurecat.org\\\/en\\\/?s={search_term_string}\"},\"query-input\":{\"@type\":\"PropertyValueSpecification\",\"valueRequired\":true,\"valueName\":\"search_term_string\"}}],\"inLanguage\":\"en-US\"},{\"@type\":\"Person\",\"@id\":\"https:\\\/\\\/eurecat.org\\\/en\\\/#\\\/schema\\\/person\\\/def9217eded50ee57a9dc4cf0c883f80\",\"name\":\"EurecatEG\",\"image\":{\"@type\":\"ImageObject\",\"inLanguage\":\"en-US\",\"@id\":\"https:\\\/\\\/secure.gravatar.com\\\/avatar\\\/f40dd9b6ecd3e5c591f3c9b033e495ee0ec9877ba77249fbf268b3889350c824?s=96&d=mm&r=g\",\"url\":\"https:\\\/\\\/secure.gravatar.com\\\/avatar\\\/f40dd9b6ecd3e5c591f3c9b033e495ee0ec9877ba77249fbf268b3889350c824?s=96&d=mm&r=g\",\"contentUrl\":\"https:\\\/\\\/secure.gravatar.com\\\/avatar\\\/f40dd9b6ecd3e5c591f3c9b033e495ee0ec9877ba77249fbf268b3889350c824?s=96&d=mm&r=g\",\"caption\":\"EurecatEG\"}}]}<\/script>\n<!-- \/ Yoast SEO plugin. -->","yoast_head_json":{"title":"Reutilitzaci\u00f3 de l'aigua clau davant de l'escassetat h\u00eddrica","description":"La reutilitzaci\u00f3 de l'aigua, clau davant de l'escassetat h\u00eddrica i l'impacte del canvi clim\u00e0tic - Eurecat Centre Tecnol\u00f2gic","robots":{"index":"index","follow":"follow","max-snippet":"max-snippet:-1","max-image-preview":"max-image-preview:large","max-video-preview":"max-video-preview:-1"},"canonical":"https:\/\/eurecat.org\/en\/reusing-water-key-in-the-face-of-water-scarcity-and-the-impact-of-climate-change\/","og_locale":"en_US","og_type":"article","og_title":"Reutilitzaci\u00f3 de l'aigua clau davant de l'escassetat h\u00eddrica","og_description":"La reutilitzaci\u00f3 de l'aigua, clau davant de l'escassetat h\u00eddrica i l'impacte del canvi clim\u00e0tic - Eurecat Centre Tecnol\u00f2gic","og_url":"https:\/\/eurecat.org\/en\/reusing-water-key-in-the-face-of-water-scarcity-and-the-impact-of-climate-change\/","og_site_name":"Eurecat","article_published_time":"2022-03-22T11:33:50+00:00","article_modified_time":"2022-10-17T14:34:58+00:00","og_image":[{"width":800,"height":508,"url":"https:\/\/eurecat.org\/wp-content\/uploads\/2022\/03\/dia-mundial-aigua-800px.jpg","type":"image\/jpeg"}],"author":"EurecatEG","twitter_card":"summary_large_image","twitter_misc":{"Written by":"EurecatEG","Est. reading time":"4 minutes"},"schema":{"@context":"https:\/\/schema.org","@graph":[{"@type":"Article","@id":"https:\/\/eurecat.org\/en\/reusing-water-key-in-the-face-of-water-scarcity-and-the-impact-of-climate-change\/#article","isPartOf":{"@id":"https:\/\/eurecat.org\/en\/reusing-water-key-in-the-face-of-water-scarcity-and-the-impact-of-climate-change\/"},"author":{"name":"EurecatEG","@id":"https:\/\/eurecat.org\/en\/#\/schema\/person\/def9217eded50ee57a9dc4cf0c883f80"},"headline":"Reusing water, key in the face of water scarcity and the impact of climate change","datePublished":"2022-03-22T11:33:50+00:00","dateModified":"2022-10-17T14:34:58+00:00","mainEntityOfPage":{"@id":"https:\/\/eurecat.org\/en\/reusing-water-key-in-the-face-of-water-scarcity-and-the-impact-of-climate-change\/"},"wordCount":823,"commentCount":0,"image":{"@id":"https:\/\/eurecat.org\/en\/reusing-water-key-in-the-face-of-water-scarcity-and-the-impact-of-climate-change\/#primaryimage"},"thumbnailUrl":"https:\/\/eurecat.org\/wp-content\/uploads\/2022\/03\/dia-mundial-aigua-800px.jpg","articleSection":["Aigua aire sols","Consulting","Press Notes","Sustainability"],"inLanguage":"en-US","potentialAction":[{"@type":"CommentAction","name":"Comment","target":["https:\/\/eurecat.org\/en\/reusing-water-key-in-the-face-of-water-scarcity-and-the-impact-of-climate-change\/#respond"]}]},{"@type":"WebPage","@id":"https:\/\/eurecat.org\/en\/reusing-water-key-in-the-face-of-water-scarcity-and-the-impact-of-climate-change\/","url":"https:\/\/eurecat.org\/en\/reusing-water-key-in-the-face-of-water-scarcity-and-the-impact-of-climate-change\/","name":"Reutilitzaci\u00f3 de l'aigua clau davant de l'escassetat h\u00eddrica","isPartOf":{"@id":"https:\/\/eurecat.org\/en\/#website"},"primaryImageOfPage":{"@id":"https:\/\/eurecat.org\/en\/reusing-water-key-in-the-face-of-water-scarcity-and-the-impact-of-climate-change\/#primaryimage"},"image":{"@id":"https:\/\/eurecat.org\/en\/reusing-water-key-in-the-face-of-water-scarcity-and-the-impact-of-climate-change\/#primaryimage"},"thumbnailUrl":"https:\/\/eurecat.org\/wp-content\/uploads\/2022\/03\/dia-mundial-aigua-800px.jpg","datePublished":"2022-03-22T11:33:50+00:00","dateModified":"2022-10-17T14:34:58+00:00","author":{"@id":"https:\/\/eurecat.org\/en\/#\/schema\/person\/def9217eded50ee57a9dc4cf0c883f80"},"description":"La reutilitzaci\u00f3 de l'aigua, clau davant de l'escassetat h\u00eddrica i l'impacte del canvi clim\u00e0tic - Eurecat Centre Tecnol\u00f2gic","breadcrumb":{"@id":"https:\/\/eurecat.org\/en\/reusing-water-key-in-the-face-of-water-scarcity-and-the-impact-of-climate-change\/#breadcrumb"},"inLanguage":"en-US","potentialAction":[{"@type":"ReadAction","target":["https:\/\/eurecat.org\/en\/reusing-water-key-in-the-face-of-water-scarcity-and-the-impact-of-climate-change\/"]}]},{"@type":"ImageObject","inLanguage":"en-US","@id":"https:\/\/eurecat.org\/en\/reusing-water-key-in-the-face-of-water-scarcity-and-the-impact-of-climate-change\/#primaryimage","url":"https:\/\/eurecat.org\/wp-content\/uploads\/2022\/03\/dia-mundial-aigua-800px.jpg","contentUrl":"https:\/\/eurecat.org\/wp-content\/uploads\/2022\/03\/dia-mundial-aigua-800px.jpg","width":800,"height":508,"caption":"aigua"},{"@type":"BreadcrumbList","@id":"https:\/\/eurecat.org\/en\/reusing-water-key-in-the-face-of-water-scarcity-and-the-impact-of-climate-change\/#breadcrumb","itemListElement":[{"@type":"ListItem","position":1,"name":"Inici","item":"https:\/\/eurecat.org\/en\/"},{"@type":"ListItem","position":2,"name":"Reusing water, key in the face of water scarcity and the impact of climate change"}]},{"@type":"WebSite","@id":"https:\/\/eurecat.org\/en\/#website","url":"https:\/\/eurecat.org\/en\/","name":"Eurecat","description":"Otro sitio realizado con WordPress","potentialAction":[{"@type":"SearchAction","target":{"@type":"EntryPoint","urlTemplate":"https:\/\/eurecat.org\/en\/?s={search_term_string}"},"query-input":{"@type":"PropertyValueSpecification","valueRequired":true,"valueName":"search_term_string"}}],"inLanguage":"en-US"},{"@type":"Person","@id":"https:\/\/eurecat.org\/en\/#\/schema\/person\/def9217eded50ee57a9dc4cf0c883f80","name":"EurecatEG","image":{"@type":"ImageObject","inLanguage":"en-US","@id":"https:\/\/secure.gravatar.com\/avatar\/f40dd9b6ecd3e5c591f3c9b033e495ee0ec9877ba77249fbf268b3889350c824?s=96&d=mm&r=g","url":"https:\/\/secure.gravatar.com\/avatar\/f40dd9b6ecd3e5c591f3c9b033e495ee0ec9877ba77249fbf268b3889350c824?s=96&d=mm&r=g","contentUrl":"https:\/\/secure.gravatar.com\/avatar\/f40dd9b6ecd3e5c591f3c9b033e495ee0ec9877ba77249fbf268b3889350c824?s=96&d=mm&r=g","caption":"EurecatEG"}}]}},"_links":{"self":[{"href":"https:\/\/eurecat.org\/en\/wp-json\/wp\/v2\/posts\/127346","targetHints":{"allow":["GET"]}}],"collection":[{"href":"https:\/\/eurecat.org\/en\/wp-json\/wp\/v2\/posts"}],"about":[{"href":"https:\/\/eurecat.org\/en\/wp-json\/wp\/v2\/types\/post"}],"author":[{"embeddable":true,"href":"https:\/\/eurecat.org\/en\/wp-json\/wp\/v2\/users\/12"}],"replies":[{"embeddable":true,"href":"https:\/\/eurecat.org\/en\/wp-json\/wp\/v2\/comments?post=127346"}],"version-history":[{"count":1,"href":"https:\/\/eurecat.org\/en\/wp-json\/wp\/v2\/posts\/127346\/revisions"}],"predecessor-version":[{"id":127348,"href":"https:\/\/eurecat.org\/en\/wp-json\/wp\/v2\/posts\/127346\/revisions\/127348"}],"wp:featuredmedia":[{"embeddable":true,"href":"https:\/\/eurecat.org\/en\/wp-json\/wp\/v2\/media\/121363"}],"wp:attachment":[{"href":"https:\/\/eurecat.org\/en\/wp-json\/wp\/v2\/media?parent=127346"}],"wp:term":[{"taxonomy":"category","embeddable":true,"href":"https:\/\/eurecat.org\/en\/wp-json\/wp\/v2\/categories?post=127346"},{"taxonomy":"post_tag","embeddable":true,"href":"https:\/\/eurecat.org\/en\/wp-json\/wp\/v2\/tags?post=127346"}],"curies":[{"name":"wp","href":"https:\/\/api.w.org\/{rel}","templated":true}]}}