{"id":10045,"date":"2016-05-25T07:37:06","date_gmt":"2016-05-25T07:37:06","guid":{"rendered":"http:\/\/eurecat.org\/es\/?p=10045"},"modified":"2016-10-23T16:53:47","modified_gmt":"2016-10-23T16:53:47","slug":"eurecat-y-el-icn2-aceleran-la-transferencia-de-la-investigacion-en-nanotecnologia-a-la-industria-2","status":"publish","type":"post","link":"https:\/\/eurecat.org\/es\/eurecat-y-el-icn2-aceleran-la-transferencia-de-la-investigacion-en-nanotecnologia-a-la-industria-2\/","title":{"rendered":"Eurecat y el ICN2 aceleran la transferencia de la investigaci\u00f3n en nanotecnolog\u00eda a la industria"},"content":{"rendered":"<blockquote><p>La cooperaci\u00f3n entre Eurecat y el ICN2 busca que la investigaci\u00f3n en nanociencia y nanotecnolog\u00eda se traduzca en una realidad industrial.<\/p><\/blockquote>\n<p><strong><u>Barcelona, 23 mayo de 2016.-<\/u> <\/strong>El centro tecnol\u00f3gico Eurecat y el<strong><span style=\"color: #800080;\"> I<\/span><span style=\"color: #800080;\"><a style=\"color: #800080;\" href=\"http:\/\/icn2.cat\/en\/\">nstituto Catal\u00e1n de Nanociencia y Nanotecnolog\u00eda<\/a><\/span><\/strong> (ICN2) colaborar\u00e1n en la aceleraci\u00f3n de la transferencia hacia la industria de la investigaci\u00f3n a escala nanom\u00e9trica, mediante el desarrollo de procesos y materiales de futuro que ofrecen nuevas prestaciones con impacto en el mercado, como el grafeno.<\/p>\n<p>El acuerdo, que ha sido firmado por el director general Corporativo y de Operaciones de Eurecat, Xavier L\u00f3pez, y por el profesor Pablo Ordej\u00f3n, director del ICN2, tiene la finalidad de orientar hacia la industria la investigaci\u00f3n que se lleva a cabo en la nanociencia y la nanotecnolog\u00eda, mediante productos con nuevas prestaciones y que puedan ser producidos a gran escala.<\/p>\n<blockquote><p>El acuerdo prev\u00e9 el desarrollo de materiales de futuro, como el grafeno, para impulsar nuevas prestaciones con impacto en el mercado.<\/p><\/blockquote>\n<p>El convenio cubrir\u00e1 tem\u00e1ticas identificadas en los objetivos estrat\u00e9gicos y los pilares de la <strong><span style=\"color: #800080;\"><a style=\"color: #800080;\" href=\"http:\/\/catalunya2020.gencat.cat\/ca\/ris3cat\/\">Investigaci\u00f3n y la Innovaci\u00f3n Estrategia para la Especializaci\u00f3n Inteligente de Catalu\u00f1a <\/a><\/span><\/strong>(RIS3CAT). Esta iniciativa da prioridad a los sectores de la alimentaci\u00f3n, la energ\u00eda y recursos, los sistemas industriales, la movilidad sostenible y la salud, as\u00ed como actividades emergentes en los campos de la nanotecnolog\u00eda, los materiales avanzados, la biotecnolog\u00eda y la manufactura avanzada .<\/p>\n<p>Estas especialidades tienen sinergias con diversas \u00e1reas de tecnolog\u00eda industrial de Eurecat, que van desde los nuevos procesos de fabricaci\u00f3n flexibles, el desarrollo de productos inteligentes y wearables, as\u00ed como con la investigaci\u00f3n que el centro tecnol\u00f3gico lleva a cabo en el campo del pl\u00e1stico, el metal, la cer\u00e1mica y los materiales compuestos. Tambi\u00e9n engloban especialidades de Eurecat vinculadas a la impresi\u00f3n electr\u00f3nica, productos y procesos de sostenibilidad y alimentaci\u00f3n y salud.<\/p>\n<blockquote><p>La nanotecnolog\u00eda tiene potencial para crear nuevos dispositivos con amplias aplicaciones en campos que van desde la medicina y la electr\u00f3nica hasta biomateriales y la producci\u00f3n de energ\u00eda.<\/p><\/blockquote>\n<p>Los avances cient\u00edficos impulsados desde el ICN2 ya se han traducido en transferencia de conocimiento hacia empresas de diferentes sectores y han propiciado la creaci\u00f3n de varias empresas spin-off. En la actualidad, los cient\u00edficos est\u00e1n debatiendo el futuro de las implicaciones de la nanotecnolog\u00eda, si bien puede ser capaz de crear nuevos materiales y dispositivos con un amplio alcance de aplicaciones en campos que van desde la medicina y la electr\u00f3nica hasta los biomateriales y la producci\u00f3n de energ\u00eda.<\/p>\n<p>&nbsp;<\/p>\n<p><strong>Sobre ICN2<\/strong><\/p>\n<p>El Instituto Catal\u00e1n de Nanociencia y Nanotecnolog\u00eda (ICN2) es un centro de investigaci\u00f3n de reconocido prestigio. Sus l\u00edneas de investigaci\u00f3n se centran en las propiedades f\u00edsicas y qu\u00edmicas recientemente descubiertas que surgen del fascinante comportamiento de la materia a nanoescala. Desde el a\u00f1o 2014 est\u00e1 reconocido como <span style=\"color: #800080;\"><strong><a style=\"color: #800080;\" href=\"http:\/\/www.idi.mineco.gob.es\/portal\/site\/MICINN\/menuitem.7eeac5cd345b4f34f09dfd1001432ea0\/?vgnextoid=cba733a6368c2310VgnVCM1000001d04140aRCRD\">Centro de Excelencia Severo Ochoa<\/a><\/strong><\/span> y es miembro del <strong><span style=\"color: #800080;\"><a style=\"color: #800080;\" href=\"http:\/\/bist.eu\/\">Barcelona Institute of Science and Technology<\/a><\/span><\/strong> (BIST). La Misi\u00f3n del ICN2 es alcanzar la excelencia cient\u00edfica y tecnol\u00f3gica en nanociencia y nanotecnolog\u00eda, y facilitar la adopci\u00f3n e integraci\u00f3n de nanotecnolog\u00edas en la sociedad y en la industria. Los patrones del ICN2 son la <strong><span style=\"color: #800080;\"><a style=\"color: #800080;\" href=\"http:\/\/web.gencat.cat\/ca\/inici\/\">Generalitat de Catalunya<\/a><\/span><\/strong>, el <strong><span style=\"color: #800080;\"><a style=\"color: #800080;\" href=\"http:\/\/www.csic.es\/\">Consejo Superior de Investigaciones Cient\u00edficas<\/a><\/span><\/strong> (CSIC) y la <strong><span style=\"color: #800080;\"><a style=\"color: #800080;\" href=\"http:\/\/www.uab.cat\/\">Universidad Aut\u00f3noma de Barcelona<\/a><\/span><\/strong> (UAB). M\u00e1s informaci\u00f3n en <a href=\"http:\/\/www.icn2.cat\">www.icn2.cat<\/a><\/p>\n<p><strong><img decoding=\"async\" class=\"aligncenter size-full wp-image-10055\" src=\"https:\/\/eurecat.org\/wp-content\/uploads\/2016\/05\/logo-icn2.png\" alt=\"logo-icn2\" width=\"224\" height=\"82\" srcset=\"https:\/\/eurecat.org\/wp-content\/uploads\/2016\/05\/logo-icn2-120x44.png 120w, https:\/\/eurecat.org\/wp-content\/uploads\/2016\/05\/logo-icn2-220x82.png 220w, https:\/\/eurecat.org\/wp-content\/uploads\/2016\/05\/logo-icn2.png 224w\" sizes=\"(max-width: 224px) 100vw, 224px\" \/>\u00a0<\/strong><\/p>\n<p><strong>Sobre Eurecat<\/strong><\/p>\n<p>Eurecat, Centro Tecnol\u00f3gico de Catalu\u00f1a (miembro de TECNIO), aglutina la experiencia de m\u00e1s de <strong>450 profesionales<\/strong> que generan un volumen de ingresos de <strong>36 millones de euros anuales<\/strong> y presta servicio a m\u00e1s de <strong>1.000 empresas<\/strong>. Con instalaciones en Barcelona, Canet de Mar, Cerdanyola del Vall\u00e8s, Girona, Lleida, Manresa, Matar\u00f3 y Reus y con una sede en Brasil, participa a <strong>160 grandes proyectos consorciados de I+D+i<\/strong> nacionales e internacionales de alto valor estrat\u00e9gico y cuenta con <strong>73 patentes<\/strong> y <strong>7 spin-off<\/strong>. El valor a\u00f1adido que proporciona Eurecat <strong>acelera la innovaci\u00f3n<\/strong>, <strong>elimina el gasto en infraestructuras<\/strong> cient\u00edficas y tecnol\u00f3gicas, <strong>reduce los riesgos <\/strong>y proporciona <strong>conocimiento especializado <\/strong>a medida de cada empresa. <strong>M\u00e1s informaci\u00f3n en <\/strong><a href=\"http:\/\/www.eurecat.org\"><strong>www.eurecat.org<\/strong><\/a><\/p>\n<p><strong>\u00a0<\/strong><\/p>\n<p><strong>\u00a0<\/strong><strong><em>M\u00e1s informaci\u00f3n:<\/em><\/strong><\/p>\n<p><strong>Montse Mascar\u00f3<br \/>\nPrensa | Direcci\u00f3n de Comunicaci\u00f3n Corporativa <\/strong><strong>Eurecat<\/strong><\/p>\n<p><strong>Tel. (+34) 932 381 400 | M\u00f3vil: (+34) 630 425 169<br \/>\nC\/e: premsa@eurecat.org | <\/strong><a href=\"http:\/\/www.eurecat.org\">www.eurecat.org<\/a><\/p>\n<p><strong>\u00a0<\/strong><\/p>\n","protected":false},"excerpt":{"rendered":"<p>La cooperaci\u00f3n entre Eurecat y el ICN2 busca que la investigaci\u00f3n en nanociencia y nanotecnolog\u00eda se traduzca en una realidad industrial. Barcelona, 23 mayo de 2016.- El centro tecnol\u00f3gico Eurecat y el Instituto Catal\u00e1n de Nanociencia y Nanotecnolog\u00eda (ICN2) colaborar\u00e1n en la aceleraci\u00f3n de la transferencia hacia la industria de la investigaci\u00f3n a escala nanom\u00e9trica,  [&#8230;]<\/p>\n","protected":false},"author":12,"featured_media":10043,"comment_status":"open","ping_status":"closed","sticky":false,"template":"","format":"standard","meta":{"footnotes":""},"categories":[393,134,406],"tags":[856,856,315,318,316,169],"class_list":{"0":"post-10045","1":"post","2":"type-post","3":"status-publish","4":"format-standard","5":"has-post-thumbnail","6":"hentry","7":"category-ciencias-omicas","8":"category-notas-de-prensa","9":"category-nuevos-procesos-fabricacion","10":"tag-eurecat-es","12":"tag-icn2","13":"tag-investigacion","14":"tag-nanociencia","15":"tag-nanotecnologia"},"yoast_head":"<!-- This site is optimized with the Yoast SEO plugin v27.4 - https:\/\/yoast.com\/product\/yoast-seo-wordpress\/ -->\n<title>Eurecat y ICN2 nanociencia y nanotecnolog\u00eda realidad industrial<\/title>\n<meta name=\"description\" content=\"Eurecat y Institut Catal\u00e0 de Nanoci\u00e8ncia i Nanotecnologia (ICN2) colaborar\u00e1n aceleraci\u00f3n transferencia hacia la industria de investigaci\u00f3nescala nanom\u00e8trica\" \/>\n<meta name=\"robots\" content=\"index, follow, max-snippet:-1, max-image-preview:large, max-video-preview:-1\" \/>\n<link rel=\"canonical\" href=\"https:\/\/eurecat.org\/es\/eurecat-y-el-icn2-aceleran-la-transferencia-de-la-investigacion-en-nanotecnologia-a-la-industria-2\/\" \/>\n<meta property=\"og:locale\" content=\"es_ES\" \/>\n<meta property=\"og:type\" content=\"article\" \/>\n<meta property=\"og:title\" content=\"Eurecat y ICN2 nanociencia y nanotecnolog\u00eda realidad industrial\" \/>\n<meta property=\"og:description\" content=\"Eurecat y Institut Catal\u00e0 de Nanoci\u00e8ncia i Nanotecnologia (ICN2) colaborar\u00e1n aceleraci\u00f3n transferencia hacia la industria de investigaci\u00f3nescala nanom\u00e8trica\" \/>\n<meta property=\"og:url\" content=\"https:\/\/eurecat.org\/es\/eurecat-y-el-icn2-aceleran-la-transferencia-de-la-investigacion-en-nanotecnologia-a-la-industria-2\/\" \/>\n<meta property=\"og:site_name\" content=\"Eurecat\" \/>\n<meta property=\"article:published_time\" content=\"2016-05-25T07:37:06+00:00\" \/>\n<meta property=\"article:modified_time\" content=\"2016-10-23T16:53:47+00:00\" \/>\n<meta property=\"og:image\" content=\"https:\/\/eurecat.org\/wp-content\/uploads\/2016\/05\/ICT2fondo.jpg\" \/>\n\t<meta property=\"og:image:width\" content=\"802\" \/>\n\t<meta property=\"og:image:height\" content=\"451\" \/>\n\t<meta property=\"og:image:type\" content=\"image\/jpeg\" \/>\n<meta name=\"author\" content=\"EurecatEG\" \/>\n<meta name=\"twitter:card\" content=\"summary_large_image\" \/>\n<meta name=\"twitter:label1\" content=\"Escrito por\" \/>\n\t<meta name=\"twitter:data1\" content=\"EurecatEG\" \/>\n\t<meta name=\"twitter:label2\" content=\"Tiempo de lectura\" \/>\n\t<meta name=\"twitter:data2\" content=\"4 minutos\" \/>\n<script type=\"application\/ld+json\" class=\"yoast-schema-graph\">{\"@context\":\"https:\\\/\\\/schema.org\",\"@graph\":[{\"@type\":\"Article\",\"@id\":\"https:\\\/\\\/eurecat.org\\\/es\\\/eurecat-y-el-icn2-aceleran-la-transferencia-de-la-investigacion-en-nanotecnologia-a-la-industria-2\\\/#article\",\"isPartOf\":{\"@id\":\"https:\\\/\\\/eurecat.org\\\/es\\\/eurecat-y-el-icn2-aceleran-la-transferencia-de-la-investigacion-en-nanotecnologia-a-la-industria-2\\\/\"},\"author\":{\"name\":\"EurecatEG\",\"@id\":\"https:\\\/\\\/eurecat.org\\\/es\\\/#\\\/schema\\\/person\\\/def9217eded50ee57a9dc4cf0c883f80\"},\"headline\":\"Eurecat y el ICN2 aceleran la transferencia de la investigaci\u00f3n en nanotecnolog\u00eda a la industria\",\"datePublished\":\"2016-05-25T07:37:06+00:00\",\"dateModified\":\"2016-10-23T16:53:47+00:00\",\"mainEntityOfPage\":{\"@id\":\"https:\\\/\\\/eurecat.org\\\/es\\\/eurecat-y-el-icn2-aceleran-la-transferencia-de-la-investigacion-en-nanotecnologia-a-la-industria-2\\\/\"},\"wordCount\":763,\"commentCount\":0,\"image\":{\"@id\":\"https:\\\/\\\/eurecat.org\\\/es\\\/eurecat-y-el-icn2-aceleran-la-transferencia-de-la-investigacion-en-nanotecnologia-a-la-industria-2\\\/#primaryimage\"},\"thumbnailUrl\":\"https:\\\/\\\/eurecat.org\\\/wp-content\\\/uploads\\\/2016\\\/05\\\/ICT2fondo.jpg\",\"keywords\":[\"eurecat\",\"eurecat\",\"ICN2\",\"investigaci\u00f3n\",\"nanoci\u00e8ncia\",\"nanotecnolog\u00eda\"],\"articleSection\":[\"Ciencias \u00d3micas\",\"Notas de prensa\",\"Nuevos procesos de fabricaci\u00f3n\"],\"inLanguage\":\"es\",\"potentialAction\":[{\"@type\":\"CommentAction\",\"name\":\"Comment\",\"target\":[\"https:\\\/\\\/eurecat.org\\\/es\\\/eurecat-y-el-icn2-aceleran-la-transferencia-de-la-investigacion-en-nanotecnologia-a-la-industria-2\\\/#respond\"]}]},{\"@type\":\"WebPage\",\"@id\":\"https:\\\/\\\/eurecat.org\\\/es\\\/eurecat-y-el-icn2-aceleran-la-transferencia-de-la-investigacion-en-nanotecnologia-a-la-industria-2\\\/\",\"url\":\"https:\\\/\\\/eurecat.org\\\/es\\\/eurecat-y-el-icn2-aceleran-la-transferencia-de-la-investigacion-en-nanotecnologia-a-la-industria-2\\\/\",\"name\":\"Eurecat y ICN2 nanociencia y nanotecnolog\u00eda realidad industrial\",\"isPartOf\":{\"@id\":\"https:\\\/\\\/eurecat.org\\\/es\\\/#website\"},\"primaryImageOfPage\":{\"@id\":\"https:\\\/\\\/eurecat.org\\\/es\\\/eurecat-y-el-icn2-aceleran-la-transferencia-de-la-investigacion-en-nanotecnologia-a-la-industria-2\\\/#primaryimage\"},\"image\":{\"@id\":\"https:\\\/\\\/eurecat.org\\\/es\\\/eurecat-y-el-icn2-aceleran-la-transferencia-de-la-investigacion-en-nanotecnologia-a-la-industria-2\\\/#primaryimage\"},\"thumbnailUrl\":\"https:\\\/\\\/eurecat.org\\\/wp-content\\\/uploads\\\/2016\\\/05\\\/ICT2fondo.jpg\",\"datePublished\":\"2016-05-25T07:37:06+00:00\",\"dateModified\":\"2016-10-23T16:53:47+00:00\",\"author\":{\"@id\":\"https:\\\/\\\/eurecat.org\\\/es\\\/#\\\/schema\\\/person\\\/def9217eded50ee57a9dc4cf0c883f80\"},\"description\":\"Eurecat y Institut Catal\u00e0 de Nanoci\u00e8ncia i Nanotecnologia (ICN2) colaborar\u00e1n aceleraci\u00f3n transferencia hacia la industria de investigaci\u00f3nescala nanom\u00e8trica\",\"breadcrumb\":{\"@id\":\"https:\\\/\\\/eurecat.org\\\/es\\\/eurecat-y-el-icn2-aceleran-la-transferencia-de-la-investigacion-en-nanotecnologia-a-la-industria-2\\\/#breadcrumb\"},\"inLanguage\":\"es\",\"potentialAction\":[{\"@type\":\"ReadAction\",\"target\":[\"https:\\\/\\\/eurecat.org\\\/es\\\/eurecat-y-el-icn2-aceleran-la-transferencia-de-la-investigacion-en-nanotecnologia-a-la-industria-2\\\/\"]}]},{\"@type\":\"ImageObject\",\"inLanguage\":\"es\",\"@id\":\"https:\\\/\\\/eurecat.org\\\/es\\\/eurecat-y-el-icn2-aceleran-la-transferencia-de-la-investigacion-en-nanotecnologia-a-la-industria-2\\\/#primaryimage\",\"url\":\"https:\\\/\\\/eurecat.org\\\/wp-content\\\/uploads\\\/2016\\\/05\\\/ICT2fondo.jpg\",\"contentUrl\":\"https:\\\/\\\/eurecat.org\\\/wp-content\\\/uploads\\\/2016\\\/05\\\/ICT2fondo.jpg\",\"width\":802,\"height\":451},{\"@type\":\"BreadcrumbList\",\"@id\":\"https:\\\/\\\/eurecat.org\\\/es\\\/eurecat-y-el-icn2-aceleran-la-transferencia-de-la-investigacion-en-nanotecnologia-a-la-industria-2\\\/#breadcrumb\",\"itemListElement\":[{\"@type\":\"ListItem\",\"position\":1,\"name\":\"Inici\",\"item\":\"https:\\\/\\\/eurecat.org\\\/es\\\/\"},{\"@type\":\"ListItem\",\"position\":2,\"name\":\"Eurecat y el ICN2 aceleran la transferencia de la investigaci\u00f3n en nanotecnolog\u00eda a la industria\"}]},{\"@type\":\"WebSite\",\"@id\":\"https:\\\/\\\/eurecat.org\\\/es\\\/#website\",\"url\":\"https:\\\/\\\/eurecat.org\\\/es\\\/\",\"name\":\"Eurecat\",\"description\":\"Otro sitio realizado con WordPress\",\"potentialAction\":[{\"@type\":\"SearchAction\",\"target\":{\"@type\":\"EntryPoint\",\"urlTemplate\":\"https:\\\/\\\/eurecat.org\\\/es\\\/?s={search_term_string}\"},\"query-input\":{\"@type\":\"PropertyValueSpecification\",\"valueRequired\":true,\"valueName\":\"search_term_string\"}}],\"inLanguage\":\"es\"},{\"@type\":\"Person\",\"@id\":\"https:\\\/\\\/eurecat.org\\\/es\\\/#\\\/schema\\\/person\\\/def9217eded50ee57a9dc4cf0c883f80\",\"name\":\"EurecatEG\",\"image\":{\"@type\":\"ImageObject\",\"inLanguage\":\"es\",\"@id\":\"https:\\\/\\\/secure.gravatar.com\\\/avatar\\\/f40dd9b6ecd3e5c591f3c9b033e495ee0ec9877ba77249fbf268b3889350c824?s=96&d=mm&r=g\",\"url\":\"https:\\\/\\\/secure.gravatar.com\\\/avatar\\\/f40dd9b6ecd3e5c591f3c9b033e495ee0ec9877ba77249fbf268b3889350c824?s=96&d=mm&r=g\",\"contentUrl\":\"https:\\\/\\\/secure.gravatar.com\\\/avatar\\\/f40dd9b6ecd3e5c591f3c9b033e495ee0ec9877ba77249fbf268b3889350c824?s=96&d=mm&r=g\",\"caption\":\"EurecatEG\"}}]}<\/script>\n<!-- \/ Yoast SEO plugin. -->","yoast_head_json":{"title":"Eurecat y ICN2 nanociencia y nanotecnolog\u00eda realidad industrial","description":"Eurecat y Institut Catal\u00e0 de Nanoci\u00e8ncia i Nanotecnologia (ICN2) colaborar\u00e1n aceleraci\u00f3n transferencia hacia la industria de investigaci\u00f3nescala nanom\u00e8trica","robots":{"index":"index","follow":"follow","max-snippet":"max-snippet:-1","max-image-preview":"max-image-preview:large","max-video-preview":"max-video-preview:-1"},"canonical":"https:\/\/eurecat.org\/es\/eurecat-y-el-icn2-aceleran-la-transferencia-de-la-investigacion-en-nanotecnologia-a-la-industria-2\/","og_locale":"es_ES","og_type":"article","og_title":"Eurecat y ICN2 nanociencia y nanotecnolog\u00eda realidad industrial","og_description":"Eurecat y Institut Catal\u00e0 de Nanoci\u00e8ncia i Nanotecnologia (ICN2) colaborar\u00e1n aceleraci\u00f3n transferencia hacia la industria de investigaci\u00f3nescala nanom\u00e8trica","og_url":"https:\/\/eurecat.org\/es\/eurecat-y-el-icn2-aceleran-la-transferencia-de-la-investigacion-en-nanotecnologia-a-la-industria-2\/","og_site_name":"Eurecat","article_published_time":"2016-05-25T07:37:06+00:00","article_modified_time":"2016-10-23T16:53:47+00:00","og_image":[{"width":802,"height":451,"url":"https:\/\/eurecat.org\/wp-content\/uploads\/2016\/05\/ICT2fondo.jpg","type":"image\/jpeg"}],"author":"EurecatEG","twitter_card":"summary_large_image","twitter_misc":{"Escrito por":"EurecatEG","Tiempo de lectura":"4 minutos"},"schema":{"@context":"https:\/\/schema.org","@graph":[{"@type":"Article","@id":"https:\/\/eurecat.org\/es\/eurecat-y-el-icn2-aceleran-la-transferencia-de-la-investigacion-en-nanotecnologia-a-la-industria-2\/#article","isPartOf":{"@id":"https:\/\/eurecat.org\/es\/eurecat-y-el-icn2-aceleran-la-transferencia-de-la-investigacion-en-nanotecnologia-a-la-industria-2\/"},"author":{"name":"EurecatEG","@id":"https:\/\/eurecat.org\/es\/#\/schema\/person\/def9217eded50ee57a9dc4cf0c883f80"},"headline":"Eurecat y el ICN2 aceleran la transferencia de la investigaci\u00f3n en nanotecnolog\u00eda a la industria","datePublished":"2016-05-25T07:37:06+00:00","dateModified":"2016-10-23T16:53:47+00:00","mainEntityOfPage":{"@id":"https:\/\/eurecat.org\/es\/eurecat-y-el-icn2-aceleran-la-transferencia-de-la-investigacion-en-nanotecnologia-a-la-industria-2\/"},"wordCount":763,"commentCount":0,"image":{"@id":"https:\/\/eurecat.org\/es\/eurecat-y-el-icn2-aceleran-la-transferencia-de-la-investigacion-en-nanotecnologia-a-la-industria-2\/#primaryimage"},"thumbnailUrl":"https:\/\/eurecat.org\/wp-content\/uploads\/2016\/05\/ICT2fondo.jpg","keywords":["eurecat","eurecat","ICN2","investigaci\u00f3n","nanoci\u00e8ncia","nanotecnolog\u00eda"],"articleSection":["Ciencias \u00d3micas","Notas de prensa","Nuevos procesos de fabricaci\u00f3n"],"inLanguage":"es","potentialAction":[{"@type":"CommentAction","name":"Comment","target":["https:\/\/eurecat.org\/es\/eurecat-y-el-icn2-aceleran-la-transferencia-de-la-investigacion-en-nanotecnologia-a-la-industria-2\/#respond"]}]},{"@type":"WebPage","@id":"https:\/\/eurecat.org\/es\/eurecat-y-el-icn2-aceleran-la-transferencia-de-la-investigacion-en-nanotecnologia-a-la-industria-2\/","url":"https:\/\/eurecat.org\/es\/eurecat-y-el-icn2-aceleran-la-transferencia-de-la-investigacion-en-nanotecnologia-a-la-industria-2\/","name":"Eurecat y ICN2 nanociencia y nanotecnolog\u00eda realidad industrial","isPartOf":{"@id":"https:\/\/eurecat.org\/es\/#website"},"primaryImageOfPage":{"@id":"https:\/\/eurecat.org\/es\/eurecat-y-el-icn2-aceleran-la-transferencia-de-la-investigacion-en-nanotecnologia-a-la-industria-2\/#primaryimage"},"image":{"@id":"https:\/\/eurecat.org\/es\/eurecat-y-el-icn2-aceleran-la-transferencia-de-la-investigacion-en-nanotecnologia-a-la-industria-2\/#primaryimage"},"thumbnailUrl":"https:\/\/eurecat.org\/wp-content\/uploads\/2016\/05\/ICT2fondo.jpg","datePublished":"2016-05-25T07:37:06+00:00","dateModified":"2016-10-23T16:53:47+00:00","author":{"@id":"https:\/\/eurecat.org\/es\/#\/schema\/person\/def9217eded50ee57a9dc4cf0c883f80"},"description":"Eurecat y Institut Catal\u00e0 de Nanoci\u00e8ncia i Nanotecnologia (ICN2) colaborar\u00e1n aceleraci\u00f3n transferencia hacia la industria de investigaci\u00f3nescala nanom\u00e8trica","breadcrumb":{"@id":"https:\/\/eurecat.org\/es\/eurecat-y-el-icn2-aceleran-la-transferencia-de-la-investigacion-en-nanotecnologia-a-la-industria-2\/#breadcrumb"},"inLanguage":"es","potentialAction":[{"@type":"ReadAction","target":["https:\/\/eurecat.org\/es\/eurecat-y-el-icn2-aceleran-la-transferencia-de-la-investigacion-en-nanotecnologia-a-la-industria-2\/"]}]},{"@type":"ImageObject","inLanguage":"es","@id":"https:\/\/eurecat.org\/es\/eurecat-y-el-icn2-aceleran-la-transferencia-de-la-investigacion-en-nanotecnologia-a-la-industria-2\/#primaryimage","url":"https:\/\/eurecat.org\/wp-content\/uploads\/2016\/05\/ICT2fondo.jpg","contentUrl":"https:\/\/eurecat.org\/wp-content\/uploads\/2016\/05\/ICT2fondo.jpg","width":802,"height":451},{"@type":"BreadcrumbList","@id":"https:\/\/eurecat.org\/es\/eurecat-y-el-icn2-aceleran-la-transferencia-de-la-investigacion-en-nanotecnologia-a-la-industria-2\/#breadcrumb","itemListElement":[{"@type":"ListItem","position":1,"name":"Inici","item":"https:\/\/eurecat.org\/es\/"},{"@type":"ListItem","position":2,"name":"Eurecat y el ICN2 aceleran la transferencia de la investigaci\u00f3n en nanotecnolog\u00eda a la industria"}]},{"@type":"WebSite","@id":"https:\/\/eurecat.org\/es\/#website","url":"https:\/\/eurecat.org\/es\/","name":"Eurecat","description":"Otro sitio realizado con WordPress","potentialAction":[{"@type":"SearchAction","target":{"@type":"EntryPoint","urlTemplate":"https:\/\/eurecat.org\/es\/?s={search_term_string}"},"query-input":{"@type":"PropertyValueSpecification","valueRequired":true,"valueName":"search_term_string"}}],"inLanguage":"es"},{"@type":"Person","@id":"https:\/\/eurecat.org\/es\/#\/schema\/person\/def9217eded50ee57a9dc4cf0c883f80","name":"EurecatEG","image":{"@type":"ImageObject","inLanguage":"es","@id":"https:\/\/secure.gravatar.com\/avatar\/f40dd9b6ecd3e5c591f3c9b033e495ee0ec9877ba77249fbf268b3889350c824?s=96&d=mm&r=g","url":"https:\/\/secure.gravatar.com\/avatar\/f40dd9b6ecd3e5c591f3c9b033e495ee0ec9877ba77249fbf268b3889350c824?s=96&d=mm&r=g","contentUrl":"https:\/\/secure.gravatar.com\/avatar\/f40dd9b6ecd3e5c591f3c9b033e495ee0ec9877ba77249fbf268b3889350c824?s=96&d=mm&r=g","caption":"EurecatEG"}}]}},"_links":{"self":[{"href":"https:\/\/eurecat.org\/es\/wp-json\/wp\/v2\/posts\/10045","targetHints":{"allow":["GET"]}}],"collection":[{"href":"https:\/\/eurecat.org\/es\/wp-json\/wp\/v2\/posts"}],"about":[{"href":"https:\/\/eurecat.org\/es\/wp-json\/wp\/v2\/types\/post"}],"author":[{"embeddable":true,"href":"https:\/\/eurecat.org\/es\/wp-json\/wp\/v2\/users\/12"}],"replies":[{"embeddable":true,"href":"https:\/\/eurecat.org\/es\/wp-json\/wp\/v2\/comments?post=10045"}],"version-history":[{"count":0,"href":"https:\/\/eurecat.org\/es\/wp-json\/wp\/v2\/posts\/10045\/revisions"}],"wp:featuredmedia":[{"embeddable":true,"href":"https:\/\/eurecat.org\/es\/wp-json\/wp\/v2\/media\/10043"}],"wp:attachment":[{"href":"https:\/\/eurecat.org\/es\/wp-json\/wp\/v2\/media?parent=10045"}],"wp:term":[{"taxonomy":"category","embeddable":true,"href":"https:\/\/eurecat.org\/es\/wp-json\/wp\/v2\/categories?post=10045"},{"taxonomy":"post_tag","embeddable":true,"href":"https:\/\/eurecat.org\/es\/wp-json\/wp\/v2\/tags?post=10045"}],"curies":[{"name":"wp","href":"https:\/\/api.w.org\/{rel}","templated":true}]}}