{"id":101595,"date":"2020-05-27T11:18:20","date_gmt":"2020-05-27T11:18:20","guid":{"rendered":"https:\/\/eurecat.org\/?p=101595"},"modified":"2021-01-19T10:31:51","modified_gmt":"2021-01-19T10:31:51","slug":"abierta-convocatoria-presentar-soluciones-electronica-flexible-portatil-ayudar-mitigar-covid-19","status":"publish","type":"post","link":"https:\/\/eurecat.org\/es\/abierta-convocatoria-presentar-soluciones-electronica-flexible-portatil-ayudar-mitigar-covid-19\/","title":{"rendered":"Abierta una convocatoria para presentar soluciones con electr\u00f3nica flexible y port\u00e1til para ayudar a mitigar la COVID-19"},"content":{"rendered":"<p>El Hub de aceleraci\u00f3n tecnol\u00f3gica <strong><a href=\"https:\/\/smartees.eu\/smartees2-project\/\" target=\"_blank\" rel=\"noopener noreferrer\">SmartEEs2<\/a><\/strong>, en el que participa el centro tecnol\u00f3gico <strong><a href=\"http:\/\/eurecat.org\/es\/\" target=\"_blank\" rel=\"noopener noreferrer\">Eurecat<\/a><\/strong>, ha abierto una convocatoria para presentar proyectos que incorporen<strong> electr\u00f3nica flexible y port\u00e1til<\/strong> a sus productos y servicios, que priorizar\u00e1 dos propuestas que ayuden a reducir la propagaci\u00f3n de la <strong>COVID-19<\/strong>, as\u00ed como soluciones en el \u00e1mbito de la prevenci\u00f3n, el diagn\u00f3stico y la terapia, entre otros.<\/p>\n<p>Esta es la primera de las convocatorias organizadas en el marco de SmartEEs2, que contar\u00e1 con un total de cinco convocatorias entre el 2020 y 2021 dirigidas a empresas, pymes y startups de diferentes sectores como la automoci\u00f3n, la log\u00edstica, la salud, la energ\u00eda o el packaging.<\/p>\n<p>SmartEEs es el primer Digital Innovation Hub Europeu especializado en electr\u00f3nica impresa, flexible y wearables. SmartEEs2, Sustainable ecosysteM\u00a0for the\u00a0Adoption,\u00a0Ramp-up &amp;\u00a0Transfer of\u00a0Emerging\u00a0Electronic\u00a0Solutions, est\u00e1 formado por ocho centros tecnol\u00f3gicos, tres consultoras y tres clusters de nueve pa\u00edses de la Uni\u00f3n Europea, tiene por objetivo ayudar a las empresas y startups en la adopci\u00f3n e integraci\u00f3n de electr\u00f3nica flexible y port\u00e1til (FWE, por sus siglas en ingl\u00e9s) en sus productos y servicios, as\u00ed como ofrecer apoyo en la experimentaci\u00f3n de fabricaci\u00f3n de peque\u00f1as preseries.<\/p>\n<p><strong>Para m\u00e1s informaci\u00f3n sobre la convocatoria pod\u00e9is acceder al siguiente <a href=\"https:\/\/smartees.eu\/open-call-smartees2\/\" target=\"_blank\" rel=\"noopener noreferrer\">enlace<\/a> o contactar con el centro tecnol\u00f3gico Eurecat <a href=\"mailto:cristina.casellas@eurecat.org\" target=\"_blank\" rel=\"noopener noreferrer\">aqu\u00ed<\/a><\/strong><\/p>\n","protected":false},"excerpt":{"rendered":"<p>El Hub de aceleraci\u00f3n tecnol\u00f3gica SmartEEs2, en el que participa el centro tecnol\u00f3gico Eurecat, ha abierto una convocatoria para presentar proyectos que incorporen electr\u00f3nica flexible y port\u00e1til a sus productos y servicios, que priorizar\u00e1 dos propuestas que ayuden a reducir la propagaci\u00f3n de la COVID-19, as\u00ed como soluciones en el \u00e1mbito de la prevenci\u00f3n, el  [&#8230;]<\/p>\n","protected":false},"author":27,"featured_media":101593,"comment_status":"open","ping_status":"closed","sticky":false,"template":"","format":"standard","meta":{"footnotes":""},"categories":[399,134],"tags":[],"class_list":["post-101595","post","type-post","status-publish","format-standard","has-post-thumbnail","hentry","category-impresion-funcional","category-notas-de-prensa"],"yoast_head":"<!-- This site is optimized with the Yoast SEO plugin v27.4 - https:\/\/yoast.com\/product\/yoast-seo-wordpress\/ -->\n<title>Soluciones con electr\u00f3nica flexible y port\u00e1til para mitigar la COVID-19<\/title>\n<meta name=\"description\" content=\"SmartEEs2 ha abierto una convocatoria para presentar soluciones con electr\u00f3nica flexible y port\u00e1til para ayudar a mitigar la COVID-19\" \/>\n<meta name=\"robots\" content=\"index, follow, max-snippet:-1, max-image-preview:large, max-video-preview:-1\" \/>\n<link rel=\"canonical\" href=\"https:\/\/eurecat.org\/es\/abierta-convocatoria-presentar-soluciones-electronica-flexible-portatil-ayudar-mitigar-covid-19\/\" \/>\n<meta property=\"og:locale\" content=\"es_ES\" \/>\n<meta property=\"og:type\" content=\"article\" \/>\n<meta property=\"og:title\" content=\"Soluciones con electr\u00f3nica flexible y port\u00e1til para mitigar la COVID-19\" \/>\n<meta property=\"og:description\" content=\"SmartEEs2 ha abierto una convocatoria para presentar soluciones con electr\u00f3nica flexible y port\u00e1til para ayudar a mitigar la COVID-19\" \/>\n<meta property=\"og:url\" content=\"https:\/\/eurecat.org\/es\/abierta-convocatoria-presentar-soluciones-electronica-flexible-portatil-ayudar-mitigar-covid-19\/\" \/>\n<meta property=\"og:site_name\" content=\"Eurecat\" \/>\n<meta property=\"article:published_time\" content=\"2020-05-27T11:18:20+00:00\" \/>\n<meta property=\"article:modified_time\" content=\"2021-01-19T10:31:51+00:00\" \/>\n<meta property=\"og:image\" content=\"https:\/\/eurecat.org\/wp-content\/uploads\/2020\/05\/SMARTEES2_930x515px.jpg\" \/>\n\t<meta property=\"og:image:width\" content=\"930\" \/>\n\t<meta property=\"og:image:height\" content=\"515\" \/>\n\t<meta property=\"og:image:type\" content=\"image\/jpeg\" \/>\n<meta name=\"author\" content=\"eurecatNG\" \/>\n<meta name=\"twitter:card\" content=\"summary_large_image\" \/>\n<meta name=\"twitter:label1\" content=\"Escrito por\" \/>\n\t<meta name=\"twitter:data1\" content=\"eurecatNG\" \/>\n\t<meta name=\"twitter:label2\" content=\"Tiempo de lectura\" \/>\n\t<meta name=\"twitter:data2\" content=\"1 minuto\" \/>\n<script type=\"application\/ld+json\" class=\"yoast-schema-graph\">{\"@context\":\"https:\\\/\\\/schema.org\",\"@graph\":[{\"@type\":\"Article\",\"@id\":\"https:\\\/\\\/eurecat.org\\\/es\\\/abierta-convocatoria-presentar-soluciones-electronica-flexible-portatil-ayudar-mitigar-covid-19\\\/#article\",\"isPartOf\":{\"@id\":\"https:\\\/\\\/eurecat.org\\\/es\\\/abierta-convocatoria-presentar-soluciones-electronica-flexible-portatil-ayudar-mitigar-covid-19\\\/\"},\"author\":{\"name\":\"eurecatNG\",\"@id\":\"https:\\\/\\\/eurecat.org\\\/es\\\/#\\\/schema\\\/person\\\/8342992d6929ad043b305d3cac68b3f4\"},\"headline\":\"Abierta una convocatoria para presentar soluciones con electr\u00f3nica flexible y port\u00e1til para ayudar a mitigar la COVID-19\",\"datePublished\":\"2020-05-27T11:18:20+00:00\",\"dateModified\":\"2021-01-19T10:31:51+00:00\",\"mainEntityOfPage\":{\"@id\":\"https:\\\/\\\/eurecat.org\\\/es\\\/abierta-convocatoria-presentar-soluciones-electronica-flexible-portatil-ayudar-mitigar-covid-19\\\/\"},\"wordCount\":259,\"commentCount\":0,\"image\":{\"@id\":\"https:\\\/\\\/eurecat.org\\\/es\\\/abierta-convocatoria-presentar-soluciones-electronica-flexible-portatil-ayudar-mitigar-covid-19\\\/#primaryimage\"},\"thumbnailUrl\":\"https:\\\/\\\/eurecat.org\\\/wp-content\\\/uploads\\\/2020\\\/05\\\/SMARTEES2_930x515px.jpg\",\"articleSection\":[\"Impresi\u00f3n funcional\",\"Notas de prensa\"],\"inLanguage\":\"es\",\"potentialAction\":[{\"@type\":\"CommentAction\",\"name\":\"Comment\",\"target\":[\"https:\\\/\\\/eurecat.org\\\/es\\\/abierta-convocatoria-presentar-soluciones-electronica-flexible-portatil-ayudar-mitigar-covid-19\\\/#respond\"]}]},{\"@type\":\"WebPage\",\"@id\":\"https:\\\/\\\/eurecat.org\\\/es\\\/abierta-convocatoria-presentar-soluciones-electronica-flexible-portatil-ayudar-mitigar-covid-19\\\/\",\"url\":\"https:\\\/\\\/eurecat.org\\\/es\\\/abierta-convocatoria-presentar-soluciones-electronica-flexible-portatil-ayudar-mitigar-covid-19\\\/\",\"name\":\"Soluciones con electr\u00f3nica flexible y port\u00e1til para mitigar la COVID-19\",\"isPartOf\":{\"@id\":\"https:\\\/\\\/eurecat.org\\\/es\\\/#website\"},\"primaryImageOfPage\":{\"@id\":\"https:\\\/\\\/eurecat.org\\\/es\\\/abierta-convocatoria-presentar-soluciones-electronica-flexible-portatil-ayudar-mitigar-covid-19\\\/#primaryimage\"},\"image\":{\"@id\":\"https:\\\/\\\/eurecat.org\\\/es\\\/abierta-convocatoria-presentar-soluciones-electronica-flexible-portatil-ayudar-mitigar-covid-19\\\/#primaryimage\"},\"thumbnailUrl\":\"https:\\\/\\\/eurecat.org\\\/wp-content\\\/uploads\\\/2020\\\/05\\\/SMARTEES2_930x515px.jpg\",\"datePublished\":\"2020-05-27T11:18:20+00:00\",\"dateModified\":\"2021-01-19T10:31:51+00:00\",\"author\":{\"@id\":\"https:\\\/\\\/eurecat.org\\\/es\\\/#\\\/schema\\\/person\\\/8342992d6929ad043b305d3cac68b3f4\"},\"description\":\"SmartEEs2 ha abierto una convocatoria para presentar soluciones con electr\u00f3nica flexible y port\u00e1til para ayudar a mitigar la COVID-19\",\"breadcrumb\":{\"@id\":\"https:\\\/\\\/eurecat.org\\\/es\\\/abierta-convocatoria-presentar-soluciones-electronica-flexible-portatil-ayudar-mitigar-covid-19\\\/#breadcrumb\"},\"inLanguage\":\"es\",\"potentialAction\":[{\"@type\":\"ReadAction\",\"target\":[\"https:\\\/\\\/eurecat.org\\\/es\\\/abierta-convocatoria-presentar-soluciones-electronica-flexible-portatil-ayudar-mitigar-covid-19\\\/\"]}]},{\"@type\":\"ImageObject\",\"inLanguage\":\"es\",\"@id\":\"https:\\\/\\\/eurecat.org\\\/es\\\/abierta-convocatoria-presentar-soluciones-electronica-flexible-portatil-ayudar-mitigar-covid-19\\\/#primaryimage\",\"url\":\"https:\\\/\\\/eurecat.org\\\/wp-content\\\/uploads\\\/2020\\\/05\\\/SMARTEES2_930x515px.jpg\",\"contentUrl\":\"https:\\\/\\\/eurecat.org\\\/wp-content\\\/uploads\\\/2020\\\/05\\\/SMARTEES2_930x515px.jpg\",\"width\":930,\"height\":515,\"caption\":\"smartees2 covid eurecat\"},{\"@type\":\"BreadcrumbList\",\"@id\":\"https:\\\/\\\/eurecat.org\\\/es\\\/abierta-convocatoria-presentar-soluciones-electronica-flexible-portatil-ayudar-mitigar-covid-19\\\/#breadcrumb\",\"itemListElement\":[{\"@type\":\"ListItem\",\"position\":1,\"name\":\"Inici\",\"item\":\"https:\\\/\\\/eurecat.org\\\/es\\\/\"},{\"@type\":\"ListItem\",\"position\":2,\"name\":\"Abierta una convocatoria para presentar soluciones con electr\u00f3nica flexible y port\u00e1til para ayudar a mitigar la COVID-19\"}]},{\"@type\":\"WebSite\",\"@id\":\"https:\\\/\\\/eurecat.org\\\/es\\\/#website\",\"url\":\"https:\\\/\\\/eurecat.org\\\/es\\\/\",\"name\":\"Eurecat\",\"description\":\"Otro sitio realizado con WordPress\",\"potentialAction\":[{\"@type\":\"SearchAction\",\"target\":{\"@type\":\"EntryPoint\",\"urlTemplate\":\"https:\\\/\\\/eurecat.org\\\/es\\\/?s={search_term_string}\"},\"query-input\":{\"@type\":\"PropertyValueSpecification\",\"valueRequired\":true,\"valueName\":\"search_term_string\"}}],\"inLanguage\":\"es\"},{\"@type\":\"Person\",\"@id\":\"https:\\\/\\\/eurecat.org\\\/es\\\/#\\\/schema\\\/person\\\/8342992d6929ad043b305d3cac68b3f4\",\"name\":\"eurecatNG\",\"image\":{\"@type\":\"ImageObject\",\"inLanguage\":\"es\",\"@id\":\"https:\\\/\\\/secure.gravatar.com\\\/avatar\\\/63200cb70ae4f15a0f673050f36df149dba802bea7614e8f838aaccfcf8ea11d?s=96&d=mm&r=g\",\"url\":\"https:\\\/\\\/secure.gravatar.com\\\/avatar\\\/63200cb70ae4f15a0f673050f36df149dba802bea7614e8f838aaccfcf8ea11d?s=96&d=mm&r=g\",\"contentUrl\":\"https:\\\/\\\/secure.gravatar.com\\\/avatar\\\/63200cb70ae4f15a0f673050f36df149dba802bea7614e8f838aaccfcf8ea11d?s=96&d=mm&r=g\",\"caption\":\"eurecatNG\"}}]}<\/script>\n<!-- \/ Yoast SEO plugin. -->","yoast_head_json":{"title":"Soluciones con electr\u00f3nica flexible y port\u00e1til para mitigar la COVID-19","description":"SmartEEs2 ha abierto una convocatoria para presentar soluciones con electr\u00f3nica flexible y port\u00e1til para ayudar a mitigar la COVID-19","robots":{"index":"index","follow":"follow","max-snippet":"max-snippet:-1","max-image-preview":"max-image-preview:large","max-video-preview":"max-video-preview:-1"},"canonical":"https:\/\/eurecat.org\/es\/abierta-convocatoria-presentar-soluciones-electronica-flexible-portatil-ayudar-mitigar-covid-19\/","og_locale":"es_ES","og_type":"article","og_title":"Soluciones con electr\u00f3nica flexible y port\u00e1til para mitigar la COVID-19","og_description":"SmartEEs2 ha abierto una convocatoria para presentar soluciones con electr\u00f3nica flexible y port\u00e1til para ayudar a mitigar la COVID-19","og_url":"https:\/\/eurecat.org\/es\/abierta-convocatoria-presentar-soluciones-electronica-flexible-portatil-ayudar-mitigar-covid-19\/","og_site_name":"Eurecat","article_published_time":"2020-05-27T11:18:20+00:00","article_modified_time":"2021-01-19T10:31:51+00:00","og_image":[{"width":930,"height":515,"url":"https:\/\/eurecat.org\/wp-content\/uploads\/2020\/05\/SMARTEES2_930x515px.jpg","type":"image\/jpeg"}],"author":"eurecatNG","twitter_card":"summary_large_image","twitter_misc":{"Escrito por":"eurecatNG","Tiempo de lectura":"1 minuto"},"schema":{"@context":"https:\/\/schema.org","@graph":[{"@type":"Article","@id":"https:\/\/eurecat.org\/es\/abierta-convocatoria-presentar-soluciones-electronica-flexible-portatil-ayudar-mitigar-covid-19\/#article","isPartOf":{"@id":"https:\/\/eurecat.org\/es\/abierta-convocatoria-presentar-soluciones-electronica-flexible-portatil-ayudar-mitigar-covid-19\/"},"author":{"name":"eurecatNG","@id":"https:\/\/eurecat.org\/es\/#\/schema\/person\/8342992d6929ad043b305d3cac68b3f4"},"headline":"Abierta una convocatoria para presentar soluciones con electr\u00f3nica flexible y port\u00e1til para ayudar a mitigar la COVID-19","datePublished":"2020-05-27T11:18:20+00:00","dateModified":"2021-01-19T10:31:51+00:00","mainEntityOfPage":{"@id":"https:\/\/eurecat.org\/es\/abierta-convocatoria-presentar-soluciones-electronica-flexible-portatil-ayudar-mitigar-covid-19\/"},"wordCount":259,"commentCount":0,"image":{"@id":"https:\/\/eurecat.org\/es\/abierta-convocatoria-presentar-soluciones-electronica-flexible-portatil-ayudar-mitigar-covid-19\/#primaryimage"},"thumbnailUrl":"https:\/\/eurecat.org\/wp-content\/uploads\/2020\/05\/SMARTEES2_930x515px.jpg","articleSection":["Impresi\u00f3n funcional","Notas de prensa"],"inLanguage":"es","potentialAction":[{"@type":"CommentAction","name":"Comment","target":["https:\/\/eurecat.org\/es\/abierta-convocatoria-presentar-soluciones-electronica-flexible-portatil-ayudar-mitigar-covid-19\/#respond"]}]},{"@type":"WebPage","@id":"https:\/\/eurecat.org\/es\/abierta-convocatoria-presentar-soluciones-electronica-flexible-portatil-ayudar-mitigar-covid-19\/","url":"https:\/\/eurecat.org\/es\/abierta-convocatoria-presentar-soluciones-electronica-flexible-portatil-ayudar-mitigar-covid-19\/","name":"Soluciones con electr\u00f3nica flexible y port\u00e1til para mitigar la COVID-19","isPartOf":{"@id":"https:\/\/eurecat.org\/es\/#website"},"primaryImageOfPage":{"@id":"https:\/\/eurecat.org\/es\/abierta-convocatoria-presentar-soluciones-electronica-flexible-portatil-ayudar-mitigar-covid-19\/#primaryimage"},"image":{"@id":"https:\/\/eurecat.org\/es\/abierta-convocatoria-presentar-soluciones-electronica-flexible-portatil-ayudar-mitigar-covid-19\/#primaryimage"},"thumbnailUrl":"https:\/\/eurecat.org\/wp-content\/uploads\/2020\/05\/SMARTEES2_930x515px.jpg","datePublished":"2020-05-27T11:18:20+00:00","dateModified":"2021-01-19T10:31:51+00:00","author":{"@id":"https:\/\/eurecat.org\/es\/#\/schema\/person\/8342992d6929ad043b305d3cac68b3f4"},"description":"SmartEEs2 ha abierto una convocatoria para presentar soluciones con electr\u00f3nica flexible y port\u00e1til para ayudar a mitigar la COVID-19","breadcrumb":{"@id":"https:\/\/eurecat.org\/es\/abierta-convocatoria-presentar-soluciones-electronica-flexible-portatil-ayudar-mitigar-covid-19\/#breadcrumb"},"inLanguage":"es","potentialAction":[{"@type":"ReadAction","target":["https:\/\/eurecat.org\/es\/abierta-convocatoria-presentar-soluciones-electronica-flexible-portatil-ayudar-mitigar-covid-19\/"]}]},{"@type":"ImageObject","inLanguage":"es","@id":"https:\/\/eurecat.org\/es\/abierta-convocatoria-presentar-soluciones-electronica-flexible-portatil-ayudar-mitigar-covid-19\/#primaryimage","url":"https:\/\/eurecat.org\/wp-content\/uploads\/2020\/05\/SMARTEES2_930x515px.jpg","contentUrl":"https:\/\/eurecat.org\/wp-content\/uploads\/2020\/05\/SMARTEES2_930x515px.jpg","width":930,"height":515,"caption":"smartees2 covid eurecat"},{"@type":"BreadcrumbList","@id":"https:\/\/eurecat.org\/es\/abierta-convocatoria-presentar-soluciones-electronica-flexible-portatil-ayudar-mitigar-covid-19\/#breadcrumb","itemListElement":[{"@type":"ListItem","position":1,"name":"Inici","item":"https:\/\/eurecat.org\/es\/"},{"@type":"ListItem","position":2,"name":"Abierta una convocatoria para presentar soluciones con electr\u00f3nica flexible y port\u00e1til para ayudar a mitigar la COVID-19"}]},{"@type":"WebSite","@id":"https:\/\/eurecat.org\/es\/#website","url":"https:\/\/eurecat.org\/es\/","name":"Eurecat","description":"Otro sitio realizado con WordPress","potentialAction":[{"@type":"SearchAction","target":{"@type":"EntryPoint","urlTemplate":"https:\/\/eurecat.org\/es\/?s={search_term_string}"},"query-input":{"@type":"PropertyValueSpecification","valueRequired":true,"valueName":"search_term_string"}}],"inLanguage":"es"},{"@type":"Person","@id":"https:\/\/eurecat.org\/es\/#\/schema\/person\/8342992d6929ad043b305d3cac68b3f4","name":"eurecatNG","image":{"@type":"ImageObject","inLanguage":"es","@id":"https:\/\/secure.gravatar.com\/avatar\/63200cb70ae4f15a0f673050f36df149dba802bea7614e8f838aaccfcf8ea11d?s=96&d=mm&r=g","url":"https:\/\/secure.gravatar.com\/avatar\/63200cb70ae4f15a0f673050f36df149dba802bea7614e8f838aaccfcf8ea11d?s=96&d=mm&r=g","contentUrl":"https:\/\/secure.gravatar.com\/avatar\/63200cb70ae4f15a0f673050f36df149dba802bea7614e8f838aaccfcf8ea11d?s=96&d=mm&r=g","caption":"eurecatNG"}}]}},"_links":{"self":[{"href":"https:\/\/eurecat.org\/es\/wp-json\/wp\/v2\/posts\/101595","targetHints":{"allow":["GET"]}}],"collection":[{"href":"https:\/\/eurecat.org\/es\/wp-json\/wp\/v2\/posts"}],"about":[{"href":"https:\/\/eurecat.org\/es\/wp-json\/wp\/v2\/types\/post"}],"author":[{"embeddable":true,"href":"https:\/\/eurecat.org\/es\/wp-json\/wp\/v2\/users\/27"}],"replies":[{"embeddable":true,"href":"https:\/\/eurecat.org\/es\/wp-json\/wp\/v2\/comments?post=101595"}],"version-history":[{"count":0,"href":"https:\/\/eurecat.org\/es\/wp-json\/wp\/v2\/posts\/101595\/revisions"}],"wp:featuredmedia":[{"embeddable":true,"href":"https:\/\/eurecat.org\/es\/wp-json\/wp\/v2\/media\/101593"}],"wp:attachment":[{"href":"https:\/\/eurecat.org\/es\/wp-json\/wp\/v2\/media?parent=101595"}],"wp:term":[{"taxonomy":"category","embeddable":true,"href":"https:\/\/eurecat.org\/es\/wp-json\/wp\/v2\/categories?post=101595"},{"taxonomy":"post_tag","embeddable":true,"href":"https:\/\/eurecat.org\/es\/wp-json\/wp\/v2\/tags?post=101595"}],"curies":[{"name":"wp","href":"https:\/\/api.w.org\/{rel}","templated":true}]}}