{"id":102527,"date":"2020-06-26T08:34:41","date_gmt":"2020-06-26T08:34:41","guid":{"rendered":"https:\/\/eurecat.org\/?p=102527"},"modified":"2020-06-26T08:40:48","modified_gmt":"2020-06-26T08:40:48","slug":"abierta-convocatoria-septima-edicion-premios-ruralapps","status":"publish","type":"post","link":"https:\/\/eurecat.org\/es\/abierta-convocatoria-septima-edicion-premios-ruralapps\/","title":{"rendered":"Abierta la convocatoria de la s\u00e9ptima edici\u00f3n de los Premios Ruralapps"},"content":{"rendered":"<p>La s\u00e9ptima edici\u00f3n de los <strong><a href=\"https:\/\/ruralcat.gencat.cat\/web\/guest\/premis-ruralapps\" target=\"_blank\" rel=\"noopener noreferrer\">Premios Ruralapps<\/a><\/strong>, que convoca el <strong>Departamento de Agricultura, Ganader\u00eda, Pesca y Alimentaci\u00f3n (DARP)<\/strong> de la Generalitat de Catalunya con el apoyo del centro tecnol\u00f3gico <strong><a href=\"http:\/\/eurecat.org\/es\/\" target=\"_blank\" rel=\"noopener noreferrer\">Eurecat<\/a><\/strong>, ha abierto el proceso de presentaci\u00f3n de candidaturas, que se podr\u00e1n formalizar hasta el pr\u00f3ximo 21 de agosto.<\/p>\n<p>Los Premios Ruralapps tienen el objetivo de impulsar el desarrollo de<strong> aplicaciones m\u00f3viles<\/strong> en el marco del sector agroalimentario y rural, y distinguir las empresas que hayan desarrollado las dos mejores aplicaciones m\u00f3viles que contribuyan a la mejora del sector agroalimentario, forestal y pesquero y acerquen estos sectores a la ciudadan\u00eda.<\/p>\n<p>Los premios establecen dos modalidades: <strong>Ruralapps-ciudadan\u00eda<\/strong>, para la app que aporte soluciones tecnol\u00f3gicas innovadoras y conocimiento del sector a la ciudadan\u00eda, y <strong>Ruralapps-profesional<\/strong>, para la aplicaci\u00f3n que aporte soluciones tecnol\u00f3gicas innovadoras que ayuden a los profesionales del sector agroalimentario, forestal y pesquero en su actividad.<\/p>\n<p>Los premios, dotados con 3.000 euros cada uno, y las nominaciones concedidas se har\u00e1n p\u00fablicos en la sede electr\u00f3nica de la Generalitat de Catalunya <a href=\"http:\/\/seu.gencat.cat\" target=\"_blank\" rel=\"noopener noreferrer\">http:\/\/seu.gencat.cat<\/a> y en la web <a href=\"http:\/\/agricultura.gencat.cat\/beneficiarisajuts\" target=\"_blank\" rel=\"noopener noreferrer\">http:\/\/agricultura.gencat.cat\/beneficiarisajuts<\/a>, haciendo uso de los medios electr\u00f3nicos establecidos.<\/p>\n<p>Las candidaturas ganadoras en la pasada edici\u00f3n fueron GEPT, para la gesti\u00f3n de recursos de las Agrupaciones de Defensa Forestal (ADF) en emergencias causadas por incendios forestales, ganadora en la modalidad Ruralapps-ciudadan\u00eda; y Agricolum, orientada a facilitar a los agricultores la sistematizaci\u00f3n en l\u00ednea de sus tareas, en la categor\u00eda Ruralapps-profesional.<\/p>\n<p>M\u00e1s de 100 proyectos han participado en las diversas ediciones de los Premios Ruralapps con aplicaciones innovadoras que contribuyen a impulsar la transformaci\u00f3n digital del sector agroalimentario, forestal y pesquero.<\/p>\n<p>Pod\u00e9is encontrar m\u00e1s informaci\u00f3n en la <a href=\"http:\/\/agricultura.gencat.cat\/es\/inici\/index.html\" target=\"_blank\" rel=\"noopener noreferrer\">web del DARP<\/a> y en el <a href=\"https:\/\/ruralcat.gencat.cat\/web\/guest\/premis-ruralapps\" target=\"_blank\" rel=\"noopener noreferrer\">portal Ruralcat<\/a>. Los interesados \u200b\u200bpueden contactar con events@eurecat.org\u00a0y con el Servicio de Innovaci\u00f3n Agroalimentaria del DARP en la direcci\u00f3n de correo premis_innovacio.agricultura@gencat.cat, si necesitan m\u00e1s informaci\u00f3n sobre c\u00f3mo participar en la convocatoria de los Premios Ruralapps.<\/p>\n","protected":false},"excerpt":{"rendered":"<p>La s\u00e9ptima edici\u00f3n de los Premios Ruralapps, que convoca el Departamento de Agricultura, Ganader\u00eda, Pesca y Alimentaci\u00f3n (DARP) de la Generalitat de Catalunya con el apoyo del centro tecnol\u00f3gico Eurecat, ha abierto el proceso de presentaci\u00f3n de candidaturas, que se podr\u00e1n formalizar hasta el pr\u00f3ximo 21 de agosto. Los Premios Ruralapps tienen el objetivo de  [&#8230;]<\/p>\n","protected":false},"author":27,"featured_media":102525,"comment_status":"open","ping_status":"closed","sticky":false,"template":"","format":"standard","meta":{"footnotes":""},"categories":[702,134],"tags":[],"class_list":["post-102527","post","type-post","status-publish","format-standard","has-post-thumbnail","hentry","category-eventos","category-notas-de-prensa"],"yoast_head":"<!-- This site is optimized with the Yoast SEO plugin v27.5 - https:\/\/yoast.com\/product\/yoast-seo-wordpress\/ -->\n<title>Abierta la convocatoria de la s\u00e9ptima edici\u00f3n de los Premios Ruralapps<\/title>\n<meta name=\"description\" content=\"La s\u00e9ptima edici\u00f3n de los Premios Ruralapps, que convoca el DARP con el apoyo de Eurecat, ha abierto el proceso de presentaci\u00f3n de candidaturas.\" \/>\n<meta name=\"robots\" content=\"index, follow, max-snippet:-1, max-image-preview:large, max-video-preview:-1\" \/>\n<link rel=\"canonical\" href=\"https:\/\/eurecat.org\/es\/abierta-convocatoria-septima-edicion-premios-ruralapps\/\" \/>\n<meta property=\"og:locale\" content=\"es_ES\" \/>\n<meta property=\"og:type\" content=\"article\" \/>\n<meta property=\"og:title\" content=\"Abierta la convocatoria de la s\u00e9ptima edici\u00f3n de los Premios Ruralapps\" \/>\n<meta property=\"og:description\" content=\"La s\u00e9ptima edici\u00f3n de los Premios Ruralapps, que convoca el DARP con el apoyo de Eurecat, ha abierto el proceso de presentaci\u00f3n de candidaturas.\" \/>\n<meta property=\"og:url\" content=\"https:\/\/eurecat.org\/es\/abierta-convocatoria-septima-edicion-premios-ruralapps\/\" \/>\n<meta property=\"og:site_name\" content=\"Eurecat\" \/>\n<meta property=\"article:published_time\" content=\"2020-06-26T08:34:41+00:00\" \/>\n<meta property=\"article:modified_time\" content=\"2020-06-26T08:40:48+00:00\" \/>\n<meta property=\"og:image\" content=\"https:\/\/eurecat.org\/wp-content\/uploads\/2020\/06\/VII_Ruralapps-Eurecat_930x515px.jpg\" \/>\n\t<meta property=\"og:image:width\" content=\"930\" \/>\n\t<meta property=\"og:image:height\" content=\"515\" \/>\n\t<meta property=\"og:image:type\" content=\"image\/jpeg\" \/>\n<meta name=\"author\" content=\"eurecatNG\" \/>\n<meta name=\"twitter:card\" content=\"summary_large_image\" \/>\n<meta name=\"twitter:label1\" content=\"Escrito por\" \/>\n\t<meta name=\"twitter:data1\" content=\"eurecatNG\" \/>\n\t<meta name=\"twitter:label2\" content=\"Tiempo de lectura\" \/>\n\t<meta name=\"twitter:data2\" content=\"2 minutos\" \/>\n<script type=\"application\/ld+json\" class=\"yoast-schema-graph\">{\"@context\":\"https:\\\/\\\/schema.org\",\"@graph\":[{\"@type\":\"Article\",\"@id\":\"https:\\\/\\\/eurecat.org\\\/es\\\/abierta-convocatoria-septima-edicion-premios-ruralapps\\\/#article\",\"isPartOf\":{\"@id\":\"https:\\\/\\\/eurecat.org\\\/es\\\/abierta-convocatoria-septima-edicion-premios-ruralapps\\\/\"},\"author\":{\"name\":\"eurecatNG\",\"@id\":\"https:\\\/\\\/eurecat.org\\\/es\\\/#\\\/schema\\\/person\\\/8342992d6929ad043b305d3cac68b3f4\"},\"headline\":\"Abierta la convocatoria de la s\u00e9ptima edici\u00f3n de los Premios Ruralapps\",\"datePublished\":\"2020-06-26T08:34:41+00:00\",\"dateModified\":\"2020-06-26T08:40:48+00:00\",\"mainEntityOfPage\":{\"@id\":\"https:\\\/\\\/eurecat.org\\\/es\\\/abierta-convocatoria-septima-edicion-premios-ruralapps\\\/\"},\"wordCount\":370,\"commentCount\":0,\"image\":{\"@id\":\"https:\\\/\\\/eurecat.org\\\/es\\\/abierta-convocatoria-septima-edicion-premios-ruralapps\\\/#primaryimage\"},\"thumbnailUrl\":\"https:\\\/\\\/eurecat.org\\\/wp-content\\\/uploads\\\/2020\\\/06\\\/VII_Ruralapps-Eurecat_930x515px.jpg\",\"articleSection\":[\"Eventos\",\"Notas de prensa\"],\"inLanguage\":\"es\",\"potentialAction\":[{\"@type\":\"CommentAction\",\"name\":\"Comment\",\"target\":[\"https:\\\/\\\/eurecat.org\\\/es\\\/abierta-convocatoria-septima-edicion-premios-ruralapps\\\/#respond\"]}]},{\"@type\":\"WebPage\",\"@id\":\"https:\\\/\\\/eurecat.org\\\/es\\\/abierta-convocatoria-septima-edicion-premios-ruralapps\\\/\",\"url\":\"https:\\\/\\\/eurecat.org\\\/es\\\/abierta-convocatoria-septima-edicion-premios-ruralapps\\\/\",\"name\":\"Abierta la convocatoria de la s\u00e9ptima edici\u00f3n de los Premios Ruralapps\",\"isPartOf\":{\"@id\":\"https:\\\/\\\/eurecat.org\\\/es\\\/#website\"},\"primaryImageOfPage\":{\"@id\":\"https:\\\/\\\/eurecat.org\\\/es\\\/abierta-convocatoria-septima-edicion-premios-ruralapps\\\/#primaryimage\"},\"image\":{\"@id\":\"https:\\\/\\\/eurecat.org\\\/es\\\/abierta-convocatoria-septima-edicion-premios-ruralapps\\\/#primaryimage\"},\"thumbnailUrl\":\"https:\\\/\\\/eurecat.org\\\/wp-content\\\/uploads\\\/2020\\\/06\\\/VII_Ruralapps-Eurecat_930x515px.jpg\",\"datePublished\":\"2020-06-26T08:34:41+00:00\",\"dateModified\":\"2020-06-26T08:40:48+00:00\",\"author\":{\"@id\":\"https:\\\/\\\/eurecat.org\\\/es\\\/#\\\/schema\\\/person\\\/8342992d6929ad043b305d3cac68b3f4\"},\"description\":\"La s\u00e9ptima edici\u00f3n de los Premios Ruralapps, que convoca el DARP con el apoyo de Eurecat, ha abierto el proceso de presentaci\u00f3n de candidaturas.\",\"breadcrumb\":{\"@id\":\"https:\\\/\\\/eurecat.org\\\/es\\\/abierta-convocatoria-septima-edicion-premios-ruralapps\\\/#breadcrumb\"},\"inLanguage\":\"es\",\"potentialAction\":[{\"@type\":\"ReadAction\",\"target\":[\"https:\\\/\\\/eurecat.org\\\/es\\\/abierta-convocatoria-septima-edicion-premios-ruralapps\\\/\"]}]},{\"@type\":\"ImageObject\",\"inLanguage\":\"es\",\"@id\":\"https:\\\/\\\/eurecat.org\\\/es\\\/abierta-convocatoria-septima-edicion-premios-ruralapps\\\/#primaryimage\",\"url\":\"https:\\\/\\\/eurecat.org\\\/wp-content\\\/uploads\\\/2020\\\/06\\\/VII_Ruralapps-Eurecat_930x515px.jpg\",\"contentUrl\":\"https:\\\/\\\/eurecat.org\\\/wp-content\\\/uploads\\\/2020\\\/06\\\/VII_Ruralapps-Eurecat_930x515px.jpg\",\"width\":930,\"height\":515,\"caption\":\"eurecat darp premis ruralapps\"},{\"@type\":\"BreadcrumbList\",\"@id\":\"https:\\\/\\\/eurecat.org\\\/es\\\/abierta-convocatoria-septima-edicion-premios-ruralapps\\\/#breadcrumb\",\"itemListElement\":[{\"@type\":\"ListItem\",\"position\":1,\"name\":\"Inici\",\"item\":\"https:\\\/\\\/eurecat.org\\\/es\\\/\"},{\"@type\":\"ListItem\",\"position\":2,\"name\":\"Abierta la convocatoria de la s\u00e9ptima edici\u00f3n de los Premios Ruralapps\"}]},{\"@type\":\"WebSite\",\"@id\":\"https:\\\/\\\/eurecat.org\\\/es\\\/#website\",\"url\":\"https:\\\/\\\/eurecat.org\\\/es\\\/\",\"name\":\"Eurecat\",\"description\":\"Otro sitio realizado con WordPress\",\"potentialAction\":[{\"@type\":\"SearchAction\",\"target\":{\"@type\":\"EntryPoint\",\"urlTemplate\":\"https:\\\/\\\/eurecat.org\\\/es\\\/?s={search_term_string}\"},\"query-input\":{\"@type\":\"PropertyValueSpecification\",\"valueRequired\":true,\"valueName\":\"search_term_string\"}}],\"inLanguage\":\"es\"},{\"@type\":\"Person\",\"@id\":\"https:\\\/\\\/eurecat.org\\\/es\\\/#\\\/schema\\\/person\\\/8342992d6929ad043b305d3cac68b3f4\",\"name\":\"eurecatNG\",\"image\":{\"@type\":\"ImageObject\",\"inLanguage\":\"es\",\"@id\":\"https:\\\/\\\/secure.gravatar.com\\\/avatar\\\/63200cb70ae4f15a0f673050f36df149dba802bea7614e8f838aaccfcf8ea11d?s=96&d=mm&r=g\",\"url\":\"https:\\\/\\\/secure.gravatar.com\\\/avatar\\\/63200cb70ae4f15a0f673050f36df149dba802bea7614e8f838aaccfcf8ea11d?s=96&d=mm&r=g\",\"contentUrl\":\"https:\\\/\\\/secure.gravatar.com\\\/avatar\\\/63200cb70ae4f15a0f673050f36df149dba802bea7614e8f838aaccfcf8ea11d?s=96&d=mm&r=g\",\"caption\":\"eurecatNG\"}}]}<\/script>\n<!-- \/ Yoast SEO plugin. -->","yoast_head_json":{"title":"Abierta la convocatoria de la s\u00e9ptima edici\u00f3n de los Premios Ruralapps","description":"La s\u00e9ptima edici\u00f3n de los Premios Ruralapps, que convoca el DARP con el apoyo de Eurecat, ha abierto el proceso de presentaci\u00f3n de candidaturas.","robots":{"index":"index","follow":"follow","max-snippet":"max-snippet:-1","max-image-preview":"max-image-preview:large","max-video-preview":"max-video-preview:-1"},"canonical":"https:\/\/eurecat.org\/es\/abierta-convocatoria-septima-edicion-premios-ruralapps\/","og_locale":"es_ES","og_type":"article","og_title":"Abierta la convocatoria de la s\u00e9ptima edici\u00f3n de los Premios Ruralapps","og_description":"La s\u00e9ptima edici\u00f3n de los Premios Ruralapps, que convoca el DARP con el apoyo de Eurecat, ha abierto el proceso de presentaci\u00f3n de candidaturas.","og_url":"https:\/\/eurecat.org\/es\/abierta-convocatoria-septima-edicion-premios-ruralapps\/","og_site_name":"Eurecat","article_published_time":"2020-06-26T08:34:41+00:00","article_modified_time":"2020-06-26T08:40:48+00:00","og_image":[{"width":930,"height":515,"url":"https:\/\/eurecat.org\/wp-content\/uploads\/2020\/06\/VII_Ruralapps-Eurecat_930x515px.jpg","type":"image\/jpeg"}],"author":"eurecatNG","twitter_card":"summary_large_image","twitter_misc":{"Escrito por":"eurecatNG","Tiempo de lectura":"2 minutos"},"schema":{"@context":"https:\/\/schema.org","@graph":[{"@type":"Article","@id":"https:\/\/eurecat.org\/es\/abierta-convocatoria-septima-edicion-premios-ruralapps\/#article","isPartOf":{"@id":"https:\/\/eurecat.org\/es\/abierta-convocatoria-septima-edicion-premios-ruralapps\/"},"author":{"name":"eurecatNG","@id":"https:\/\/eurecat.org\/es\/#\/schema\/person\/8342992d6929ad043b305d3cac68b3f4"},"headline":"Abierta la convocatoria de la s\u00e9ptima edici\u00f3n de los Premios Ruralapps","datePublished":"2020-06-26T08:34:41+00:00","dateModified":"2020-06-26T08:40:48+00:00","mainEntityOfPage":{"@id":"https:\/\/eurecat.org\/es\/abierta-convocatoria-septima-edicion-premios-ruralapps\/"},"wordCount":370,"commentCount":0,"image":{"@id":"https:\/\/eurecat.org\/es\/abierta-convocatoria-septima-edicion-premios-ruralapps\/#primaryimage"},"thumbnailUrl":"https:\/\/eurecat.org\/wp-content\/uploads\/2020\/06\/VII_Ruralapps-Eurecat_930x515px.jpg","articleSection":["Eventos","Notas de prensa"],"inLanguage":"es","potentialAction":[{"@type":"CommentAction","name":"Comment","target":["https:\/\/eurecat.org\/es\/abierta-convocatoria-septima-edicion-premios-ruralapps\/#respond"]}]},{"@type":"WebPage","@id":"https:\/\/eurecat.org\/es\/abierta-convocatoria-septima-edicion-premios-ruralapps\/","url":"https:\/\/eurecat.org\/es\/abierta-convocatoria-septima-edicion-premios-ruralapps\/","name":"Abierta la convocatoria de la s\u00e9ptima edici\u00f3n de los Premios Ruralapps","isPartOf":{"@id":"https:\/\/eurecat.org\/es\/#website"},"primaryImageOfPage":{"@id":"https:\/\/eurecat.org\/es\/abierta-convocatoria-septima-edicion-premios-ruralapps\/#primaryimage"},"image":{"@id":"https:\/\/eurecat.org\/es\/abierta-convocatoria-septima-edicion-premios-ruralapps\/#primaryimage"},"thumbnailUrl":"https:\/\/eurecat.org\/wp-content\/uploads\/2020\/06\/VII_Ruralapps-Eurecat_930x515px.jpg","datePublished":"2020-06-26T08:34:41+00:00","dateModified":"2020-06-26T08:40:48+00:00","author":{"@id":"https:\/\/eurecat.org\/es\/#\/schema\/person\/8342992d6929ad043b305d3cac68b3f4"},"description":"La s\u00e9ptima edici\u00f3n de los Premios Ruralapps, que convoca el DARP con el apoyo de Eurecat, ha abierto el proceso de presentaci\u00f3n de candidaturas.","breadcrumb":{"@id":"https:\/\/eurecat.org\/es\/abierta-convocatoria-septima-edicion-premios-ruralapps\/#breadcrumb"},"inLanguage":"es","potentialAction":[{"@type":"ReadAction","target":["https:\/\/eurecat.org\/es\/abierta-convocatoria-septima-edicion-premios-ruralapps\/"]}]},{"@type":"ImageObject","inLanguage":"es","@id":"https:\/\/eurecat.org\/es\/abierta-convocatoria-septima-edicion-premios-ruralapps\/#primaryimage","url":"https:\/\/eurecat.org\/wp-content\/uploads\/2020\/06\/VII_Ruralapps-Eurecat_930x515px.jpg","contentUrl":"https:\/\/eurecat.org\/wp-content\/uploads\/2020\/06\/VII_Ruralapps-Eurecat_930x515px.jpg","width":930,"height":515,"caption":"eurecat darp premis ruralapps"},{"@type":"BreadcrumbList","@id":"https:\/\/eurecat.org\/es\/abierta-convocatoria-septima-edicion-premios-ruralapps\/#breadcrumb","itemListElement":[{"@type":"ListItem","position":1,"name":"Inici","item":"https:\/\/eurecat.org\/es\/"},{"@type":"ListItem","position":2,"name":"Abierta la convocatoria de la s\u00e9ptima edici\u00f3n de los Premios Ruralapps"}]},{"@type":"WebSite","@id":"https:\/\/eurecat.org\/es\/#website","url":"https:\/\/eurecat.org\/es\/","name":"Eurecat","description":"Otro sitio realizado con WordPress","potentialAction":[{"@type":"SearchAction","target":{"@type":"EntryPoint","urlTemplate":"https:\/\/eurecat.org\/es\/?s={search_term_string}"},"query-input":{"@type":"PropertyValueSpecification","valueRequired":true,"valueName":"search_term_string"}}],"inLanguage":"es"},{"@type":"Person","@id":"https:\/\/eurecat.org\/es\/#\/schema\/person\/8342992d6929ad043b305d3cac68b3f4","name":"eurecatNG","image":{"@type":"ImageObject","inLanguage":"es","@id":"https:\/\/secure.gravatar.com\/avatar\/63200cb70ae4f15a0f673050f36df149dba802bea7614e8f838aaccfcf8ea11d?s=96&d=mm&r=g","url":"https:\/\/secure.gravatar.com\/avatar\/63200cb70ae4f15a0f673050f36df149dba802bea7614e8f838aaccfcf8ea11d?s=96&d=mm&r=g","contentUrl":"https:\/\/secure.gravatar.com\/avatar\/63200cb70ae4f15a0f673050f36df149dba802bea7614e8f838aaccfcf8ea11d?s=96&d=mm&r=g","caption":"eurecatNG"}}]}},"_links":{"self":[{"href":"https:\/\/eurecat.org\/es\/wp-json\/wp\/v2\/posts\/102527","targetHints":{"allow":["GET"]}}],"collection":[{"href":"https:\/\/eurecat.org\/es\/wp-json\/wp\/v2\/posts"}],"about":[{"href":"https:\/\/eurecat.org\/es\/wp-json\/wp\/v2\/types\/post"}],"author":[{"embeddable":true,"href":"https:\/\/eurecat.org\/es\/wp-json\/wp\/v2\/users\/27"}],"replies":[{"embeddable":true,"href":"https:\/\/eurecat.org\/es\/wp-json\/wp\/v2\/comments?post=102527"}],"version-history":[{"count":0,"href":"https:\/\/eurecat.org\/es\/wp-json\/wp\/v2\/posts\/102527\/revisions"}],"wp:featuredmedia":[{"embeddable":true,"href":"https:\/\/eurecat.org\/es\/wp-json\/wp\/v2\/media\/102525"}],"wp:attachment":[{"href":"https:\/\/eurecat.org\/es\/wp-json\/wp\/v2\/media?parent=102527"}],"wp:term":[{"taxonomy":"category","embeddable":true,"href":"https:\/\/eurecat.org\/es\/wp-json\/wp\/v2\/categories?post=102527"},{"taxonomy":"post_tag","embeddable":true,"href":"https:\/\/eurecat.org\/es\/wp-json\/wp\/v2\/tags?post=102527"}],"curies":[{"name":"wp","href":"https:\/\/api.w.org\/{rel}","templated":true}]}}