{"id":102597,"date":"2020-06-26T15:45:04","date_gmt":"2020-06-26T15:45:04","guid":{"rendered":"https:\/\/eurecat.org\/?p=102597"},"modified":"2021-01-19T11:52:32","modified_gmt":"2021-01-19T11:52:32","slug":"reabren-museos-centros-interpretacion-ruta-paisaje-de-los-genios-gaudi-miro-casals-picasso","status":"publish","type":"post","link":"https:\/\/eurecat.org\/es\/reabren-museos-centros-interpretacion-ruta-paisaje-de-los-genios-gaudi-miro-casals-picasso\/","title":{"rendered":"Reabren los museos y centros de interpretaci\u00f3n de la Ruta del Paisaje de los Genios dedicados a Gaud\u00ed, Mir\u00f3, Casals y Picasso"},"content":{"rendered":"<p>Los museos y centros de interpretaci\u00f3n de la <strong>Ruta del Paisaje de los Genios<\/strong> dedicados a las figuras de los artistas universales Antoni Gaud\u00ed, Joan Mir\u00f3, Pau Casals y Pablo Picasso, situados en Reus, Mont-roig del Camp, el Vendrell y Horta de Sant Joan, reabren sus puertas para volver a recibir visitantes este verano.<\/p>\n<p>Una vez superadas las diversas fases por la pandemia causada por la <strong>COVID-19<\/strong>, con la apertura del Mas Mir\u00f3 en Mont-roig del Camp el 25 de junio, todos los centros est\u00e1n abiertos para acoger de nuevo a los visitantes que quieran redescubrir la obra, la vida y las an\u00e9cdotas de estos artistas, y especialmente las vinculadas a sus estancias en <strong>Costa Daurada y Terres de l\u2019Ebre<\/strong>.<\/p>\n<p>El Mas Mir\u00f3 ha vuelto a abrir sus puertas a finales de junio, que es cuando Joan Mir\u00f3 volv\u00eda a su mas\u00eda de Mont-roig para pasar el verano. De manera provisional, esta temporada de verano el horario ser\u00e1 de jueves a domingo de 10 a 14 horas y de 17.30 a 20 horas, y los domingos de 10 a 14 horas. Adem\u00e1s, se vuelven a programar las visitas guiadas y teatralizadas para grupos reducidos, del mismo n\u00facleo de convivencia y con reserva previa.<\/p>\n<p>Despu\u00e9s de unos meses de obras, Mas Mir\u00f3 estrena nuevos espacios hasta ahora cerrados al p\u00fablico, como la cocina, y nuevos soportes como un audiovisual de bienvenida y una propuesta familiar digital.<\/p>\n<p>En Reus, se puede visitar el Gaud\u00ed Centre, situado en la plaza Mercadal, de lunes a s\u00e1bado de 10 a 14 horas y de 16 a 20 horas, y los domingos y festivos de 10 a 14 horas. Como medida de seguridad, el servicio de gu\u00eda se ofrece a trav\u00e9s de c\u00f3digos QR.<\/p>\n<p>En la ciudad se encuentran abiertos tambi\u00e9n la Casa del Vermut y del Vino de la Estaci\u00f3n Enol\u00f3gica y la iglesia Prioral de Sant Pere, y se pueden realizar algunas de las visitas de la Ruta del Modernismo como la \u00abReus 1900\u00bb, as\u00ed como diversas actividades de la Ruta del Vermut.<\/p>\n<p>En el Vendrell, se encuentran abiertos al p\u00fablico la Casa Natal de Pau Casals y el Museo Pau Casals. La Casa Natal, donde naci\u00f3 el Maestro Casals, cerrar\u00e1 los domingos los meses de julio y agosto. Por otra parte, el Museo Pau Casals, situado en la Playa de Sant Salvador, ofrece entrada gratuita hasta el 30 de junio y hasta este d\u00eda tendr\u00e1 un horario de 10 a 14 horas y de 17 a 20 horas. Los d\u00edas de apertura del Museo Pau Casals seguir\u00e1n siendo de martes a domingo.<\/p>\n<p>De cara a los pr\u00f3ximos meses, el equipo del museo est\u00e1 trabajando en la programaci\u00f3n de verano que se centrar\u00e1 en aprovechar el potencial del entorno del museo, situado delante del mar. Adem\u00e1s, el equipamiento cuenta con un jard\u00edn al aire libre que permitir\u00e1 empezar a desarrollar las actividades de verano cumpliendo con las medidas de seguridad pertinentes, as\u00ed como del restaurante del museo.<\/p>\n<p>En cuanto a las Terres de l\u2019Ebre, el Centro Picasso de Horta ha abierto sus puertas para recibir visitantes los s\u00e1bados de las 10.30 a las 13.30 horas y de las 16 a las 19 horas y los domingos de las 10.30 a las 13.30 horas.<\/p>\n<p>En todos los museos es obligatorio el uso de la mascarilla y de geles hidroalcoh\u00f3licos y el mantenimiento de las distancias de seguridad y los responsables facilitar\u00e1n indicaciones de aforo y flujos para la visita.<\/p>\n","protected":false},"excerpt":{"rendered":"<p>Los museos y centros de interpretaci\u00f3n de la Ruta del Paisaje de los Genios dedicados a las figuras de los artistas universales Antoni Gaud\u00ed, Joan Mir\u00f3, Pau Casals y Pablo Picasso, situados en Reus, Mont-roig del Camp, el Vendrell y Horta de Sant Joan, reabren sus puertas para volver a recibir visitantes este verano. Una  [&#8230;]<\/p>\n","protected":false},"author":27,"featured_media":102595,"comment_status":"open","ping_status":"closed","sticky":false,"template":"","format":"standard","meta":{"footnotes":""},"categories":[134,1885],"tags":[],"class_list":["post-102597","post","type-post","status-publish","format-standard","has-post-thumbnail","hentry","category-notas-de-prensa","category-turisme"],"yoast_head":"<!-- This site is optimized with the Yoast SEO plugin v27.4 - https:\/\/yoast.com\/product\/yoast-seo-wordpress\/ -->\n<title>Reabren los museos y centros de interpretaci\u00f3n de la Ruta del Paisaje de los Genios<\/title>\n<meta name=\"description\" content=\"Reabren los museos y centros de interpretaci\u00f3n de la Ruta del Paisaje de los Genios dedicados a Gaud\u00ed, Mir\u00f3, Casals y Picasso.\" \/>\n<meta name=\"robots\" content=\"index, follow, max-snippet:-1, max-image-preview:large, max-video-preview:-1\" \/>\n<link rel=\"canonical\" href=\"https:\/\/eurecat.org\/es\/reabren-museos-centros-interpretacion-ruta-paisaje-de-los-genios-gaudi-miro-casals-picasso\/\" \/>\n<meta property=\"og:locale\" content=\"es_ES\" \/>\n<meta property=\"og:type\" content=\"article\" \/>\n<meta property=\"og:title\" content=\"Reabren los museos y centros de interpretaci\u00f3n de la Ruta del Paisaje de los Genios\" \/>\n<meta property=\"og:description\" content=\"Reabren los museos y centros de interpretaci\u00f3n de la Ruta del Paisaje de los Genios dedicados a Gaud\u00ed, Mir\u00f3, Casals y Picasso.\" \/>\n<meta property=\"og:url\" content=\"https:\/\/eurecat.org\/es\/reabren-museos-centros-interpretacion-ruta-paisaje-de-los-genios-gaudi-miro-casals-picasso\/\" \/>\n<meta property=\"og:site_name\" content=\"Eurecat\" \/>\n<meta property=\"article:published_time\" content=\"2020-06-26T15:45:04+00:00\" \/>\n<meta property=\"article:modified_time\" content=\"2021-01-19T11:52:32+00:00\" \/>\n<meta property=\"og:image\" content=\"https:\/\/eurecat.org\/wp-content\/uploads\/2020\/06\/MasMir\u00f3-PaisatgeGenis-Eurecat_930x515px.jpg\" \/>\n\t<meta property=\"og:image:width\" content=\"930\" \/>\n\t<meta property=\"og:image:height\" content=\"515\" \/>\n\t<meta property=\"og:image:type\" content=\"image\/jpeg\" \/>\n<meta name=\"author\" content=\"eurecatNG\" \/>\n<meta name=\"twitter:card\" content=\"summary_large_image\" \/>\n<meta name=\"twitter:label1\" content=\"Escrito por\" \/>\n\t<meta name=\"twitter:data1\" content=\"eurecatNG\" \/>\n\t<meta name=\"twitter:label2\" content=\"Tiempo de lectura\" \/>\n\t<meta name=\"twitter:data2\" content=\"3 minutos\" \/>\n<script type=\"application\/ld+json\" class=\"yoast-schema-graph\">{\"@context\":\"https:\\\/\\\/schema.org\",\"@graph\":[{\"@type\":\"Article\",\"@id\":\"https:\\\/\\\/eurecat.org\\\/es\\\/reabren-museos-centros-interpretacion-ruta-paisaje-de-los-genios-gaudi-miro-casals-picasso\\\/#article\",\"isPartOf\":{\"@id\":\"https:\\\/\\\/eurecat.org\\\/es\\\/reabren-museos-centros-interpretacion-ruta-paisaje-de-los-genios-gaudi-miro-casals-picasso\\\/\"},\"author\":{\"name\":\"eurecatNG\",\"@id\":\"https:\\\/\\\/eurecat.org\\\/es\\\/#\\\/schema\\\/person\\\/8342992d6929ad043b305d3cac68b3f4\"},\"headline\":\"Reabren los museos y centros de interpretaci\u00f3n de la Ruta del Paisaje de los Genios dedicados a Gaud\u00ed, Mir\u00f3, Casals y Picasso\",\"datePublished\":\"2020-06-26T15:45:04+00:00\",\"dateModified\":\"2021-01-19T11:52:32+00:00\",\"mainEntityOfPage\":{\"@id\":\"https:\\\/\\\/eurecat.org\\\/es\\\/reabren-museos-centros-interpretacion-ruta-paisaje-de-los-genios-gaudi-miro-casals-picasso\\\/\"},\"wordCount\":601,\"commentCount\":0,\"image\":{\"@id\":\"https:\\\/\\\/eurecat.org\\\/es\\\/reabren-museos-centros-interpretacion-ruta-paisaje-de-los-genios-gaudi-miro-casals-picasso\\\/#primaryimage\"},\"thumbnailUrl\":\"https:\\\/\\\/eurecat.org\\\/wp-content\\\/uploads\\\/2020\\\/06\\\/MasMir\u00f3-PaisatgeGenis-Eurecat_930x515px.jpg\",\"articleSection\":[\"Notas de prensa\",\"Turisme\"],\"inLanguage\":\"es\",\"potentialAction\":[{\"@type\":\"CommentAction\",\"name\":\"Comment\",\"target\":[\"https:\\\/\\\/eurecat.org\\\/es\\\/reabren-museos-centros-interpretacion-ruta-paisaje-de-los-genios-gaudi-miro-casals-picasso\\\/#respond\"]}]},{\"@type\":\"WebPage\",\"@id\":\"https:\\\/\\\/eurecat.org\\\/es\\\/reabren-museos-centros-interpretacion-ruta-paisaje-de-los-genios-gaudi-miro-casals-picasso\\\/\",\"url\":\"https:\\\/\\\/eurecat.org\\\/es\\\/reabren-museos-centros-interpretacion-ruta-paisaje-de-los-genios-gaudi-miro-casals-picasso\\\/\",\"name\":\"Reabren los museos y centros de interpretaci\u00f3n de la Ruta del Paisaje de los Genios\",\"isPartOf\":{\"@id\":\"https:\\\/\\\/eurecat.org\\\/es\\\/#website\"},\"primaryImageOfPage\":{\"@id\":\"https:\\\/\\\/eurecat.org\\\/es\\\/reabren-museos-centros-interpretacion-ruta-paisaje-de-los-genios-gaudi-miro-casals-picasso\\\/#primaryimage\"},\"image\":{\"@id\":\"https:\\\/\\\/eurecat.org\\\/es\\\/reabren-museos-centros-interpretacion-ruta-paisaje-de-los-genios-gaudi-miro-casals-picasso\\\/#primaryimage\"},\"thumbnailUrl\":\"https:\\\/\\\/eurecat.org\\\/wp-content\\\/uploads\\\/2020\\\/06\\\/MasMir\u00f3-PaisatgeGenis-Eurecat_930x515px.jpg\",\"datePublished\":\"2020-06-26T15:45:04+00:00\",\"dateModified\":\"2021-01-19T11:52:32+00:00\",\"author\":{\"@id\":\"https:\\\/\\\/eurecat.org\\\/es\\\/#\\\/schema\\\/person\\\/8342992d6929ad043b305d3cac68b3f4\"},\"description\":\"Reabren los museos y centros de interpretaci\u00f3n de la Ruta del Paisaje de los Genios dedicados a Gaud\u00ed, Mir\u00f3, Casals y Picasso.\",\"breadcrumb\":{\"@id\":\"https:\\\/\\\/eurecat.org\\\/es\\\/reabren-museos-centros-interpretacion-ruta-paisaje-de-los-genios-gaudi-miro-casals-picasso\\\/#breadcrumb\"},\"inLanguage\":\"es\",\"potentialAction\":[{\"@type\":\"ReadAction\",\"target\":[\"https:\\\/\\\/eurecat.org\\\/es\\\/reabren-museos-centros-interpretacion-ruta-paisaje-de-los-genios-gaudi-miro-casals-picasso\\\/\"]}]},{\"@type\":\"ImageObject\",\"inLanguage\":\"es\",\"@id\":\"https:\\\/\\\/eurecat.org\\\/es\\\/reabren-museos-centros-interpretacion-ruta-paisaje-de-los-genios-gaudi-miro-casals-picasso\\\/#primaryimage\",\"url\":\"https:\\\/\\\/eurecat.org\\\/wp-content\\\/uploads\\\/2020\\\/06\\\/MasMir\u00f3-PaisatgeGenis-Eurecat_930x515px.jpg\",\"contentUrl\":\"https:\\\/\\\/eurecat.org\\\/wp-content\\\/uploads\\\/2020\\\/06\\\/MasMir\u00f3-PaisatgeGenis-Eurecat_930x515px.jpg\",\"width\":930,\"height\":515,\"caption\":\"Eurecat paisatge dels genis\"},{\"@type\":\"BreadcrumbList\",\"@id\":\"https:\\\/\\\/eurecat.org\\\/es\\\/reabren-museos-centros-interpretacion-ruta-paisaje-de-los-genios-gaudi-miro-casals-picasso\\\/#breadcrumb\",\"itemListElement\":[{\"@type\":\"ListItem\",\"position\":1,\"name\":\"Inici\",\"item\":\"https:\\\/\\\/eurecat.org\\\/es\\\/\"},{\"@type\":\"ListItem\",\"position\":2,\"name\":\"Reabren los museos y centros de interpretaci\u00f3n de la Ruta del Paisaje de los Genios dedicados a Gaud\u00ed, Mir\u00f3, Casals y Picasso\"}]},{\"@type\":\"WebSite\",\"@id\":\"https:\\\/\\\/eurecat.org\\\/es\\\/#website\",\"url\":\"https:\\\/\\\/eurecat.org\\\/es\\\/\",\"name\":\"Eurecat\",\"description\":\"Otro sitio realizado con WordPress\",\"potentialAction\":[{\"@type\":\"SearchAction\",\"target\":{\"@type\":\"EntryPoint\",\"urlTemplate\":\"https:\\\/\\\/eurecat.org\\\/es\\\/?s={search_term_string}\"},\"query-input\":{\"@type\":\"PropertyValueSpecification\",\"valueRequired\":true,\"valueName\":\"search_term_string\"}}],\"inLanguage\":\"es\"},{\"@type\":\"Person\",\"@id\":\"https:\\\/\\\/eurecat.org\\\/es\\\/#\\\/schema\\\/person\\\/8342992d6929ad043b305d3cac68b3f4\",\"name\":\"eurecatNG\",\"image\":{\"@type\":\"ImageObject\",\"inLanguage\":\"es\",\"@id\":\"https:\\\/\\\/secure.gravatar.com\\\/avatar\\\/63200cb70ae4f15a0f673050f36df149dba802bea7614e8f838aaccfcf8ea11d?s=96&d=mm&r=g\",\"url\":\"https:\\\/\\\/secure.gravatar.com\\\/avatar\\\/63200cb70ae4f15a0f673050f36df149dba802bea7614e8f838aaccfcf8ea11d?s=96&d=mm&r=g\",\"contentUrl\":\"https:\\\/\\\/secure.gravatar.com\\\/avatar\\\/63200cb70ae4f15a0f673050f36df149dba802bea7614e8f838aaccfcf8ea11d?s=96&d=mm&r=g\",\"caption\":\"eurecatNG\"}}]}<\/script>\n<!-- \/ Yoast SEO plugin. -->","yoast_head_json":{"title":"Reabren los museos y centros de interpretaci\u00f3n de la Ruta del Paisaje de los Genios","description":"Reabren los museos y centros de interpretaci\u00f3n de la Ruta del Paisaje de los Genios dedicados a Gaud\u00ed, Mir\u00f3, Casals y Picasso.","robots":{"index":"index","follow":"follow","max-snippet":"max-snippet:-1","max-image-preview":"max-image-preview:large","max-video-preview":"max-video-preview:-1"},"canonical":"https:\/\/eurecat.org\/es\/reabren-museos-centros-interpretacion-ruta-paisaje-de-los-genios-gaudi-miro-casals-picasso\/","og_locale":"es_ES","og_type":"article","og_title":"Reabren los museos y centros de interpretaci\u00f3n de la Ruta del Paisaje de los Genios","og_description":"Reabren los museos y centros de interpretaci\u00f3n de la Ruta del Paisaje de los Genios dedicados a Gaud\u00ed, Mir\u00f3, Casals y Picasso.","og_url":"https:\/\/eurecat.org\/es\/reabren-museos-centros-interpretacion-ruta-paisaje-de-los-genios-gaudi-miro-casals-picasso\/","og_site_name":"Eurecat","article_published_time":"2020-06-26T15:45:04+00:00","article_modified_time":"2021-01-19T11:52:32+00:00","og_image":[{"width":930,"height":515,"url":"https:\/\/eurecat.org\/wp-content\/uploads\/2020\/06\/MasMir\u00f3-PaisatgeGenis-Eurecat_930x515px.jpg","type":"image\/jpeg"}],"author":"eurecatNG","twitter_card":"summary_large_image","twitter_misc":{"Escrito por":"eurecatNG","Tiempo de lectura":"3 minutos"},"schema":{"@context":"https:\/\/schema.org","@graph":[{"@type":"Article","@id":"https:\/\/eurecat.org\/es\/reabren-museos-centros-interpretacion-ruta-paisaje-de-los-genios-gaudi-miro-casals-picasso\/#article","isPartOf":{"@id":"https:\/\/eurecat.org\/es\/reabren-museos-centros-interpretacion-ruta-paisaje-de-los-genios-gaudi-miro-casals-picasso\/"},"author":{"name":"eurecatNG","@id":"https:\/\/eurecat.org\/es\/#\/schema\/person\/8342992d6929ad043b305d3cac68b3f4"},"headline":"Reabren los museos y centros de interpretaci\u00f3n de la Ruta del Paisaje de los Genios dedicados a Gaud\u00ed, Mir\u00f3, Casals y Picasso","datePublished":"2020-06-26T15:45:04+00:00","dateModified":"2021-01-19T11:52:32+00:00","mainEntityOfPage":{"@id":"https:\/\/eurecat.org\/es\/reabren-museos-centros-interpretacion-ruta-paisaje-de-los-genios-gaudi-miro-casals-picasso\/"},"wordCount":601,"commentCount":0,"image":{"@id":"https:\/\/eurecat.org\/es\/reabren-museos-centros-interpretacion-ruta-paisaje-de-los-genios-gaudi-miro-casals-picasso\/#primaryimage"},"thumbnailUrl":"https:\/\/eurecat.org\/wp-content\/uploads\/2020\/06\/MasMir\u00f3-PaisatgeGenis-Eurecat_930x515px.jpg","articleSection":["Notas de prensa","Turisme"],"inLanguage":"es","potentialAction":[{"@type":"CommentAction","name":"Comment","target":["https:\/\/eurecat.org\/es\/reabren-museos-centros-interpretacion-ruta-paisaje-de-los-genios-gaudi-miro-casals-picasso\/#respond"]}]},{"@type":"WebPage","@id":"https:\/\/eurecat.org\/es\/reabren-museos-centros-interpretacion-ruta-paisaje-de-los-genios-gaudi-miro-casals-picasso\/","url":"https:\/\/eurecat.org\/es\/reabren-museos-centros-interpretacion-ruta-paisaje-de-los-genios-gaudi-miro-casals-picasso\/","name":"Reabren los museos y centros de interpretaci\u00f3n de la Ruta del Paisaje de los Genios","isPartOf":{"@id":"https:\/\/eurecat.org\/es\/#website"},"primaryImageOfPage":{"@id":"https:\/\/eurecat.org\/es\/reabren-museos-centros-interpretacion-ruta-paisaje-de-los-genios-gaudi-miro-casals-picasso\/#primaryimage"},"image":{"@id":"https:\/\/eurecat.org\/es\/reabren-museos-centros-interpretacion-ruta-paisaje-de-los-genios-gaudi-miro-casals-picasso\/#primaryimage"},"thumbnailUrl":"https:\/\/eurecat.org\/wp-content\/uploads\/2020\/06\/MasMir\u00f3-PaisatgeGenis-Eurecat_930x515px.jpg","datePublished":"2020-06-26T15:45:04+00:00","dateModified":"2021-01-19T11:52:32+00:00","author":{"@id":"https:\/\/eurecat.org\/es\/#\/schema\/person\/8342992d6929ad043b305d3cac68b3f4"},"description":"Reabren los museos y centros de interpretaci\u00f3n de la Ruta del Paisaje de los Genios dedicados a Gaud\u00ed, Mir\u00f3, Casals y Picasso.","breadcrumb":{"@id":"https:\/\/eurecat.org\/es\/reabren-museos-centros-interpretacion-ruta-paisaje-de-los-genios-gaudi-miro-casals-picasso\/#breadcrumb"},"inLanguage":"es","potentialAction":[{"@type":"ReadAction","target":["https:\/\/eurecat.org\/es\/reabren-museos-centros-interpretacion-ruta-paisaje-de-los-genios-gaudi-miro-casals-picasso\/"]}]},{"@type":"ImageObject","inLanguage":"es","@id":"https:\/\/eurecat.org\/es\/reabren-museos-centros-interpretacion-ruta-paisaje-de-los-genios-gaudi-miro-casals-picasso\/#primaryimage","url":"https:\/\/eurecat.org\/wp-content\/uploads\/2020\/06\/MasMir\u00f3-PaisatgeGenis-Eurecat_930x515px.jpg","contentUrl":"https:\/\/eurecat.org\/wp-content\/uploads\/2020\/06\/MasMir\u00f3-PaisatgeGenis-Eurecat_930x515px.jpg","width":930,"height":515,"caption":"Eurecat paisatge dels genis"},{"@type":"BreadcrumbList","@id":"https:\/\/eurecat.org\/es\/reabren-museos-centros-interpretacion-ruta-paisaje-de-los-genios-gaudi-miro-casals-picasso\/#breadcrumb","itemListElement":[{"@type":"ListItem","position":1,"name":"Inici","item":"https:\/\/eurecat.org\/es\/"},{"@type":"ListItem","position":2,"name":"Reabren los museos y centros de interpretaci\u00f3n de la Ruta del Paisaje de los Genios dedicados a Gaud\u00ed, Mir\u00f3, Casals y Picasso"}]},{"@type":"WebSite","@id":"https:\/\/eurecat.org\/es\/#website","url":"https:\/\/eurecat.org\/es\/","name":"Eurecat","description":"Otro sitio realizado con WordPress","potentialAction":[{"@type":"SearchAction","target":{"@type":"EntryPoint","urlTemplate":"https:\/\/eurecat.org\/es\/?s={search_term_string}"},"query-input":{"@type":"PropertyValueSpecification","valueRequired":true,"valueName":"search_term_string"}}],"inLanguage":"es"},{"@type":"Person","@id":"https:\/\/eurecat.org\/es\/#\/schema\/person\/8342992d6929ad043b305d3cac68b3f4","name":"eurecatNG","image":{"@type":"ImageObject","inLanguage":"es","@id":"https:\/\/secure.gravatar.com\/avatar\/63200cb70ae4f15a0f673050f36df149dba802bea7614e8f838aaccfcf8ea11d?s=96&d=mm&r=g","url":"https:\/\/secure.gravatar.com\/avatar\/63200cb70ae4f15a0f673050f36df149dba802bea7614e8f838aaccfcf8ea11d?s=96&d=mm&r=g","contentUrl":"https:\/\/secure.gravatar.com\/avatar\/63200cb70ae4f15a0f673050f36df149dba802bea7614e8f838aaccfcf8ea11d?s=96&d=mm&r=g","caption":"eurecatNG"}}]}},"_links":{"self":[{"href":"https:\/\/eurecat.org\/es\/wp-json\/wp\/v2\/posts\/102597","targetHints":{"allow":["GET"]}}],"collection":[{"href":"https:\/\/eurecat.org\/es\/wp-json\/wp\/v2\/posts"}],"about":[{"href":"https:\/\/eurecat.org\/es\/wp-json\/wp\/v2\/types\/post"}],"author":[{"embeddable":true,"href":"https:\/\/eurecat.org\/es\/wp-json\/wp\/v2\/users\/27"}],"replies":[{"embeddable":true,"href":"https:\/\/eurecat.org\/es\/wp-json\/wp\/v2\/comments?post=102597"}],"version-history":[{"count":0,"href":"https:\/\/eurecat.org\/es\/wp-json\/wp\/v2\/posts\/102597\/revisions"}],"wp:featuredmedia":[{"embeddable":true,"href":"https:\/\/eurecat.org\/es\/wp-json\/wp\/v2\/media\/102595"}],"wp:attachment":[{"href":"https:\/\/eurecat.org\/es\/wp-json\/wp\/v2\/media?parent=102597"}],"wp:term":[{"taxonomy":"category","embeddable":true,"href":"https:\/\/eurecat.org\/es\/wp-json\/wp\/v2\/categories?post=102597"},{"taxonomy":"post_tag","embeddable":true,"href":"https:\/\/eurecat.org\/es\/wp-json\/wp\/v2\/tags?post=102597"}],"curies":[{"name":"wp","href":"https:\/\/api.w.org\/{rel}","templated":true}]}}