{"id":104589,"date":"2020-09-02T10:50:09","date_gmt":"2020-09-02T10:50:09","guid":{"rendered":"https:\/\/eurecat.org\/?p=104589"},"modified":"2020-09-09T07:58:15","modified_gmt":"2020-09-09T07:58:15","slug":"eurecat-se-incorpora-al-cluster-audiovisual-de-cataluna","status":"publish","type":"post","link":"https:\/\/eurecat.org\/es\/eurecat-se-incorpora-al-cluster-audiovisual-de-cataluna\/","title":{"rendered":"Eurecat se incorpora al Cl\u00faster Audiovisual de Catalu\u00f1a"},"content":{"rendered":"<p>El centro tecnol\u00f3gico <strong><a href=\"http:\/\/eurecat.org\/es\/\" target=\"_blank\" rel=\"noopener noreferrer\">Eurecat<\/a><\/strong> se ha incorporado al <strong><a href=\"http:\/\/es.clusteraudiovisual.cat\/\" target=\"_blank\" rel=\"noopener noreferrer\">Cl\u00faster Audiovisual de Catalu\u00f1a<\/a><\/strong>, que actualmente agrupa a 125 de las principales empresas de la industria audiovisual catalana, que engloban actividades de producci\u00f3n, servicios de producci\u00f3n, postproducci\u00f3n, VFX, distribuci\u00f3n, exhibici\u00f3n, operadores de radio y televisi\u00f3n, TIC audiovisual, telecomunicaciones, fotograf\u00eda, realidad virtual, videojuegos y publicidad.<\/p>\n<p>Esta incorporaci\u00f3n resulta de la experiencia de colaboraci\u00f3n seguida hasta ahora entre ambas entidades y responde al objetivo de dar un mayor impulso a la innovaci\u00f3n tecnol\u00f3gica en las diferentes esferas que configuran la actividad audiovisual en la actualidad y aprovechar las oportunidades existentes y futuras en este campo.<\/p>\n<p>El Cl\u00faster Audiovisual de Catalu\u00f1a promueve la conexi\u00f3n entre las empresas del sector e impulsa el conocimiento y la innovaci\u00f3n a trav\u00e9s de colaboraciones y de la organizaci\u00f3n de un amplio programa de conferencias y workshops, entre los que destaca la Semana del Talento Audiovisual, celebrada anualmente y que tiene por objetivo conectar el talento emergente y la industria para innovar y encontrar nuevos formatos. El Cl\u00faster Audiovisual potencia tambi\u00e9n la internacionalizaci\u00f3n del sector audiovisual catal\u00e1n y trabaja para convertir Barcelona y Catalu\u00f1a en un hub internacional del sector audiovisual y posicionarlo como un polo relevante en el sur de Europa. En este sentido destaca la pr\u00f3xima celebraci\u00f3n en Barcelona de la feria ISE, referente mundial del audiovisual, que marcar\u00e1 un punto de inflexi\u00f3n decisivo para el sector.<\/p>\n<h2>Adhesiones de referentes del sector<\/h2>\n<p>De acuerdo con el Cl\u00faster Audiovisual de Catalu\u00f1a, las nuevas incorporaciones lo consolidan como uno de los cl\u00fasteres audiovisuales de referencia no solo en Espa\u00f1a, sino tambi\u00e9n en Europa, por detr\u00e1s de cl\u00fasteres de pa\u00edses de referencia audiovisual como Francia o Alemania.<\/p>\n<p>De entre los nuevos miembros destacan, adem\u00e1s de Eurecat, las universidades La Salle, la Universitat de Vic y la Universitat UIC. Tambi\u00e9n se han adherido referentes como la Fundaci\u00f3 \u00c8pica La Fura dels Baus y empresas de base tecnol\u00f3gica, una de las verticales cada vez m\u00e1s destacadas del Cl\u00faster Audiovisual de Catalu\u00f1a. Tambi\u00e9n se han incorporado empresas tecnol\u00f3gicas, de realidad virtual y del videojuego como Virtual Zenit, SONO, Mediadata, Starloop Studios, Creatica y NRD Multimedia y se han sumado al Cl\u00faster APAC, Bakery, Fertramit, Planhmedia, Mimesis Contents y Sabatellini.<\/p>\n","protected":false},"excerpt":{"rendered":"<p>El centro tecnol\u00f3gico Eurecat se ha incorporado al Cl\u00faster Audiovisual de Catalu\u00f1a, que actualmente agrupa a 125 de las principales empresas de la industria audiovisual catalana, que engloban actividades de producci\u00f3n, servicios de producci\u00f3n, postproducci\u00f3n, VFX, distribuci\u00f3n, exhibici\u00f3n, operadores de radio y televisi\u00f3n, TIC audiovisual, telecomunicaciones, fotograf\u00eda, realidad virtual, videojuegos y publicidad. Esta incorporaci\u00f3n resulta  [&#8230;]<\/p>\n","protected":false},"author":27,"featured_media":104587,"comment_status":"open","ping_status":"closed","sticky":false,"template":"","format":"standard","meta":{"footnotes":""},"categories":[394,682,134],"tags":[],"class_list":["post-104589","post","type-post","status-publish","format-standard","has-post-thumbnail","hentry","category-consultoria-es","category-corporatiu-es","category-notas-de-prensa"],"yoast_head":"<!-- This site is optimized with the Yoast SEO plugin v27.5 - https:\/\/yoast.com\/product\/yoast-seo-wordpress\/ -->\n<title>Eurecat se incorpora al Cl\u00faster Audiovisual de Catalu\u00f1a - Eurecat<\/title>\n<meta name=\"description\" content=\"Eurecat se ha incorporado al Cl\u00faster Audiovisual de Catalu\u00f1a, que agrupa 125 de las principales empresas de la industria audiovisual catalana\" \/>\n<meta name=\"robots\" content=\"index, follow, max-snippet:-1, max-image-preview:large, max-video-preview:-1\" \/>\n<link rel=\"canonical\" href=\"https:\/\/eurecat.org\/es\/eurecat-se-incorpora-al-cluster-audiovisual-de-cataluna\/\" \/>\n<meta property=\"og:locale\" content=\"es_ES\" \/>\n<meta property=\"og:type\" content=\"article\" \/>\n<meta property=\"og:title\" content=\"Eurecat se incorpora al Cl\u00faster Audiovisual de Catalu\u00f1a - Eurecat\" \/>\n<meta property=\"og:description\" content=\"Eurecat se ha incorporado al Cl\u00faster Audiovisual de Catalu\u00f1a, que agrupa 125 de las principales empresas de la industria audiovisual catalana\" \/>\n<meta property=\"og:url\" content=\"https:\/\/eurecat.org\/es\/eurecat-se-incorpora-al-cluster-audiovisual-de-cataluna\/\" \/>\n<meta property=\"og:site_name\" content=\"Eurecat\" \/>\n<meta property=\"article:published_time\" content=\"2020-09-02T10:50:09+00:00\" \/>\n<meta property=\"article:modified_time\" content=\"2020-09-09T07:58:15+00:00\" \/>\n<meta property=\"og:image\" content=\"https:\/\/eurecat.org\/wp-content\/uploads\/2020\/09\/Eurecat-audiovisual_930x515px.jpg\" \/>\n\t<meta property=\"og:image:width\" content=\"930\" \/>\n\t<meta property=\"og:image:height\" content=\"515\" \/>\n\t<meta property=\"og:image:type\" content=\"image\/jpeg\" \/>\n<meta name=\"author\" content=\"eurecatNG\" \/>\n<meta name=\"twitter:card\" content=\"summary_large_image\" \/>\n<meta name=\"twitter:label1\" content=\"Escrito por\" \/>\n\t<meta name=\"twitter:data1\" content=\"eurecatNG\" \/>\n\t<meta name=\"twitter:label2\" content=\"Tiempo de lectura\" \/>\n\t<meta name=\"twitter:data2\" content=\"2 minutos\" \/>\n<script type=\"application\/ld+json\" class=\"yoast-schema-graph\">{\"@context\":\"https:\\\/\\\/schema.org\",\"@graph\":[{\"@type\":\"Article\",\"@id\":\"https:\\\/\\\/eurecat.org\\\/es\\\/eurecat-se-incorpora-al-cluster-audiovisual-de-cataluna\\\/#article\",\"isPartOf\":{\"@id\":\"https:\\\/\\\/eurecat.org\\\/es\\\/eurecat-se-incorpora-al-cluster-audiovisual-de-cataluna\\\/\"},\"author\":{\"name\":\"eurecatNG\",\"@id\":\"https:\\\/\\\/eurecat.org\\\/es\\\/#\\\/schema\\\/person\\\/8342992d6929ad043b305d3cac68b3f4\"},\"headline\":\"Eurecat se incorpora al Cl\u00faster Audiovisual de Catalu\u00f1a\",\"datePublished\":\"2020-09-02T10:50:09+00:00\",\"dateModified\":\"2020-09-09T07:58:15+00:00\",\"mainEntityOfPage\":{\"@id\":\"https:\\\/\\\/eurecat.org\\\/es\\\/eurecat-se-incorpora-al-cluster-audiovisual-de-cataluna\\\/\"},\"wordCount\":419,\"commentCount\":0,\"image\":{\"@id\":\"https:\\\/\\\/eurecat.org\\\/es\\\/eurecat-se-incorpora-al-cluster-audiovisual-de-cataluna\\\/#primaryimage\"},\"thumbnailUrl\":\"https:\\\/\\\/eurecat.org\\\/wp-content\\\/uploads\\\/2020\\\/09\\\/Eurecat-audiovisual_930x515px.jpg\",\"articleSection\":[\"Consultor\u00eda\",\"Corporativo\",\"Notas de prensa\"],\"inLanguage\":\"es\",\"potentialAction\":[{\"@type\":\"CommentAction\",\"name\":\"Comment\",\"target\":[\"https:\\\/\\\/eurecat.org\\\/es\\\/eurecat-se-incorpora-al-cluster-audiovisual-de-cataluna\\\/#respond\"]}]},{\"@type\":\"WebPage\",\"@id\":\"https:\\\/\\\/eurecat.org\\\/es\\\/eurecat-se-incorpora-al-cluster-audiovisual-de-cataluna\\\/\",\"url\":\"https:\\\/\\\/eurecat.org\\\/es\\\/eurecat-se-incorpora-al-cluster-audiovisual-de-cataluna\\\/\",\"name\":\"Eurecat se incorpora al Cl\u00faster Audiovisual de Catalu\u00f1a - Eurecat\",\"isPartOf\":{\"@id\":\"https:\\\/\\\/eurecat.org\\\/es\\\/#website\"},\"primaryImageOfPage\":{\"@id\":\"https:\\\/\\\/eurecat.org\\\/es\\\/eurecat-se-incorpora-al-cluster-audiovisual-de-cataluna\\\/#primaryimage\"},\"image\":{\"@id\":\"https:\\\/\\\/eurecat.org\\\/es\\\/eurecat-se-incorpora-al-cluster-audiovisual-de-cataluna\\\/#primaryimage\"},\"thumbnailUrl\":\"https:\\\/\\\/eurecat.org\\\/wp-content\\\/uploads\\\/2020\\\/09\\\/Eurecat-audiovisual_930x515px.jpg\",\"datePublished\":\"2020-09-02T10:50:09+00:00\",\"dateModified\":\"2020-09-09T07:58:15+00:00\",\"author\":{\"@id\":\"https:\\\/\\\/eurecat.org\\\/es\\\/#\\\/schema\\\/person\\\/8342992d6929ad043b305d3cac68b3f4\"},\"description\":\"Eurecat se ha incorporado al Cl\u00faster Audiovisual de Catalu\u00f1a, que agrupa 125 de las principales empresas de la industria audiovisual catalana\",\"breadcrumb\":{\"@id\":\"https:\\\/\\\/eurecat.org\\\/es\\\/eurecat-se-incorpora-al-cluster-audiovisual-de-cataluna\\\/#breadcrumb\"},\"inLanguage\":\"es\",\"potentialAction\":[{\"@type\":\"ReadAction\",\"target\":[\"https:\\\/\\\/eurecat.org\\\/es\\\/eurecat-se-incorpora-al-cluster-audiovisual-de-cataluna\\\/\"]}]},{\"@type\":\"ImageObject\",\"inLanguage\":\"es\",\"@id\":\"https:\\\/\\\/eurecat.org\\\/es\\\/eurecat-se-incorpora-al-cluster-audiovisual-de-cataluna\\\/#primaryimage\",\"url\":\"https:\\\/\\\/eurecat.org\\\/wp-content\\\/uploads\\\/2020\\\/09\\\/Eurecat-audiovisual_930x515px.jpg\",\"contentUrl\":\"https:\\\/\\\/eurecat.org\\\/wp-content\\\/uploads\\\/2020\\\/09\\\/Eurecat-audiovisual_930x515px.jpg\",\"width\":930,\"height\":515,\"caption\":\"eurecat cl\u00faster audiovisual de catalunya\"},{\"@type\":\"BreadcrumbList\",\"@id\":\"https:\\\/\\\/eurecat.org\\\/es\\\/eurecat-se-incorpora-al-cluster-audiovisual-de-cataluna\\\/#breadcrumb\",\"itemListElement\":[{\"@type\":\"ListItem\",\"position\":1,\"name\":\"Inici\",\"item\":\"https:\\\/\\\/eurecat.org\\\/es\\\/\"},{\"@type\":\"ListItem\",\"position\":2,\"name\":\"Eurecat se incorpora al Cl\u00faster Audiovisual de Catalu\u00f1a\"}]},{\"@type\":\"WebSite\",\"@id\":\"https:\\\/\\\/eurecat.org\\\/es\\\/#website\",\"url\":\"https:\\\/\\\/eurecat.org\\\/es\\\/\",\"name\":\"Eurecat\",\"description\":\"Otro sitio realizado con WordPress\",\"potentialAction\":[{\"@type\":\"SearchAction\",\"target\":{\"@type\":\"EntryPoint\",\"urlTemplate\":\"https:\\\/\\\/eurecat.org\\\/es\\\/?s={search_term_string}\"},\"query-input\":{\"@type\":\"PropertyValueSpecification\",\"valueRequired\":true,\"valueName\":\"search_term_string\"}}],\"inLanguage\":\"es\"},{\"@type\":\"Person\",\"@id\":\"https:\\\/\\\/eurecat.org\\\/es\\\/#\\\/schema\\\/person\\\/8342992d6929ad043b305d3cac68b3f4\",\"name\":\"eurecatNG\",\"image\":{\"@type\":\"ImageObject\",\"inLanguage\":\"es\",\"@id\":\"https:\\\/\\\/secure.gravatar.com\\\/avatar\\\/63200cb70ae4f15a0f673050f36df149dba802bea7614e8f838aaccfcf8ea11d?s=96&d=mm&r=g\",\"url\":\"https:\\\/\\\/secure.gravatar.com\\\/avatar\\\/63200cb70ae4f15a0f673050f36df149dba802bea7614e8f838aaccfcf8ea11d?s=96&d=mm&r=g\",\"contentUrl\":\"https:\\\/\\\/secure.gravatar.com\\\/avatar\\\/63200cb70ae4f15a0f673050f36df149dba802bea7614e8f838aaccfcf8ea11d?s=96&d=mm&r=g\",\"caption\":\"eurecatNG\"}}]}<\/script>\n<!-- \/ Yoast SEO plugin. -->","yoast_head_json":{"title":"Eurecat se incorpora al Cl\u00faster Audiovisual de Catalu\u00f1a - Eurecat","description":"Eurecat se ha incorporado al Cl\u00faster Audiovisual de Catalu\u00f1a, que agrupa 125 de las principales empresas de la industria audiovisual catalana","robots":{"index":"index","follow":"follow","max-snippet":"max-snippet:-1","max-image-preview":"max-image-preview:large","max-video-preview":"max-video-preview:-1"},"canonical":"https:\/\/eurecat.org\/es\/eurecat-se-incorpora-al-cluster-audiovisual-de-cataluna\/","og_locale":"es_ES","og_type":"article","og_title":"Eurecat se incorpora al Cl\u00faster Audiovisual de Catalu\u00f1a - Eurecat","og_description":"Eurecat se ha incorporado al Cl\u00faster Audiovisual de Catalu\u00f1a, que agrupa 125 de las principales empresas de la industria audiovisual catalana","og_url":"https:\/\/eurecat.org\/es\/eurecat-se-incorpora-al-cluster-audiovisual-de-cataluna\/","og_site_name":"Eurecat","article_published_time":"2020-09-02T10:50:09+00:00","article_modified_time":"2020-09-09T07:58:15+00:00","og_image":[{"width":930,"height":515,"url":"https:\/\/eurecat.org\/wp-content\/uploads\/2020\/09\/Eurecat-audiovisual_930x515px.jpg","type":"image\/jpeg"}],"author":"eurecatNG","twitter_card":"summary_large_image","twitter_misc":{"Escrito por":"eurecatNG","Tiempo de lectura":"2 minutos"},"schema":{"@context":"https:\/\/schema.org","@graph":[{"@type":"Article","@id":"https:\/\/eurecat.org\/es\/eurecat-se-incorpora-al-cluster-audiovisual-de-cataluna\/#article","isPartOf":{"@id":"https:\/\/eurecat.org\/es\/eurecat-se-incorpora-al-cluster-audiovisual-de-cataluna\/"},"author":{"name":"eurecatNG","@id":"https:\/\/eurecat.org\/es\/#\/schema\/person\/8342992d6929ad043b305d3cac68b3f4"},"headline":"Eurecat se incorpora al Cl\u00faster Audiovisual de Catalu\u00f1a","datePublished":"2020-09-02T10:50:09+00:00","dateModified":"2020-09-09T07:58:15+00:00","mainEntityOfPage":{"@id":"https:\/\/eurecat.org\/es\/eurecat-se-incorpora-al-cluster-audiovisual-de-cataluna\/"},"wordCount":419,"commentCount":0,"image":{"@id":"https:\/\/eurecat.org\/es\/eurecat-se-incorpora-al-cluster-audiovisual-de-cataluna\/#primaryimage"},"thumbnailUrl":"https:\/\/eurecat.org\/wp-content\/uploads\/2020\/09\/Eurecat-audiovisual_930x515px.jpg","articleSection":["Consultor\u00eda","Corporativo","Notas de prensa"],"inLanguage":"es","potentialAction":[{"@type":"CommentAction","name":"Comment","target":["https:\/\/eurecat.org\/es\/eurecat-se-incorpora-al-cluster-audiovisual-de-cataluna\/#respond"]}]},{"@type":"WebPage","@id":"https:\/\/eurecat.org\/es\/eurecat-se-incorpora-al-cluster-audiovisual-de-cataluna\/","url":"https:\/\/eurecat.org\/es\/eurecat-se-incorpora-al-cluster-audiovisual-de-cataluna\/","name":"Eurecat se incorpora al Cl\u00faster Audiovisual de Catalu\u00f1a - Eurecat","isPartOf":{"@id":"https:\/\/eurecat.org\/es\/#website"},"primaryImageOfPage":{"@id":"https:\/\/eurecat.org\/es\/eurecat-se-incorpora-al-cluster-audiovisual-de-cataluna\/#primaryimage"},"image":{"@id":"https:\/\/eurecat.org\/es\/eurecat-se-incorpora-al-cluster-audiovisual-de-cataluna\/#primaryimage"},"thumbnailUrl":"https:\/\/eurecat.org\/wp-content\/uploads\/2020\/09\/Eurecat-audiovisual_930x515px.jpg","datePublished":"2020-09-02T10:50:09+00:00","dateModified":"2020-09-09T07:58:15+00:00","author":{"@id":"https:\/\/eurecat.org\/es\/#\/schema\/person\/8342992d6929ad043b305d3cac68b3f4"},"description":"Eurecat se ha incorporado al Cl\u00faster Audiovisual de Catalu\u00f1a, que agrupa 125 de las principales empresas de la industria audiovisual catalana","breadcrumb":{"@id":"https:\/\/eurecat.org\/es\/eurecat-se-incorpora-al-cluster-audiovisual-de-cataluna\/#breadcrumb"},"inLanguage":"es","potentialAction":[{"@type":"ReadAction","target":["https:\/\/eurecat.org\/es\/eurecat-se-incorpora-al-cluster-audiovisual-de-cataluna\/"]}]},{"@type":"ImageObject","inLanguage":"es","@id":"https:\/\/eurecat.org\/es\/eurecat-se-incorpora-al-cluster-audiovisual-de-cataluna\/#primaryimage","url":"https:\/\/eurecat.org\/wp-content\/uploads\/2020\/09\/Eurecat-audiovisual_930x515px.jpg","contentUrl":"https:\/\/eurecat.org\/wp-content\/uploads\/2020\/09\/Eurecat-audiovisual_930x515px.jpg","width":930,"height":515,"caption":"eurecat cl\u00faster audiovisual de catalunya"},{"@type":"BreadcrumbList","@id":"https:\/\/eurecat.org\/es\/eurecat-se-incorpora-al-cluster-audiovisual-de-cataluna\/#breadcrumb","itemListElement":[{"@type":"ListItem","position":1,"name":"Inici","item":"https:\/\/eurecat.org\/es\/"},{"@type":"ListItem","position":2,"name":"Eurecat se incorpora al Cl\u00faster Audiovisual de Catalu\u00f1a"}]},{"@type":"WebSite","@id":"https:\/\/eurecat.org\/es\/#website","url":"https:\/\/eurecat.org\/es\/","name":"Eurecat","description":"Otro sitio realizado con WordPress","potentialAction":[{"@type":"SearchAction","target":{"@type":"EntryPoint","urlTemplate":"https:\/\/eurecat.org\/es\/?s={search_term_string}"},"query-input":{"@type":"PropertyValueSpecification","valueRequired":true,"valueName":"search_term_string"}}],"inLanguage":"es"},{"@type":"Person","@id":"https:\/\/eurecat.org\/es\/#\/schema\/person\/8342992d6929ad043b305d3cac68b3f4","name":"eurecatNG","image":{"@type":"ImageObject","inLanguage":"es","@id":"https:\/\/secure.gravatar.com\/avatar\/63200cb70ae4f15a0f673050f36df149dba802bea7614e8f838aaccfcf8ea11d?s=96&d=mm&r=g","url":"https:\/\/secure.gravatar.com\/avatar\/63200cb70ae4f15a0f673050f36df149dba802bea7614e8f838aaccfcf8ea11d?s=96&d=mm&r=g","contentUrl":"https:\/\/secure.gravatar.com\/avatar\/63200cb70ae4f15a0f673050f36df149dba802bea7614e8f838aaccfcf8ea11d?s=96&d=mm&r=g","caption":"eurecatNG"}}]}},"_links":{"self":[{"href":"https:\/\/eurecat.org\/es\/wp-json\/wp\/v2\/posts\/104589","targetHints":{"allow":["GET"]}}],"collection":[{"href":"https:\/\/eurecat.org\/es\/wp-json\/wp\/v2\/posts"}],"about":[{"href":"https:\/\/eurecat.org\/es\/wp-json\/wp\/v2\/types\/post"}],"author":[{"embeddable":true,"href":"https:\/\/eurecat.org\/es\/wp-json\/wp\/v2\/users\/27"}],"replies":[{"embeddable":true,"href":"https:\/\/eurecat.org\/es\/wp-json\/wp\/v2\/comments?post=104589"}],"version-history":[{"count":0,"href":"https:\/\/eurecat.org\/es\/wp-json\/wp\/v2\/posts\/104589\/revisions"}],"wp:featuredmedia":[{"embeddable":true,"href":"https:\/\/eurecat.org\/es\/wp-json\/wp\/v2\/media\/104587"}],"wp:attachment":[{"href":"https:\/\/eurecat.org\/es\/wp-json\/wp\/v2\/media?parent=104589"}],"wp:term":[{"taxonomy":"category","embeddable":true,"href":"https:\/\/eurecat.org\/es\/wp-json\/wp\/v2\/categories?post=104589"},{"taxonomy":"post_tag","embeddable":true,"href":"https:\/\/eurecat.org\/es\/wp-json\/wp\/v2\/tags?post=104589"}],"curies":[{"name":"wp","href":"https:\/\/api.w.org\/{rel}","templated":true}]}}