{"id":105679,"date":"2020-09-25T11:00:41","date_gmt":"2020-09-25T11:00:41","guid":{"rendered":"https:\/\/eurecat.org\/?p=105679"},"modified":"2021-01-19T11:17:46","modified_gmt":"2021-01-19T11:17:46","slug":"expertos-debatiran-digitalizacion-salud-mejorar-experiencia-paciente","status":"publish","type":"post","link":"https:\/\/eurecat.org\/es\/expertos-debatiran-digitalizacion-salud-mejorar-experiencia-paciente\/","title":{"rendered":"Expertos debatir\u00e1n sobre la digitalizaci\u00f3n de la salud para mejorar la experiencia del paciente"},"content":{"rendered":"<p>La quinta edici\u00f3n del congreso <a href=\"https:\/\/xpatientbcncongress.com\/es\" target=\"_blank\" rel=\"noopener noreferrer\"><strong>XPatient Barcelona Congress<\/strong><\/a>, que se celebrar\u00e1 el 29 y 30 de septiembre en formato virtual, abordar\u00e1 nuevas<strong> soluciones tecnol\u00f3gicas<\/strong> y casos de \u00e9xito que inciden en la <strong>mejora de la experiencia<\/strong> y en el <strong>empoderamiento del paciente<\/strong> y pondr\u00e1 en valor los aprendizajes de enfermos y profesionales durante la crisis sanitaria de la COVID-19.<\/p>\n<p>Este a\u00f1o, el XPatient Barcelona Congress 2020 se dividir\u00e1 en dos jornadas, la primera de las cuales acoger\u00e1 los seminarios de especializaci\u00f3n \u201cLa gesti\u00f3n tecnol\u00f3gica y la innovaci\u00f3n\u201d y \u201cLa evaluaci\u00f3n de la experiencia del paciente\u201d, que recoger\u00e1n testimonios, ponencias y debates que pondr\u00e1n en valor la incorporaci\u00f3n de la tecnolog\u00eda en el modelo asistencial, desde la perspectiva de startups, empresas e instituciones, as\u00ed como de profesionales de la salud y pacientes, que hablar\u00e1n sobre su proceso de participaci\u00f3n en el sistema. El mi\u00e9rcoles 30 de septiembre, el congreso acoger\u00e1 las presentaciones de las iniciativas innovadoras y los casos de \u00e9xito seleccionados, que contribuyen a la mejora de la experiencia del paciente y del cuidador.<\/p>\n<p>El XPatient Barcelona Congress es un evento organizado por el centro tecnol\u00f3gico <a href=\"https:\/\/eurecat.org\/es\/\" target=\"_blank\" rel=\"noopener noreferrer\">Eurecat<\/a>, del Hospital Cl\u00ednic de Barcelona y la Fundaci\u00f3 TIC Salut Social, con el impulso de la comunidad de pr\u00e1ctica XPA Barcelona (Experiencia del Paciente).<\/p>\n","protected":false},"excerpt":{"rendered":"<p>La quinta edici\u00f3n del congreso XPatient Barcelona Congress, que se celebrar\u00e1 el 29 y 30 de septiembre en formato virtual, abordar\u00e1 nuevas soluciones tecnol\u00f3gicas y casos de \u00e9xito que inciden en la mejora de la experiencia y en el empoderamiento del paciente y pondr\u00e1 en valor los aprendizajes de enfermos y profesionales durante la crisis  [&#8230;]<\/p>\n","protected":false},"author":27,"featured_media":105674,"comment_status":"open","ping_status":"closed","sticky":false,"template":"","format":"standard","meta":{"footnotes":""},"categories":[397,702,134,2283],"tags":[],"class_list":["post-105679","post","type-post","status-publish","format-standard","has-post-thumbnail","hentry","category-e-health-es","category-eventos","category-notas-de-prensa","category-salud"],"yoast_head":"<!-- This site is optimized with the Yoast SEO plugin v27.5 - https:\/\/yoast.com\/product\/yoast-seo-wordpress\/ -->\n<title>Digitalizaci\u00f3n de la salud para mejorar la experiencia del paciente<\/title>\n<meta name=\"description\" content=\"Expertos debatir\u00e1n sobre la digitalizaci\u00f3n de la salud para mejorar la experiencia del paciente, en el XPatient Barcelona Congress.\" \/>\n<meta name=\"robots\" content=\"index, follow, max-snippet:-1, max-image-preview:large, max-video-preview:-1\" \/>\n<link rel=\"canonical\" href=\"https:\/\/eurecat.org\/es\/expertos-debatiran-digitalizacion-salud-mejorar-experiencia-paciente\/\" \/>\n<meta property=\"og:locale\" content=\"es_ES\" \/>\n<meta property=\"og:type\" content=\"article\" \/>\n<meta property=\"og:title\" content=\"Digitalizaci\u00f3n de la salud para mejorar la experiencia del paciente\" \/>\n<meta property=\"og:description\" content=\"Expertos debatir\u00e1n sobre la digitalizaci\u00f3n de la salud para mejorar la experiencia del paciente, en el XPatient Barcelona Congress.\" \/>\n<meta property=\"og:url\" content=\"https:\/\/eurecat.org\/es\/expertos-debatiran-digitalizacion-salud-mejorar-experiencia-paciente\/\" \/>\n<meta property=\"og:site_name\" content=\"Eurecat\" \/>\n<meta property=\"article:published_time\" content=\"2020-09-25T11:00:41+00:00\" \/>\n<meta property=\"article:modified_time\" content=\"2021-01-19T11:17:46+00:00\" \/>\n<meta property=\"og:image\" content=\"https:\/\/eurecat.org\/wp-content\/uploads\/2020\/09\/XPATIENT_Imagotip_cat_750x400.jpg\" \/>\n\t<meta property=\"og:image:width\" content=\"750\" \/>\n\t<meta property=\"og:image:height\" content=\"400\" \/>\n\t<meta property=\"og:image:type\" content=\"image\/jpeg\" \/>\n<meta name=\"author\" content=\"eurecatNG\" \/>\n<meta name=\"twitter:card\" content=\"summary_large_image\" \/>\n<meta name=\"twitter:label1\" content=\"Escrito por\" \/>\n\t<meta name=\"twitter:data1\" content=\"eurecatNG\" \/>\n\t<meta name=\"twitter:label2\" content=\"Tiempo de lectura\" \/>\n\t<meta name=\"twitter:data2\" content=\"1 minuto\" \/>\n<script type=\"application\/ld+json\" class=\"yoast-schema-graph\">{\"@context\":\"https:\\\/\\\/schema.org\",\"@graph\":[{\"@type\":\"Article\",\"@id\":\"https:\\\/\\\/eurecat.org\\\/es\\\/expertos-debatiran-digitalizacion-salud-mejorar-experiencia-paciente\\\/#article\",\"isPartOf\":{\"@id\":\"https:\\\/\\\/eurecat.org\\\/es\\\/expertos-debatiran-digitalizacion-salud-mejorar-experiencia-paciente\\\/\"},\"author\":{\"name\":\"eurecatNG\",\"@id\":\"https:\\\/\\\/eurecat.org\\\/es\\\/#\\\/schema\\\/person\\\/8342992d6929ad043b305d3cac68b3f4\"},\"headline\":\"Expertos debatir\u00e1n sobre la digitalizaci\u00f3n de la salud para mejorar la experiencia del paciente\",\"datePublished\":\"2020-09-25T11:00:41+00:00\",\"dateModified\":\"2021-01-19T11:17:46+00:00\",\"mainEntityOfPage\":{\"@id\":\"https:\\\/\\\/eurecat.org\\\/es\\\/expertos-debatiran-digitalizacion-salud-mejorar-experiencia-paciente\\\/\"},\"wordCount\":241,\"commentCount\":0,\"image\":{\"@id\":\"https:\\\/\\\/eurecat.org\\\/es\\\/expertos-debatiran-digitalizacion-salud-mejorar-experiencia-paciente\\\/#primaryimage\"},\"thumbnailUrl\":\"https:\\\/\\\/eurecat.org\\\/wp-content\\\/uploads\\\/2020\\\/09\\\/XPATIENT_Imagotip_cat_750x400.jpg\",\"articleSection\":[\"E-health\",\"Eventos\",\"Notas de prensa\",\"Salud\"],\"inLanguage\":\"es\",\"potentialAction\":[{\"@type\":\"CommentAction\",\"name\":\"Comment\",\"target\":[\"https:\\\/\\\/eurecat.org\\\/es\\\/expertos-debatiran-digitalizacion-salud-mejorar-experiencia-paciente\\\/#respond\"]}]},{\"@type\":\"WebPage\",\"@id\":\"https:\\\/\\\/eurecat.org\\\/es\\\/expertos-debatiran-digitalizacion-salud-mejorar-experiencia-paciente\\\/\",\"url\":\"https:\\\/\\\/eurecat.org\\\/es\\\/expertos-debatiran-digitalizacion-salud-mejorar-experiencia-paciente\\\/\",\"name\":\"Digitalizaci\u00f3n de la salud para mejorar la experiencia del paciente\",\"isPartOf\":{\"@id\":\"https:\\\/\\\/eurecat.org\\\/es\\\/#website\"},\"primaryImageOfPage\":{\"@id\":\"https:\\\/\\\/eurecat.org\\\/es\\\/expertos-debatiran-digitalizacion-salud-mejorar-experiencia-paciente\\\/#primaryimage\"},\"image\":{\"@id\":\"https:\\\/\\\/eurecat.org\\\/es\\\/expertos-debatiran-digitalizacion-salud-mejorar-experiencia-paciente\\\/#primaryimage\"},\"thumbnailUrl\":\"https:\\\/\\\/eurecat.org\\\/wp-content\\\/uploads\\\/2020\\\/09\\\/XPATIENT_Imagotip_cat_750x400.jpg\",\"datePublished\":\"2020-09-25T11:00:41+00:00\",\"dateModified\":\"2021-01-19T11:17:46+00:00\",\"author\":{\"@id\":\"https:\\\/\\\/eurecat.org\\\/es\\\/#\\\/schema\\\/person\\\/8342992d6929ad043b305d3cac68b3f4\"},\"description\":\"Expertos debatir\u00e1n sobre la digitalizaci\u00f3n de la salud para mejorar la experiencia del paciente, en el XPatient Barcelona Congress.\",\"breadcrumb\":{\"@id\":\"https:\\\/\\\/eurecat.org\\\/es\\\/expertos-debatiran-digitalizacion-salud-mejorar-experiencia-paciente\\\/#breadcrumb\"},\"inLanguage\":\"es\",\"potentialAction\":[{\"@type\":\"ReadAction\",\"target\":[\"https:\\\/\\\/eurecat.org\\\/es\\\/expertos-debatiran-digitalizacion-salud-mejorar-experiencia-paciente\\\/\"]}]},{\"@type\":\"ImageObject\",\"inLanguage\":\"es\",\"@id\":\"https:\\\/\\\/eurecat.org\\\/es\\\/expertos-debatiran-digitalizacion-salud-mejorar-experiencia-paciente\\\/#primaryimage\",\"url\":\"https:\\\/\\\/eurecat.org\\\/wp-content\\\/uploads\\\/2020\\\/09\\\/XPATIENT_Imagotip_cat_750x400.jpg\",\"contentUrl\":\"https:\\\/\\\/eurecat.org\\\/wp-content\\\/uploads\\\/2020\\\/09\\\/XPATIENT_Imagotip_cat_750x400.jpg\",\"width\":750,\"height\":400,\"caption\":\"xpatient barcelona congress\"},{\"@type\":\"BreadcrumbList\",\"@id\":\"https:\\\/\\\/eurecat.org\\\/es\\\/expertos-debatiran-digitalizacion-salud-mejorar-experiencia-paciente\\\/#breadcrumb\",\"itemListElement\":[{\"@type\":\"ListItem\",\"position\":1,\"name\":\"Inici\",\"item\":\"https:\\\/\\\/eurecat.org\\\/es\\\/\"},{\"@type\":\"ListItem\",\"position\":2,\"name\":\"Expertos debatir\u00e1n sobre la digitalizaci\u00f3n de la salud para mejorar la experiencia del paciente\"}]},{\"@type\":\"WebSite\",\"@id\":\"https:\\\/\\\/eurecat.org\\\/es\\\/#website\",\"url\":\"https:\\\/\\\/eurecat.org\\\/es\\\/\",\"name\":\"Eurecat\",\"description\":\"Otro sitio realizado con WordPress\",\"potentialAction\":[{\"@type\":\"SearchAction\",\"target\":{\"@type\":\"EntryPoint\",\"urlTemplate\":\"https:\\\/\\\/eurecat.org\\\/es\\\/?s={search_term_string}\"},\"query-input\":{\"@type\":\"PropertyValueSpecification\",\"valueRequired\":true,\"valueName\":\"search_term_string\"}}],\"inLanguage\":\"es\"},{\"@type\":\"Person\",\"@id\":\"https:\\\/\\\/eurecat.org\\\/es\\\/#\\\/schema\\\/person\\\/8342992d6929ad043b305d3cac68b3f4\",\"name\":\"eurecatNG\",\"image\":{\"@type\":\"ImageObject\",\"inLanguage\":\"es\",\"@id\":\"https:\\\/\\\/secure.gravatar.com\\\/avatar\\\/63200cb70ae4f15a0f673050f36df149dba802bea7614e8f838aaccfcf8ea11d?s=96&d=mm&r=g\",\"url\":\"https:\\\/\\\/secure.gravatar.com\\\/avatar\\\/63200cb70ae4f15a0f673050f36df149dba802bea7614e8f838aaccfcf8ea11d?s=96&d=mm&r=g\",\"contentUrl\":\"https:\\\/\\\/secure.gravatar.com\\\/avatar\\\/63200cb70ae4f15a0f673050f36df149dba802bea7614e8f838aaccfcf8ea11d?s=96&d=mm&r=g\",\"caption\":\"eurecatNG\"}}]}<\/script>\n<!-- \/ Yoast SEO plugin. -->","yoast_head_json":{"title":"Digitalizaci\u00f3n de la salud para mejorar la experiencia del paciente","description":"Expertos debatir\u00e1n sobre la digitalizaci\u00f3n de la salud para mejorar la experiencia del paciente, en el XPatient Barcelona Congress.","robots":{"index":"index","follow":"follow","max-snippet":"max-snippet:-1","max-image-preview":"max-image-preview:large","max-video-preview":"max-video-preview:-1"},"canonical":"https:\/\/eurecat.org\/es\/expertos-debatiran-digitalizacion-salud-mejorar-experiencia-paciente\/","og_locale":"es_ES","og_type":"article","og_title":"Digitalizaci\u00f3n de la salud para mejorar la experiencia del paciente","og_description":"Expertos debatir\u00e1n sobre la digitalizaci\u00f3n de la salud para mejorar la experiencia del paciente, en el XPatient Barcelona Congress.","og_url":"https:\/\/eurecat.org\/es\/expertos-debatiran-digitalizacion-salud-mejorar-experiencia-paciente\/","og_site_name":"Eurecat","article_published_time":"2020-09-25T11:00:41+00:00","article_modified_time":"2021-01-19T11:17:46+00:00","og_image":[{"width":750,"height":400,"url":"https:\/\/eurecat.org\/wp-content\/uploads\/2020\/09\/XPATIENT_Imagotip_cat_750x400.jpg","type":"image\/jpeg"}],"author":"eurecatNG","twitter_card":"summary_large_image","twitter_misc":{"Escrito por":"eurecatNG","Tiempo de lectura":"1 minuto"},"schema":{"@context":"https:\/\/schema.org","@graph":[{"@type":"Article","@id":"https:\/\/eurecat.org\/es\/expertos-debatiran-digitalizacion-salud-mejorar-experiencia-paciente\/#article","isPartOf":{"@id":"https:\/\/eurecat.org\/es\/expertos-debatiran-digitalizacion-salud-mejorar-experiencia-paciente\/"},"author":{"name":"eurecatNG","@id":"https:\/\/eurecat.org\/es\/#\/schema\/person\/8342992d6929ad043b305d3cac68b3f4"},"headline":"Expertos debatir\u00e1n sobre la digitalizaci\u00f3n de la salud para mejorar la experiencia del paciente","datePublished":"2020-09-25T11:00:41+00:00","dateModified":"2021-01-19T11:17:46+00:00","mainEntityOfPage":{"@id":"https:\/\/eurecat.org\/es\/expertos-debatiran-digitalizacion-salud-mejorar-experiencia-paciente\/"},"wordCount":241,"commentCount":0,"image":{"@id":"https:\/\/eurecat.org\/es\/expertos-debatiran-digitalizacion-salud-mejorar-experiencia-paciente\/#primaryimage"},"thumbnailUrl":"https:\/\/eurecat.org\/wp-content\/uploads\/2020\/09\/XPATIENT_Imagotip_cat_750x400.jpg","articleSection":["E-health","Eventos","Notas de prensa","Salud"],"inLanguage":"es","potentialAction":[{"@type":"CommentAction","name":"Comment","target":["https:\/\/eurecat.org\/es\/expertos-debatiran-digitalizacion-salud-mejorar-experiencia-paciente\/#respond"]}]},{"@type":"WebPage","@id":"https:\/\/eurecat.org\/es\/expertos-debatiran-digitalizacion-salud-mejorar-experiencia-paciente\/","url":"https:\/\/eurecat.org\/es\/expertos-debatiran-digitalizacion-salud-mejorar-experiencia-paciente\/","name":"Digitalizaci\u00f3n de la salud para mejorar la experiencia del paciente","isPartOf":{"@id":"https:\/\/eurecat.org\/es\/#website"},"primaryImageOfPage":{"@id":"https:\/\/eurecat.org\/es\/expertos-debatiran-digitalizacion-salud-mejorar-experiencia-paciente\/#primaryimage"},"image":{"@id":"https:\/\/eurecat.org\/es\/expertos-debatiran-digitalizacion-salud-mejorar-experiencia-paciente\/#primaryimage"},"thumbnailUrl":"https:\/\/eurecat.org\/wp-content\/uploads\/2020\/09\/XPATIENT_Imagotip_cat_750x400.jpg","datePublished":"2020-09-25T11:00:41+00:00","dateModified":"2021-01-19T11:17:46+00:00","author":{"@id":"https:\/\/eurecat.org\/es\/#\/schema\/person\/8342992d6929ad043b305d3cac68b3f4"},"description":"Expertos debatir\u00e1n sobre la digitalizaci\u00f3n de la salud para mejorar la experiencia del paciente, en el XPatient Barcelona Congress.","breadcrumb":{"@id":"https:\/\/eurecat.org\/es\/expertos-debatiran-digitalizacion-salud-mejorar-experiencia-paciente\/#breadcrumb"},"inLanguage":"es","potentialAction":[{"@type":"ReadAction","target":["https:\/\/eurecat.org\/es\/expertos-debatiran-digitalizacion-salud-mejorar-experiencia-paciente\/"]}]},{"@type":"ImageObject","inLanguage":"es","@id":"https:\/\/eurecat.org\/es\/expertos-debatiran-digitalizacion-salud-mejorar-experiencia-paciente\/#primaryimage","url":"https:\/\/eurecat.org\/wp-content\/uploads\/2020\/09\/XPATIENT_Imagotip_cat_750x400.jpg","contentUrl":"https:\/\/eurecat.org\/wp-content\/uploads\/2020\/09\/XPATIENT_Imagotip_cat_750x400.jpg","width":750,"height":400,"caption":"xpatient barcelona congress"},{"@type":"BreadcrumbList","@id":"https:\/\/eurecat.org\/es\/expertos-debatiran-digitalizacion-salud-mejorar-experiencia-paciente\/#breadcrumb","itemListElement":[{"@type":"ListItem","position":1,"name":"Inici","item":"https:\/\/eurecat.org\/es\/"},{"@type":"ListItem","position":2,"name":"Expertos debatir\u00e1n sobre la digitalizaci\u00f3n de la salud para mejorar la experiencia del paciente"}]},{"@type":"WebSite","@id":"https:\/\/eurecat.org\/es\/#website","url":"https:\/\/eurecat.org\/es\/","name":"Eurecat","description":"Otro sitio realizado con WordPress","potentialAction":[{"@type":"SearchAction","target":{"@type":"EntryPoint","urlTemplate":"https:\/\/eurecat.org\/es\/?s={search_term_string}"},"query-input":{"@type":"PropertyValueSpecification","valueRequired":true,"valueName":"search_term_string"}}],"inLanguage":"es"},{"@type":"Person","@id":"https:\/\/eurecat.org\/es\/#\/schema\/person\/8342992d6929ad043b305d3cac68b3f4","name":"eurecatNG","image":{"@type":"ImageObject","inLanguage":"es","@id":"https:\/\/secure.gravatar.com\/avatar\/63200cb70ae4f15a0f673050f36df149dba802bea7614e8f838aaccfcf8ea11d?s=96&d=mm&r=g","url":"https:\/\/secure.gravatar.com\/avatar\/63200cb70ae4f15a0f673050f36df149dba802bea7614e8f838aaccfcf8ea11d?s=96&d=mm&r=g","contentUrl":"https:\/\/secure.gravatar.com\/avatar\/63200cb70ae4f15a0f673050f36df149dba802bea7614e8f838aaccfcf8ea11d?s=96&d=mm&r=g","caption":"eurecatNG"}}]}},"_links":{"self":[{"href":"https:\/\/eurecat.org\/es\/wp-json\/wp\/v2\/posts\/105679","targetHints":{"allow":["GET"]}}],"collection":[{"href":"https:\/\/eurecat.org\/es\/wp-json\/wp\/v2\/posts"}],"about":[{"href":"https:\/\/eurecat.org\/es\/wp-json\/wp\/v2\/types\/post"}],"author":[{"embeddable":true,"href":"https:\/\/eurecat.org\/es\/wp-json\/wp\/v2\/users\/27"}],"replies":[{"embeddable":true,"href":"https:\/\/eurecat.org\/es\/wp-json\/wp\/v2\/comments?post=105679"}],"version-history":[{"count":0,"href":"https:\/\/eurecat.org\/es\/wp-json\/wp\/v2\/posts\/105679\/revisions"}],"wp:featuredmedia":[{"embeddable":true,"href":"https:\/\/eurecat.org\/es\/wp-json\/wp\/v2\/media\/105674"}],"wp:attachment":[{"href":"https:\/\/eurecat.org\/es\/wp-json\/wp\/v2\/media?parent=105679"}],"wp:term":[{"taxonomy":"category","embeddable":true,"href":"https:\/\/eurecat.org\/es\/wp-json\/wp\/v2\/categories?post=105679"},{"taxonomy":"post_tag","embeddable":true,"href":"https:\/\/eurecat.org\/es\/wp-json\/wp\/v2\/tags?post=105679"}],"curies":[{"name":"wp","href":"https:\/\/api.w.org\/{rel}","templated":true}]}}