{"id":105868,"date":"2020-09-29T14:32:35","date_gmt":"2020-09-29T14:32:35","guid":{"rendered":"https:\/\/eurecat.org\/?p=105868"},"modified":"2021-01-19T11:15:14","modified_gmt":"2021-01-19T11:15:14","slug":"pacientes-profesionales-tecnologos-subrayan-necesidad-transformar-servicios-sanitarios-mediante-tecnologia","status":"publish","type":"post","link":"https:\/\/eurecat.org\/es\/pacientes-profesionales-tecnologos-subrayan-necesidad-transformar-servicios-sanitarios-mediante-tecnologia\/","title":{"rendered":"Pacientes, profesionales y tecn\u00f3logos subrayan la necesidad de transformar los servicios sanitarios mediante la tecnolog\u00eda"},"content":{"rendered":"<p>Pacientes, profesionales de la salud y tecn\u00f3logos han puesto hoy de relieve en el congreso <strong><a href=\"https:\/\/xpatientbcncongress.com\/es\" target=\"_blank\" rel=\"noopener noreferrer\">XPatient Barcelona Congress<\/a><\/strong> la necesidad que ha generado la COVID-19 de <strong>transformar los servicios sanitarios<\/strong> mediante la tecnolog\u00eda, un reto que requiere \u201cuna aproximaci\u00f3n basada en la mejora objetiva de la <strong>experiencia del paciente<\/strong>, al tiempo que generadora de valor y negocio para las empresas\u201d, seg\u00fan el director de eHealth de Eurecat, Felip Miralles.<\/p>\n<p>\u201cLa crisis sanitaria ha hecho acelerar la incorporaci\u00f3n de mejoras en la atenci\u00f3n no presencial, como las teleconsultas, aplicaciones m\u00f3viles y las relaciones entre niveles asistenciales\u201d, de forma que la salud digital \u201cha permitido dar atenci\u00f3n a las necesidades de la poblaci\u00f3n de una manera segura en momentos de extrema complejidad, sin interrumpir la atenci\u00f3n asistencial m\u00ednima\u201d, afirma el director de la Fundaci\u00f3 TIC Salut Social, Josu\u00e8 Sallent.<\/p>\n<p>En su opini\u00f3n, \u201cqu\u00e9 gesti\u00f3n hacemos de esta tecnolog\u00eda y qu\u00e9 bases establecemos para impulsar la innovaci\u00f3n ser\u00e1 clave para salir victoriosos en los a\u00f1os venideros\u201d.<\/p>\n<p>De acuerdo con el director del Programa de Atenci\u00f3n a la Cronicidad del Hospital Cl\u00ednic, el doctor Joan Escarrabill, \u201cla experiencia de los pacientes se ha consolidado como el tercer pilar de la calidad asistencial, junto con la seguridad y la efectividad. La toma de conciencia sobre la importancia de tener en cuenta la perspectiva de quien recibe el servicio es una realidad que vincula pacientes, profesionales y tecn\u00f3logos\u201d.<\/p>\n<p>\u201cHace pocos meses se public\u00f3 el documento de AQuAS &#8216;Elementos clave que influyen en la experiencia del paciente Patients reported experience measurements (PREM)&#8217;, que debe servir para dar herramientas para evaluar la experiencia de pacientes y confirmar el valor de las mejoras introducidas\u201d, a\u00f1ade Escarrabill, para quien \u201cahora el reto es la evaluaci\u00f3n\u201d.<\/p>\n<p>La quinta edici\u00f3n del congreso ha contado con la participaci\u00f3n del director de Innovaci\u00f3n, Digital y Business Excellence de Novartis Pharma, C\u00e9sar Velasco, que ha abordado los retos y las oportunidades del ecosistema sanitario y ha puesto en valor el papel de la tecnolog\u00eda como facilitadora para la transformaci\u00f3n de los sistemas de salud. Velasco ha destacado la importancia de dotar las propuestas de valor social, tanto para proveedores de los sistemas sanitarios como para pacientes y familiares, que son los usuarios finales.<\/p>\n<p>Por su parte, cuatro startups tecnol\u00f3gicas han presentado dispositivos m\u00e9dicos innovadores pensados \u200b\u200bpara facilitar y mejorar la experiencia del paciente. En esta l\u00ednea, el CEO de Aniling, una spin-off del Instituto de Medicina Predictiva y Personalizada del C\u00e1ncer (IMPPC), Lloren\u00e7 Coll, ha expuesto el funcionamiento de un sistema de apoyo a la decisi\u00f3n y a la personalizaci\u00f3n del tratamiento oncol\u00f3gico a partir de las caracter\u00edsticas biol\u00f3gicas y cl\u00ednicas de cada paciente, con el objetivo de armonizar el diagn\u00f3stico de c\u00e1ncer para mejorar la experiencia de los pacientes, onc\u00f3logos y del sistema de salud.<\/p>\n<p>Desde la perspectiva de la empresa, la administraci\u00f3n p\u00fablica, la ciudadan\u00eda y de la investigaci\u00f3n, el congreso ha debatido sobre las barreras que las startups deben superar para convertirse en empresas de tama\u00f1o medio y grande y consolidar la innovaci\u00f3n del sector de la salud. En la sesi\u00f3n, han participado el director de la Oficina de la Estrategia de Salud Digital de Catalu\u00f1a dentro del Servei Catal\u00e0 de la Salut, Jordi Piera; el jefe del Departamento de Machine Learning del IIA-CSIC, Josep Llu\u00eds Arcos; el cofundador y socio de Doctoralia, Frederic Llordachs, y el director gerente de la Confederaci\u00f3n de Asociaciones de Enfermos de Crohn y Colitis Ulcerosa de Espa\u00f1a, Roberto Salda\u00f1a.<\/p>\n<p>El XPatient Barcelona Congress es un evento organizado por el centro tecnol\u00f3gico <a href=\"https:\/\/eurecat.org\/es\/\" target=\"_blank\" rel=\"noopener noreferrer\">Eurecat<\/a>, del Hospital Cl\u00ednic de Barcelona y la Fundaci\u00f3 TIC Salut Social, con el impulso de la comunidad de pr\u00e1ctica XPA Barcelona (Experiencia del Paciente).<\/p>\n","protected":false},"excerpt":{"rendered":"<p>Pacientes, profesionales de la salud y tecn\u00f3logos han puesto hoy de relieve en el congreso XPatient Barcelona Congress la necesidad que ha generado la COVID-19 de transformar los servicios sanitarios mediante la tecnolog\u00eda, un reto que requiere \u201cuna aproximaci\u00f3n basada en la mejora objetiva de la experiencia del paciente, al tiempo que generadora de valor  [&#8230;]<\/p>\n","protected":false},"author":27,"featured_media":105866,"comment_status":"open","ping_status":"closed","sticky":false,"template":"","format":"standard","meta":{"footnotes":""},"categories":[397,702,134,2283],"tags":[],"class_list":["post-105868","post","type-post","status-publish","format-standard","has-post-thumbnail","hentry","category-e-health-es","category-eventos","category-notas-de-prensa","category-salud"],"yoast_head":"<!-- This site is optimized with the Yoast SEO plugin v27.5 - https:\/\/yoast.com\/product\/yoast-seo-wordpress\/ -->\n<title>Pacientes, profesionales y tecn\u00f3logos subrayan la necesidad de transformar los servicios sanitarios mediante la tecnolog\u00eda - Eurecat<\/title>\n<meta name=\"description\" content=\"Pacientes, profesionales y tecn\u00f3logos subrayan la necesidad de transformar los servicios sanitarios mediante la tecnolog\u00eda.\" \/>\n<meta name=\"robots\" content=\"index, follow, max-snippet:-1, max-image-preview:large, max-video-preview:-1\" \/>\n<link rel=\"canonical\" href=\"https:\/\/eurecat.org\/es\/pacientes-profesionales-tecnologos-subrayan-necesidad-transformar-servicios-sanitarios-mediante-tecnologia\/\" \/>\n<meta property=\"og:locale\" content=\"es_ES\" \/>\n<meta property=\"og:type\" content=\"article\" \/>\n<meta property=\"og:title\" content=\"Pacientes, profesionales y tecn\u00f3logos subrayan la necesidad de transformar los servicios sanitarios mediante la tecnolog\u00eda - Eurecat\" \/>\n<meta property=\"og:description\" content=\"Pacientes, profesionales y tecn\u00f3logos subrayan la necesidad de transformar los servicios sanitarios mediante la tecnolog\u00eda.\" \/>\n<meta property=\"og:url\" content=\"https:\/\/eurecat.org\/es\/pacientes-profesionales-tecnologos-subrayan-necesidad-transformar-servicios-sanitarios-mediante-tecnologia\/\" \/>\n<meta property=\"og:site_name\" content=\"Eurecat\" \/>\n<meta property=\"article:published_time\" content=\"2020-09-29T14:32:35+00:00\" \/>\n<meta property=\"article:modified_time\" content=\"2021-01-19T11:15:14+00:00\" \/>\n<meta property=\"og:image\" content=\"https:\/\/eurecat.org\/wp-content\/uploads\/2020\/09\/Eurecat-XPatient_930x515px-1.jpg\" \/>\n\t<meta property=\"og:image:width\" content=\"930\" \/>\n\t<meta property=\"og:image:height\" content=\"515\" \/>\n\t<meta property=\"og:image:type\" content=\"image\/jpeg\" \/>\n<meta name=\"author\" content=\"eurecatNG\" \/>\n<meta name=\"twitter:card\" content=\"summary_large_image\" \/>\n<meta name=\"twitter:label1\" content=\"Escrito por\" \/>\n\t<meta name=\"twitter:data1\" content=\"eurecatNG\" \/>\n\t<meta name=\"twitter:label2\" content=\"Tiempo de lectura\" \/>\n\t<meta name=\"twitter:data2\" content=\"3 minutos\" \/>\n<script type=\"application\/ld+json\" class=\"yoast-schema-graph\">{\"@context\":\"https:\\\/\\\/schema.org\",\"@graph\":[{\"@type\":\"Article\",\"@id\":\"https:\\\/\\\/eurecat.org\\\/es\\\/pacientes-profesionales-tecnologos-subrayan-necesidad-transformar-servicios-sanitarios-mediante-tecnologia\\\/#article\",\"isPartOf\":{\"@id\":\"https:\\\/\\\/eurecat.org\\\/es\\\/pacientes-profesionales-tecnologos-subrayan-necesidad-transformar-servicios-sanitarios-mediante-tecnologia\\\/\"},\"author\":{\"name\":\"eurecatNG\",\"@id\":\"https:\\\/\\\/eurecat.org\\\/es\\\/#\\\/schema\\\/person\\\/8342992d6929ad043b305d3cac68b3f4\"},\"headline\":\"Pacientes, profesionales y tecn\u00f3logos subrayan la necesidad de transformar los servicios sanitarios mediante la tecnolog\u00eda\",\"datePublished\":\"2020-09-29T14:32:35+00:00\",\"dateModified\":\"2021-01-19T11:15:14+00:00\",\"mainEntityOfPage\":{\"@id\":\"https:\\\/\\\/eurecat.org\\\/es\\\/pacientes-profesionales-tecnologos-subrayan-necesidad-transformar-servicios-sanitarios-mediante-tecnologia\\\/\"},\"wordCount\":682,\"commentCount\":0,\"image\":{\"@id\":\"https:\\\/\\\/eurecat.org\\\/es\\\/pacientes-profesionales-tecnologos-subrayan-necesidad-transformar-servicios-sanitarios-mediante-tecnologia\\\/#primaryimage\"},\"thumbnailUrl\":\"https:\\\/\\\/eurecat.org\\\/wp-content\\\/uploads\\\/2020\\\/09\\\/Eurecat-XPatient_930x515px-1.jpg\",\"articleSection\":[\"E-health\",\"Eventos\",\"Notas de prensa\",\"Salud\"],\"inLanguage\":\"es\",\"potentialAction\":[{\"@type\":\"CommentAction\",\"name\":\"Comment\",\"target\":[\"https:\\\/\\\/eurecat.org\\\/es\\\/pacientes-profesionales-tecnologos-subrayan-necesidad-transformar-servicios-sanitarios-mediante-tecnologia\\\/#respond\"]}]},{\"@type\":\"WebPage\",\"@id\":\"https:\\\/\\\/eurecat.org\\\/es\\\/pacientes-profesionales-tecnologos-subrayan-necesidad-transformar-servicios-sanitarios-mediante-tecnologia\\\/\",\"url\":\"https:\\\/\\\/eurecat.org\\\/es\\\/pacientes-profesionales-tecnologos-subrayan-necesidad-transformar-servicios-sanitarios-mediante-tecnologia\\\/\",\"name\":\"Pacientes, profesionales y tecn\u00f3logos subrayan la necesidad de transformar los servicios sanitarios mediante la tecnolog\u00eda - Eurecat\",\"isPartOf\":{\"@id\":\"https:\\\/\\\/eurecat.org\\\/es\\\/#website\"},\"primaryImageOfPage\":{\"@id\":\"https:\\\/\\\/eurecat.org\\\/es\\\/pacientes-profesionales-tecnologos-subrayan-necesidad-transformar-servicios-sanitarios-mediante-tecnologia\\\/#primaryimage\"},\"image\":{\"@id\":\"https:\\\/\\\/eurecat.org\\\/es\\\/pacientes-profesionales-tecnologos-subrayan-necesidad-transformar-servicios-sanitarios-mediante-tecnologia\\\/#primaryimage\"},\"thumbnailUrl\":\"https:\\\/\\\/eurecat.org\\\/wp-content\\\/uploads\\\/2020\\\/09\\\/Eurecat-XPatient_930x515px-1.jpg\",\"datePublished\":\"2020-09-29T14:32:35+00:00\",\"dateModified\":\"2021-01-19T11:15:14+00:00\",\"author\":{\"@id\":\"https:\\\/\\\/eurecat.org\\\/es\\\/#\\\/schema\\\/person\\\/8342992d6929ad043b305d3cac68b3f4\"},\"description\":\"Pacientes, profesionales y tecn\u00f3logos subrayan la necesidad de transformar los servicios sanitarios mediante la tecnolog\u00eda.\",\"breadcrumb\":{\"@id\":\"https:\\\/\\\/eurecat.org\\\/es\\\/pacientes-profesionales-tecnologos-subrayan-necesidad-transformar-servicios-sanitarios-mediante-tecnologia\\\/#breadcrumb\"},\"inLanguage\":\"es\",\"potentialAction\":[{\"@type\":\"ReadAction\",\"target\":[\"https:\\\/\\\/eurecat.org\\\/es\\\/pacientes-profesionales-tecnologos-subrayan-necesidad-transformar-servicios-sanitarios-mediante-tecnologia\\\/\"]}]},{\"@type\":\"ImageObject\",\"inLanguage\":\"es\",\"@id\":\"https:\\\/\\\/eurecat.org\\\/es\\\/pacientes-profesionales-tecnologos-subrayan-necesidad-transformar-servicios-sanitarios-mediante-tecnologia\\\/#primaryimage\",\"url\":\"https:\\\/\\\/eurecat.org\\\/wp-content\\\/uploads\\\/2020\\\/09\\\/Eurecat-XPatient_930x515px-1.jpg\",\"contentUrl\":\"https:\\\/\\\/eurecat.org\\\/wp-content\\\/uploads\\\/2020\\\/09\\\/Eurecat-XPatient_930x515px-1.jpg\",\"width\":930,\"height\":515,\"caption\":\"eurecat xpatient barcelona congress servicios sanitarios\"},{\"@type\":\"BreadcrumbList\",\"@id\":\"https:\\\/\\\/eurecat.org\\\/es\\\/pacientes-profesionales-tecnologos-subrayan-necesidad-transformar-servicios-sanitarios-mediante-tecnologia\\\/#breadcrumb\",\"itemListElement\":[{\"@type\":\"ListItem\",\"position\":1,\"name\":\"Inici\",\"item\":\"https:\\\/\\\/eurecat.org\\\/es\\\/\"},{\"@type\":\"ListItem\",\"position\":2,\"name\":\"Pacientes, profesionales y tecn\u00f3logos subrayan la necesidad de transformar los servicios sanitarios mediante la tecnolog\u00eda\"}]},{\"@type\":\"WebSite\",\"@id\":\"https:\\\/\\\/eurecat.org\\\/es\\\/#website\",\"url\":\"https:\\\/\\\/eurecat.org\\\/es\\\/\",\"name\":\"Eurecat\",\"description\":\"Otro sitio realizado con WordPress\",\"potentialAction\":[{\"@type\":\"SearchAction\",\"target\":{\"@type\":\"EntryPoint\",\"urlTemplate\":\"https:\\\/\\\/eurecat.org\\\/es\\\/?s={search_term_string}\"},\"query-input\":{\"@type\":\"PropertyValueSpecification\",\"valueRequired\":true,\"valueName\":\"search_term_string\"}}],\"inLanguage\":\"es\"},{\"@type\":\"Person\",\"@id\":\"https:\\\/\\\/eurecat.org\\\/es\\\/#\\\/schema\\\/person\\\/8342992d6929ad043b305d3cac68b3f4\",\"name\":\"eurecatNG\",\"image\":{\"@type\":\"ImageObject\",\"inLanguage\":\"es\",\"@id\":\"https:\\\/\\\/secure.gravatar.com\\\/avatar\\\/63200cb70ae4f15a0f673050f36df149dba802bea7614e8f838aaccfcf8ea11d?s=96&d=mm&r=g\",\"url\":\"https:\\\/\\\/secure.gravatar.com\\\/avatar\\\/63200cb70ae4f15a0f673050f36df149dba802bea7614e8f838aaccfcf8ea11d?s=96&d=mm&r=g\",\"contentUrl\":\"https:\\\/\\\/secure.gravatar.com\\\/avatar\\\/63200cb70ae4f15a0f673050f36df149dba802bea7614e8f838aaccfcf8ea11d?s=96&d=mm&r=g\",\"caption\":\"eurecatNG\"}}]}<\/script>\n<!-- \/ Yoast SEO plugin. -->","yoast_head_json":{"title":"Pacientes, profesionales y tecn\u00f3logos subrayan la necesidad de transformar los servicios sanitarios mediante la tecnolog\u00eda - Eurecat","description":"Pacientes, profesionales y tecn\u00f3logos subrayan la necesidad de transformar los servicios sanitarios mediante la tecnolog\u00eda.","robots":{"index":"index","follow":"follow","max-snippet":"max-snippet:-1","max-image-preview":"max-image-preview:large","max-video-preview":"max-video-preview:-1"},"canonical":"https:\/\/eurecat.org\/es\/pacientes-profesionales-tecnologos-subrayan-necesidad-transformar-servicios-sanitarios-mediante-tecnologia\/","og_locale":"es_ES","og_type":"article","og_title":"Pacientes, profesionales y tecn\u00f3logos subrayan la necesidad de transformar los servicios sanitarios mediante la tecnolog\u00eda - Eurecat","og_description":"Pacientes, profesionales y tecn\u00f3logos subrayan la necesidad de transformar los servicios sanitarios mediante la tecnolog\u00eda.","og_url":"https:\/\/eurecat.org\/es\/pacientes-profesionales-tecnologos-subrayan-necesidad-transformar-servicios-sanitarios-mediante-tecnologia\/","og_site_name":"Eurecat","article_published_time":"2020-09-29T14:32:35+00:00","article_modified_time":"2021-01-19T11:15:14+00:00","og_image":[{"width":930,"height":515,"url":"https:\/\/eurecat.org\/wp-content\/uploads\/2020\/09\/Eurecat-XPatient_930x515px-1.jpg","type":"image\/jpeg"}],"author":"eurecatNG","twitter_card":"summary_large_image","twitter_misc":{"Escrito por":"eurecatNG","Tiempo de lectura":"3 minutos"},"schema":{"@context":"https:\/\/schema.org","@graph":[{"@type":"Article","@id":"https:\/\/eurecat.org\/es\/pacientes-profesionales-tecnologos-subrayan-necesidad-transformar-servicios-sanitarios-mediante-tecnologia\/#article","isPartOf":{"@id":"https:\/\/eurecat.org\/es\/pacientes-profesionales-tecnologos-subrayan-necesidad-transformar-servicios-sanitarios-mediante-tecnologia\/"},"author":{"name":"eurecatNG","@id":"https:\/\/eurecat.org\/es\/#\/schema\/person\/8342992d6929ad043b305d3cac68b3f4"},"headline":"Pacientes, profesionales y tecn\u00f3logos subrayan la necesidad de transformar los servicios sanitarios mediante la tecnolog\u00eda","datePublished":"2020-09-29T14:32:35+00:00","dateModified":"2021-01-19T11:15:14+00:00","mainEntityOfPage":{"@id":"https:\/\/eurecat.org\/es\/pacientes-profesionales-tecnologos-subrayan-necesidad-transformar-servicios-sanitarios-mediante-tecnologia\/"},"wordCount":682,"commentCount":0,"image":{"@id":"https:\/\/eurecat.org\/es\/pacientes-profesionales-tecnologos-subrayan-necesidad-transformar-servicios-sanitarios-mediante-tecnologia\/#primaryimage"},"thumbnailUrl":"https:\/\/eurecat.org\/wp-content\/uploads\/2020\/09\/Eurecat-XPatient_930x515px-1.jpg","articleSection":["E-health","Eventos","Notas de prensa","Salud"],"inLanguage":"es","potentialAction":[{"@type":"CommentAction","name":"Comment","target":["https:\/\/eurecat.org\/es\/pacientes-profesionales-tecnologos-subrayan-necesidad-transformar-servicios-sanitarios-mediante-tecnologia\/#respond"]}]},{"@type":"WebPage","@id":"https:\/\/eurecat.org\/es\/pacientes-profesionales-tecnologos-subrayan-necesidad-transformar-servicios-sanitarios-mediante-tecnologia\/","url":"https:\/\/eurecat.org\/es\/pacientes-profesionales-tecnologos-subrayan-necesidad-transformar-servicios-sanitarios-mediante-tecnologia\/","name":"Pacientes, profesionales y tecn\u00f3logos subrayan la necesidad de transformar los servicios sanitarios mediante la tecnolog\u00eda - Eurecat","isPartOf":{"@id":"https:\/\/eurecat.org\/es\/#website"},"primaryImageOfPage":{"@id":"https:\/\/eurecat.org\/es\/pacientes-profesionales-tecnologos-subrayan-necesidad-transformar-servicios-sanitarios-mediante-tecnologia\/#primaryimage"},"image":{"@id":"https:\/\/eurecat.org\/es\/pacientes-profesionales-tecnologos-subrayan-necesidad-transformar-servicios-sanitarios-mediante-tecnologia\/#primaryimage"},"thumbnailUrl":"https:\/\/eurecat.org\/wp-content\/uploads\/2020\/09\/Eurecat-XPatient_930x515px-1.jpg","datePublished":"2020-09-29T14:32:35+00:00","dateModified":"2021-01-19T11:15:14+00:00","author":{"@id":"https:\/\/eurecat.org\/es\/#\/schema\/person\/8342992d6929ad043b305d3cac68b3f4"},"description":"Pacientes, profesionales y tecn\u00f3logos subrayan la necesidad de transformar los servicios sanitarios mediante la tecnolog\u00eda.","breadcrumb":{"@id":"https:\/\/eurecat.org\/es\/pacientes-profesionales-tecnologos-subrayan-necesidad-transformar-servicios-sanitarios-mediante-tecnologia\/#breadcrumb"},"inLanguage":"es","potentialAction":[{"@type":"ReadAction","target":["https:\/\/eurecat.org\/es\/pacientes-profesionales-tecnologos-subrayan-necesidad-transformar-servicios-sanitarios-mediante-tecnologia\/"]}]},{"@type":"ImageObject","inLanguage":"es","@id":"https:\/\/eurecat.org\/es\/pacientes-profesionales-tecnologos-subrayan-necesidad-transformar-servicios-sanitarios-mediante-tecnologia\/#primaryimage","url":"https:\/\/eurecat.org\/wp-content\/uploads\/2020\/09\/Eurecat-XPatient_930x515px-1.jpg","contentUrl":"https:\/\/eurecat.org\/wp-content\/uploads\/2020\/09\/Eurecat-XPatient_930x515px-1.jpg","width":930,"height":515,"caption":"eurecat xpatient barcelona congress servicios sanitarios"},{"@type":"BreadcrumbList","@id":"https:\/\/eurecat.org\/es\/pacientes-profesionales-tecnologos-subrayan-necesidad-transformar-servicios-sanitarios-mediante-tecnologia\/#breadcrumb","itemListElement":[{"@type":"ListItem","position":1,"name":"Inici","item":"https:\/\/eurecat.org\/es\/"},{"@type":"ListItem","position":2,"name":"Pacientes, profesionales y tecn\u00f3logos subrayan la necesidad de transformar los servicios sanitarios mediante la tecnolog\u00eda"}]},{"@type":"WebSite","@id":"https:\/\/eurecat.org\/es\/#website","url":"https:\/\/eurecat.org\/es\/","name":"Eurecat","description":"Otro sitio realizado con WordPress","potentialAction":[{"@type":"SearchAction","target":{"@type":"EntryPoint","urlTemplate":"https:\/\/eurecat.org\/es\/?s={search_term_string}"},"query-input":{"@type":"PropertyValueSpecification","valueRequired":true,"valueName":"search_term_string"}}],"inLanguage":"es"},{"@type":"Person","@id":"https:\/\/eurecat.org\/es\/#\/schema\/person\/8342992d6929ad043b305d3cac68b3f4","name":"eurecatNG","image":{"@type":"ImageObject","inLanguage":"es","@id":"https:\/\/secure.gravatar.com\/avatar\/63200cb70ae4f15a0f673050f36df149dba802bea7614e8f838aaccfcf8ea11d?s=96&d=mm&r=g","url":"https:\/\/secure.gravatar.com\/avatar\/63200cb70ae4f15a0f673050f36df149dba802bea7614e8f838aaccfcf8ea11d?s=96&d=mm&r=g","contentUrl":"https:\/\/secure.gravatar.com\/avatar\/63200cb70ae4f15a0f673050f36df149dba802bea7614e8f838aaccfcf8ea11d?s=96&d=mm&r=g","caption":"eurecatNG"}}]}},"_links":{"self":[{"href":"https:\/\/eurecat.org\/es\/wp-json\/wp\/v2\/posts\/105868","targetHints":{"allow":["GET"]}}],"collection":[{"href":"https:\/\/eurecat.org\/es\/wp-json\/wp\/v2\/posts"}],"about":[{"href":"https:\/\/eurecat.org\/es\/wp-json\/wp\/v2\/types\/post"}],"author":[{"embeddable":true,"href":"https:\/\/eurecat.org\/es\/wp-json\/wp\/v2\/users\/27"}],"replies":[{"embeddable":true,"href":"https:\/\/eurecat.org\/es\/wp-json\/wp\/v2\/comments?post=105868"}],"version-history":[{"count":0,"href":"https:\/\/eurecat.org\/es\/wp-json\/wp\/v2\/posts\/105868\/revisions"}],"wp:featuredmedia":[{"embeddable":true,"href":"https:\/\/eurecat.org\/es\/wp-json\/wp\/v2\/media\/105866"}],"wp:attachment":[{"href":"https:\/\/eurecat.org\/es\/wp-json\/wp\/v2\/media?parent=105868"}],"wp:term":[{"taxonomy":"category","embeddable":true,"href":"https:\/\/eurecat.org\/es\/wp-json\/wp\/v2\/categories?post=105868"},{"taxonomy":"post_tag","embeddable":true,"href":"https:\/\/eurecat.org\/es\/wp-json\/wp\/v2\/tags?post=105868"}],"curies":[{"name":"wp","href":"https:\/\/api.w.org\/{rel}","templated":true}]}}