{"id":106319,"date":"2020-10-13T15:56:29","date_gmt":"2020-10-13T15:56:29","guid":{"rendered":"https:\/\/eurecat.org\/?p=106319"},"modified":"2021-01-19T11:10:27","modified_gmt":"2021-01-19T11:10:27","slug":"aceleracion-digitalizacion-seguridad-sostenibilidad-anticipacion-demanda-claves-recuperacion-turistica","status":"publish","type":"post","link":"https:\/\/eurecat.org\/es\/aceleracion-digitalizacion-seguridad-sostenibilidad-anticipacion-demanda-claves-recuperacion-turistica\/","title":{"rendered":"La aceleraci\u00f3n de la digitalizaci\u00f3n, la seguridad, la sostenibilidad y la anticipaci\u00f3n de la demanda, claves para la recuperaci\u00f3n tur\u00edstica"},"content":{"rendered":"<p>La COVID-19 ha acelerado la <strong>digitalizaci\u00f3n<\/strong> del sector tur\u00edstico y ser\u00e1 una de las claves para impulsar su <strong>reactivaci\u00f3n<\/strong>, junto con nuevas tecnolog\u00edas que ayuden a realizar <strong>visitas m\u00e1s seguras<\/strong>, contribuyan a ofrecer m\u00e1s informaci\u00f3n de los viajeros para poder conocer mejor los <strong>cambios de comportamiento de la demanda<\/strong> y reforzar la <strong>sostenibilidad<\/strong>, seg\u00fan ha quedado patente hoy en el <strong><a href=\"https:\/\/www.forumturistic.com\/\" target=\"_blank\" rel=\"noopener noreferrer\">Forum TurisTIC<\/a><\/strong>, celebrado en Barcelona.<\/p>\n<p>En los pr\u00f3ximos a\u00f1os, se prev\u00e9 tambi\u00e9n un turista m\u00e1s digitalizado, que \u201cusar\u00e1 tecnolog\u00edas utilizadas durante la pandemia como el check-in online y la sensorizaci\u00f3n para reducir colas y aglomeraciones, Inteligencia Artificial para obtener informaci\u00f3n personalizada y a trav\u00e9s de chatbots, sensores conectados para una visita sin fricciones o experiencias inmersivas, como la realidad aumentada y la realidad virtual, potentes gracias al 5G, entre otros\u201d, destaca el responsable de tecnolog\u00eda del Departamento de Innovaci\u00f3n Tur\u00edstica del centro tecnol\u00f3gico <strong><a href=\"http:\/\/eurecat.org\/es\/\" target=\"_blank\" rel=\"noopener noreferrer\">Eurecat<\/a><\/strong>, Joan Borr\u00e0s.<\/p>\n<p>El \u201cBig Data, la Inteligencia Artificial y el Internet de las Cosas (IoT) ser\u00e1n tres tecnolog\u00edas que combinadas ayudar\u00e1n a avanzar hacia la recuperaci\u00f3n del sector\u201d, si bien \u201cse aplicar\u00e1n de forma innovadora y con la colaboraci\u00f3n de los agentes, tanto p\u00fablicos como privados, para obtener el m\u00e1ximo rendimiento posible\u201d, remarca Borr\u00e0s.<\/p>\n<p>De acuerdo con el fundador del hub internacional \u201cThe Digital Tourism Think Tank\u201d, Nicholas Hall, otra tecnolog\u00eda estrat\u00e9gica para la recuperaci\u00f3n del sector es la tecnolog\u00eda sin contacto, tambi\u00e9n conocida como contactless, ya existente, pero que se espera que \u201csea demandada por los consumidores y se convierta en la norma para transformar las experiencias de los visitantes\u201d, as\u00ed como la tecnolog\u00eda sanitaria, que \u201ctendr\u00e1 un papel muy importante para que las personas se muevan y experimenten el mundo que los rodea con confianza\u201d.<\/p>\n<p>La situaci\u00f3n actual \u201cha hecho aflorar la importancia de repensar el turismo y de aprovechar el impulso tecnol\u00f3gico para hacer frente a los desaf\u00edos y las oportunidades del sector\u201d, afirma el presidente de Eurecat, Xavier Torra, que ha abierto la sesi\u00f3n inaugural del congreso.<\/p>\n<p>En palabras del secretario de Empresa y Competitividad del Departamento de Empresa y Conocimiento de la Generalitat de Catalunya, Joaquim Ferrer, \u201clo que necesitamos en esta \u00e9poca de distanciamiento social es interrelacionarnos en aquellos \u00e1mbitos donde podemos aportar un valor a\u00f1adido, como es el caso de la tecnolog\u00eda y el turismo\u201d, dos vectores de crecimiento que van fuertemente ligados.<\/p>\n<p>\u201cAhora es m\u00e1s necesaria que nunca la celebraci\u00f3n de este Forum TurisTIC, para activar tanto como sea posible la creatividad y la innovaci\u00f3n tecnol\u00f3gica, de cara a la salida de la crisis tur\u00edstica actual, en busca de un nuevo modelo de turismo sostenible, en base a la transformaci\u00f3n digital\u201d, remarca el diputado delegado de Turismo de la Diputaci\u00f3n de Barcelona, \u200b\u200bJuan Luis Ruiz.<\/p>\n<p>Seg\u00fan el concejal de Turismo e Industrias creativas del Ayuntamiento de Barcelona, \u200b\u200bXavier Marc\u00e9, \u201cla digitalizaci\u00f3n y la apuesta tecnol\u00f3gica, que ya hab\u00edamos definido como objetivos estrat\u00e9gicos, se han demostrado cruciales en el contexto de la pandemia. En Barcelona estamos redoblando esfuerzos para disponer de herramientas que ofrezcan un mejor servicio al visitante y al mismo tiempo nos ayuden en la diversificaci\u00f3n de contenidos y en la toma de decisiones en tiempo real\u201d.<\/p>\n<h2>Impulso al emprendimiento tecnol\u00f3gico aplicado al sector tur\u00edstico<\/h2>\n<p>El congreso ha contado tambi\u00e9n con la presentaci\u00f3n del <strong>StarTechTour Challenge<\/strong>, una iniciativa impulsada por la Agencia Catalana de Turismo de apoyo al emprendimiento tecnol\u00f3gico, en el marco de la cual se han presentado retos para startups tecnol\u00f3gicas puedan aportar soluciones basadas en la aplicaci\u00f3n de las tecnolog\u00edas emergentes.<\/p>\n<p>\u201cLas startups tendr\u00e1n un papel clave en la recuperaci\u00f3n del sector tur\u00edstico a partir de la transformaci\u00f3n hacia un modelo m\u00e1s digital y m\u00e1s sostenible\u201d, afirma el director ejecutivo de la Agencia Catalana de Turismo, Patrick Torrent. \u201cDetr\u00e1s de la crisis sanitaria y su consecuente recesi\u00f3n econ\u00f3mica tenemos un contexto de emergencia clim\u00e1tica y de revoluci\u00f3n tecnol\u00f3gica que debemos abordar desde ya con mirada nueva y flexibilidad\u201d. En este escenario, \u201clas startups que comiencen ahora a hacer frente a los retos del sector se encontrar\u00e1n en una posici\u00f3n competitiva que les ofrecer\u00e1 oportunidades\u201d, a\u00f1ade Torrent.<\/p>\n<h2>Tecnolog\u00edas para un turismo sostenible en \u00e1reas rurales<\/h2>\n<p>En el marco del congreso, se ha presentado el<strong> proyecto europeo CHARM<\/strong> para la creaci\u00f3n de flujos hacia zonas rurales o menos tur\u00edsticas, a partir de la creaci\u00f3n de un producto tur\u00edstico innovador, responsable y sostenible.<\/p>\n<p>Expertos nacionales e internacionales han debatido sobre c\u00f3mo las tecnolog\u00edas pueden ayudar a los pueblos a desarrollar proyectos de turismo sostenible para atraer m\u00e1s visitantes y ayudar a la econom\u00eda local.<\/p>\n<p>En palabras del director de Investigaci\u00f3n de Mercado y director asociado del Instituto de Investigaci\u00f3n Tur\u00edstica del Norte de Europa (NIT), Ulf Sonntag, los pueblos peque\u00f1os y con encanto \u201cnecesitan tener, como cualquier destino tur\u00edstico, un plan coherente y estrat\u00e9gico de marketing\u201d y deben asegurarse de que la aplicaci\u00f3n de tecnolog\u00edas avanzadas \u201csea parte de la estrategia general y no proyectos aislados\u201d.<\/p>\n<p>La vigente edici\u00f3n del Forum TurisTIC cuenta con las entidades promotoras Generalitat de Catalunya, Ayuntamiento de Barcelona, \u200b\u200bDiputaci\u00f3n de Barcelona, y con la colaboraci\u00f3n de la Fundaci\u00f3n \u201dLa Caixa\u201d y del proyecto europeo CHARM (Immersive Experiences in European Charming Villages), liderado por la Agencia Catalana de Turismo (ACT).<\/p>\n","protected":false},"excerpt":{"rendered":"<p>La COVID-19 ha acelerado la digitalizaci\u00f3n del sector tur\u00edstico y ser\u00e1 una de las claves para impulsar su reactivaci\u00f3n, junto con nuevas tecnolog\u00edas que ayuden a realizar visitas m\u00e1s seguras, contribuyan a ofrecer m\u00e1s informaci\u00f3n de los viajeros para poder conocer mejor los cambios de comportamiento de la demanda y reforzar la sostenibilidad, seg\u00fan ha  [&#8230;]<\/p>\n","protected":false},"author":27,"featured_media":106317,"comment_status":"open","ping_status":"closed","sticky":false,"template":"","format":"standard","meta":{"footnotes":""},"categories":[702,134,1885],"tags":[],"class_list":["post-106319","post","type-post","status-publish","format-standard","has-post-thumbnail","hentry","category-eventos","category-notas-de-prensa","category-turisme"],"yoast_head":"<!-- This site is optimized with the Yoast SEO plugin v27.4 - https:\/\/yoast.com\/product\/yoast-seo-wordpress\/ -->\n<title>La aceleraci\u00f3n de la digitalizaci\u00f3n, la seguridad, la sostenibilidad y la anticipaci\u00f3n de la demanda, claves para la recuperaci\u00f3n tur\u00edstica - Eurecat<\/title>\n<meta name=\"description\" content=\"La COVID-19 ha acelerado la digitalizaci\u00f3n del sector tur\u00edstico y ser\u00e1 una de las claves para impulsar su reactivaci\u00f3n.\" \/>\n<meta name=\"robots\" content=\"index, follow, max-snippet:-1, max-image-preview:large, max-video-preview:-1\" \/>\n<link rel=\"canonical\" href=\"https:\/\/eurecat.org\/es\/aceleracion-digitalizacion-seguridad-sostenibilidad-anticipacion-demanda-claves-recuperacion-turistica\/\" \/>\n<meta property=\"og:locale\" content=\"es_ES\" \/>\n<meta property=\"og:type\" content=\"article\" \/>\n<meta property=\"og:title\" content=\"La aceleraci\u00f3n de la digitalizaci\u00f3n, la seguridad, la sostenibilidad y la anticipaci\u00f3n de la demanda, claves para la recuperaci\u00f3n tur\u00edstica - Eurecat\" \/>\n<meta property=\"og:description\" content=\"La COVID-19 ha acelerado la digitalizaci\u00f3n del sector tur\u00edstico y ser\u00e1 una de las claves para impulsar su reactivaci\u00f3n.\" \/>\n<meta property=\"og:url\" content=\"https:\/\/eurecat.org\/es\/aceleracion-digitalizacion-seguridad-sostenibilidad-anticipacion-demanda-claves-recuperacion-turistica\/\" \/>\n<meta property=\"og:site_name\" content=\"Eurecat\" \/>\n<meta property=\"article:published_time\" content=\"2020-10-13T15:56:29+00:00\" \/>\n<meta property=\"article:modified_time\" content=\"2021-01-19T11:10:27+00:00\" \/>\n<meta property=\"og:image\" content=\"https:\/\/eurecat.org\/wp-content\/uploads\/2020\/10\/Eurecat-JoanBorras-TurisTIC_930x515px.jpg\" \/>\n\t<meta property=\"og:image:width\" content=\"930\" \/>\n\t<meta property=\"og:image:height\" content=\"587\" \/>\n\t<meta property=\"og:image:type\" content=\"image\/jpeg\" \/>\n<meta name=\"author\" content=\"eurecatNG\" \/>\n<meta name=\"twitter:card\" content=\"summary_large_image\" \/>\n<meta name=\"twitter:label1\" content=\"Escrito por\" \/>\n\t<meta name=\"twitter:data1\" content=\"eurecatNG\" \/>\n\t<meta name=\"twitter:label2\" content=\"Tiempo de lectura\" \/>\n\t<meta name=\"twitter:data2\" content=\"4 minutos\" \/>\n<script type=\"application\/ld+json\" class=\"yoast-schema-graph\">{\"@context\":\"https:\\\/\\\/schema.org\",\"@graph\":[{\"@type\":\"Article\",\"@id\":\"https:\\\/\\\/eurecat.org\\\/es\\\/aceleracion-digitalizacion-seguridad-sostenibilidad-anticipacion-demanda-claves-recuperacion-turistica\\\/#article\",\"isPartOf\":{\"@id\":\"https:\\\/\\\/eurecat.org\\\/es\\\/aceleracion-digitalizacion-seguridad-sostenibilidad-anticipacion-demanda-claves-recuperacion-turistica\\\/\"},\"author\":{\"name\":\"eurecatNG\",\"@id\":\"https:\\\/\\\/eurecat.org\\\/es\\\/#\\\/schema\\\/person\\\/8342992d6929ad043b305d3cac68b3f4\"},\"headline\":\"La aceleraci\u00f3n de la digitalizaci\u00f3n, la seguridad, la sostenibilidad y la anticipaci\u00f3n de la demanda, claves para la recuperaci\u00f3n tur\u00edstica\",\"datePublished\":\"2020-10-13T15:56:29+00:00\",\"dateModified\":\"2021-01-19T11:10:27+00:00\",\"mainEntityOfPage\":{\"@id\":\"https:\\\/\\\/eurecat.org\\\/es\\\/aceleracion-digitalizacion-seguridad-sostenibilidad-anticipacion-demanda-claves-recuperacion-turistica\\\/\"},\"wordCount\":981,\"commentCount\":0,\"image\":{\"@id\":\"https:\\\/\\\/eurecat.org\\\/es\\\/aceleracion-digitalizacion-seguridad-sostenibilidad-anticipacion-demanda-claves-recuperacion-turistica\\\/#primaryimage\"},\"thumbnailUrl\":\"https:\\\/\\\/eurecat.org\\\/wp-content\\\/uploads\\\/2020\\\/10\\\/Eurecat-JoanBorras-TurisTIC_930x515px.jpg\",\"articleSection\":[\"Eventos\",\"Notas de prensa\",\"Turisme\"],\"inLanguage\":\"es\",\"potentialAction\":[{\"@type\":\"CommentAction\",\"name\":\"Comment\",\"target\":[\"https:\\\/\\\/eurecat.org\\\/es\\\/aceleracion-digitalizacion-seguridad-sostenibilidad-anticipacion-demanda-claves-recuperacion-turistica\\\/#respond\"]}]},{\"@type\":\"WebPage\",\"@id\":\"https:\\\/\\\/eurecat.org\\\/es\\\/aceleracion-digitalizacion-seguridad-sostenibilidad-anticipacion-demanda-claves-recuperacion-turistica\\\/\",\"url\":\"https:\\\/\\\/eurecat.org\\\/es\\\/aceleracion-digitalizacion-seguridad-sostenibilidad-anticipacion-demanda-claves-recuperacion-turistica\\\/\",\"name\":\"La aceleraci\u00f3n de la digitalizaci\u00f3n, la seguridad, la sostenibilidad y la anticipaci\u00f3n de la demanda, claves para la recuperaci\u00f3n tur\u00edstica - Eurecat\",\"isPartOf\":{\"@id\":\"https:\\\/\\\/eurecat.org\\\/es\\\/#website\"},\"primaryImageOfPage\":{\"@id\":\"https:\\\/\\\/eurecat.org\\\/es\\\/aceleracion-digitalizacion-seguridad-sostenibilidad-anticipacion-demanda-claves-recuperacion-turistica\\\/#primaryimage\"},\"image\":{\"@id\":\"https:\\\/\\\/eurecat.org\\\/es\\\/aceleracion-digitalizacion-seguridad-sostenibilidad-anticipacion-demanda-claves-recuperacion-turistica\\\/#primaryimage\"},\"thumbnailUrl\":\"https:\\\/\\\/eurecat.org\\\/wp-content\\\/uploads\\\/2020\\\/10\\\/Eurecat-JoanBorras-TurisTIC_930x515px.jpg\",\"datePublished\":\"2020-10-13T15:56:29+00:00\",\"dateModified\":\"2021-01-19T11:10:27+00:00\",\"author\":{\"@id\":\"https:\\\/\\\/eurecat.org\\\/es\\\/#\\\/schema\\\/person\\\/8342992d6929ad043b305d3cac68b3f4\"},\"description\":\"La COVID-19 ha acelerado la digitalizaci\u00f3n del sector tur\u00edstico y ser\u00e1 una de las claves para impulsar su reactivaci\u00f3n.\",\"breadcrumb\":{\"@id\":\"https:\\\/\\\/eurecat.org\\\/es\\\/aceleracion-digitalizacion-seguridad-sostenibilidad-anticipacion-demanda-claves-recuperacion-turistica\\\/#breadcrumb\"},\"inLanguage\":\"es\",\"potentialAction\":[{\"@type\":\"ReadAction\",\"target\":[\"https:\\\/\\\/eurecat.org\\\/es\\\/aceleracion-digitalizacion-seguridad-sostenibilidad-anticipacion-demanda-claves-recuperacion-turistica\\\/\"]}]},{\"@type\":\"ImageObject\",\"inLanguage\":\"es\",\"@id\":\"https:\\\/\\\/eurecat.org\\\/es\\\/aceleracion-digitalizacion-seguridad-sostenibilidad-anticipacion-demanda-claves-recuperacion-turistica\\\/#primaryimage\",\"url\":\"https:\\\/\\\/eurecat.org\\\/wp-content\\\/uploads\\\/2020\\\/10\\\/Eurecat-JoanBorras-TurisTIC_930x515px.jpg\",\"contentUrl\":\"https:\\\/\\\/eurecat.org\\\/wp-content\\\/uploads\\\/2020\\\/10\\\/Eurecat-JoanBorras-TurisTIC_930x515px.jpg\",\"width\":930,\"height\":587,\"caption\":\"eurecat forum turisTIC digitalitzaci\u00f3 turisme\"},{\"@type\":\"BreadcrumbList\",\"@id\":\"https:\\\/\\\/eurecat.org\\\/es\\\/aceleracion-digitalizacion-seguridad-sostenibilidad-anticipacion-demanda-claves-recuperacion-turistica\\\/#breadcrumb\",\"itemListElement\":[{\"@type\":\"ListItem\",\"position\":1,\"name\":\"Inici\",\"item\":\"https:\\\/\\\/eurecat.org\\\/es\\\/\"},{\"@type\":\"ListItem\",\"position\":2,\"name\":\"La aceleraci\u00f3n de la digitalizaci\u00f3n, la seguridad, la sostenibilidad y la anticipaci\u00f3n de la demanda, claves para la recuperaci\u00f3n tur\u00edstica\"}]},{\"@type\":\"WebSite\",\"@id\":\"https:\\\/\\\/eurecat.org\\\/es\\\/#website\",\"url\":\"https:\\\/\\\/eurecat.org\\\/es\\\/\",\"name\":\"Eurecat\",\"description\":\"Otro sitio realizado con WordPress\",\"potentialAction\":[{\"@type\":\"SearchAction\",\"target\":{\"@type\":\"EntryPoint\",\"urlTemplate\":\"https:\\\/\\\/eurecat.org\\\/es\\\/?s={search_term_string}\"},\"query-input\":{\"@type\":\"PropertyValueSpecification\",\"valueRequired\":true,\"valueName\":\"search_term_string\"}}],\"inLanguage\":\"es\"},{\"@type\":\"Person\",\"@id\":\"https:\\\/\\\/eurecat.org\\\/es\\\/#\\\/schema\\\/person\\\/8342992d6929ad043b305d3cac68b3f4\",\"name\":\"eurecatNG\",\"image\":{\"@type\":\"ImageObject\",\"inLanguage\":\"es\",\"@id\":\"https:\\\/\\\/secure.gravatar.com\\\/avatar\\\/63200cb70ae4f15a0f673050f36df149dba802bea7614e8f838aaccfcf8ea11d?s=96&d=mm&r=g\",\"url\":\"https:\\\/\\\/secure.gravatar.com\\\/avatar\\\/63200cb70ae4f15a0f673050f36df149dba802bea7614e8f838aaccfcf8ea11d?s=96&d=mm&r=g\",\"contentUrl\":\"https:\\\/\\\/secure.gravatar.com\\\/avatar\\\/63200cb70ae4f15a0f673050f36df149dba802bea7614e8f838aaccfcf8ea11d?s=96&d=mm&r=g\",\"caption\":\"eurecatNG\"}}]}<\/script>\n<!-- \/ Yoast SEO plugin. -->","yoast_head_json":{"title":"La aceleraci\u00f3n de la digitalizaci\u00f3n, la seguridad, la sostenibilidad y la anticipaci\u00f3n de la demanda, claves para la recuperaci\u00f3n tur\u00edstica - Eurecat","description":"La COVID-19 ha acelerado la digitalizaci\u00f3n del sector tur\u00edstico y ser\u00e1 una de las claves para impulsar su reactivaci\u00f3n.","robots":{"index":"index","follow":"follow","max-snippet":"max-snippet:-1","max-image-preview":"max-image-preview:large","max-video-preview":"max-video-preview:-1"},"canonical":"https:\/\/eurecat.org\/es\/aceleracion-digitalizacion-seguridad-sostenibilidad-anticipacion-demanda-claves-recuperacion-turistica\/","og_locale":"es_ES","og_type":"article","og_title":"La aceleraci\u00f3n de la digitalizaci\u00f3n, la seguridad, la sostenibilidad y la anticipaci\u00f3n de la demanda, claves para la recuperaci\u00f3n tur\u00edstica - Eurecat","og_description":"La COVID-19 ha acelerado la digitalizaci\u00f3n del sector tur\u00edstico y ser\u00e1 una de las claves para impulsar su reactivaci\u00f3n.","og_url":"https:\/\/eurecat.org\/es\/aceleracion-digitalizacion-seguridad-sostenibilidad-anticipacion-demanda-claves-recuperacion-turistica\/","og_site_name":"Eurecat","article_published_time":"2020-10-13T15:56:29+00:00","article_modified_time":"2021-01-19T11:10:27+00:00","og_image":[{"width":930,"height":587,"url":"https:\/\/eurecat.org\/wp-content\/uploads\/2020\/10\/Eurecat-JoanBorras-TurisTIC_930x515px.jpg","type":"image\/jpeg"}],"author":"eurecatNG","twitter_card":"summary_large_image","twitter_misc":{"Escrito por":"eurecatNG","Tiempo de lectura":"4 minutos"},"schema":{"@context":"https:\/\/schema.org","@graph":[{"@type":"Article","@id":"https:\/\/eurecat.org\/es\/aceleracion-digitalizacion-seguridad-sostenibilidad-anticipacion-demanda-claves-recuperacion-turistica\/#article","isPartOf":{"@id":"https:\/\/eurecat.org\/es\/aceleracion-digitalizacion-seguridad-sostenibilidad-anticipacion-demanda-claves-recuperacion-turistica\/"},"author":{"name":"eurecatNG","@id":"https:\/\/eurecat.org\/es\/#\/schema\/person\/8342992d6929ad043b305d3cac68b3f4"},"headline":"La aceleraci\u00f3n de la digitalizaci\u00f3n, la seguridad, la sostenibilidad y la anticipaci\u00f3n de la demanda, claves para la recuperaci\u00f3n tur\u00edstica","datePublished":"2020-10-13T15:56:29+00:00","dateModified":"2021-01-19T11:10:27+00:00","mainEntityOfPage":{"@id":"https:\/\/eurecat.org\/es\/aceleracion-digitalizacion-seguridad-sostenibilidad-anticipacion-demanda-claves-recuperacion-turistica\/"},"wordCount":981,"commentCount":0,"image":{"@id":"https:\/\/eurecat.org\/es\/aceleracion-digitalizacion-seguridad-sostenibilidad-anticipacion-demanda-claves-recuperacion-turistica\/#primaryimage"},"thumbnailUrl":"https:\/\/eurecat.org\/wp-content\/uploads\/2020\/10\/Eurecat-JoanBorras-TurisTIC_930x515px.jpg","articleSection":["Eventos","Notas de prensa","Turisme"],"inLanguage":"es","potentialAction":[{"@type":"CommentAction","name":"Comment","target":["https:\/\/eurecat.org\/es\/aceleracion-digitalizacion-seguridad-sostenibilidad-anticipacion-demanda-claves-recuperacion-turistica\/#respond"]}]},{"@type":"WebPage","@id":"https:\/\/eurecat.org\/es\/aceleracion-digitalizacion-seguridad-sostenibilidad-anticipacion-demanda-claves-recuperacion-turistica\/","url":"https:\/\/eurecat.org\/es\/aceleracion-digitalizacion-seguridad-sostenibilidad-anticipacion-demanda-claves-recuperacion-turistica\/","name":"La aceleraci\u00f3n de la digitalizaci\u00f3n, la seguridad, la sostenibilidad y la anticipaci\u00f3n de la demanda, claves para la recuperaci\u00f3n tur\u00edstica - Eurecat","isPartOf":{"@id":"https:\/\/eurecat.org\/es\/#website"},"primaryImageOfPage":{"@id":"https:\/\/eurecat.org\/es\/aceleracion-digitalizacion-seguridad-sostenibilidad-anticipacion-demanda-claves-recuperacion-turistica\/#primaryimage"},"image":{"@id":"https:\/\/eurecat.org\/es\/aceleracion-digitalizacion-seguridad-sostenibilidad-anticipacion-demanda-claves-recuperacion-turistica\/#primaryimage"},"thumbnailUrl":"https:\/\/eurecat.org\/wp-content\/uploads\/2020\/10\/Eurecat-JoanBorras-TurisTIC_930x515px.jpg","datePublished":"2020-10-13T15:56:29+00:00","dateModified":"2021-01-19T11:10:27+00:00","author":{"@id":"https:\/\/eurecat.org\/es\/#\/schema\/person\/8342992d6929ad043b305d3cac68b3f4"},"description":"La COVID-19 ha acelerado la digitalizaci\u00f3n del sector tur\u00edstico y ser\u00e1 una de las claves para impulsar su reactivaci\u00f3n.","breadcrumb":{"@id":"https:\/\/eurecat.org\/es\/aceleracion-digitalizacion-seguridad-sostenibilidad-anticipacion-demanda-claves-recuperacion-turistica\/#breadcrumb"},"inLanguage":"es","potentialAction":[{"@type":"ReadAction","target":["https:\/\/eurecat.org\/es\/aceleracion-digitalizacion-seguridad-sostenibilidad-anticipacion-demanda-claves-recuperacion-turistica\/"]}]},{"@type":"ImageObject","inLanguage":"es","@id":"https:\/\/eurecat.org\/es\/aceleracion-digitalizacion-seguridad-sostenibilidad-anticipacion-demanda-claves-recuperacion-turistica\/#primaryimage","url":"https:\/\/eurecat.org\/wp-content\/uploads\/2020\/10\/Eurecat-JoanBorras-TurisTIC_930x515px.jpg","contentUrl":"https:\/\/eurecat.org\/wp-content\/uploads\/2020\/10\/Eurecat-JoanBorras-TurisTIC_930x515px.jpg","width":930,"height":587,"caption":"eurecat forum turisTIC digitalitzaci\u00f3 turisme"},{"@type":"BreadcrumbList","@id":"https:\/\/eurecat.org\/es\/aceleracion-digitalizacion-seguridad-sostenibilidad-anticipacion-demanda-claves-recuperacion-turistica\/#breadcrumb","itemListElement":[{"@type":"ListItem","position":1,"name":"Inici","item":"https:\/\/eurecat.org\/es\/"},{"@type":"ListItem","position":2,"name":"La aceleraci\u00f3n de la digitalizaci\u00f3n, la seguridad, la sostenibilidad y la anticipaci\u00f3n de la demanda, claves para la recuperaci\u00f3n tur\u00edstica"}]},{"@type":"WebSite","@id":"https:\/\/eurecat.org\/es\/#website","url":"https:\/\/eurecat.org\/es\/","name":"Eurecat","description":"Otro sitio realizado con WordPress","potentialAction":[{"@type":"SearchAction","target":{"@type":"EntryPoint","urlTemplate":"https:\/\/eurecat.org\/es\/?s={search_term_string}"},"query-input":{"@type":"PropertyValueSpecification","valueRequired":true,"valueName":"search_term_string"}}],"inLanguage":"es"},{"@type":"Person","@id":"https:\/\/eurecat.org\/es\/#\/schema\/person\/8342992d6929ad043b305d3cac68b3f4","name":"eurecatNG","image":{"@type":"ImageObject","inLanguage":"es","@id":"https:\/\/secure.gravatar.com\/avatar\/63200cb70ae4f15a0f673050f36df149dba802bea7614e8f838aaccfcf8ea11d?s=96&d=mm&r=g","url":"https:\/\/secure.gravatar.com\/avatar\/63200cb70ae4f15a0f673050f36df149dba802bea7614e8f838aaccfcf8ea11d?s=96&d=mm&r=g","contentUrl":"https:\/\/secure.gravatar.com\/avatar\/63200cb70ae4f15a0f673050f36df149dba802bea7614e8f838aaccfcf8ea11d?s=96&d=mm&r=g","caption":"eurecatNG"}}]}},"_links":{"self":[{"href":"https:\/\/eurecat.org\/es\/wp-json\/wp\/v2\/posts\/106319","targetHints":{"allow":["GET"]}}],"collection":[{"href":"https:\/\/eurecat.org\/es\/wp-json\/wp\/v2\/posts"}],"about":[{"href":"https:\/\/eurecat.org\/es\/wp-json\/wp\/v2\/types\/post"}],"author":[{"embeddable":true,"href":"https:\/\/eurecat.org\/es\/wp-json\/wp\/v2\/users\/27"}],"replies":[{"embeddable":true,"href":"https:\/\/eurecat.org\/es\/wp-json\/wp\/v2\/comments?post=106319"}],"version-history":[{"count":0,"href":"https:\/\/eurecat.org\/es\/wp-json\/wp\/v2\/posts\/106319\/revisions"}],"wp:featuredmedia":[{"embeddable":true,"href":"https:\/\/eurecat.org\/es\/wp-json\/wp\/v2\/media\/106317"}],"wp:attachment":[{"href":"https:\/\/eurecat.org\/es\/wp-json\/wp\/v2\/media?parent=106319"}],"wp:term":[{"taxonomy":"category","embeddable":true,"href":"https:\/\/eurecat.org\/es\/wp-json\/wp\/v2\/categories?post=106319"},{"taxonomy":"post_tag","embeddable":true,"href":"https:\/\/eurecat.org\/es\/wp-json\/wp\/v2\/tags?post=106319"}],"curies":[{"name":"wp","href":"https:\/\/api.w.org\/{rel}","templated":true}]}}