{"id":106590,"date":"2020-10-23T08:35:07","date_gmt":"2020-10-23T08:35:07","guid":{"rendered":"https:\/\/eurecat.org\/?p=106590"},"modified":"2020-10-23T08:41:55","modified_gmt":"2020-10-23T08:41:55","slug":"eurecat-organiza-proxima-edicion-conferencia-internacional-chs2-estampacion-caliente-aceros-alta-resistencia","status":"publish","type":"post","link":"https:\/\/eurecat.org\/es\/eurecat-organiza-proxima-edicion-conferencia-internacional-chs2-estampacion-caliente-aceros-alta-resistencia\/","title":{"rendered":"Eurecat organiza la pr\u00f3xima edici\u00f3n de la conferencia internacional CHS2 de estampaci\u00f3n en caliente de aceros de alta resistencia"},"content":{"rendered":"<p>El centro tecnol\u00f3gico <strong><a href=\"http:\/\/eurecat.org\/es\/\" target=\"_blank\" rel=\"noopener noreferrer\">Eurecat<\/a><\/strong> organiza, junto con la Universidad Tecnol\u00f3gica de Lule\u00e5, Suecia, la pr\u00f3xima edici\u00f3n de la conferencia internacional <strong><a href=\"http:\/\/www.chs2.eu\/\" target=\"_blank\" rel=\"noopener noreferrer\">CHS2<\/a><\/strong>, el principal evento sobre <strong>estampaci\u00f3n en caliente de aceros de alta resistencia<\/strong>, que tendr\u00e1 lugar por primera vez en Barcelona, \u200b\u200bdel 31 de mayo al 3 de junio de 2021.<\/p>\n<p>El congreso, que se celebra cada dos a\u00f1os, cuenta con una importante presencia industrial y una destacada vertiente cient\u00edfica. La organizaci\u00f3n ha hecho un <strong>llamamiento a la participaci\u00f3n<\/strong>, abierto hasta el pr\u00f3ximo 2 de noviembre, para presentar trabajos relacionados con la tem\u00e1tica de la conferencia y los seleccionados se expondr\u00e1n durante la edici\u00f3n 2021 del congreso.<\/p>\n<p>La estampaci\u00f3n en caliente de aceros de alta resistencia es una tecnolog\u00eda madura, pero en constante evoluci\u00f3n, que permite fabricar piezas de alta resistencia de geometr\u00eda compleja, con posibilidad de obtener propiedades espec\u00edficas en diferentes partes de la pieza. En los \u00faltimos a\u00f1os, el sector de la automoci\u00f3n ha impulsado el desarrollo de esta tecnolog\u00eda para poder dar respuesta a las exigencias de la normativa medioambiental y de seguridad de autom\u00f3viles, incorporando el concepto de Industria 4.0 y ampliando su uso a otros materiales como aleaciones de aluminio y materiales h\u00edbridos.<\/p>\n","protected":false},"excerpt":{"rendered":"<p>El centro tecnol\u00f3gico Eurecat organiza, junto con la Universidad Tecnol\u00f3gica de Lule\u00e5, Suecia, la pr\u00f3xima edici\u00f3n de la conferencia internacional CHS2, el principal evento sobre estampaci\u00f3n en caliente de aceros de alta resistencia, que tendr\u00e1 lugar por primera vez en Barcelona, \u200b\u200bdel 31 de mayo al 3 de junio de 2021. El congreso, que se  [&#8230;]<\/p>\n","protected":false},"author":27,"featured_media":106588,"comment_status":"open","ping_status":"closed","sticky":false,"template":"","format":"standard","meta":{"footnotes":""},"categories":[702,134],"tags":[],"class_list":["post-106590","post","type-post","status-publish","format-standard","has-post-thumbnail","hentry","category-eventos","category-notas-de-prensa"],"yoast_head":"<!-- This site is optimized with the Yoast SEO plugin v27.5 - https:\/\/yoast.com\/product\/yoast-seo-wordpress\/ -->\n<title>Eurecat organiza la pr\u00f3xima edici\u00f3n de la conferencia internacional CHS2<\/title>\n<meta name=\"description\" content=\"Eurecat organiza la pr\u00f3xima edici\u00f3n de la conferencia internacional CHS2 de estampaci\u00f3n en caliente de aceros de alta resistencia.\" \/>\n<meta name=\"robots\" content=\"index, follow, max-snippet:-1, max-image-preview:large, max-video-preview:-1\" \/>\n<link rel=\"canonical\" href=\"https:\/\/eurecat.org\/es\/eurecat-organiza-proxima-edicion-conferencia-internacional-chs2-estampacion-caliente-aceros-alta-resistencia\/\" \/>\n<meta property=\"og:locale\" content=\"es_ES\" \/>\n<meta property=\"og:type\" content=\"article\" \/>\n<meta property=\"og:title\" content=\"Eurecat organiza la pr\u00f3xima edici\u00f3n de la conferencia internacional CHS2\" \/>\n<meta property=\"og:description\" content=\"Eurecat organiza la pr\u00f3xima edici\u00f3n de la conferencia internacional CHS2 de estampaci\u00f3n en caliente de aceros de alta resistencia.\" \/>\n<meta property=\"og:url\" content=\"https:\/\/eurecat.org\/es\/eurecat-organiza-proxima-edicion-conferencia-internacional-chs2-estampacion-caliente-aceros-alta-resistencia\/\" \/>\n<meta property=\"og:site_name\" content=\"Eurecat\" \/>\n<meta property=\"article:published_time\" content=\"2020-10-23T08:35:07+00:00\" \/>\n<meta property=\"article:modified_time\" content=\"2020-10-23T08:41:55+00:00\" \/>\n<meta property=\"og:image\" content=\"https:\/\/eurecat.org\/wp-content\/uploads\/2020\/10\/WTC_complex.jpg\" \/>\n\t<meta property=\"og:image:width\" content=\"890\" \/>\n\t<meta property=\"og:image:height\" content=\"463\" \/>\n\t<meta property=\"og:image:type\" content=\"image\/jpeg\" \/>\n<meta name=\"author\" content=\"eurecatNG\" \/>\n<meta name=\"twitter:card\" content=\"summary_large_image\" \/>\n<meta name=\"twitter:label1\" content=\"Escrito por\" \/>\n\t<meta name=\"twitter:data1\" content=\"eurecatNG\" \/>\n\t<meta name=\"twitter:label2\" content=\"Tiempo de lectura\" \/>\n\t<meta name=\"twitter:data2\" content=\"1 minuto\" \/>\n<script type=\"application\/ld+json\" class=\"yoast-schema-graph\">{\"@context\":\"https:\\\/\\\/schema.org\",\"@graph\":[{\"@type\":\"Article\",\"@id\":\"https:\\\/\\\/eurecat.org\\\/es\\\/eurecat-organiza-proxima-edicion-conferencia-internacional-chs2-estampacion-caliente-aceros-alta-resistencia\\\/#article\",\"isPartOf\":{\"@id\":\"https:\\\/\\\/eurecat.org\\\/es\\\/eurecat-organiza-proxima-edicion-conferencia-internacional-chs2-estampacion-caliente-aceros-alta-resistencia\\\/\"},\"author\":{\"name\":\"eurecatNG\",\"@id\":\"https:\\\/\\\/eurecat.org\\\/es\\\/#\\\/schema\\\/person\\\/8342992d6929ad043b305d3cac68b3f4\"},\"headline\":\"Eurecat organiza la pr\u00f3xima edici\u00f3n de la conferencia internacional CHS2 de estampaci\u00f3n en caliente de aceros de alta resistencia\",\"datePublished\":\"2020-10-23T08:35:07+00:00\",\"dateModified\":\"2020-10-23T08:41:55+00:00\",\"mainEntityOfPage\":{\"@id\":\"https:\\\/\\\/eurecat.org\\\/es\\\/eurecat-organiza-proxima-edicion-conferencia-internacional-chs2-estampacion-caliente-aceros-alta-resistencia\\\/\"},\"wordCount\":237,\"commentCount\":0,\"image\":{\"@id\":\"https:\\\/\\\/eurecat.org\\\/es\\\/eurecat-organiza-proxima-edicion-conferencia-internacional-chs2-estampacion-caliente-aceros-alta-resistencia\\\/#primaryimage\"},\"thumbnailUrl\":\"https:\\\/\\\/eurecat.org\\\/wp-content\\\/uploads\\\/2020\\\/10\\\/WTC_complex.jpg\",\"articleSection\":[\"Eventos\",\"Notas de prensa\"],\"inLanguage\":\"es\",\"potentialAction\":[{\"@type\":\"CommentAction\",\"name\":\"Comment\",\"target\":[\"https:\\\/\\\/eurecat.org\\\/es\\\/eurecat-organiza-proxima-edicion-conferencia-internacional-chs2-estampacion-caliente-aceros-alta-resistencia\\\/#respond\"]}]},{\"@type\":\"WebPage\",\"@id\":\"https:\\\/\\\/eurecat.org\\\/es\\\/eurecat-organiza-proxima-edicion-conferencia-internacional-chs2-estampacion-caliente-aceros-alta-resistencia\\\/\",\"url\":\"https:\\\/\\\/eurecat.org\\\/es\\\/eurecat-organiza-proxima-edicion-conferencia-internacional-chs2-estampacion-caliente-aceros-alta-resistencia\\\/\",\"name\":\"Eurecat organiza la pr\u00f3xima edici\u00f3n de la conferencia internacional CHS2\",\"isPartOf\":{\"@id\":\"https:\\\/\\\/eurecat.org\\\/es\\\/#website\"},\"primaryImageOfPage\":{\"@id\":\"https:\\\/\\\/eurecat.org\\\/es\\\/eurecat-organiza-proxima-edicion-conferencia-internacional-chs2-estampacion-caliente-aceros-alta-resistencia\\\/#primaryimage\"},\"image\":{\"@id\":\"https:\\\/\\\/eurecat.org\\\/es\\\/eurecat-organiza-proxima-edicion-conferencia-internacional-chs2-estampacion-caliente-aceros-alta-resistencia\\\/#primaryimage\"},\"thumbnailUrl\":\"https:\\\/\\\/eurecat.org\\\/wp-content\\\/uploads\\\/2020\\\/10\\\/WTC_complex.jpg\",\"datePublished\":\"2020-10-23T08:35:07+00:00\",\"dateModified\":\"2020-10-23T08:41:55+00:00\",\"author\":{\"@id\":\"https:\\\/\\\/eurecat.org\\\/es\\\/#\\\/schema\\\/person\\\/8342992d6929ad043b305d3cac68b3f4\"},\"description\":\"Eurecat organiza la pr\u00f3xima edici\u00f3n de la conferencia internacional CHS2 de estampaci\u00f3n en caliente de aceros de alta resistencia.\",\"breadcrumb\":{\"@id\":\"https:\\\/\\\/eurecat.org\\\/es\\\/eurecat-organiza-proxima-edicion-conferencia-internacional-chs2-estampacion-caliente-aceros-alta-resistencia\\\/#breadcrumb\"},\"inLanguage\":\"es\",\"potentialAction\":[{\"@type\":\"ReadAction\",\"target\":[\"https:\\\/\\\/eurecat.org\\\/es\\\/eurecat-organiza-proxima-edicion-conferencia-internacional-chs2-estampacion-caliente-aceros-alta-resistencia\\\/\"]}]},{\"@type\":\"ImageObject\",\"inLanguage\":\"es\",\"@id\":\"https:\\\/\\\/eurecat.org\\\/es\\\/eurecat-organiza-proxima-edicion-conferencia-internacional-chs2-estampacion-caliente-aceros-alta-resistencia\\\/#primaryimage\",\"url\":\"https:\\\/\\\/eurecat.org\\\/wp-content\\\/uploads\\\/2020\\\/10\\\/WTC_complex.jpg\",\"contentUrl\":\"https:\\\/\\\/eurecat.org\\\/wp-content\\\/uploads\\\/2020\\\/10\\\/WTC_complex.jpg\",\"width\":890,\"height\":463,\"caption\":\"eurecat CHS2\"},{\"@type\":\"BreadcrumbList\",\"@id\":\"https:\\\/\\\/eurecat.org\\\/es\\\/eurecat-organiza-proxima-edicion-conferencia-internacional-chs2-estampacion-caliente-aceros-alta-resistencia\\\/#breadcrumb\",\"itemListElement\":[{\"@type\":\"ListItem\",\"position\":1,\"name\":\"Inici\",\"item\":\"https:\\\/\\\/eurecat.org\\\/es\\\/\"},{\"@type\":\"ListItem\",\"position\":2,\"name\":\"Eurecat organiza la pr\u00f3xima edici\u00f3n de la conferencia internacional CHS2 de estampaci\u00f3n en caliente de aceros de alta resistencia\"}]},{\"@type\":\"WebSite\",\"@id\":\"https:\\\/\\\/eurecat.org\\\/es\\\/#website\",\"url\":\"https:\\\/\\\/eurecat.org\\\/es\\\/\",\"name\":\"Eurecat\",\"description\":\"Otro sitio realizado con WordPress\",\"potentialAction\":[{\"@type\":\"SearchAction\",\"target\":{\"@type\":\"EntryPoint\",\"urlTemplate\":\"https:\\\/\\\/eurecat.org\\\/es\\\/?s={search_term_string}\"},\"query-input\":{\"@type\":\"PropertyValueSpecification\",\"valueRequired\":true,\"valueName\":\"search_term_string\"}}],\"inLanguage\":\"es\"},{\"@type\":\"Person\",\"@id\":\"https:\\\/\\\/eurecat.org\\\/es\\\/#\\\/schema\\\/person\\\/8342992d6929ad043b305d3cac68b3f4\",\"name\":\"eurecatNG\",\"image\":{\"@type\":\"ImageObject\",\"inLanguage\":\"es\",\"@id\":\"https:\\\/\\\/secure.gravatar.com\\\/avatar\\\/63200cb70ae4f15a0f673050f36df149dba802bea7614e8f838aaccfcf8ea11d?s=96&d=mm&r=g\",\"url\":\"https:\\\/\\\/secure.gravatar.com\\\/avatar\\\/63200cb70ae4f15a0f673050f36df149dba802bea7614e8f838aaccfcf8ea11d?s=96&d=mm&r=g\",\"contentUrl\":\"https:\\\/\\\/secure.gravatar.com\\\/avatar\\\/63200cb70ae4f15a0f673050f36df149dba802bea7614e8f838aaccfcf8ea11d?s=96&d=mm&r=g\",\"caption\":\"eurecatNG\"}}]}<\/script>\n<!-- \/ Yoast SEO plugin. -->","yoast_head_json":{"title":"Eurecat organiza la pr\u00f3xima edici\u00f3n de la conferencia internacional CHS2","description":"Eurecat organiza la pr\u00f3xima edici\u00f3n de la conferencia internacional CHS2 de estampaci\u00f3n en caliente de aceros de alta resistencia.","robots":{"index":"index","follow":"follow","max-snippet":"max-snippet:-1","max-image-preview":"max-image-preview:large","max-video-preview":"max-video-preview:-1"},"canonical":"https:\/\/eurecat.org\/es\/eurecat-organiza-proxima-edicion-conferencia-internacional-chs2-estampacion-caliente-aceros-alta-resistencia\/","og_locale":"es_ES","og_type":"article","og_title":"Eurecat organiza la pr\u00f3xima edici\u00f3n de la conferencia internacional CHS2","og_description":"Eurecat organiza la pr\u00f3xima edici\u00f3n de la conferencia internacional CHS2 de estampaci\u00f3n en caliente de aceros de alta resistencia.","og_url":"https:\/\/eurecat.org\/es\/eurecat-organiza-proxima-edicion-conferencia-internacional-chs2-estampacion-caliente-aceros-alta-resistencia\/","og_site_name":"Eurecat","article_published_time":"2020-10-23T08:35:07+00:00","article_modified_time":"2020-10-23T08:41:55+00:00","og_image":[{"width":890,"height":463,"url":"https:\/\/eurecat.org\/wp-content\/uploads\/2020\/10\/WTC_complex.jpg","type":"image\/jpeg"}],"author":"eurecatNG","twitter_card":"summary_large_image","twitter_misc":{"Escrito por":"eurecatNG","Tiempo de lectura":"1 minuto"},"schema":{"@context":"https:\/\/schema.org","@graph":[{"@type":"Article","@id":"https:\/\/eurecat.org\/es\/eurecat-organiza-proxima-edicion-conferencia-internacional-chs2-estampacion-caliente-aceros-alta-resistencia\/#article","isPartOf":{"@id":"https:\/\/eurecat.org\/es\/eurecat-organiza-proxima-edicion-conferencia-internacional-chs2-estampacion-caliente-aceros-alta-resistencia\/"},"author":{"name":"eurecatNG","@id":"https:\/\/eurecat.org\/es\/#\/schema\/person\/8342992d6929ad043b305d3cac68b3f4"},"headline":"Eurecat organiza la pr\u00f3xima edici\u00f3n de la conferencia internacional CHS2 de estampaci\u00f3n en caliente de aceros de alta resistencia","datePublished":"2020-10-23T08:35:07+00:00","dateModified":"2020-10-23T08:41:55+00:00","mainEntityOfPage":{"@id":"https:\/\/eurecat.org\/es\/eurecat-organiza-proxima-edicion-conferencia-internacional-chs2-estampacion-caliente-aceros-alta-resistencia\/"},"wordCount":237,"commentCount":0,"image":{"@id":"https:\/\/eurecat.org\/es\/eurecat-organiza-proxima-edicion-conferencia-internacional-chs2-estampacion-caliente-aceros-alta-resistencia\/#primaryimage"},"thumbnailUrl":"https:\/\/eurecat.org\/wp-content\/uploads\/2020\/10\/WTC_complex.jpg","articleSection":["Eventos","Notas de prensa"],"inLanguage":"es","potentialAction":[{"@type":"CommentAction","name":"Comment","target":["https:\/\/eurecat.org\/es\/eurecat-organiza-proxima-edicion-conferencia-internacional-chs2-estampacion-caliente-aceros-alta-resistencia\/#respond"]}]},{"@type":"WebPage","@id":"https:\/\/eurecat.org\/es\/eurecat-organiza-proxima-edicion-conferencia-internacional-chs2-estampacion-caliente-aceros-alta-resistencia\/","url":"https:\/\/eurecat.org\/es\/eurecat-organiza-proxima-edicion-conferencia-internacional-chs2-estampacion-caliente-aceros-alta-resistencia\/","name":"Eurecat organiza la pr\u00f3xima edici\u00f3n de la conferencia internacional CHS2","isPartOf":{"@id":"https:\/\/eurecat.org\/es\/#website"},"primaryImageOfPage":{"@id":"https:\/\/eurecat.org\/es\/eurecat-organiza-proxima-edicion-conferencia-internacional-chs2-estampacion-caliente-aceros-alta-resistencia\/#primaryimage"},"image":{"@id":"https:\/\/eurecat.org\/es\/eurecat-organiza-proxima-edicion-conferencia-internacional-chs2-estampacion-caliente-aceros-alta-resistencia\/#primaryimage"},"thumbnailUrl":"https:\/\/eurecat.org\/wp-content\/uploads\/2020\/10\/WTC_complex.jpg","datePublished":"2020-10-23T08:35:07+00:00","dateModified":"2020-10-23T08:41:55+00:00","author":{"@id":"https:\/\/eurecat.org\/es\/#\/schema\/person\/8342992d6929ad043b305d3cac68b3f4"},"description":"Eurecat organiza la pr\u00f3xima edici\u00f3n de la conferencia internacional CHS2 de estampaci\u00f3n en caliente de aceros de alta resistencia.","breadcrumb":{"@id":"https:\/\/eurecat.org\/es\/eurecat-organiza-proxima-edicion-conferencia-internacional-chs2-estampacion-caliente-aceros-alta-resistencia\/#breadcrumb"},"inLanguage":"es","potentialAction":[{"@type":"ReadAction","target":["https:\/\/eurecat.org\/es\/eurecat-organiza-proxima-edicion-conferencia-internacional-chs2-estampacion-caliente-aceros-alta-resistencia\/"]}]},{"@type":"ImageObject","inLanguage":"es","@id":"https:\/\/eurecat.org\/es\/eurecat-organiza-proxima-edicion-conferencia-internacional-chs2-estampacion-caliente-aceros-alta-resistencia\/#primaryimage","url":"https:\/\/eurecat.org\/wp-content\/uploads\/2020\/10\/WTC_complex.jpg","contentUrl":"https:\/\/eurecat.org\/wp-content\/uploads\/2020\/10\/WTC_complex.jpg","width":890,"height":463,"caption":"eurecat CHS2"},{"@type":"BreadcrumbList","@id":"https:\/\/eurecat.org\/es\/eurecat-organiza-proxima-edicion-conferencia-internacional-chs2-estampacion-caliente-aceros-alta-resistencia\/#breadcrumb","itemListElement":[{"@type":"ListItem","position":1,"name":"Inici","item":"https:\/\/eurecat.org\/es\/"},{"@type":"ListItem","position":2,"name":"Eurecat organiza la pr\u00f3xima edici\u00f3n de la conferencia internacional CHS2 de estampaci\u00f3n en caliente de aceros de alta resistencia"}]},{"@type":"WebSite","@id":"https:\/\/eurecat.org\/es\/#website","url":"https:\/\/eurecat.org\/es\/","name":"Eurecat","description":"Otro sitio realizado con WordPress","potentialAction":[{"@type":"SearchAction","target":{"@type":"EntryPoint","urlTemplate":"https:\/\/eurecat.org\/es\/?s={search_term_string}"},"query-input":{"@type":"PropertyValueSpecification","valueRequired":true,"valueName":"search_term_string"}}],"inLanguage":"es"},{"@type":"Person","@id":"https:\/\/eurecat.org\/es\/#\/schema\/person\/8342992d6929ad043b305d3cac68b3f4","name":"eurecatNG","image":{"@type":"ImageObject","inLanguage":"es","@id":"https:\/\/secure.gravatar.com\/avatar\/63200cb70ae4f15a0f673050f36df149dba802bea7614e8f838aaccfcf8ea11d?s=96&d=mm&r=g","url":"https:\/\/secure.gravatar.com\/avatar\/63200cb70ae4f15a0f673050f36df149dba802bea7614e8f838aaccfcf8ea11d?s=96&d=mm&r=g","contentUrl":"https:\/\/secure.gravatar.com\/avatar\/63200cb70ae4f15a0f673050f36df149dba802bea7614e8f838aaccfcf8ea11d?s=96&d=mm&r=g","caption":"eurecatNG"}}]}},"_links":{"self":[{"href":"https:\/\/eurecat.org\/es\/wp-json\/wp\/v2\/posts\/106590","targetHints":{"allow":["GET"]}}],"collection":[{"href":"https:\/\/eurecat.org\/es\/wp-json\/wp\/v2\/posts"}],"about":[{"href":"https:\/\/eurecat.org\/es\/wp-json\/wp\/v2\/types\/post"}],"author":[{"embeddable":true,"href":"https:\/\/eurecat.org\/es\/wp-json\/wp\/v2\/users\/27"}],"replies":[{"embeddable":true,"href":"https:\/\/eurecat.org\/es\/wp-json\/wp\/v2\/comments?post=106590"}],"version-history":[{"count":0,"href":"https:\/\/eurecat.org\/es\/wp-json\/wp\/v2\/posts\/106590\/revisions"}],"wp:featuredmedia":[{"embeddable":true,"href":"https:\/\/eurecat.org\/es\/wp-json\/wp\/v2\/media\/106588"}],"wp:attachment":[{"href":"https:\/\/eurecat.org\/es\/wp-json\/wp\/v2\/media?parent=106590"}],"wp:term":[{"taxonomy":"category","embeddable":true,"href":"https:\/\/eurecat.org\/es\/wp-json\/wp\/v2\/categories?post=106590"},{"taxonomy":"post_tag","embeddable":true,"href":"https:\/\/eurecat.org\/es\/wp-json\/wp\/v2\/tags?post=106590"}],"curies":[{"name":"wp","href":"https:\/\/api.w.org\/{rel}","templated":true}]}}