{"id":106805,"date":"2020-10-27T10:06:01","date_gmt":"2020-10-27T10:06:01","guid":{"rendered":"https:\/\/eurecat.org\/?p=106805"},"modified":"2020-10-27T15:17:59","modified_gmt":"2020-10-27T15:17:59","slug":"eurecat-participa-proyecto-smart-labels-apuesta-fabricacion-etiquetas-inteligentes","status":"publish","type":"post","link":"https:\/\/eurecat.org\/es\/eurecat-participa-proyecto-smart-labels-apuesta-fabricacion-etiquetas-inteligentes\/","title":{"rendered":"Eurecat participa en el proyecto Smart Labels, una apuesta por la fabricaci\u00f3n de etiquetas inteligentes"},"content":{"rendered":"<p>El centro tecnol\u00f3gico <strong><a href=\"http:\/\/eurecat.org\/es\/\" target=\"_blank\" rel=\"noopener noreferrer\">Eurecat<\/a><\/strong> participa en el proyecto <strong>Smart Labels<\/strong>, que apuesta por la utilizaci\u00f3n de nuevas tecnolog\u00edas de impresi\u00f3n para la fabricaci\u00f3n de <strong>etiquetas inteligentes.<\/strong><\/p>\n<p>Este mes de octubre se llev\u00f3 a cabo la reuni\u00f3n de presentaci\u00f3n, que reuni\u00f3 a todas las partes involucradas de forma virtual: dos cl\u00fasteres nacionales, el <a href=\"https:\/\/www.packagingcluster.com\/inici\/\" target=\"_blank\" rel=\"noopener noreferrer\">Cl\u00faster del Packaging<\/a> y el <a href=\"https:\/\/www.clusteralimentariodegalicia.org\/\" target=\"_blank\" rel=\"noopener noreferrer\">Cl\u00faster Alimentario de Galicia<\/a>; <a href=\"https:\/\/eurecat.org\/es\/eurecat\/covid19\/\" target=\"_blank\" rel=\"noopener noreferrer\">Eurecat<\/a>; y tres pymes: <a href=\"http:\/\/www.ipe-innovaciones.com\/\" target=\"_blank\" rel=\"noopener noreferrer\">IPE Industria Gr\u00e1fica<\/a>; la Cooperativa Vitivin\u00edcola Arousana SCG (<a href=\"http:\/\/pacolola.com\/\" target=\"_blank\" rel=\"noopener noreferrer\">Paco&amp;Lola<\/a>) y la <a href=\"https:\/\/bodegamatarromera.es\/\" target=\"_blank\" rel=\"noopener noreferrer\">Bodega Matarromera<\/a>.<\/p>\n<p>Durante el desarrollo de la sesi\u00f3n, se explicaron los siguientes pasos a seguir a nivel estructural y se planific\u00f3 la programaci\u00f3n del proyecto.<\/p>\n<p>Smartlabels fue el segundo proyecto seleccionado en la convocatoria de ayudas en apoyo a las <a href=\"https:\/\/www.mincotur.gob.es\/portalayudas\/agrupacionesempresariales\/Paginas\/Index.aspx\" target=\"_blank\" rel=\"noopener noreferrer\">Agrupaciones Empresariales Innovadoras<\/a> de este a\u00f1o 2020, entre m\u00e1s de 250 iniciativas.<\/p>\n","protected":false},"excerpt":{"rendered":"<p>El centro tecnol\u00f3gico Eurecat participa en el proyecto Smart Labels, que apuesta por la utilizaci\u00f3n de nuevas tecnolog\u00edas de impresi\u00f3n para la fabricaci\u00f3n de etiquetas inteligentes. Este mes de octubre se llev\u00f3 a cabo la reuni\u00f3n de presentaci\u00f3n, que reuni\u00f3 a todas las partes involucradas de forma virtual: dos cl\u00fasteres nacionales, el Cl\u00faster del Packaging  [&#8230;]<\/p>\n","protected":false},"author":27,"featured_media":106795,"comment_status":"open","ping_status":"closed","sticky":false,"template":"","format":"standard","meta":{"footnotes":""},"categories":[399,134],"tags":[],"class_list":["post-106805","post","type-post","status-publish","format-standard","has-post-thumbnail","hentry","category-impresion-funcional","category-notas-de-prensa"],"yoast_head":"<!-- This site is optimized with the Yoast SEO plugin v27.4 - https:\/\/yoast.com\/product\/yoast-seo-wordpress\/ -->\n<title>Eurecat participa en el proyecto Smart Labels, una apuesta por la fabricaci\u00f3n de etiquetas inteligentes - Eurecat<\/title>\n<meta name=\"description\" content=\"El centro tecnol\u00f3gico Eurecat participa en el proyecto Smart Labels, una apuesta por la fabricaci\u00f3n de etiquetas inteligentes.\" \/>\n<meta name=\"robots\" content=\"index, follow, max-snippet:-1, max-image-preview:large, max-video-preview:-1\" \/>\n<link rel=\"canonical\" href=\"https:\/\/eurecat.org\/es\/eurecat-participa-proyecto-smart-labels-apuesta-fabricacion-etiquetas-inteligentes\/\" \/>\n<meta property=\"og:locale\" content=\"es_ES\" \/>\n<meta property=\"og:type\" content=\"article\" \/>\n<meta property=\"og:title\" content=\"Eurecat participa en el proyecto Smart Labels, una apuesta por la fabricaci\u00f3n de etiquetas inteligentes - Eurecat\" \/>\n<meta property=\"og:description\" content=\"El centro tecnol\u00f3gico Eurecat participa en el proyecto Smart Labels, una apuesta por la fabricaci\u00f3n de etiquetas inteligentes.\" \/>\n<meta property=\"og:url\" content=\"https:\/\/eurecat.org\/es\/eurecat-participa-proyecto-smart-labels-apuesta-fabricacion-etiquetas-inteligentes\/\" \/>\n<meta property=\"og:site_name\" content=\"Eurecat\" \/>\n<meta property=\"article:published_time\" content=\"2020-10-27T10:06:01+00:00\" \/>\n<meta property=\"article:modified_time\" content=\"2020-10-27T15:17:59+00:00\" \/>\n<meta property=\"og:image\" content=\"https:\/\/eurecat.org\/wp-content\/uploads\/2020\/10\/Eurecat-Smart-Labels_930x515px.jpg\" \/>\n\t<meta property=\"og:image:width\" content=\"930\" \/>\n\t<meta property=\"og:image:height\" content=\"515\" \/>\n\t<meta property=\"og:image:type\" content=\"image\/jpeg\" \/>\n<meta name=\"author\" content=\"eurecatNG\" \/>\n<meta name=\"twitter:card\" content=\"summary_large_image\" \/>\n<meta name=\"twitter:label1\" content=\"Escrito por\" \/>\n\t<meta name=\"twitter:data1\" content=\"eurecatNG\" \/>\n\t<meta name=\"twitter:label2\" content=\"Tiempo de lectura\" \/>\n\t<meta name=\"twitter:data2\" content=\"1 minuto\" \/>\n<script type=\"application\/ld+json\" class=\"yoast-schema-graph\">{\"@context\":\"https:\\\/\\\/schema.org\",\"@graph\":[{\"@type\":\"Article\",\"@id\":\"https:\\\/\\\/eurecat.org\\\/es\\\/eurecat-participa-proyecto-smart-labels-apuesta-fabricacion-etiquetas-inteligentes\\\/#article\",\"isPartOf\":{\"@id\":\"https:\\\/\\\/eurecat.org\\\/es\\\/eurecat-participa-proyecto-smart-labels-apuesta-fabricacion-etiquetas-inteligentes\\\/\"},\"author\":{\"name\":\"eurecatNG\",\"@id\":\"https:\\\/\\\/eurecat.org\\\/es\\\/#\\\/schema\\\/person\\\/8342992d6929ad043b305d3cac68b3f4\"},\"headline\":\"Eurecat participa en el proyecto Smart Labels, una apuesta por la fabricaci\u00f3n de etiquetas inteligentes\",\"datePublished\":\"2020-10-27T10:06:01+00:00\",\"dateModified\":\"2020-10-27T15:17:59+00:00\",\"mainEntityOfPage\":{\"@id\":\"https:\\\/\\\/eurecat.org\\\/es\\\/eurecat-participa-proyecto-smart-labels-apuesta-fabricacion-etiquetas-inteligentes\\\/\"},\"wordCount\":160,\"commentCount\":0,\"image\":{\"@id\":\"https:\\\/\\\/eurecat.org\\\/es\\\/eurecat-participa-proyecto-smart-labels-apuesta-fabricacion-etiquetas-inteligentes\\\/#primaryimage\"},\"thumbnailUrl\":\"https:\\\/\\\/eurecat.org\\\/wp-content\\\/uploads\\\/2020\\\/10\\\/Eurecat-Smart-Labels_930x515px.jpg\",\"articleSection\":[\"Impresi\u00f3n funcional\",\"Notas de prensa\"],\"inLanguage\":\"es\",\"potentialAction\":[{\"@type\":\"CommentAction\",\"name\":\"Comment\",\"target\":[\"https:\\\/\\\/eurecat.org\\\/es\\\/eurecat-participa-proyecto-smart-labels-apuesta-fabricacion-etiquetas-inteligentes\\\/#respond\"]}]},{\"@type\":\"WebPage\",\"@id\":\"https:\\\/\\\/eurecat.org\\\/es\\\/eurecat-participa-proyecto-smart-labels-apuesta-fabricacion-etiquetas-inteligentes\\\/\",\"url\":\"https:\\\/\\\/eurecat.org\\\/es\\\/eurecat-participa-proyecto-smart-labels-apuesta-fabricacion-etiquetas-inteligentes\\\/\",\"name\":\"Eurecat participa en el proyecto Smart Labels, una apuesta por la fabricaci\u00f3n de etiquetas inteligentes - Eurecat\",\"isPartOf\":{\"@id\":\"https:\\\/\\\/eurecat.org\\\/es\\\/#website\"},\"primaryImageOfPage\":{\"@id\":\"https:\\\/\\\/eurecat.org\\\/es\\\/eurecat-participa-proyecto-smart-labels-apuesta-fabricacion-etiquetas-inteligentes\\\/#primaryimage\"},\"image\":{\"@id\":\"https:\\\/\\\/eurecat.org\\\/es\\\/eurecat-participa-proyecto-smart-labels-apuesta-fabricacion-etiquetas-inteligentes\\\/#primaryimage\"},\"thumbnailUrl\":\"https:\\\/\\\/eurecat.org\\\/wp-content\\\/uploads\\\/2020\\\/10\\\/Eurecat-Smart-Labels_930x515px.jpg\",\"datePublished\":\"2020-10-27T10:06:01+00:00\",\"dateModified\":\"2020-10-27T15:17:59+00:00\",\"author\":{\"@id\":\"https:\\\/\\\/eurecat.org\\\/es\\\/#\\\/schema\\\/person\\\/8342992d6929ad043b305d3cac68b3f4\"},\"description\":\"El centro tecnol\u00f3gico Eurecat participa en el proyecto Smart Labels, una apuesta por la fabricaci\u00f3n de etiquetas inteligentes.\",\"breadcrumb\":{\"@id\":\"https:\\\/\\\/eurecat.org\\\/es\\\/eurecat-participa-proyecto-smart-labels-apuesta-fabricacion-etiquetas-inteligentes\\\/#breadcrumb\"},\"inLanguage\":\"es\",\"potentialAction\":[{\"@type\":\"ReadAction\",\"target\":[\"https:\\\/\\\/eurecat.org\\\/es\\\/eurecat-participa-proyecto-smart-labels-apuesta-fabricacion-etiquetas-inteligentes\\\/\"]}]},{\"@type\":\"ImageObject\",\"inLanguage\":\"es\",\"@id\":\"https:\\\/\\\/eurecat.org\\\/es\\\/eurecat-participa-proyecto-smart-labels-apuesta-fabricacion-etiquetas-inteligentes\\\/#primaryimage\",\"url\":\"https:\\\/\\\/eurecat.org\\\/wp-content\\\/uploads\\\/2020\\\/10\\\/Eurecat-Smart-Labels_930x515px.jpg\",\"contentUrl\":\"https:\\\/\\\/eurecat.org\\\/wp-content\\\/uploads\\\/2020\\\/10\\\/Eurecat-Smart-Labels_930x515px.jpg\",\"width\":930,\"height\":515,\"caption\":\"eurecat smart labels etiquetes intel\u00b7ligents\"},{\"@type\":\"BreadcrumbList\",\"@id\":\"https:\\\/\\\/eurecat.org\\\/es\\\/eurecat-participa-proyecto-smart-labels-apuesta-fabricacion-etiquetas-inteligentes\\\/#breadcrumb\",\"itemListElement\":[{\"@type\":\"ListItem\",\"position\":1,\"name\":\"Inici\",\"item\":\"https:\\\/\\\/eurecat.org\\\/es\\\/\"},{\"@type\":\"ListItem\",\"position\":2,\"name\":\"Eurecat participa en el proyecto Smart Labels, una apuesta por la fabricaci\u00f3n de etiquetas inteligentes\"}]},{\"@type\":\"WebSite\",\"@id\":\"https:\\\/\\\/eurecat.org\\\/es\\\/#website\",\"url\":\"https:\\\/\\\/eurecat.org\\\/es\\\/\",\"name\":\"Eurecat\",\"description\":\"Otro sitio realizado con WordPress\",\"potentialAction\":[{\"@type\":\"SearchAction\",\"target\":{\"@type\":\"EntryPoint\",\"urlTemplate\":\"https:\\\/\\\/eurecat.org\\\/es\\\/?s={search_term_string}\"},\"query-input\":{\"@type\":\"PropertyValueSpecification\",\"valueRequired\":true,\"valueName\":\"search_term_string\"}}],\"inLanguage\":\"es\"},{\"@type\":\"Person\",\"@id\":\"https:\\\/\\\/eurecat.org\\\/es\\\/#\\\/schema\\\/person\\\/8342992d6929ad043b305d3cac68b3f4\",\"name\":\"eurecatNG\",\"image\":{\"@type\":\"ImageObject\",\"inLanguage\":\"es\",\"@id\":\"https:\\\/\\\/secure.gravatar.com\\\/avatar\\\/63200cb70ae4f15a0f673050f36df149dba802bea7614e8f838aaccfcf8ea11d?s=96&d=mm&r=g\",\"url\":\"https:\\\/\\\/secure.gravatar.com\\\/avatar\\\/63200cb70ae4f15a0f673050f36df149dba802bea7614e8f838aaccfcf8ea11d?s=96&d=mm&r=g\",\"contentUrl\":\"https:\\\/\\\/secure.gravatar.com\\\/avatar\\\/63200cb70ae4f15a0f673050f36df149dba802bea7614e8f838aaccfcf8ea11d?s=96&d=mm&r=g\",\"caption\":\"eurecatNG\"}}]}<\/script>\n<!-- \/ Yoast SEO plugin. -->","yoast_head_json":{"title":"Eurecat participa en el proyecto Smart Labels, una apuesta por la fabricaci\u00f3n de etiquetas inteligentes - Eurecat","description":"El centro tecnol\u00f3gico Eurecat participa en el proyecto Smart Labels, una apuesta por la fabricaci\u00f3n de etiquetas inteligentes.","robots":{"index":"index","follow":"follow","max-snippet":"max-snippet:-1","max-image-preview":"max-image-preview:large","max-video-preview":"max-video-preview:-1"},"canonical":"https:\/\/eurecat.org\/es\/eurecat-participa-proyecto-smart-labels-apuesta-fabricacion-etiquetas-inteligentes\/","og_locale":"es_ES","og_type":"article","og_title":"Eurecat participa en el proyecto Smart Labels, una apuesta por la fabricaci\u00f3n de etiquetas inteligentes - Eurecat","og_description":"El centro tecnol\u00f3gico Eurecat participa en el proyecto Smart Labels, una apuesta por la fabricaci\u00f3n de etiquetas inteligentes.","og_url":"https:\/\/eurecat.org\/es\/eurecat-participa-proyecto-smart-labels-apuesta-fabricacion-etiquetas-inteligentes\/","og_site_name":"Eurecat","article_published_time":"2020-10-27T10:06:01+00:00","article_modified_time":"2020-10-27T15:17:59+00:00","og_image":[{"width":930,"height":515,"url":"https:\/\/eurecat.org\/wp-content\/uploads\/2020\/10\/Eurecat-Smart-Labels_930x515px.jpg","type":"image\/jpeg"}],"author":"eurecatNG","twitter_card":"summary_large_image","twitter_misc":{"Escrito por":"eurecatNG","Tiempo de lectura":"1 minuto"},"schema":{"@context":"https:\/\/schema.org","@graph":[{"@type":"Article","@id":"https:\/\/eurecat.org\/es\/eurecat-participa-proyecto-smart-labels-apuesta-fabricacion-etiquetas-inteligentes\/#article","isPartOf":{"@id":"https:\/\/eurecat.org\/es\/eurecat-participa-proyecto-smart-labels-apuesta-fabricacion-etiquetas-inteligentes\/"},"author":{"name":"eurecatNG","@id":"https:\/\/eurecat.org\/es\/#\/schema\/person\/8342992d6929ad043b305d3cac68b3f4"},"headline":"Eurecat participa en el proyecto Smart Labels, una apuesta por la fabricaci\u00f3n de etiquetas inteligentes","datePublished":"2020-10-27T10:06:01+00:00","dateModified":"2020-10-27T15:17:59+00:00","mainEntityOfPage":{"@id":"https:\/\/eurecat.org\/es\/eurecat-participa-proyecto-smart-labels-apuesta-fabricacion-etiquetas-inteligentes\/"},"wordCount":160,"commentCount":0,"image":{"@id":"https:\/\/eurecat.org\/es\/eurecat-participa-proyecto-smart-labels-apuesta-fabricacion-etiquetas-inteligentes\/#primaryimage"},"thumbnailUrl":"https:\/\/eurecat.org\/wp-content\/uploads\/2020\/10\/Eurecat-Smart-Labels_930x515px.jpg","articleSection":["Impresi\u00f3n funcional","Notas de prensa"],"inLanguage":"es","potentialAction":[{"@type":"CommentAction","name":"Comment","target":["https:\/\/eurecat.org\/es\/eurecat-participa-proyecto-smart-labels-apuesta-fabricacion-etiquetas-inteligentes\/#respond"]}]},{"@type":"WebPage","@id":"https:\/\/eurecat.org\/es\/eurecat-participa-proyecto-smart-labels-apuesta-fabricacion-etiquetas-inteligentes\/","url":"https:\/\/eurecat.org\/es\/eurecat-participa-proyecto-smart-labels-apuesta-fabricacion-etiquetas-inteligentes\/","name":"Eurecat participa en el proyecto Smart Labels, una apuesta por la fabricaci\u00f3n de etiquetas inteligentes - Eurecat","isPartOf":{"@id":"https:\/\/eurecat.org\/es\/#website"},"primaryImageOfPage":{"@id":"https:\/\/eurecat.org\/es\/eurecat-participa-proyecto-smart-labels-apuesta-fabricacion-etiquetas-inteligentes\/#primaryimage"},"image":{"@id":"https:\/\/eurecat.org\/es\/eurecat-participa-proyecto-smart-labels-apuesta-fabricacion-etiquetas-inteligentes\/#primaryimage"},"thumbnailUrl":"https:\/\/eurecat.org\/wp-content\/uploads\/2020\/10\/Eurecat-Smart-Labels_930x515px.jpg","datePublished":"2020-10-27T10:06:01+00:00","dateModified":"2020-10-27T15:17:59+00:00","author":{"@id":"https:\/\/eurecat.org\/es\/#\/schema\/person\/8342992d6929ad043b305d3cac68b3f4"},"description":"El centro tecnol\u00f3gico Eurecat participa en el proyecto Smart Labels, una apuesta por la fabricaci\u00f3n de etiquetas inteligentes.","breadcrumb":{"@id":"https:\/\/eurecat.org\/es\/eurecat-participa-proyecto-smart-labels-apuesta-fabricacion-etiquetas-inteligentes\/#breadcrumb"},"inLanguage":"es","potentialAction":[{"@type":"ReadAction","target":["https:\/\/eurecat.org\/es\/eurecat-participa-proyecto-smart-labels-apuesta-fabricacion-etiquetas-inteligentes\/"]}]},{"@type":"ImageObject","inLanguage":"es","@id":"https:\/\/eurecat.org\/es\/eurecat-participa-proyecto-smart-labels-apuesta-fabricacion-etiquetas-inteligentes\/#primaryimage","url":"https:\/\/eurecat.org\/wp-content\/uploads\/2020\/10\/Eurecat-Smart-Labels_930x515px.jpg","contentUrl":"https:\/\/eurecat.org\/wp-content\/uploads\/2020\/10\/Eurecat-Smart-Labels_930x515px.jpg","width":930,"height":515,"caption":"eurecat smart labels etiquetes intel\u00b7ligents"},{"@type":"BreadcrumbList","@id":"https:\/\/eurecat.org\/es\/eurecat-participa-proyecto-smart-labels-apuesta-fabricacion-etiquetas-inteligentes\/#breadcrumb","itemListElement":[{"@type":"ListItem","position":1,"name":"Inici","item":"https:\/\/eurecat.org\/es\/"},{"@type":"ListItem","position":2,"name":"Eurecat participa en el proyecto Smart Labels, una apuesta por la fabricaci\u00f3n de etiquetas inteligentes"}]},{"@type":"WebSite","@id":"https:\/\/eurecat.org\/es\/#website","url":"https:\/\/eurecat.org\/es\/","name":"Eurecat","description":"Otro sitio realizado con WordPress","potentialAction":[{"@type":"SearchAction","target":{"@type":"EntryPoint","urlTemplate":"https:\/\/eurecat.org\/es\/?s={search_term_string}"},"query-input":{"@type":"PropertyValueSpecification","valueRequired":true,"valueName":"search_term_string"}}],"inLanguage":"es"},{"@type":"Person","@id":"https:\/\/eurecat.org\/es\/#\/schema\/person\/8342992d6929ad043b305d3cac68b3f4","name":"eurecatNG","image":{"@type":"ImageObject","inLanguage":"es","@id":"https:\/\/secure.gravatar.com\/avatar\/63200cb70ae4f15a0f673050f36df149dba802bea7614e8f838aaccfcf8ea11d?s=96&d=mm&r=g","url":"https:\/\/secure.gravatar.com\/avatar\/63200cb70ae4f15a0f673050f36df149dba802bea7614e8f838aaccfcf8ea11d?s=96&d=mm&r=g","contentUrl":"https:\/\/secure.gravatar.com\/avatar\/63200cb70ae4f15a0f673050f36df149dba802bea7614e8f838aaccfcf8ea11d?s=96&d=mm&r=g","caption":"eurecatNG"}}]}},"_links":{"self":[{"href":"https:\/\/eurecat.org\/es\/wp-json\/wp\/v2\/posts\/106805","targetHints":{"allow":["GET"]}}],"collection":[{"href":"https:\/\/eurecat.org\/es\/wp-json\/wp\/v2\/posts"}],"about":[{"href":"https:\/\/eurecat.org\/es\/wp-json\/wp\/v2\/types\/post"}],"author":[{"embeddable":true,"href":"https:\/\/eurecat.org\/es\/wp-json\/wp\/v2\/users\/27"}],"replies":[{"embeddable":true,"href":"https:\/\/eurecat.org\/es\/wp-json\/wp\/v2\/comments?post=106805"}],"version-history":[{"count":0,"href":"https:\/\/eurecat.org\/es\/wp-json\/wp\/v2\/posts\/106805\/revisions"}],"wp:featuredmedia":[{"embeddable":true,"href":"https:\/\/eurecat.org\/es\/wp-json\/wp\/v2\/media\/106795"}],"wp:attachment":[{"href":"https:\/\/eurecat.org\/es\/wp-json\/wp\/v2\/media?parent=106805"}],"wp:term":[{"taxonomy":"category","embeddable":true,"href":"https:\/\/eurecat.org\/es\/wp-json\/wp\/v2\/categories?post=106805"},{"taxonomy":"post_tag","embeddable":true,"href":"https:\/\/eurecat.org\/es\/wp-json\/wp\/v2\/tags?post=106805"}],"curies":[{"name":"wp","href":"https:\/\/api.w.org\/{rel}","templated":true}]}}