{"id":106940,"date":"2020-10-30T10:55:20","date_gmt":"2020-10-30T10:55:20","guid":{"rendered":"https:\/\/eurecat.org\/?p=106940"},"modified":"2020-10-30T12:13:15","modified_gmt":"2020-10-30T12:13:15","slug":"expertos-abordan-posibilidades-wearables","status":"publish","type":"post","link":"https:\/\/eurecat.org\/es\/expertos-abordan-posibilidades-wearables\/","title":{"rendered":"Expertos abordan las posibilidades de los wearables, que se calcula que crecer\u00e1n un 10% anual en los pr\u00f3ximos 4 a\u00f1os"},"content":{"rendered":"<p>Expertos han abordado las crecientes posibilidades que ofrecen los tejidos inteligentes y los dispositivos electr\u00f3nicos aplicados al sector textil, tambi\u00e9n conocidos como <strong>wearables<\/strong>, cuyo uso se prev\u00e9 que se incremente en m\u00e1s de un 10 por ciento anual los pr\u00f3ximos cuatro a\u00f1os, en un seminario online organizado por el centro tecnol\u00f3gico <strong><a href=\"http:\/\/eurecat.org\/es\/\" target=\"_blank\" rel=\"noopener noreferrer\">Eurecat<\/a><\/strong>, junto con el Cl\u00faster Functional Print y la Plataforma 3NEO.<\/p>\n<p>De acuerdo con la promotora tecnol\u00f3gica de la Unidad de Impresi\u00f3n Funcional y Dispositivos Integrados de Eurecat, Cristina Casellas, destaca cada vez m\u00e1s la aplicaci\u00f3n de wearables en sectores como la salud y el deporte \u201ca los que ofrece un valor a\u00f1adido gracias a la tecnolog\u00eda que permite sensorizar y monitorizar par\u00e1metros diversos que van desde el esfuerzo, el movimiento o las constantes vitales, entre otros, y mejoran el confort respecto a un dispositivo r\u00edgido\u201d.<\/p>\n<p>En esta l\u00ednea, el seminario \u2018El futuro de los wearables: C\u00f3mo el dise\u00f1o y los nuevos materiales poder aportar valor a los wearables del futuro\u2019 ha contado con la ponencia del cofundador de IMAZTech, Maziar Ahmadi, que ha hablado sobre E-glove, un guante inteligente para la rehabilitaci\u00f3n de pacientes de hospitales; y con el CTO de ONALABS, Jaime Puntero, que ha abordado el uso de wearables para la detecci\u00f3n y monitorizaci\u00f3n de fatiga en deportistas.<\/p>\n<p>Por su parte, la promotora tecnol\u00f3gica de la Unidad de Impresi\u00f3n Funcional y Dispositivos Integrados de Eurecat, ha expuesto los beneficios y oportunidades de la electr\u00f3nica flexible para los wearables del futuro y ha hablado del hub de aceleraci\u00f3n tecnol\u00f3gica SmartEEs2, en el que participa el centro tecnol\u00f3gico, que tiene el objetivo de ayudar a las empresas y startups a la adopci\u00f3n e integraci\u00f3n de electr\u00f3nica flexible y port\u00e1til a sus productos y servicios.<\/p>\n<p>La jornada ha contado tambi\u00e9n con el fundador y jefe de dise\u00f1o de Ernest Perera Design Studio, Ernest Perera, y director del hub de dise\u00f1o Amor de Madre, que ha hablado sobre el dise\u00f1o para una producci\u00f3n y un consumo m\u00e1s sostenibles; y con el cient\u00edfico titular de IMB-CNM (CSIC) y cofundador y asesor cient\u00edfico de Fuelium, Juan Pablo Esquivel, que ha expuesto el uso de bater\u00edas sostenibles para aplicaciones de un solo uso.<\/p>\n<p>El evento, organizado por el centro tecnol\u00f3gico Eurecat, junto con el Cl\u00faster Functional Print y la Plataforma 3NEO, se ha celebrado en formato digital con el objetivo de fomentar la innovaci\u00f3n y el desarrollo tecnol\u00f3gico entre las empresas del \u00e1mbito de la impresi\u00f3n avanzada y wearables, start-ups y dise\u00f1adores para dar respuesta a diferentes retos de la sociedad, los cuales han sido analizados por la directora del Cl\u00faster Functional Print, Susana Barasoain, y por la directora de Elisava Research, Laura Cl\u00e8ries.<\/p>\n","protected":false},"excerpt":{"rendered":"<p>Expertos han abordado las crecientes posibilidades que ofrecen los tejidos inteligentes y los dispositivos electr\u00f3nicos aplicados al sector textil, tambi\u00e9n conocidos como wearables, cuyo uso se prev\u00e9 que se incremente en m\u00e1s de un 10 por ciento anual los pr\u00f3ximos cuatro a\u00f1os, en un seminario online organizado por el centro tecnol\u00f3gico Eurecat, junto con el  [&#8230;]<\/p>\n","protected":false},"author":27,"featured_media":106937,"comment_status":"open","ping_status":"closed","sticky":false,"template":"","format":"standard","meta":{"footnotes":""},"categories":[399,134],"tags":[],"class_list":["post-106940","post","type-post","status-publish","format-standard","has-post-thumbnail","hentry","category-impresion-funcional","category-notas-de-prensa"],"yoast_head":"<!-- This site is optimized with the Yoast SEO plugin v27.4 - https:\/\/yoast.com\/product\/yoast-seo-wordpress\/ -->\n<title>Expertos abordan las posibilidades de los wearables, que se calcula que crecer\u00e1n un 10% anual en los pr\u00f3ximos 4 a\u00f1os - Eurecat<\/title>\n<meta name=\"description\" content=\"Expertos abordan las posibilidades de los wearables, que se calcula que crecer\u00e1n un 10% anual en los pr\u00f3ximos 4 a\u00f1os.\" \/>\n<meta name=\"robots\" content=\"index, follow, max-snippet:-1, max-image-preview:large, max-video-preview:-1\" \/>\n<link rel=\"canonical\" href=\"https:\/\/eurecat.org\/es\/expertos-abordan-posibilidades-wearables\/\" \/>\n<meta property=\"og:locale\" content=\"es_ES\" \/>\n<meta property=\"og:type\" content=\"article\" \/>\n<meta property=\"og:title\" content=\"Expertos abordan las posibilidades de los wearables, que se calcula que crecer\u00e1n un 10% anual en los pr\u00f3ximos 4 a\u00f1os - Eurecat\" \/>\n<meta property=\"og:description\" content=\"Expertos abordan las posibilidades de los wearables, que se calcula que crecer\u00e1n un 10% anual en los pr\u00f3ximos 4 a\u00f1os.\" \/>\n<meta property=\"og:url\" content=\"https:\/\/eurecat.org\/es\/expertos-abordan-posibilidades-wearables\/\" \/>\n<meta property=\"og:site_name\" content=\"Eurecat\" \/>\n<meta property=\"article:published_time\" content=\"2020-10-30T10:55:20+00:00\" \/>\n<meta property=\"article:modified_time\" content=\"2020-10-30T12:13:15+00:00\" \/>\n<meta property=\"og:image\" content=\"https:\/\/eurecat.org\/wp-content\/uploads\/2020\/10\/Eurecat-SmartEEs_930x515px.jpg\" \/>\n\t<meta property=\"og:image:width\" content=\"930\" \/>\n\t<meta property=\"og:image:height\" content=\"515\" \/>\n\t<meta property=\"og:image:type\" content=\"image\/jpeg\" \/>\n<meta name=\"author\" content=\"eurecatNG\" \/>\n<meta name=\"twitter:card\" content=\"summary_large_image\" \/>\n<meta name=\"twitter:label1\" content=\"Escrito por\" \/>\n\t<meta name=\"twitter:data1\" content=\"eurecatNG\" \/>\n\t<meta name=\"twitter:label2\" content=\"Tiempo de lectura\" \/>\n\t<meta name=\"twitter:data2\" content=\"2 minutos\" \/>\n<script type=\"application\/ld+json\" class=\"yoast-schema-graph\">{\"@context\":\"https:\\\/\\\/schema.org\",\"@graph\":[{\"@type\":\"Article\",\"@id\":\"https:\\\/\\\/eurecat.org\\\/es\\\/expertos-abordan-posibilidades-wearables\\\/#article\",\"isPartOf\":{\"@id\":\"https:\\\/\\\/eurecat.org\\\/es\\\/expertos-abordan-posibilidades-wearables\\\/\"},\"author\":{\"name\":\"eurecatNG\",\"@id\":\"https:\\\/\\\/eurecat.org\\\/es\\\/#\\\/schema\\\/person\\\/8342992d6929ad043b305d3cac68b3f4\"},\"headline\":\"Expertos abordan las posibilidades de los wearables, que se calcula que crecer\u00e1n un 10% anual en los pr\u00f3ximos 4 a\u00f1os\",\"datePublished\":\"2020-10-30T10:55:20+00:00\",\"dateModified\":\"2020-10-30T12:13:15+00:00\",\"mainEntityOfPage\":{\"@id\":\"https:\\\/\\\/eurecat.org\\\/es\\\/expertos-abordan-posibilidades-wearables\\\/\"},\"wordCount\":509,\"commentCount\":0,\"image\":{\"@id\":\"https:\\\/\\\/eurecat.org\\\/es\\\/expertos-abordan-posibilidades-wearables\\\/#primaryimage\"},\"thumbnailUrl\":\"https:\\\/\\\/eurecat.org\\\/wp-content\\\/uploads\\\/2020\\\/10\\\/Eurecat-SmartEEs_930x515px.jpg\",\"articleSection\":[\"Impresi\u00f3n funcional\",\"Notas de prensa\"],\"inLanguage\":\"es\",\"potentialAction\":[{\"@type\":\"CommentAction\",\"name\":\"Comment\",\"target\":[\"https:\\\/\\\/eurecat.org\\\/es\\\/expertos-abordan-posibilidades-wearables\\\/#respond\"]}]},{\"@type\":\"WebPage\",\"@id\":\"https:\\\/\\\/eurecat.org\\\/es\\\/expertos-abordan-posibilidades-wearables\\\/\",\"url\":\"https:\\\/\\\/eurecat.org\\\/es\\\/expertos-abordan-posibilidades-wearables\\\/\",\"name\":\"Expertos abordan las posibilidades de los wearables, que se calcula que crecer\u00e1n un 10% anual en los pr\u00f3ximos 4 a\u00f1os - Eurecat\",\"isPartOf\":{\"@id\":\"https:\\\/\\\/eurecat.org\\\/es\\\/#website\"},\"primaryImageOfPage\":{\"@id\":\"https:\\\/\\\/eurecat.org\\\/es\\\/expertos-abordan-posibilidades-wearables\\\/#primaryimage\"},\"image\":{\"@id\":\"https:\\\/\\\/eurecat.org\\\/es\\\/expertos-abordan-posibilidades-wearables\\\/#primaryimage\"},\"thumbnailUrl\":\"https:\\\/\\\/eurecat.org\\\/wp-content\\\/uploads\\\/2020\\\/10\\\/Eurecat-SmartEEs_930x515px.jpg\",\"datePublished\":\"2020-10-30T10:55:20+00:00\",\"dateModified\":\"2020-10-30T12:13:15+00:00\",\"author\":{\"@id\":\"https:\\\/\\\/eurecat.org\\\/es\\\/#\\\/schema\\\/person\\\/8342992d6929ad043b305d3cac68b3f4\"},\"description\":\"Expertos abordan las posibilidades de los wearables, que se calcula que crecer\u00e1n un 10% anual en los pr\u00f3ximos 4 a\u00f1os.\",\"breadcrumb\":{\"@id\":\"https:\\\/\\\/eurecat.org\\\/es\\\/expertos-abordan-posibilidades-wearables\\\/#breadcrumb\"},\"inLanguage\":\"es\",\"potentialAction\":[{\"@type\":\"ReadAction\",\"target\":[\"https:\\\/\\\/eurecat.org\\\/es\\\/expertos-abordan-posibilidades-wearables\\\/\"]}]},{\"@type\":\"ImageObject\",\"inLanguage\":\"es\",\"@id\":\"https:\\\/\\\/eurecat.org\\\/es\\\/expertos-abordan-posibilidades-wearables\\\/#primaryimage\",\"url\":\"https:\\\/\\\/eurecat.org\\\/wp-content\\\/uploads\\\/2020\\\/10\\\/Eurecat-SmartEEs_930x515px.jpg\",\"contentUrl\":\"https:\\\/\\\/eurecat.org\\\/wp-content\\\/uploads\\\/2020\\\/10\\\/Eurecat-SmartEEs_930x515px.jpg\",\"width\":930,\"height\":515,\"caption\":\"eurecat wearables\"},{\"@type\":\"BreadcrumbList\",\"@id\":\"https:\\\/\\\/eurecat.org\\\/es\\\/expertos-abordan-posibilidades-wearables\\\/#breadcrumb\",\"itemListElement\":[{\"@type\":\"ListItem\",\"position\":1,\"name\":\"Inici\",\"item\":\"https:\\\/\\\/eurecat.org\\\/es\\\/\"},{\"@type\":\"ListItem\",\"position\":2,\"name\":\"Expertos abordan las posibilidades de los wearables, que se calcula que crecer\u00e1n un 10% anual en los pr\u00f3ximos 4 a\u00f1os\"}]},{\"@type\":\"WebSite\",\"@id\":\"https:\\\/\\\/eurecat.org\\\/es\\\/#website\",\"url\":\"https:\\\/\\\/eurecat.org\\\/es\\\/\",\"name\":\"Eurecat\",\"description\":\"Otro sitio realizado con WordPress\",\"potentialAction\":[{\"@type\":\"SearchAction\",\"target\":{\"@type\":\"EntryPoint\",\"urlTemplate\":\"https:\\\/\\\/eurecat.org\\\/es\\\/?s={search_term_string}\"},\"query-input\":{\"@type\":\"PropertyValueSpecification\",\"valueRequired\":true,\"valueName\":\"search_term_string\"}}],\"inLanguage\":\"es\"},{\"@type\":\"Person\",\"@id\":\"https:\\\/\\\/eurecat.org\\\/es\\\/#\\\/schema\\\/person\\\/8342992d6929ad043b305d3cac68b3f4\",\"name\":\"eurecatNG\",\"image\":{\"@type\":\"ImageObject\",\"inLanguage\":\"es\",\"@id\":\"https:\\\/\\\/secure.gravatar.com\\\/avatar\\\/63200cb70ae4f15a0f673050f36df149dba802bea7614e8f838aaccfcf8ea11d?s=96&d=mm&r=g\",\"url\":\"https:\\\/\\\/secure.gravatar.com\\\/avatar\\\/63200cb70ae4f15a0f673050f36df149dba802bea7614e8f838aaccfcf8ea11d?s=96&d=mm&r=g\",\"contentUrl\":\"https:\\\/\\\/secure.gravatar.com\\\/avatar\\\/63200cb70ae4f15a0f673050f36df149dba802bea7614e8f838aaccfcf8ea11d?s=96&d=mm&r=g\",\"caption\":\"eurecatNG\"}}]}<\/script>\n<!-- \/ Yoast SEO plugin. -->","yoast_head_json":{"title":"Expertos abordan las posibilidades de los wearables, que se calcula que crecer\u00e1n un 10% anual en los pr\u00f3ximos 4 a\u00f1os - Eurecat","description":"Expertos abordan las posibilidades de los wearables, que se calcula que crecer\u00e1n un 10% anual en los pr\u00f3ximos 4 a\u00f1os.","robots":{"index":"index","follow":"follow","max-snippet":"max-snippet:-1","max-image-preview":"max-image-preview:large","max-video-preview":"max-video-preview:-1"},"canonical":"https:\/\/eurecat.org\/es\/expertos-abordan-posibilidades-wearables\/","og_locale":"es_ES","og_type":"article","og_title":"Expertos abordan las posibilidades de los wearables, que se calcula que crecer\u00e1n un 10% anual en los pr\u00f3ximos 4 a\u00f1os - Eurecat","og_description":"Expertos abordan las posibilidades de los wearables, que se calcula que crecer\u00e1n un 10% anual en los pr\u00f3ximos 4 a\u00f1os.","og_url":"https:\/\/eurecat.org\/es\/expertos-abordan-posibilidades-wearables\/","og_site_name":"Eurecat","article_published_time":"2020-10-30T10:55:20+00:00","article_modified_time":"2020-10-30T12:13:15+00:00","og_image":[{"width":930,"height":515,"url":"https:\/\/eurecat.org\/wp-content\/uploads\/2020\/10\/Eurecat-SmartEEs_930x515px.jpg","type":"image\/jpeg"}],"author":"eurecatNG","twitter_card":"summary_large_image","twitter_misc":{"Escrito por":"eurecatNG","Tiempo de lectura":"2 minutos"},"schema":{"@context":"https:\/\/schema.org","@graph":[{"@type":"Article","@id":"https:\/\/eurecat.org\/es\/expertos-abordan-posibilidades-wearables\/#article","isPartOf":{"@id":"https:\/\/eurecat.org\/es\/expertos-abordan-posibilidades-wearables\/"},"author":{"name":"eurecatNG","@id":"https:\/\/eurecat.org\/es\/#\/schema\/person\/8342992d6929ad043b305d3cac68b3f4"},"headline":"Expertos abordan las posibilidades de los wearables, que se calcula que crecer\u00e1n un 10% anual en los pr\u00f3ximos 4 a\u00f1os","datePublished":"2020-10-30T10:55:20+00:00","dateModified":"2020-10-30T12:13:15+00:00","mainEntityOfPage":{"@id":"https:\/\/eurecat.org\/es\/expertos-abordan-posibilidades-wearables\/"},"wordCount":509,"commentCount":0,"image":{"@id":"https:\/\/eurecat.org\/es\/expertos-abordan-posibilidades-wearables\/#primaryimage"},"thumbnailUrl":"https:\/\/eurecat.org\/wp-content\/uploads\/2020\/10\/Eurecat-SmartEEs_930x515px.jpg","articleSection":["Impresi\u00f3n funcional","Notas de prensa"],"inLanguage":"es","potentialAction":[{"@type":"CommentAction","name":"Comment","target":["https:\/\/eurecat.org\/es\/expertos-abordan-posibilidades-wearables\/#respond"]}]},{"@type":"WebPage","@id":"https:\/\/eurecat.org\/es\/expertos-abordan-posibilidades-wearables\/","url":"https:\/\/eurecat.org\/es\/expertos-abordan-posibilidades-wearables\/","name":"Expertos abordan las posibilidades de los wearables, que se calcula que crecer\u00e1n un 10% anual en los pr\u00f3ximos 4 a\u00f1os - Eurecat","isPartOf":{"@id":"https:\/\/eurecat.org\/es\/#website"},"primaryImageOfPage":{"@id":"https:\/\/eurecat.org\/es\/expertos-abordan-posibilidades-wearables\/#primaryimage"},"image":{"@id":"https:\/\/eurecat.org\/es\/expertos-abordan-posibilidades-wearables\/#primaryimage"},"thumbnailUrl":"https:\/\/eurecat.org\/wp-content\/uploads\/2020\/10\/Eurecat-SmartEEs_930x515px.jpg","datePublished":"2020-10-30T10:55:20+00:00","dateModified":"2020-10-30T12:13:15+00:00","author":{"@id":"https:\/\/eurecat.org\/es\/#\/schema\/person\/8342992d6929ad043b305d3cac68b3f4"},"description":"Expertos abordan las posibilidades de los wearables, que se calcula que crecer\u00e1n un 10% anual en los pr\u00f3ximos 4 a\u00f1os.","breadcrumb":{"@id":"https:\/\/eurecat.org\/es\/expertos-abordan-posibilidades-wearables\/#breadcrumb"},"inLanguage":"es","potentialAction":[{"@type":"ReadAction","target":["https:\/\/eurecat.org\/es\/expertos-abordan-posibilidades-wearables\/"]}]},{"@type":"ImageObject","inLanguage":"es","@id":"https:\/\/eurecat.org\/es\/expertos-abordan-posibilidades-wearables\/#primaryimage","url":"https:\/\/eurecat.org\/wp-content\/uploads\/2020\/10\/Eurecat-SmartEEs_930x515px.jpg","contentUrl":"https:\/\/eurecat.org\/wp-content\/uploads\/2020\/10\/Eurecat-SmartEEs_930x515px.jpg","width":930,"height":515,"caption":"eurecat wearables"},{"@type":"BreadcrumbList","@id":"https:\/\/eurecat.org\/es\/expertos-abordan-posibilidades-wearables\/#breadcrumb","itemListElement":[{"@type":"ListItem","position":1,"name":"Inici","item":"https:\/\/eurecat.org\/es\/"},{"@type":"ListItem","position":2,"name":"Expertos abordan las posibilidades de los wearables, que se calcula que crecer\u00e1n un 10% anual en los pr\u00f3ximos 4 a\u00f1os"}]},{"@type":"WebSite","@id":"https:\/\/eurecat.org\/es\/#website","url":"https:\/\/eurecat.org\/es\/","name":"Eurecat","description":"Otro sitio realizado con WordPress","potentialAction":[{"@type":"SearchAction","target":{"@type":"EntryPoint","urlTemplate":"https:\/\/eurecat.org\/es\/?s={search_term_string}"},"query-input":{"@type":"PropertyValueSpecification","valueRequired":true,"valueName":"search_term_string"}}],"inLanguage":"es"},{"@type":"Person","@id":"https:\/\/eurecat.org\/es\/#\/schema\/person\/8342992d6929ad043b305d3cac68b3f4","name":"eurecatNG","image":{"@type":"ImageObject","inLanguage":"es","@id":"https:\/\/secure.gravatar.com\/avatar\/63200cb70ae4f15a0f673050f36df149dba802bea7614e8f838aaccfcf8ea11d?s=96&d=mm&r=g","url":"https:\/\/secure.gravatar.com\/avatar\/63200cb70ae4f15a0f673050f36df149dba802bea7614e8f838aaccfcf8ea11d?s=96&d=mm&r=g","contentUrl":"https:\/\/secure.gravatar.com\/avatar\/63200cb70ae4f15a0f673050f36df149dba802bea7614e8f838aaccfcf8ea11d?s=96&d=mm&r=g","caption":"eurecatNG"}}]}},"_links":{"self":[{"href":"https:\/\/eurecat.org\/es\/wp-json\/wp\/v2\/posts\/106940","targetHints":{"allow":["GET"]}}],"collection":[{"href":"https:\/\/eurecat.org\/es\/wp-json\/wp\/v2\/posts"}],"about":[{"href":"https:\/\/eurecat.org\/es\/wp-json\/wp\/v2\/types\/post"}],"author":[{"embeddable":true,"href":"https:\/\/eurecat.org\/es\/wp-json\/wp\/v2\/users\/27"}],"replies":[{"embeddable":true,"href":"https:\/\/eurecat.org\/es\/wp-json\/wp\/v2\/comments?post=106940"}],"version-history":[{"count":0,"href":"https:\/\/eurecat.org\/es\/wp-json\/wp\/v2\/posts\/106940\/revisions"}],"wp:featuredmedia":[{"embeddable":true,"href":"https:\/\/eurecat.org\/es\/wp-json\/wp\/v2\/media\/106937"}],"wp:attachment":[{"href":"https:\/\/eurecat.org\/es\/wp-json\/wp\/v2\/media?parent=106940"}],"wp:term":[{"taxonomy":"category","embeddable":true,"href":"https:\/\/eurecat.org\/es\/wp-json\/wp\/v2\/categories?post=106940"},{"taxonomy":"post_tag","embeddable":true,"href":"https:\/\/eurecat.org\/es\/wp-json\/wp\/v2\/tags?post=106940"}],"curies":[{"name":"wp","href":"https:\/\/api.w.org\/{rel}","templated":true}]}}