{"id":107848,"date":"2020-11-09T15:19:53","date_gmt":"2020-11-09T15:19:53","guid":{"rendered":"https:\/\/eurecat.org\/?p=107848"},"modified":"2020-11-09T15:41:28","modified_gmt":"2020-11-09T15:41:28","slug":"nueva-oficina-tecnica-avellana-dinamizar-sector-promover-este-fruto-seco","status":"publish","type":"post","link":"https:\/\/eurecat.org\/es\/nueva-oficina-tecnica-avellana-dinamizar-sector-promover-este-fruto-seco\/","title":{"rendered":"Se abre la nueva Oficina T\u00e9cnica de la Avellana para dinamizar el sector y promover este fruto seco"},"content":{"rendered":"<p>La consellera de Agricultura, Ganader\u00eda, Pesca y Alimentaci\u00f3n, Teresa Jord\u00e0, ha presentado en Constant\u00ed la <strong>Oficina T\u00e9cnica de la Avellana<\/strong>, que est\u00e1 coordinada por el centro tecnol\u00f3gico <strong><a href=\"https:\/\/eurecat.org\/es\/\" target=\"_blank\" rel=\"noopener noreferrer\">Eurecat<\/a><\/strong> y que se inscribe dentro del compromiso del <a href=\"http:\/\/agricultura.gencat.cat\/es\/inici\/index.html\" target=\"_blank\" rel=\"noopener noreferrer\">Departamento de Agricultura<\/a> para desarrollar el Plan estrat\u00e9gico de valorizaci\u00f3n de la avellana.<\/p>\n<p>\u201cAvellana es sin\u00f3nimo de identidad y tenemos que garantizar el futuro del sector y situar la avellana en el lugar que le corresponde\u201d, ha manifestado la consellera durante la presentaci\u00f3n.<\/p>\n<p>El Plan estrat\u00e9gico de valorizaci\u00f3n de la avellana fijaba los objetivos necesarios para poner en valor la producci\u00f3n y garantizar la viabilidad econ\u00f3mica de la avellana. Jord\u00e0 ha explicado que, para ello, era necesario crear un \u00f3rgano que coordinara el desarrollo de estas acciones y, por ello, se ha creado la Oficina de la Avellana, que trabajar\u00e1 de manera vinculada con el sector. As\u00ed, ha incidido en que \u201ceste es un compromiso alcanzado en el que estamos trabajando a fondo para sacar la avellana de la crisis que sufre hace a\u00f1os\u201d.<\/p>\n<p>La Oficina T\u00e9cnica de la Avellana lleva a cabo seis grandes acciones estrat\u00e9gicas que suponen la creaci\u00f3n de un panel de cata, un plan de acompa\u00f1amiento y mejora empresariales, el fomento de la organizaci\u00f3n de eventos, el lanzamiento de campa\u00f1as de fomento del consumo de avellana, la promoci\u00f3n en las escuelas y la mejora de la organizaci\u00f3n del sector.<\/p>\n<p>Una de las tareas de la Oficina T\u00e9cnica de la Avellana es ofrecer apoyo especializado a la innovaci\u00f3n a los peque\u00f1os productores y cooperativas para mejorar la competitividad y proveer el mercado con el mejor producto con una mayor eficacia. Adem\u00e1s, vela por situar la innovaci\u00f3n como una prioridad y un reto permanente de las empresas, generar m\u00e1s valor a\u00f1adido y crear un tejido empresarial fuerte. En este sentido, Jord\u00e0 ha explicado que \u201ctenemos que conseguir tambi\u00e9n una mejor comercializaci\u00f3n de la avellana y definir las l\u00edneas de trabajo que han de garantizar el futuro de este sector\u201d.<\/p>\n<p>La Oficina T\u00e9cnica tambi\u00e9n promueve la mejora de la organizaci\u00f3n del sector para dotarlo de una estructura que permita unificar estrategias. Concretamente, apoya la creaci\u00f3n de la Interprofesional de la Avellana, una acci\u00f3n clave para la organizaci\u00f3n del sector.<\/p>\n","protected":false},"excerpt":{"rendered":"<p>La consellera de Agricultura, Ganader\u00eda, Pesca y Alimentaci\u00f3n, Teresa Jord\u00e0, ha presentado en Constant\u00ed la Oficina T\u00e9cnica de la Avellana, que est\u00e1 coordinada por el centro tecnol\u00f3gico Eurecat y que se inscribe dentro del compromiso del Departamento de Agricultura para desarrollar el Plan estrat\u00e9gico de valorizaci\u00f3n de la avellana. \u201cAvellana es sin\u00f3nimo de identidad y  [&#8230;]<\/p>\n","protected":false},"author":27,"featured_media":107839,"comment_status":"open","ping_status":"closed","sticky":false,"template":"","format":"standard","meta":{"footnotes":""},"categories":[1905,134,407,1885],"tags":[],"class_list":["post-107848","post","type-post","status-publish","format-standard","has-post-thumbnail","hentry","category-alimentacion","category-notas-de-prensa","category-nutricion-salud","category-turisme"],"yoast_head":"<!-- This site is optimized with the Yoast SEO plugin v27.5 - https:\/\/yoast.com\/product\/yoast-seo-wordpress\/ -->\n<title>Se abre la nueva Oficina T\u00e9cnica de la Avellana para dinamizar el sector y promover este fruto seco - Eurecat<\/title>\n<meta name=\"description\" content=\"Se abre la nueva Oficina T\u00e9cnica de la Avellana, coordinada por Eurecat, para dinamizar el sector y promover este fruto seco.\" \/>\n<meta name=\"robots\" content=\"index, follow, max-snippet:-1, max-image-preview:large, max-video-preview:-1\" \/>\n<link rel=\"canonical\" href=\"https:\/\/eurecat.org\/es\/nueva-oficina-tecnica-avellana-dinamizar-sector-promover-este-fruto-seco\/\" \/>\n<meta property=\"og:locale\" content=\"es_ES\" \/>\n<meta property=\"og:type\" content=\"article\" \/>\n<meta property=\"og:title\" content=\"Se abre la nueva Oficina T\u00e9cnica de la Avellana para dinamizar el sector y promover este fruto seco - Eurecat\" \/>\n<meta property=\"og:description\" content=\"Se abre la nueva Oficina T\u00e9cnica de la Avellana, coordinada por Eurecat, para dinamizar el sector y promover este fruto seco.\" \/>\n<meta property=\"og:url\" content=\"https:\/\/eurecat.org\/es\/nueva-oficina-tecnica-avellana-dinamizar-sector-promover-este-fruto-seco\/\" \/>\n<meta property=\"og:site_name\" content=\"Eurecat\" \/>\n<meta property=\"article:published_time\" content=\"2020-11-09T15:19:53+00:00\" \/>\n<meta property=\"article:modified_time\" content=\"2020-11-09T15:41:28+00:00\" \/>\n<meta property=\"og:image\" content=\"https:\/\/eurecat.org\/wp-content\/uploads\/2020\/11\/Eurecat-Oficina-Tecnica-Avellana_930x515px.jpg\" \/>\n\t<meta property=\"og:image:width\" content=\"930\" \/>\n\t<meta property=\"og:image:height\" content=\"515\" \/>\n\t<meta property=\"og:image:type\" content=\"image\/jpeg\" \/>\n<meta name=\"author\" content=\"eurecatNG\" \/>\n<meta name=\"twitter:card\" content=\"summary_large_image\" \/>\n<meta name=\"twitter:label1\" content=\"Escrito por\" \/>\n\t<meta name=\"twitter:data1\" content=\"eurecatNG\" \/>\n\t<meta name=\"twitter:label2\" content=\"Tiempo de lectura\" \/>\n\t<meta name=\"twitter:data2\" content=\"2 minutos\" \/>\n<script type=\"application\/ld+json\" class=\"yoast-schema-graph\">{\"@context\":\"https:\\\/\\\/schema.org\",\"@graph\":[{\"@type\":\"Article\",\"@id\":\"https:\\\/\\\/eurecat.org\\\/es\\\/nueva-oficina-tecnica-avellana-dinamizar-sector-promover-este-fruto-seco\\\/#article\",\"isPartOf\":{\"@id\":\"https:\\\/\\\/eurecat.org\\\/es\\\/nueva-oficina-tecnica-avellana-dinamizar-sector-promover-este-fruto-seco\\\/\"},\"author\":{\"name\":\"eurecatNG\",\"@id\":\"https:\\\/\\\/eurecat.org\\\/es\\\/#\\\/schema\\\/person\\\/8342992d6929ad043b305d3cac68b3f4\"},\"headline\":\"Se abre la nueva Oficina T\u00e9cnica de la Avellana para dinamizar el sector y promover este fruto seco\",\"datePublished\":\"2020-11-09T15:19:53+00:00\",\"dateModified\":\"2020-11-09T15:41:28+00:00\",\"mainEntityOfPage\":{\"@id\":\"https:\\\/\\\/eurecat.org\\\/es\\\/nueva-oficina-tecnica-avellana-dinamizar-sector-promover-este-fruto-seco\\\/\"},\"wordCount\":422,\"commentCount\":0,\"image\":{\"@id\":\"https:\\\/\\\/eurecat.org\\\/es\\\/nueva-oficina-tecnica-avellana-dinamizar-sector-promover-este-fruto-seco\\\/#primaryimage\"},\"thumbnailUrl\":\"https:\\\/\\\/eurecat.org\\\/wp-content\\\/uploads\\\/2020\\\/11\\\/Eurecat-Oficina-Tecnica-Avellana_930x515px.jpg\",\"articleSection\":[\"Alimentaci\u00f3n\",\"Notas de prensa\",\"Nutrici\u00f3n y Salud\",\"Turisme\"],\"inLanguage\":\"es\",\"potentialAction\":[{\"@type\":\"CommentAction\",\"name\":\"Comment\",\"target\":[\"https:\\\/\\\/eurecat.org\\\/es\\\/nueva-oficina-tecnica-avellana-dinamizar-sector-promover-este-fruto-seco\\\/#respond\"]}]},{\"@type\":\"WebPage\",\"@id\":\"https:\\\/\\\/eurecat.org\\\/es\\\/nueva-oficina-tecnica-avellana-dinamizar-sector-promover-este-fruto-seco\\\/\",\"url\":\"https:\\\/\\\/eurecat.org\\\/es\\\/nueva-oficina-tecnica-avellana-dinamizar-sector-promover-este-fruto-seco\\\/\",\"name\":\"Se abre la nueva Oficina T\u00e9cnica de la Avellana para dinamizar el sector y promover este fruto seco - Eurecat\",\"isPartOf\":{\"@id\":\"https:\\\/\\\/eurecat.org\\\/es\\\/#website\"},\"primaryImageOfPage\":{\"@id\":\"https:\\\/\\\/eurecat.org\\\/es\\\/nueva-oficina-tecnica-avellana-dinamizar-sector-promover-este-fruto-seco\\\/#primaryimage\"},\"image\":{\"@id\":\"https:\\\/\\\/eurecat.org\\\/es\\\/nueva-oficina-tecnica-avellana-dinamizar-sector-promover-este-fruto-seco\\\/#primaryimage\"},\"thumbnailUrl\":\"https:\\\/\\\/eurecat.org\\\/wp-content\\\/uploads\\\/2020\\\/11\\\/Eurecat-Oficina-Tecnica-Avellana_930x515px.jpg\",\"datePublished\":\"2020-11-09T15:19:53+00:00\",\"dateModified\":\"2020-11-09T15:41:28+00:00\",\"author\":{\"@id\":\"https:\\\/\\\/eurecat.org\\\/es\\\/#\\\/schema\\\/person\\\/8342992d6929ad043b305d3cac68b3f4\"},\"description\":\"Se abre la nueva Oficina T\u00e9cnica de la Avellana, coordinada por Eurecat, para dinamizar el sector y promover este fruto seco.\",\"breadcrumb\":{\"@id\":\"https:\\\/\\\/eurecat.org\\\/es\\\/nueva-oficina-tecnica-avellana-dinamizar-sector-promover-este-fruto-seco\\\/#breadcrumb\"},\"inLanguage\":\"es\",\"potentialAction\":[{\"@type\":\"ReadAction\",\"target\":[\"https:\\\/\\\/eurecat.org\\\/es\\\/nueva-oficina-tecnica-avellana-dinamizar-sector-promover-este-fruto-seco\\\/\"]}]},{\"@type\":\"ImageObject\",\"inLanguage\":\"es\",\"@id\":\"https:\\\/\\\/eurecat.org\\\/es\\\/nueva-oficina-tecnica-avellana-dinamizar-sector-promover-este-fruto-seco\\\/#primaryimage\",\"url\":\"https:\\\/\\\/eurecat.org\\\/wp-content\\\/uploads\\\/2020\\\/11\\\/Eurecat-Oficina-Tecnica-Avellana_930x515px.jpg\",\"contentUrl\":\"https:\\\/\\\/eurecat.org\\\/wp-content\\\/uploads\\\/2020\\\/11\\\/Eurecat-Oficina-Tecnica-Avellana_930x515px.jpg\",\"width\":930,\"height\":515,\"caption\":\"eurecat oficina t\u00e8cnica avellana\"},{\"@type\":\"BreadcrumbList\",\"@id\":\"https:\\\/\\\/eurecat.org\\\/es\\\/nueva-oficina-tecnica-avellana-dinamizar-sector-promover-este-fruto-seco\\\/#breadcrumb\",\"itemListElement\":[{\"@type\":\"ListItem\",\"position\":1,\"name\":\"Inici\",\"item\":\"https:\\\/\\\/eurecat.org\\\/es\\\/\"},{\"@type\":\"ListItem\",\"position\":2,\"name\":\"Se abre la nueva Oficina T\u00e9cnica de la Avellana para dinamizar el sector y promover este fruto seco\"}]},{\"@type\":\"WebSite\",\"@id\":\"https:\\\/\\\/eurecat.org\\\/es\\\/#website\",\"url\":\"https:\\\/\\\/eurecat.org\\\/es\\\/\",\"name\":\"Eurecat\",\"description\":\"Otro sitio realizado con WordPress\",\"potentialAction\":[{\"@type\":\"SearchAction\",\"target\":{\"@type\":\"EntryPoint\",\"urlTemplate\":\"https:\\\/\\\/eurecat.org\\\/es\\\/?s={search_term_string}\"},\"query-input\":{\"@type\":\"PropertyValueSpecification\",\"valueRequired\":true,\"valueName\":\"search_term_string\"}}],\"inLanguage\":\"es\"},{\"@type\":\"Person\",\"@id\":\"https:\\\/\\\/eurecat.org\\\/es\\\/#\\\/schema\\\/person\\\/8342992d6929ad043b305d3cac68b3f4\",\"name\":\"eurecatNG\",\"image\":{\"@type\":\"ImageObject\",\"inLanguage\":\"es\",\"@id\":\"https:\\\/\\\/secure.gravatar.com\\\/avatar\\\/63200cb70ae4f15a0f673050f36df149dba802bea7614e8f838aaccfcf8ea11d?s=96&d=mm&r=g\",\"url\":\"https:\\\/\\\/secure.gravatar.com\\\/avatar\\\/63200cb70ae4f15a0f673050f36df149dba802bea7614e8f838aaccfcf8ea11d?s=96&d=mm&r=g\",\"contentUrl\":\"https:\\\/\\\/secure.gravatar.com\\\/avatar\\\/63200cb70ae4f15a0f673050f36df149dba802bea7614e8f838aaccfcf8ea11d?s=96&d=mm&r=g\",\"caption\":\"eurecatNG\"}}]}<\/script>\n<!-- \/ Yoast SEO plugin. -->","yoast_head_json":{"title":"Se abre la nueva Oficina T\u00e9cnica de la Avellana para dinamizar el sector y promover este fruto seco - Eurecat","description":"Se abre la nueva Oficina T\u00e9cnica de la Avellana, coordinada por Eurecat, para dinamizar el sector y promover este fruto seco.","robots":{"index":"index","follow":"follow","max-snippet":"max-snippet:-1","max-image-preview":"max-image-preview:large","max-video-preview":"max-video-preview:-1"},"canonical":"https:\/\/eurecat.org\/es\/nueva-oficina-tecnica-avellana-dinamizar-sector-promover-este-fruto-seco\/","og_locale":"es_ES","og_type":"article","og_title":"Se abre la nueva Oficina T\u00e9cnica de la Avellana para dinamizar el sector y promover este fruto seco - Eurecat","og_description":"Se abre la nueva Oficina T\u00e9cnica de la Avellana, coordinada por Eurecat, para dinamizar el sector y promover este fruto seco.","og_url":"https:\/\/eurecat.org\/es\/nueva-oficina-tecnica-avellana-dinamizar-sector-promover-este-fruto-seco\/","og_site_name":"Eurecat","article_published_time":"2020-11-09T15:19:53+00:00","article_modified_time":"2020-11-09T15:41:28+00:00","og_image":[{"width":930,"height":515,"url":"https:\/\/eurecat.org\/wp-content\/uploads\/2020\/11\/Eurecat-Oficina-Tecnica-Avellana_930x515px.jpg","type":"image\/jpeg"}],"author":"eurecatNG","twitter_card":"summary_large_image","twitter_misc":{"Escrito por":"eurecatNG","Tiempo de lectura":"2 minutos"},"schema":{"@context":"https:\/\/schema.org","@graph":[{"@type":"Article","@id":"https:\/\/eurecat.org\/es\/nueva-oficina-tecnica-avellana-dinamizar-sector-promover-este-fruto-seco\/#article","isPartOf":{"@id":"https:\/\/eurecat.org\/es\/nueva-oficina-tecnica-avellana-dinamizar-sector-promover-este-fruto-seco\/"},"author":{"name":"eurecatNG","@id":"https:\/\/eurecat.org\/es\/#\/schema\/person\/8342992d6929ad043b305d3cac68b3f4"},"headline":"Se abre la nueva Oficina T\u00e9cnica de la Avellana para dinamizar el sector y promover este fruto seco","datePublished":"2020-11-09T15:19:53+00:00","dateModified":"2020-11-09T15:41:28+00:00","mainEntityOfPage":{"@id":"https:\/\/eurecat.org\/es\/nueva-oficina-tecnica-avellana-dinamizar-sector-promover-este-fruto-seco\/"},"wordCount":422,"commentCount":0,"image":{"@id":"https:\/\/eurecat.org\/es\/nueva-oficina-tecnica-avellana-dinamizar-sector-promover-este-fruto-seco\/#primaryimage"},"thumbnailUrl":"https:\/\/eurecat.org\/wp-content\/uploads\/2020\/11\/Eurecat-Oficina-Tecnica-Avellana_930x515px.jpg","articleSection":["Alimentaci\u00f3n","Notas de prensa","Nutrici\u00f3n y Salud","Turisme"],"inLanguage":"es","potentialAction":[{"@type":"CommentAction","name":"Comment","target":["https:\/\/eurecat.org\/es\/nueva-oficina-tecnica-avellana-dinamizar-sector-promover-este-fruto-seco\/#respond"]}]},{"@type":"WebPage","@id":"https:\/\/eurecat.org\/es\/nueva-oficina-tecnica-avellana-dinamizar-sector-promover-este-fruto-seco\/","url":"https:\/\/eurecat.org\/es\/nueva-oficina-tecnica-avellana-dinamizar-sector-promover-este-fruto-seco\/","name":"Se abre la nueva Oficina T\u00e9cnica de la Avellana para dinamizar el sector y promover este fruto seco - Eurecat","isPartOf":{"@id":"https:\/\/eurecat.org\/es\/#website"},"primaryImageOfPage":{"@id":"https:\/\/eurecat.org\/es\/nueva-oficina-tecnica-avellana-dinamizar-sector-promover-este-fruto-seco\/#primaryimage"},"image":{"@id":"https:\/\/eurecat.org\/es\/nueva-oficina-tecnica-avellana-dinamizar-sector-promover-este-fruto-seco\/#primaryimage"},"thumbnailUrl":"https:\/\/eurecat.org\/wp-content\/uploads\/2020\/11\/Eurecat-Oficina-Tecnica-Avellana_930x515px.jpg","datePublished":"2020-11-09T15:19:53+00:00","dateModified":"2020-11-09T15:41:28+00:00","author":{"@id":"https:\/\/eurecat.org\/es\/#\/schema\/person\/8342992d6929ad043b305d3cac68b3f4"},"description":"Se abre la nueva Oficina T\u00e9cnica de la Avellana, coordinada por Eurecat, para dinamizar el sector y promover este fruto seco.","breadcrumb":{"@id":"https:\/\/eurecat.org\/es\/nueva-oficina-tecnica-avellana-dinamizar-sector-promover-este-fruto-seco\/#breadcrumb"},"inLanguage":"es","potentialAction":[{"@type":"ReadAction","target":["https:\/\/eurecat.org\/es\/nueva-oficina-tecnica-avellana-dinamizar-sector-promover-este-fruto-seco\/"]}]},{"@type":"ImageObject","inLanguage":"es","@id":"https:\/\/eurecat.org\/es\/nueva-oficina-tecnica-avellana-dinamizar-sector-promover-este-fruto-seco\/#primaryimage","url":"https:\/\/eurecat.org\/wp-content\/uploads\/2020\/11\/Eurecat-Oficina-Tecnica-Avellana_930x515px.jpg","contentUrl":"https:\/\/eurecat.org\/wp-content\/uploads\/2020\/11\/Eurecat-Oficina-Tecnica-Avellana_930x515px.jpg","width":930,"height":515,"caption":"eurecat oficina t\u00e8cnica avellana"},{"@type":"BreadcrumbList","@id":"https:\/\/eurecat.org\/es\/nueva-oficina-tecnica-avellana-dinamizar-sector-promover-este-fruto-seco\/#breadcrumb","itemListElement":[{"@type":"ListItem","position":1,"name":"Inici","item":"https:\/\/eurecat.org\/es\/"},{"@type":"ListItem","position":2,"name":"Se abre la nueva Oficina T\u00e9cnica de la Avellana para dinamizar el sector y promover este fruto seco"}]},{"@type":"WebSite","@id":"https:\/\/eurecat.org\/es\/#website","url":"https:\/\/eurecat.org\/es\/","name":"Eurecat","description":"Otro sitio realizado con WordPress","potentialAction":[{"@type":"SearchAction","target":{"@type":"EntryPoint","urlTemplate":"https:\/\/eurecat.org\/es\/?s={search_term_string}"},"query-input":{"@type":"PropertyValueSpecification","valueRequired":true,"valueName":"search_term_string"}}],"inLanguage":"es"},{"@type":"Person","@id":"https:\/\/eurecat.org\/es\/#\/schema\/person\/8342992d6929ad043b305d3cac68b3f4","name":"eurecatNG","image":{"@type":"ImageObject","inLanguage":"es","@id":"https:\/\/secure.gravatar.com\/avatar\/63200cb70ae4f15a0f673050f36df149dba802bea7614e8f838aaccfcf8ea11d?s=96&d=mm&r=g","url":"https:\/\/secure.gravatar.com\/avatar\/63200cb70ae4f15a0f673050f36df149dba802bea7614e8f838aaccfcf8ea11d?s=96&d=mm&r=g","contentUrl":"https:\/\/secure.gravatar.com\/avatar\/63200cb70ae4f15a0f673050f36df149dba802bea7614e8f838aaccfcf8ea11d?s=96&d=mm&r=g","caption":"eurecatNG"}}]}},"_links":{"self":[{"href":"https:\/\/eurecat.org\/es\/wp-json\/wp\/v2\/posts\/107848","targetHints":{"allow":["GET"]}}],"collection":[{"href":"https:\/\/eurecat.org\/es\/wp-json\/wp\/v2\/posts"}],"about":[{"href":"https:\/\/eurecat.org\/es\/wp-json\/wp\/v2\/types\/post"}],"author":[{"embeddable":true,"href":"https:\/\/eurecat.org\/es\/wp-json\/wp\/v2\/users\/27"}],"replies":[{"embeddable":true,"href":"https:\/\/eurecat.org\/es\/wp-json\/wp\/v2\/comments?post=107848"}],"version-history":[{"count":0,"href":"https:\/\/eurecat.org\/es\/wp-json\/wp\/v2\/posts\/107848\/revisions"}],"wp:featuredmedia":[{"embeddable":true,"href":"https:\/\/eurecat.org\/es\/wp-json\/wp\/v2\/media\/107839"}],"wp:attachment":[{"href":"https:\/\/eurecat.org\/es\/wp-json\/wp\/v2\/media?parent=107848"}],"wp:term":[{"taxonomy":"category","embeddable":true,"href":"https:\/\/eurecat.org\/es\/wp-json\/wp\/v2\/categories?post=107848"},{"taxonomy":"post_tag","embeddable":true,"href":"https:\/\/eurecat.org\/es\/wp-json\/wp\/v2\/tags?post=107848"}],"curies":[{"name":"wp","href":"https:\/\/api.w.org\/{rel}","templated":true}]}}