{"id":108579,"date":"2020-11-19T11:56:06","date_gmt":"2020-11-19T10:56:06","guid":{"rendered":"https:\/\/eurecat.org\/?p=108579"},"modified":"2020-11-19T12:12:35","modified_gmt":"2020-11-19T12:12:35","slug":"recuperaran-co2-industria-quimica-generacion-nuevos-productos","status":"publish","type":"post","link":"https:\/\/eurecat.org\/es\/recuperaran-co2-industria-quimica-generacion-nuevos-productos\/","title":{"rendered":"Recuperar\u00e1n el CO2 de la industria qu\u00edmica para la generaci\u00f3n de nuevos productos"},"content":{"rendered":"<p>El centro tecnol\u00f3gico <strong><a href=\"https:\/\/eurecat.org\/es\/\" target=\"_blank\" rel=\"noopener noreferrer\">Eurecat<\/a><\/strong> coordina el proyecto europeo <strong><a href=\"https:\/\/suncochem.eu\/\" target=\"_blank\" rel=\"noopener noreferrer\">SunCoChem<\/a><\/strong>, enmarcado dentro del concepto de <strong>qu\u00edmica sostenible<\/strong>, que desarrollar\u00e1 un reactor para fabricar productos qu\u00edmicos a partir de energ\u00edas renovables basadas en el di\u00f3xido de carbono (CO2) recuperado de la propia industria qu\u00edmica y con la ayuda de energ\u00eda solar, y que ha presentado en el Unprecedented Virtual Forum.<\/p>\n<p>El objetivo del proyecto es desarrollar y proporcionar a la industria qu\u00edmica una \u201calternativa sostenible a la producci\u00f3n de productos qu\u00edmicos con combustibles f\u00f3siles\u201d, afirma la coordinadora del proyecto SunCoChem, la Dra. Maria Navarro, del centro tecnol\u00f3gico Eurecat.<\/p>\n<p>La innovaci\u00f3n de SunCoChem, que se basa en el dise\u00f1o de un dispositivo autosuficiente para la captura y la conversi\u00f3n de CO2 en una sola unidad, permitir\u00e1 rebajar costes, reducir las emisiones de CO2 y aumentar la eficiencia de conversi\u00f3n de energ\u00eda de la luz solar para la creaci\u00f3n de sustancias qu\u00edmicas.<\/p>\n<p>Adem\u00e1s, la soluci\u00f3n impulsada por el proyecto tendr\u00e1 un gran impacto en la reducci\u00f3n de la dependencia de la industria qu\u00edmica europea en relaci\u00f3n con las materias primas de carbono.<\/p>\n<p>SunCoChem \u201ctiene como objetivo explotar una ruta fotoelectroqu\u00edmica de conversi\u00f3n de CO2 para producir CO como intermediario para la carbonilaci\u00f3n in situ de productos qu\u00edmicos\u201d, a\u00f1ade la coordinadora cient\u00edfica del proyecto, la Dra. Miriam D\u00edaz de los Bernardos, investigadora de la Unidad de Tecnolog\u00eda Qu\u00edmica de Eurecat.<\/p>\n<p>Seg\u00fan la coordinadora t\u00e9cnica del proyecto, la Dra. Simelys Hernandez, del Politecnico di Torino (Italia), SunCoChem \u201caborda retos clave que actualmente dificultan los procesos org\u00e1nicos fotoel\u00e9ctricos y va m\u00e1s all\u00e1 de la tecnolog\u00eda m\u00e1s moderna para el desarrollo y la validaci\u00f3n de una producci\u00f3n de energ\u00eda m\u00e1s eficiente y escalable\u201d.<\/p>\n<p>El reactor creado en el marco del proyecto se probar\u00e1 durante el desarrollo de tres productos qu\u00edmicos de valor a\u00f1adido para la industria qu\u00edmica europea para aplicaciones en cosm\u00e9tica y alimentaci\u00f3n.<\/p>\n<p>Financiado por el programa Horizon 2020 de la Uni\u00f3n Europea, el proyecto SunCoChem est\u00e1 formado por un consorcio de 14\u00a0socios de ocho pa\u00edses europeos, entre los que hay centros tecnol\u00f3gicos y de investigaci\u00f3n como <a href=\"https:\/\/suncochem.eu\/project\/eurecat\/\" target=\"_blank\" rel=\"noopener noreferrer\">Eurecat<\/a>, que coordina el proyecto, <a href=\"https:\/\/suncochem.eu\/project\/politecnico-di-torino\/\" target=\"_blank\" rel=\"noopener noreferrer\">\u00a0Politecnico di Torino<\/a>, el\u00a0<a href=\"https:\/\/suncochem.eu\/project\/helmholtz-zentrum-berlin-fur-materialien-und-energie\/\" target=\"_blank\" rel=\"noopener noreferrer\">Helmholtz-Zentrum Berlin f\u00fcr Materialien und Energie GmbH<\/a>, el <a href=\"https:\/\/suncochem.eu\/project\/istituto-italiano-di-tecnologia\/\" target=\"_blank\" rel=\"noopener noreferrer\">Istituto Italiano di Tecnologia<\/a>\u00a0y\u00a0el <a href=\"https:\/\/suncochem.eu\/project\/national-centre-for-scientific-research-cnrs\/\" target=\"_blank\" rel=\"noopener noreferrer\">French National Centre for Scientific Research (CNRS)<\/a>;\u00a0peque\u00f1as y medianas empresas que desarrollan materiales avanzados y tecnolog\u00edas, como <a href=\"https:\/\/suncochem.eu\/project\/solaronix\/\" target=\"_blank\" rel=\"noopener noreferrer\">Solaronix<\/a>,\u00a0<a href=\"https:\/\/suncochem.eu\/project\/avantium-chemicals\/\" target=\"_blank\" rel=\"noopener noreferrer\">Avantium<\/a>,\u00a0<a href=\"https:\/\/suncochem.eu\/project\/laurentia\/\" target=\"_blank\" rel=\"noopener noreferrer\">Laurentia<\/a> y <a href=\"https:\/\/suncochem.eu\/project\/iolitec\/\" target=\"_blank\" rel=\"noopener noreferrer\">IOLITEC<\/a>; la empresa de ingenier\u00eda <a href=\"https:\/\/suncochem.eu\/project\/hysytech\/\" target=\"_blank\" rel=\"noopener noreferrer\">Hysytech<\/a>;\u00a0empresas qu\u00edmicas como <a href=\"https:\/\/suncochem.eu\/project\/dow\/\" target=\"_blank\" rel=\"noopener noreferrer\">Dow<\/a> o\u00a0<a href=\"https:\/\/suncochem.eu\/project\/iff\/\" target=\"_blank\" rel=\"noopener noreferrer\">IFF<\/a>; y socios de apoyo a la explotaci\u00f3n, como la Asociaci\u00f3n Espa\u00f1ola de Normalizaci\u00f3n (<a href=\"https:\/\/suncochem.eu\/project\/une\/\" target=\"_blank\" rel=\"noopener noreferrer\">UNE<\/a>)\u00a0y la\u00a0<a href=\"https:\/\/suncochem.eu\/project\/international-hellenic-university\/\" target=\"_blank\" rel=\"noopener noreferrer\">International Hellenic University<\/a>.<\/p>\n<h2>Participaci\u00f3n en el Congreso de Ingenier\u00eda Qu\u00edmica del Mediterr\u00e1neo (MECCE)<\/h2>\n<p>En el marco del Unprecedented Virtual Forum se presentar\u00e1n en formato virtual hasta el 20 de noviembre las ponencias cient\u00edficas de la 14\u00aa edici\u00f3n del Congreso de Ingenier\u00eda Qu\u00edmica del Mediterr\u00e1neo (MECCE), en la que participa tambi\u00e9n el centro tecnol\u00f3gico Eurecat.<\/p>\n<p>El director de la Unidad de Tecnolog\u00eda Qu\u00edmica de Eurecat, Ricard Garcia Valls, moderar\u00e1 la sesi\u00f3n sobre procesos de separaci\u00f3n el viernes 20 de noviembre a las 12.30 h. El investigador de la Unidad de Agua, Aire y Suelos de Eurecat, Carlos Ramos, participar\u00e1 el mismo d\u00eda a las 11.30 h en la sesi\u00f3n dedicada a la gesti\u00f3n y los tratamientos del agua.<\/p>\n<p>Por su parte, el investigador de la Unidad de Tecnolog\u00eda Qu\u00edmica de Eurecat, Andreu Bonet, ha participado en una sesi\u00f3n dedicada a la ingenier\u00eda de producto.<\/p>\n","protected":false},"excerpt":{"rendered":"<p>El centro tecnol\u00f3gico Eurecat coordina el proyecto europeo SunCoChem, enmarcado dentro del concepto de qu\u00edmica sostenible, que desarrollar\u00e1 un reactor para fabricar productos qu\u00edmicos a partir de energ\u00edas renovables basadas en el di\u00f3xido de carbono (CO2) recuperado de la propia industria qu\u00edmica y con la ayuda de energ\u00eda solar, y que ha presentado en el  [&#8230;]<\/p>\n","protected":false},"author":27,"featured_media":108577,"comment_status":"open","ping_status":"closed","sticky":false,"template":"","format":"standard","meta":{"footnotes":""},"categories":[727,134,2279,1759],"tags":[],"class_list":["post-108579","post","type-post","status-publish","format-standard","has-post-thumbnail","hentry","category-ferias","category-notas-de-prensa","category-quimico","category-quimica-es"],"yoast_head":"<!-- This site is optimized with the Yoast SEO plugin v27.4 - https:\/\/yoast.com\/product\/yoast-seo-wordpress\/ -->\n<title>Recuperar\u00e1n el CO2 de la industria qu\u00edmica para la generaci\u00f3n de nuevos productos - Eurecat<\/title>\n<meta name=\"description\" content=\"Eurecat coordina el proyecto europeo SunCoChem que recuperar\u00e1 el CO2 de la industria qu\u00edmica para la generaci\u00f3n de nuevos productos.\" \/>\n<meta name=\"robots\" content=\"index, follow, max-snippet:-1, max-image-preview:large, max-video-preview:-1\" \/>\n<link rel=\"canonical\" href=\"https:\/\/eurecat.org\/es\/recuperaran-co2-industria-quimica-generacion-nuevos-productos\/\" \/>\n<meta property=\"og:locale\" content=\"es_ES\" \/>\n<meta property=\"og:type\" content=\"article\" \/>\n<meta property=\"og:title\" content=\"Recuperar\u00e1n el CO2 de la industria qu\u00edmica para la generaci\u00f3n de nuevos productos - Eurecat\" \/>\n<meta property=\"og:description\" content=\"Eurecat coordina el proyecto europeo SunCoChem que recuperar\u00e1 el CO2 de la industria qu\u00edmica para la generaci\u00f3n de nuevos productos.\" \/>\n<meta property=\"og:url\" content=\"https:\/\/eurecat.org\/es\/recuperaran-co2-industria-quimica-generacion-nuevos-productos\/\" \/>\n<meta property=\"og:site_name\" content=\"Eurecat\" \/>\n<meta property=\"article:published_time\" content=\"2020-11-19T10:56:06+00:00\" \/>\n<meta property=\"article:modified_time\" content=\"2020-11-19T12:12:35+00:00\" \/>\n<meta property=\"og:image\" content=\"https:\/\/eurecat.org\/wp-content\/uploads\/2020\/11\/Eurecat-SunCoChem-Dow-Tarragona_930x515px.jpg\" \/>\n\t<meta property=\"og:image:width\" content=\"930\" \/>\n\t<meta property=\"og:image:height\" content=\"528\" \/>\n\t<meta property=\"og:image:type\" content=\"image\/jpeg\" \/>\n<meta name=\"author\" content=\"eurecatNG\" \/>\n<meta name=\"twitter:card\" content=\"summary_large_image\" \/>\n<meta name=\"twitter:label1\" content=\"Escrito por\" \/>\n\t<meta name=\"twitter:data1\" content=\"eurecatNG\" \/>\n\t<meta name=\"twitter:label2\" content=\"Tiempo de lectura\" \/>\n\t<meta name=\"twitter:data2\" content=\"3 minutos\" \/>\n<script type=\"application\/ld+json\" class=\"yoast-schema-graph\">{\"@context\":\"https:\\\/\\\/schema.org\",\"@graph\":[{\"@type\":\"Article\",\"@id\":\"https:\\\/\\\/eurecat.org\\\/es\\\/recuperaran-co2-industria-quimica-generacion-nuevos-productos\\\/#article\",\"isPartOf\":{\"@id\":\"https:\\\/\\\/eurecat.org\\\/es\\\/recuperaran-co2-industria-quimica-generacion-nuevos-productos\\\/\"},\"author\":{\"name\":\"eurecatNG\",\"@id\":\"https:\\\/\\\/eurecat.org\\\/es\\\/#\\\/schema\\\/person\\\/8342992d6929ad043b305d3cac68b3f4\"},\"headline\":\"Recuperar\u00e1n el CO2 de la industria qu\u00edmica para la generaci\u00f3n de nuevos productos\",\"datePublished\":\"2020-11-19T10:56:06+00:00\",\"dateModified\":\"2020-11-19T12:12:35+00:00\",\"mainEntityOfPage\":{\"@id\":\"https:\\\/\\\/eurecat.org\\\/es\\\/recuperaran-co2-industria-quimica-generacion-nuevos-productos\\\/\"},\"wordCount\":651,\"commentCount\":0,\"image\":{\"@id\":\"https:\\\/\\\/eurecat.org\\\/es\\\/recuperaran-co2-industria-quimica-generacion-nuevos-productos\\\/#primaryimage\"},\"thumbnailUrl\":\"https:\\\/\\\/eurecat.org\\\/wp-content\\\/uploads\\\/2020\\\/11\\\/Eurecat-SunCoChem-Dow-Tarragona_930x515px.jpg\",\"articleSection\":[\"Ferias\",\"Notas de prensa\",\"Qu\u00edmico\",\"Qu\u00edmica\"],\"inLanguage\":\"es\",\"potentialAction\":[{\"@type\":\"CommentAction\",\"name\":\"Comment\",\"target\":[\"https:\\\/\\\/eurecat.org\\\/es\\\/recuperaran-co2-industria-quimica-generacion-nuevos-productos\\\/#respond\"]}]},{\"@type\":\"WebPage\",\"@id\":\"https:\\\/\\\/eurecat.org\\\/es\\\/recuperaran-co2-industria-quimica-generacion-nuevos-productos\\\/\",\"url\":\"https:\\\/\\\/eurecat.org\\\/es\\\/recuperaran-co2-industria-quimica-generacion-nuevos-productos\\\/\",\"name\":\"Recuperar\u00e1n el CO2 de la industria qu\u00edmica para la generaci\u00f3n de nuevos productos - Eurecat\",\"isPartOf\":{\"@id\":\"https:\\\/\\\/eurecat.org\\\/es\\\/#website\"},\"primaryImageOfPage\":{\"@id\":\"https:\\\/\\\/eurecat.org\\\/es\\\/recuperaran-co2-industria-quimica-generacion-nuevos-productos\\\/#primaryimage\"},\"image\":{\"@id\":\"https:\\\/\\\/eurecat.org\\\/es\\\/recuperaran-co2-industria-quimica-generacion-nuevos-productos\\\/#primaryimage\"},\"thumbnailUrl\":\"https:\\\/\\\/eurecat.org\\\/wp-content\\\/uploads\\\/2020\\\/11\\\/Eurecat-SunCoChem-Dow-Tarragona_930x515px.jpg\",\"datePublished\":\"2020-11-19T10:56:06+00:00\",\"dateModified\":\"2020-11-19T12:12:35+00:00\",\"author\":{\"@id\":\"https:\\\/\\\/eurecat.org\\\/es\\\/#\\\/schema\\\/person\\\/8342992d6929ad043b305d3cac68b3f4\"},\"description\":\"Eurecat coordina el proyecto europeo SunCoChem que recuperar\u00e1 el CO2 de la industria qu\u00edmica para la generaci\u00f3n de nuevos productos.\",\"breadcrumb\":{\"@id\":\"https:\\\/\\\/eurecat.org\\\/es\\\/recuperaran-co2-industria-quimica-generacion-nuevos-productos\\\/#breadcrumb\"},\"inLanguage\":\"es\",\"potentialAction\":[{\"@type\":\"ReadAction\",\"target\":[\"https:\\\/\\\/eurecat.org\\\/es\\\/recuperaran-co2-industria-quimica-generacion-nuevos-productos\\\/\"]}]},{\"@type\":\"ImageObject\",\"inLanguage\":\"es\",\"@id\":\"https:\\\/\\\/eurecat.org\\\/es\\\/recuperaran-co2-industria-quimica-generacion-nuevos-productos\\\/#primaryimage\",\"url\":\"https:\\\/\\\/eurecat.org\\\/wp-content\\\/uploads\\\/2020\\\/11\\\/Eurecat-SunCoChem-Dow-Tarragona_930x515px.jpg\",\"contentUrl\":\"https:\\\/\\\/eurecat.org\\\/wp-content\\\/uploads\\\/2020\\\/11\\\/Eurecat-SunCoChem-Dow-Tarragona_930x515px.jpg\",\"width\":930,\"height\":528,\"caption\":\"Eurecat SunCoChem Dow Tarragona\"},{\"@type\":\"BreadcrumbList\",\"@id\":\"https:\\\/\\\/eurecat.org\\\/es\\\/recuperaran-co2-industria-quimica-generacion-nuevos-productos\\\/#breadcrumb\",\"itemListElement\":[{\"@type\":\"ListItem\",\"position\":1,\"name\":\"Inici\",\"item\":\"https:\\\/\\\/eurecat.org\\\/es\\\/\"},{\"@type\":\"ListItem\",\"position\":2,\"name\":\"Recuperar\u00e1n el CO2 de la industria qu\u00edmica para la generaci\u00f3n de nuevos productos\"}]},{\"@type\":\"WebSite\",\"@id\":\"https:\\\/\\\/eurecat.org\\\/es\\\/#website\",\"url\":\"https:\\\/\\\/eurecat.org\\\/es\\\/\",\"name\":\"Eurecat\",\"description\":\"Otro sitio realizado con WordPress\",\"potentialAction\":[{\"@type\":\"SearchAction\",\"target\":{\"@type\":\"EntryPoint\",\"urlTemplate\":\"https:\\\/\\\/eurecat.org\\\/es\\\/?s={search_term_string}\"},\"query-input\":{\"@type\":\"PropertyValueSpecification\",\"valueRequired\":true,\"valueName\":\"search_term_string\"}}],\"inLanguage\":\"es\"},{\"@type\":\"Person\",\"@id\":\"https:\\\/\\\/eurecat.org\\\/es\\\/#\\\/schema\\\/person\\\/8342992d6929ad043b305d3cac68b3f4\",\"name\":\"eurecatNG\",\"image\":{\"@type\":\"ImageObject\",\"inLanguage\":\"es\",\"@id\":\"https:\\\/\\\/secure.gravatar.com\\\/avatar\\\/63200cb70ae4f15a0f673050f36df149dba802bea7614e8f838aaccfcf8ea11d?s=96&d=mm&r=g\",\"url\":\"https:\\\/\\\/secure.gravatar.com\\\/avatar\\\/63200cb70ae4f15a0f673050f36df149dba802bea7614e8f838aaccfcf8ea11d?s=96&d=mm&r=g\",\"contentUrl\":\"https:\\\/\\\/secure.gravatar.com\\\/avatar\\\/63200cb70ae4f15a0f673050f36df149dba802bea7614e8f838aaccfcf8ea11d?s=96&d=mm&r=g\",\"caption\":\"eurecatNG\"}}]}<\/script>\n<!-- \/ Yoast SEO plugin. -->","yoast_head_json":{"title":"Recuperar\u00e1n el CO2 de la industria qu\u00edmica para la generaci\u00f3n de nuevos productos - Eurecat","description":"Eurecat coordina el proyecto europeo SunCoChem que recuperar\u00e1 el CO2 de la industria qu\u00edmica para la generaci\u00f3n de nuevos productos.","robots":{"index":"index","follow":"follow","max-snippet":"max-snippet:-1","max-image-preview":"max-image-preview:large","max-video-preview":"max-video-preview:-1"},"canonical":"https:\/\/eurecat.org\/es\/recuperaran-co2-industria-quimica-generacion-nuevos-productos\/","og_locale":"es_ES","og_type":"article","og_title":"Recuperar\u00e1n el CO2 de la industria qu\u00edmica para la generaci\u00f3n de nuevos productos - Eurecat","og_description":"Eurecat coordina el proyecto europeo SunCoChem que recuperar\u00e1 el CO2 de la industria qu\u00edmica para la generaci\u00f3n de nuevos productos.","og_url":"https:\/\/eurecat.org\/es\/recuperaran-co2-industria-quimica-generacion-nuevos-productos\/","og_site_name":"Eurecat","article_published_time":"2020-11-19T10:56:06+00:00","article_modified_time":"2020-11-19T12:12:35+00:00","og_image":[{"width":930,"height":528,"url":"https:\/\/eurecat.org\/wp-content\/uploads\/2020\/11\/Eurecat-SunCoChem-Dow-Tarragona_930x515px.jpg","type":"image\/jpeg"}],"author":"eurecatNG","twitter_card":"summary_large_image","twitter_misc":{"Escrito por":"eurecatNG","Tiempo de lectura":"3 minutos"},"schema":{"@context":"https:\/\/schema.org","@graph":[{"@type":"Article","@id":"https:\/\/eurecat.org\/es\/recuperaran-co2-industria-quimica-generacion-nuevos-productos\/#article","isPartOf":{"@id":"https:\/\/eurecat.org\/es\/recuperaran-co2-industria-quimica-generacion-nuevos-productos\/"},"author":{"name":"eurecatNG","@id":"https:\/\/eurecat.org\/es\/#\/schema\/person\/8342992d6929ad043b305d3cac68b3f4"},"headline":"Recuperar\u00e1n el CO2 de la industria qu\u00edmica para la generaci\u00f3n de nuevos productos","datePublished":"2020-11-19T10:56:06+00:00","dateModified":"2020-11-19T12:12:35+00:00","mainEntityOfPage":{"@id":"https:\/\/eurecat.org\/es\/recuperaran-co2-industria-quimica-generacion-nuevos-productos\/"},"wordCount":651,"commentCount":0,"image":{"@id":"https:\/\/eurecat.org\/es\/recuperaran-co2-industria-quimica-generacion-nuevos-productos\/#primaryimage"},"thumbnailUrl":"https:\/\/eurecat.org\/wp-content\/uploads\/2020\/11\/Eurecat-SunCoChem-Dow-Tarragona_930x515px.jpg","articleSection":["Ferias","Notas de prensa","Qu\u00edmico","Qu\u00edmica"],"inLanguage":"es","potentialAction":[{"@type":"CommentAction","name":"Comment","target":["https:\/\/eurecat.org\/es\/recuperaran-co2-industria-quimica-generacion-nuevos-productos\/#respond"]}]},{"@type":"WebPage","@id":"https:\/\/eurecat.org\/es\/recuperaran-co2-industria-quimica-generacion-nuevos-productos\/","url":"https:\/\/eurecat.org\/es\/recuperaran-co2-industria-quimica-generacion-nuevos-productos\/","name":"Recuperar\u00e1n el CO2 de la industria qu\u00edmica para la generaci\u00f3n de nuevos productos - Eurecat","isPartOf":{"@id":"https:\/\/eurecat.org\/es\/#website"},"primaryImageOfPage":{"@id":"https:\/\/eurecat.org\/es\/recuperaran-co2-industria-quimica-generacion-nuevos-productos\/#primaryimage"},"image":{"@id":"https:\/\/eurecat.org\/es\/recuperaran-co2-industria-quimica-generacion-nuevos-productos\/#primaryimage"},"thumbnailUrl":"https:\/\/eurecat.org\/wp-content\/uploads\/2020\/11\/Eurecat-SunCoChem-Dow-Tarragona_930x515px.jpg","datePublished":"2020-11-19T10:56:06+00:00","dateModified":"2020-11-19T12:12:35+00:00","author":{"@id":"https:\/\/eurecat.org\/es\/#\/schema\/person\/8342992d6929ad043b305d3cac68b3f4"},"description":"Eurecat coordina el proyecto europeo SunCoChem que recuperar\u00e1 el CO2 de la industria qu\u00edmica para la generaci\u00f3n de nuevos productos.","breadcrumb":{"@id":"https:\/\/eurecat.org\/es\/recuperaran-co2-industria-quimica-generacion-nuevos-productos\/#breadcrumb"},"inLanguage":"es","potentialAction":[{"@type":"ReadAction","target":["https:\/\/eurecat.org\/es\/recuperaran-co2-industria-quimica-generacion-nuevos-productos\/"]}]},{"@type":"ImageObject","inLanguage":"es","@id":"https:\/\/eurecat.org\/es\/recuperaran-co2-industria-quimica-generacion-nuevos-productos\/#primaryimage","url":"https:\/\/eurecat.org\/wp-content\/uploads\/2020\/11\/Eurecat-SunCoChem-Dow-Tarragona_930x515px.jpg","contentUrl":"https:\/\/eurecat.org\/wp-content\/uploads\/2020\/11\/Eurecat-SunCoChem-Dow-Tarragona_930x515px.jpg","width":930,"height":528,"caption":"Eurecat SunCoChem Dow Tarragona"},{"@type":"BreadcrumbList","@id":"https:\/\/eurecat.org\/es\/recuperaran-co2-industria-quimica-generacion-nuevos-productos\/#breadcrumb","itemListElement":[{"@type":"ListItem","position":1,"name":"Inici","item":"https:\/\/eurecat.org\/es\/"},{"@type":"ListItem","position":2,"name":"Recuperar\u00e1n el CO2 de la industria qu\u00edmica para la generaci\u00f3n de nuevos productos"}]},{"@type":"WebSite","@id":"https:\/\/eurecat.org\/es\/#website","url":"https:\/\/eurecat.org\/es\/","name":"Eurecat","description":"Otro sitio realizado con WordPress","potentialAction":[{"@type":"SearchAction","target":{"@type":"EntryPoint","urlTemplate":"https:\/\/eurecat.org\/es\/?s={search_term_string}"},"query-input":{"@type":"PropertyValueSpecification","valueRequired":true,"valueName":"search_term_string"}}],"inLanguage":"es"},{"@type":"Person","@id":"https:\/\/eurecat.org\/es\/#\/schema\/person\/8342992d6929ad043b305d3cac68b3f4","name":"eurecatNG","image":{"@type":"ImageObject","inLanguage":"es","@id":"https:\/\/secure.gravatar.com\/avatar\/63200cb70ae4f15a0f673050f36df149dba802bea7614e8f838aaccfcf8ea11d?s=96&d=mm&r=g","url":"https:\/\/secure.gravatar.com\/avatar\/63200cb70ae4f15a0f673050f36df149dba802bea7614e8f838aaccfcf8ea11d?s=96&d=mm&r=g","contentUrl":"https:\/\/secure.gravatar.com\/avatar\/63200cb70ae4f15a0f673050f36df149dba802bea7614e8f838aaccfcf8ea11d?s=96&d=mm&r=g","caption":"eurecatNG"}}]}},"_links":{"self":[{"href":"https:\/\/eurecat.org\/es\/wp-json\/wp\/v2\/posts\/108579","targetHints":{"allow":["GET"]}}],"collection":[{"href":"https:\/\/eurecat.org\/es\/wp-json\/wp\/v2\/posts"}],"about":[{"href":"https:\/\/eurecat.org\/es\/wp-json\/wp\/v2\/types\/post"}],"author":[{"embeddable":true,"href":"https:\/\/eurecat.org\/es\/wp-json\/wp\/v2\/users\/27"}],"replies":[{"embeddable":true,"href":"https:\/\/eurecat.org\/es\/wp-json\/wp\/v2\/comments?post=108579"}],"version-history":[{"count":0,"href":"https:\/\/eurecat.org\/es\/wp-json\/wp\/v2\/posts\/108579\/revisions"}],"wp:featuredmedia":[{"embeddable":true,"href":"https:\/\/eurecat.org\/es\/wp-json\/wp\/v2\/media\/108577"}],"wp:attachment":[{"href":"https:\/\/eurecat.org\/es\/wp-json\/wp\/v2\/media?parent=108579"}],"wp:term":[{"taxonomy":"category","embeddable":true,"href":"https:\/\/eurecat.org\/es\/wp-json\/wp\/v2\/categories?post=108579"},{"taxonomy":"post_tag","embeddable":true,"href":"https:\/\/eurecat.org\/es\/wp-json\/wp\/v2\/tags?post=108579"}],"curies":[{"name":"wp","href":"https:\/\/api.w.org\/{rel}","templated":true}]}}