{"id":109289,"date":"2020-12-17T14:10:48","date_gmt":"2020-12-17T14:10:48","guid":{"rendered":"https:\/\/eurecat.org\/?p=109289"},"modified":"2021-01-19T10:06:59","modified_gmt":"2021-01-19T10:06:59","slug":"eurecat-participa-proyecto-combatira-desinformacion-covid-19-mediante-uso-innovador-datos","status":"publish","type":"post","link":"https:\/\/eurecat.org\/es\/eurecat-participa-proyecto-combatira-desinformacion-covid-19-mediante-uso-innovador-datos\/","title":{"rendered":"Eurecat participa en un proyecto que combatir\u00e1 la desinformaci\u00f3n sobre la COVID-19 mediante un uso innovador de los datos"},"content":{"rendered":"<p>El centro tecnol\u00f3gico <strong><a href=\"https:\/\/eurecat.org\/es\/\" target=\"_blank\" rel=\"noopener\">Eurecat<\/a><\/strong> y <strong><a href=\"https:\/\/www.zabala.es\/\" target=\"_blank\" rel=\"noopener\">Zabala Innovation Consulting<\/a><\/strong> participan en el proyecto europeo <strong><a href=\"https:\/\/mediafutures.eu\/opencall\/\" target=\"_blank\" rel=\"noopener\">MediaFutures<\/a><\/strong>, que ha lanzado una convocatoria dirigida a startups, pymes y artistas para impulsar un uso responsable e innovador de los <strong>datos<\/strong>, mediante <strong>producciones art\u00edsticas o tecnol\u00f3gicas<\/strong> que aborden de manera cr\u00edtica diferentes retos sobre el impacto social de la desinformaci\u00f3n en la pandemia de la <strong>COVID-19<\/strong>.<\/p>\n<p>En concreto, los proyectos seleccionados deber\u00e1n abordar la complejidad del coronavirus a trav\u00e9s de la alfabetizaci\u00f3n de los datos, ayudar a construir puentes entre los diferentes puntos de vista sobre la pandemia que existen en la sociedad o reimaginar y reconstruir el papel de los medios de comunicaci\u00f3n para hacer frente a la desinformaci\u00f3n sobre la COVID-19.<\/p>\n<p>Con este objetivo, el hub de innovaci\u00f3n de datos MediaFutures ha lanzado su primer programa de aceleraci\u00f3n de startups y residencias art\u00edsticas, en el cual los participantes recibir\u00e1n financiaci\u00f3n, mentor\u00eda y recursos de capacitaci\u00f3n y aprendizaje tecnol\u00f3gicos y de impacto social, entre los que figuran el periodismo basado en datos, emprendimiento, innovaci\u00f3n social y participaci\u00f3n ciudadana, estudios de medios, procesamiento e intercambio de datos, inteligencia artificial y procesos multimedia, as\u00ed como aspectos legales y \u00e9ticos de la innovaci\u00f3n basada en datos.<\/p>\n<p>Seg\u00fan destaca el director de la unidad de Big Data &amp; Data Science de Eurecat, Marc Torrent, el centro tecnol\u00f3gico proporcionar\u00e1 a los participantes asesoramiento centrado en capacidades avanzadas de explotaci\u00f3n de datos, que son \u201cclaves para la creaci\u00f3n de nuevos productos y servicios enfocados a nuevas maneras de interacci\u00f3n en l\u00ednea\u201d.<\/p>\n<p>Los datos \u201cse han convertido en una infraestructura esencial de nuestra sociedad, por eso la convocatoria promueve su uso en nuevas tecnolog\u00edas e intervenciones art\u00edsticas para abordar un reto social tan urgente como la desinformaci\u00f3n en tiempos de pandemia\u201d, a\u00f1ade el investigador de la unidad de Big Data &amp; Data Science de Eurecat Pablo Arag\u00f3n.<\/p>\n<p>El plazo de recepci\u00f3n de solicitudes est\u00e1 abierto y se extender\u00e1 hasta el 28 de enero de 2021. La convocatoria ofrece hasta 40.000 euros de financiaci\u00f3n a artistas y hasta 80.000 euros a las empresas para buscar soluciones de datos, adem\u00e1s de proporcionar formaci\u00f3n, asesoramiento, apoyo y visibilidad a trav\u00e9s del contacto con inversores durante diferentes programas de residencia y aceleraci\u00f3n.<\/p>\n<h2>Cuatro retos para abordar en la Open Call<\/h2>\n<p>Las startups, las pymes y los artistas participantes en la convocatoria asumir\u00e1n uno de los cuatro desaf\u00edos propuestos. Tres de ellos est\u00e1n centrados en explicar la complejidad del coronavirus a trav\u00e9s de la alfabetizaci\u00f3n de datos; en reintegrar la sociedad uniendo comunidades que hayan podido fragmentarse por las respuestas al coronavirus y en reinventar y reconstruir el papel de los mediadores para abordar c\u00f3mo mejorar la informaci\u00f3n sobre la COVID-19. Adem\u00e1s, se ha establecido una convocatoria general para proyectos que abordan problemas relacionados con la desinformaci\u00f3n.<\/p>\n<h2>Diferentes programas tem\u00e1ticos<\/h2>\n<p>La primera convocatoria cuenta con tres programas tem\u00e1ticos, los cuales incluyen un plan de residencia de seis meses para artistas con un concepto innovador para explorar datos y tecnolog\u00eda, as\u00ed como su impacto en las personas y la sociedad; un programa acelerador de seis meses para que las startups creen un producto o servicio que fomente formas innovadoras de interactuar con el contenido de los medios, y uno de apoyo de residencia y acelerador de seis meses para equipos de startups y artistas que desarrollen en colaboraci\u00f3n nuevas ideas en torno a la tecnolog\u00eda de datos y las artes.<\/p>\n<h2>Webinars para presentar y entender la convocatoria<\/h2>\n<p>El proyecto MediaFutures organizar\u00e1 tambi\u00e9n una serie de seminarios web para presentar los detalles de la convocatoria. Startups, pymes y artistas pueden participar en los eventos informativos gratuitos, que tendr\u00e1n lugar hoy <a href=\"https:\/\/register.gotowebinar.com\/register\/8843009594423566859\" target=\"_blank\" rel=\"noopener\">17 de diciembre<\/a> y el <a href=\"https:\/\/register.gotowebinar.com\/register\/4116299266568058635\" target=\"_blank\" rel=\"noopener\">13 de enero<\/a>, en los que se explicar\u00e1n el proceso de solicitud y el contenido de los programas de aceleraci\u00f3n y residencia.<\/p>\n<p>MediaFutures es un proyecto de tres a\u00f1os que est\u00e1 financiado por la Comisi\u00f3n Europea a trav\u00e9s del Programa Horizonte 2020 y el programa Big Data Innovation Hubs, para desarrollar soluciones innovadoras que repercutan en el periodismo de calidad, la educaci\u00f3n cient\u00edfica y los procesos democr\u00e1ticos. Durante los pr\u00f3ximos tres a\u00f1os, MediaFutures apoyar\u00e1 a 51 startups y pymes y 43 artistas a trav\u00e9s de tres convocatorias para diferentes aplicaciones, con un presupuesto total de 2,5 millones de euros.<\/p>\n<p>MediaFutures es parte del ecosistema <a href=\"https:\/\/www.starts.eu\/\" target=\"_blank\" rel=\"noopener\">S+T+ARTS<\/a>. Los socios proceden de seis pa\u00edses europeos. Adem\u00e1s del centro tecnol\u00f3gico Eurecat, participan Leibniz University Hannover (Alemania), que coordina el proyecto; King&#8217;s College London (Reino Unido), Institute for Research and Coordination in Acoustics\/Music (IRCAM) Centre Pompidou (Francia); LUISS University (Italia); ZABALA Innovation Consulting (Espa\u00f1a); Next Media Accelerator (Alemania); Open Data Institute (Reino Unido); DEN Institute (B\u00e9lgica) y KU Leuven (B\u00e9lgica).<\/p>\n","protected":false},"excerpt":{"rendered":"<p>El centro tecnol\u00f3gico Eurecat y Zabala Innovation Consulting participan en el proyecto europeo MediaFutures, que ha lanzado una convocatoria dirigida a startups, pymes y artistas para impulsar un uso responsable e innovador de los datos, mediante producciones art\u00edsticas o tecnol\u00f3gicas que aborden de manera cr\u00edtica diferentes retos sobre el impacto social de la desinformaci\u00f3n en  [&#8230;]<\/p>\n","protected":false},"author":27,"featured_media":109285,"comment_status":"open","ping_status":"closed","sticky":false,"template":"","format":"standard","meta":{"footnotes":""},"categories":[392,134],"tags":[],"class_list":["post-109289","post","type-post","status-publish","format-standard","has-post-thumbnail","hentry","category-big-data-analytics","category-notas-de-prensa"],"yoast_head":"<!-- This site is optimized with the Yoast SEO plugin v27.5 - https:\/\/yoast.com\/product\/yoast-seo-wordpress\/ -->\n<title>Eurecat participa en un proyecto que combatir\u00e1 la desinformaci\u00f3n sobre la COVID-19 mediante un uso innovador de los datos - Eurecat<\/title>\n<meta name=\"description\" content=\"Eurecat participa en un proyecto que combatir\u00e1 la desinformaci\u00f3n sobre la Covid-19 mediante un uso innovador de los datos.\" \/>\n<meta name=\"robots\" content=\"index, follow, max-snippet:-1, max-image-preview:large, max-video-preview:-1\" \/>\n<link rel=\"canonical\" href=\"https:\/\/eurecat.org\/es\/eurecat-participa-proyecto-combatira-desinformacion-covid-19-mediante-uso-innovador-datos\/\" \/>\n<meta property=\"og:locale\" content=\"es_ES\" \/>\n<meta property=\"og:type\" content=\"article\" \/>\n<meta property=\"og:title\" content=\"Eurecat participa en un proyecto que combatir\u00e1 la desinformaci\u00f3n sobre la COVID-19 mediante un uso innovador de los datos - Eurecat\" \/>\n<meta property=\"og:description\" content=\"Eurecat participa en un proyecto que combatir\u00e1 la desinformaci\u00f3n sobre la Covid-19 mediante un uso innovador de los datos.\" \/>\n<meta property=\"og:url\" content=\"https:\/\/eurecat.org\/es\/eurecat-participa-proyecto-combatira-desinformacion-covid-19-mediante-uso-innovador-datos\/\" \/>\n<meta property=\"og:site_name\" content=\"Eurecat\" \/>\n<meta property=\"article:published_time\" content=\"2020-12-17T14:10:48+00:00\" \/>\n<meta property=\"article:modified_time\" content=\"2021-01-19T10:06:59+00:00\" \/>\n<meta property=\"og:image\" content=\"https:\/\/eurecat.org\/wp-content\/uploads\/2020\/12\/Eurecat-MediaFutures_930x515px.jpg\" \/>\n\t<meta property=\"og:image:width\" content=\"930\" \/>\n\t<meta property=\"og:image:height\" content=\"515\" \/>\n\t<meta property=\"og:image:type\" content=\"image\/jpeg\" \/>\n<meta name=\"author\" content=\"eurecatNG\" \/>\n<meta name=\"twitter:card\" content=\"summary_large_image\" \/>\n<meta name=\"twitter:label1\" content=\"Escrito por\" \/>\n\t<meta name=\"twitter:data1\" content=\"eurecatNG\" \/>\n\t<meta name=\"twitter:label2\" content=\"Tiempo de lectura\" \/>\n\t<meta name=\"twitter:data2\" content=\"4 minutos\" \/>\n<script type=\"application\/ld+json\" class=\"yoast-schema-graph\">{\"@context\":\"https:\\\/\\\/schema.org\",\"@graph\":[{\"@type\":\"Article\",\"@id\":\"https:\\\/\\\/eurecat.org\\\/es\\\/eurecat-participa-proyecto-combatira-desinformacion-covid-19-mediante-uso-innovador-datos\\\/#article\",\"isPartOf\":{\"@id\":\"https:\\\/\\\/eurecat.org\\\/es\\\/eurecat-participa-proyecto-combatira-desinformacion-covid-19-mediante-uso-innovador-datos\\\/\"},\"author\":{\"name\":\"eurecatNG\",\"@id\":\"https:\\\/\\\/eurecat.org\\\/es\\\/#\\\/schema\\\/person\\\/8342992d6929ad043b305d3cac68b3f4\"},\"headline\":\"Eurecat participa en un proyecto que combatir\u00e1 la desinformaci\u00f3n sobre la COVID-19 mediante un uso innovador de los datos\",\"datePublished\":\"2020-12-17T14:10:48+00:00\",\"dateModified\":\"2021-01-19T10:06:59+00:00\",\"mainEntityOfPage\":{\"@id\":\"https:\\\/\\\/eurecat.org\\\/es\\\/eurecat-participa-proyecto-combatira-desinformacion-covid-19-mediante-uso-innovador-datos\\\/\"},\"wordCount\":856,\"commentCount\":0,\"image\":{\"@id\":\"https:\\\/\\\/eurecat.org\\\/es\\\/eurecat-participa-proyecto-combatira-desinformacion-covid-19-mediante-uso-innovador-datos\\\/#primaryimage\"},\"thumbnailUrl\":\"https:\\\/\\\/eurecat.org\\\/wp-content\\\/uploads\\\/2020\\\/12\\\/Eurecat-MediaFutures_930x515px.jpg\",\"articleSection\":[\"Data Science &amp; Big Data Analytics\",\"Notas de prensa\"],\"inLanguage\":\"es\",\"potentialAction\":[{\"@type\":\"CommentAction\",\"name\":\"Comment\",\"target\":[\"https:\\\/\\\/eurecat.org\\\/es\\\/eurecat-participa-proyecto-combatira-desinformacion-covid-19-mediante-uso-innovador-datos\\\/#respond\"]}]},{\"@type\":\"WebPage\",\"@id\":\"https:\\\/\\\/eurecat.org\\\/es\\\/eurecat-participa-proyecto-combatira-desinformacion-covid-19-mediante-uso-innovador-datos\\\/\",\"url\":\"https:\\\/\\\/eurecat.org\\\/es\\\/eurecat-participa-proyecto-combatira-desinformacion-covid-19-mediante-uso-innovador-datos\\\/\",\"name\":\"Eurecat participa en un proyecto que combatir\u00e1 la desinformaci\u00f3n sobre la COVID-19 mediante un uso innovador de los datos - Eurecat\",\"isPartOf\":{\"@id\":\"https:\\\/\\\/eurecat.org\\\/es\\\/#website\"},\"primaryImageOfPage\":{\"@id\":\"https:\\\/\\\/eurecat.org\\\/es\\\/eurecat-participa-proyecto-combatira-desinformacion-covid-19-mediante-uso-innovador-datos\\\/#primaryimage\"},\"image\":{\"@id\":\"https:\\\/\\\/eurecat.org\\\/es\\\/eurecat-participa-proyecto-combatira-desinformacion-covid-19-mediante-uso-innovador-datos\\\/#primaryimage\"},\"thumbnailUrl\":\"https:\\\/\\\/eurecat.org\\\/wp-content\\\/uploads\\\/2020\\\/12\\\/Eurecat-MediaFutures_930x515px.jpg\",\"datePublished\":\"2020-12-17T14:10:48+00:00\",\"dateModified\":\"2021-01-19T10:06:59+00:00\",\"author\":{\"@id\":\"https:\\\/\\\/eurecat.org\\\/es\\\/#\\\/schema\\\/person\\\/8342992d6929ad043b305d3cac68b3f4\"},\"description\":\"Eurecat participa en un proyecto que combatir\u00e1 la desinformaci\u00f3n sobre la Covid-19 mediante un uso innovador de los datos.\",\"breadcrumb\":{\"@id\":\"https:\\\/\\\/eurecat.org\\\/es\\\/eurecat-participa-proyecto-combatira-desinformacion-covid-19-mediante-uso-innovador-datos\\\/#breadcrumb\"},\"inLanguage\":\"es\",\"potentialAction\":[{\"@type\":\"ReadAction\",\"target\":[\"https:\\\/\\\/eurecat.org\\\/es\\\/eurecat-participa-proyecto-combatira-desinformacion-covid-19-mediante-uso-innovador-datos\\\/\"]}]},{\"@type\":\"ImageObject\",\"inLanguage\":\"es\",\"@id\":\"https:\\\/\\\/eurecat.org\\\/es\\\/eurecat-participa-proyecto-combatira-desinformacion-covid-19-mediante-uso-innovador-datos\\\/#primaryimage\",\"url\":\"https:\\\/\\\/eurecat.org\\\/wp-content\\\/uploads\\\/2020\\\/12\\\/Eurecat-MediaFutures_930x515px.jpg\",\"contentUrl\":\"https:\\\/\\\/eurecat.org\\\/wp-content\\\/uploads\\\/2020\\\/12\\\/Eurecat-MediaFutures_930x515px.jpg\",\"width\":930,\"height\":515,\"caption\":\"eurecat mediafutures covid-19\"},{\"@type\":\"BreadcrumbList\",\"@id\":\"https:\\\/\\\/eurecat.org\\\/es\\\/eurecat-participa-proyecto-combatira-desinformacion-covid-19-mediante-uso-innovador-datos\\\/#breadcrumb\",\"itemListElement\":[{\"@type\":\"ListItem\",\"position\":1,\"name\":\"Inici\",\"item\":\"https:\\\/\\\/eurecat.org\\\/es\\\/\"},{\"@type\":\"ListItem\",\"position\":2,\"name\":\"Eurecat participa en un proyecto que combatir\u00e1 la desinformaci\u00f3n sobre la COVID-19 mediante un uso innovador de los datos\"}]},{\"@type\":\"WebSite\",\"@id\":\"https:\\\/\\\/eurecat.org\\\/es\\\/#website\",\"url\":\"https:\\\/\\\/eurecat.org\\\/es\\\/\",\"name\":\"Eurecat\",\"description\":\"Otro sitio realizado con WordPress\",\"potentialAction\":[{\"@type\":\"SearchAction\",\"target\":{\"@type\":\"EntryPoint\",\"urlTemplate\":\"https:\\\/\\\/eurecat.org\\\/es\\\/?s={search_term_string}\"},\"query-input\":{\"@type\":\"PropertyValueSpecification\",\"valueRequired\":true,\"valueName\":\"search_term_string\"}}],\"inLanguage\":\"es\"},{\"@type\":\"Person\",\"@id\":\"https:\\\/\\\/eurecat.org\\\/es\\\/#\\\/schema\\\/person\\\/8342992d6929ad043b305d3cac68b3f4\",\"name\":\"eurecatNG\",\"image\":{\"@type\":\"ImageObject\",\"inLanguage\":\"es\",\"@id\":\"https:\\\/\\\/secure.gravatar.com\\\/avatar\\\/63200cb70ae4f15a0f673050f36df149dba802bea7614e8f838aaccfcf8ea11d?s=96&d=mm&r=g\",\"url\":\"https:\\\/\\\/secure.gravatar.com\\\/avatar\\\/63200cb70ae4f15a0f673050f36df149dba802bea7614e8f838aaccfcf8ea11d?s=96&d=mm&r=g\",\"contentUrl\":\"https:\\\/\\\/secure.gravatar.com\\\/avatar\\\/63200cb70ae4f15a0f673050f36df149dba802bea7614e8f838aaccfcf8ea11d?s=96&d=mm&r=g\",\"caption\":\"eurecatNG\"}}]}<\/script>\n<!-- \/ Yoast SEO plugin. -->","yoast_head_json":{"title":"Eurecat participa en un proyecto que combatir\u00e1 la desinformaci\u00f3n sobre la COVID-19 mediante un uso innovador de los datos - Eurecat","description":"Eurecat participa en un proyecto que combatir\u00e1 la desinformaci\u00f3n sobre la Covid-19 mediante un uso innovador de los datos.","robots":{"index":"index","follow":"follow","max-snippet":"max-snippet:-1","max-image-preview":"max-image-preview:large","max-video-preview":"max-video-preview:-1"},"canonical":"https:\/\/eurecat.org\/es\/eurecat-participa-proyecto-combatira-desinformacion-covid-19-mediante-uso-innovador-datos\/","og_locale":"es_ES","og_type":"article","og_title":"Eurecat participa en un proyecto que combatir\u00e1 la desinformaci\u00f3n sobre la COVID-19 mediante un uso innovador de los datos - Eurecat","og_description":"Eurecat participa en un proyecto que combatir\u00e1 la desinformaci\u00f3n sobre la Covid-19 mediante un uso innovador de los datos.","og_url":"https:\/\/eurecat.org\/es\/eurecat-participa-proyecto-combatira-desinformacion-covid-19-mediante-uso-innovador-datos\/","og_site_name":"Eurecat","article_published_time":"2020-12-17T14:10:48+00:00","article_modified_time":"2021-01-19T10:06:59+00:00","og_image":[{"width":930,"height":515,"url":"https:\/\/eurecat.org\/wp-content\/uploads\/2020\/12\/Eurecat-MediaFutures_930x515px.jpg","type":"image\/jpeg"}],"author":"eurecatNG","twitter_card":"summary_large_image","twitter_misc":{"Escrito por":"eurecatNG","Tiempo de lectura":"4 minutos"},"schema":{"@context":"https:\/\/schema.org","@graph":[{"@type":"Article","@id":"https:\/\/eurecat.org\/es\/eurecat-participa-proyecto-combatira-desinformacion-covid-19-mediante-uso-innovador-datos\/#article","isPartOf":{"@id":"https:\/\/eurecat.org\/es\/eurecat-participa-proyecto-combatira-desinformacion-covid-19-mediante-uso-innovador-datos\/"},"author":{"name":"eurecatNG","@id":"https:\/\/eurecat.org\/es\/#\/schema\/person\/8342992d6929ad043b305d3cac68b3f4"},"headline":"Eurecat participa en un proyecto que combatir\u00e1 la desinformaci\u00f3n sobre la COVID-19 mediante un uso innovador de los datos","datePublished":"2020-12-17T14:10:48+00:00","dateModified":"2021-01-19T10:06:59+00:00","mainEntityOfPage":{"@id":"https:\/\/eurecat.org\/es\/eurecat-participa-proyecto-combatira-desinformacion-covid-19-mediante-uso-innovador-datos\/"},"wordCount":856,"commentCount":0,"image":{"@id":"https:\/\/eurecat.org\/es\/eurecat-participa-proyecto-combatira-desinformacion-covid-19-mediante-uso-innovador-datos\/#primaryimage"},"thumbnailUrl":"https:\/\/eurecat.org\/wp-content\/uploads\/2020\/12\/Eurecat-MediaFutures_930x515px.jpg","articleSection":["Data Science &amp; Big Data Analytics","Notas de prensa"],"inLanguage":"es","potentialAction":[{"@type":"CommentAction","name":"Comment","target":["https:\/\/eurecat.org\/es\/eurecat-participa-proyecto-combatira-desinformacion-covid-19-mediante-uso-innovador-datos\/#respond"]}]},{"@type":"WebPage","@id":"https:\/\/eurecat.org\/es\/eurecat-participa-proyecto-combatira-desinformacion-covid-19-mediante-uso-innovador-datos\/","url":"https:\/\/eurecat.org\/es\/eurecat-participa-proyecto-combatira-desinformacion-covid-19-mediante-uso-innovador-datos\/","name":"Eurecat participa en un proyecto que combatir\u00e1 la desinformaci\u00f3n sobre la COVID-19 mediante un uso innovador de los datos - Eurecat","isPartOf":{"@id":"https:\/\/eurecat.org\/es\/#website"},"primaryImageOfPage":{"@id":"https:\/\/eurecat.org\/es\/eurecat-participa-proyecto-combatira-desinformacion-covid-19-mediante-uso-innovador-datos\/#primaryimage"},"image":{"@id":"https:\/\/eurecat.org\/es\/eurecat-participa-proyecto-combatira-desinformacion-covid-19-mediante-uso-innovador-datos\/#primaryimage"},"thumbnailUrl":"https:\/\/eurecat.org\/wp-content\/uploads\/2020\/12\/Eurecat-MediaFutures_930x515px.jpg","datePublished":"2020-12-17T14:10:48+00:00","dateModified":"2021-01-19T10:06:59+00:00","author":{"@id":"https:\/\/eurecat.org\/es\/#\/schema\/person\/8342992d6929ad043b305d3cac68b3f4"},"description":"Eurecat participa en un proyecto que combatir\u00e1 la desinformaci\u00f3n sobre la Covid-19 mediante un uso innovador de los datos.","breadcrumb":{"@id":"https:\/\/eurecat.org\/es\/eurecat-participa-proyecto-combatira-desinformacion-covid-19-mediante-uso-innovador-datos\/#breadcrumb"},"inLanguage":"es","potentialAction":[{"@type":"ReadAction","target":["https:\/\/eurecat.org\/es\/eurecat-participa-proyecto-combatira-desinformacion-covid-19-mediante-uso-innovador-datos\/"]}]},{"@type":"ImageObject","inLanguage":"es","@id":"https:\/\/eurecat.org\/es\/eurecat-participa-proyecto-combatira-desinformacion-covid-19-mediante-uso-innovador-datos\/#primaryimage","url":"https:\/\/eurecat.org\/wp-content\/uploads\/2020\/12\/Eurecat-MediaFutures_930x515px.jpg","contentUrl":"https:\/\/eurecat.org\/wp-content\/uploads\/2020\/12\/Eurecat-MediaFutures_930x515px.jpg","width":930,"height":515,"caption":"eurecat mediafutures covid-19"},{"@type":"BreadcrumbList","@id":"https:\/\/eurecat.org\/es\/eurecat-participa-proyecto-combatira-desinformacion-covid-19-mediante-uso-innovador-datos\/#breadcrumb","itemListElement":[{"@type":"ListItem","position":1,"name":"Inici","item":"https:\/\/eurecat.org\/es\/"},{"@type":"ListItem","position":2,"name":"Eurecat participa en un proyecto que combatir\u00e1 la desinformaci\u00f3n sobre la COVID-19 mediante un uso innovador de los datos"}]},{"@type":"WebSite","@id":"https:\/\/eurecat.org\/es\/#website","url":"https:\/\/eurecat.org\/es\/","name":"Eurecat","description":"Otro sitio realizado con WordPress","potentialAction":[{"@type":"SearchAction","target":{"@type":"EntryPoint","urlTemplate":"https:\/\/eurecat.org\/es\/?s={search_term_string}"},"query-input":{"@type":"PropertyValueSpecification","valueRequired":true,"valueName":"search_term_string"}}],"inLanguage":"es"},{"@type":"Person","@id":"https:\/\/eurecat.org\/es\/#\/schema\/person\/8342992d6929ad043b305d3cac68b3f4","name":"eurecatNG","image":{"@type":"ImageObject","inLanguage":"es","@id":"https:\/\/secure.gravatar.com\/avatar\/63200cb70ae4f15a0f673050f36df149dba802bea7614e8f838aaccfcf8ea11d?s=96&d=mm&r=g","url":"https:\/\/secure.gravatar.com\/avatar\/63200cb70ae4f15a0f673050f36df149dba802bea7614e8f838aaccfcf8ea11d?s=96&d=mm&r=g","contentUrl":"https:\/\/secure.gravatar.com\/avatar\/63200cb70ae4f15a0f673050f36df149dba802bea7614e8f838aaccfcf8ea11d?s=96&d=mm&r=g","caption":"eurecatNG"}}]}},"_links":{"self":[{"href":"https:\/\/eurecat.org\/es\/wp-json\/wp\/v2\/posts\/109289","targetHints":{"allow":["GET"]}}],"collection":[{"href":"https:\/\/eurecat.org\/es\/wp-json\/wp\/v2\/posts"}],"about":[{"href":"https:\/\/eurecat.org\/es\/wp-json\/wp\/v2\/types\/post"}],"author":[{"embeddable":true,"href":"https:\/\/eurecat.org\/es\/wp-json\/wp\/v2\/users\/27"}],"replies":[{"embeddable":true,"href":"https:\/\/eurecat.org\/es\/wp-json\/wp\/v2\/comments?post=109289"}],"version-history":[{"count":0,"href":"https:\/\/eurecat.org\/es\/wp-json\/wp\/v2\/posts\/109289\/revisions"}],"wp:featuredmedia":[{"embeddable":true,"href":"https:\/\/eurecat.org\/es\/wp-json\/wp\/v2\/media\/109285"}],"wp:attachment":[{"href":"https:\/\/eurecat.org\/es\/wp-json\/wp\/v2\/media?parent=109289"}],"wp:term":[{"taxonomy":"category","embeddable":true,"href":"https:\/\/eurecat.org\/es\/wp-json\/wp\/v2\/categories?post=109289"},{"taxonomy":"post_tag","embeddable":true,"href":"https:\/\/eurecat.org\/es\/wp-json\/wp\/v2\/tags?post=109289"}],"curies":[{"name":"wp","href":"https:\/\/api.w.org\/{rel}","templated":true}]}}