{"id":109368,"date":"2020-12-11T09:40:21","date_gmt":"2020-12-11T09:40:21","guid":{"rendered":"https:\/\/eurecat.org\/?p=109368"},"modified":"2021-01-19T10:55:50","modified_gmt":"2021-01-19T10:55:50","slug":"participacion-eje-fundamental-proceso-renovacion-carta-europea-turismo-sostenible-priorat-impulsada-parque-natural-montsant","status":"publish","type":"post","link":"https:\/\/eurecat.org\/es\/participacion-eje-fundamental-proceso-renovacion-carta-europea-turismo-sostenible-priorat-impulsada-parque-natural-montsant\/","title":{"rendered":"La participaci\u00f3n, eje fundamental del proceso de renovaci\u00f3n de la Carta Europea de Turismo Sostenible del Priorat impulsada por el Parque Natural de Montsant"},"content":{"rendered":"<p>La participaci\u00f3n es el eje fundamental en el que se sustenta el proceso para la renovaci\u00f3n de la Carta Europea de Turismo Sostenible (CETS) del Priorat y que culminar\u00e1 con la definici\u00f3n de la estrategia y el nuevo plan de acci\u00f3n que se desarrollar\u00e1 los pr\u00f3ximos 5 a\u00f1os (2021-2025). Dentro del <strong>Plan de participaci\u00f3n<\/strong>, coordinado por el centro tecnol\u00f3gico <strong><a href=\"http:\/\/eurecat.org\/\" target=\"_blank\" rel=\"noopener\">Eurecat<\/a><\/strong>, se han celebrado m\u00e1s de treinta reuniones y entrevistas con agentes de la comarca del Priorat p\u00fablicos y privados en formato presencial y virtual, cuando no ha sido posible debido a la<strong> COVID-19<\/strong>.<\/p>\n<p>Durante las reuniones mantenidas, se ha puesto de relieve la necesidad de desarrollar una estrategia que tenga en cuenta la mejora de la vinculaci\u00f3n de productores y consumidores, la necesidad de reactivar la actividad tur\u00edstica, la gesti\u00f3n y el control de los visitantes, la regulaci\u00f3n de la actividad tur\u00edstica en los municipios, la gesti\u00f3n de los residuos, la acogida de visitantes, la implementaci\u00f3n de sistemas de ahorro de energ\u00eda, la mejora de la se\u00f1alizaci\u00f3n y la acreditaci\u00f3n de las empresas en la fase II de la CETS. Uno de los objetivos prioritarios en el nuevo per\u00edodo es el de implicar m\u00e1s a los ayuntamientos de la comarca.<\/p>\n<p>El Parque Natural de Montsant fue acreditado con la Carta Europea de Turismo Sostenible en diciembre de 2016. La CETS es una iniciativa de la Federaci\u00f3n Europarc, que tiene como objetivo la mejora de la gesti\u00f3n de las \u00e1reas protegidas de Europa a trav\u00e9s de la cooperaci\u00f3n, el intercambio de ideas y experiencias y la capacidad de influir en las pol\u00edticas de gesti\u00f3n. En el caso del Priorat, este compromiso no solo afecta el espacio natural protegido de la sierra de Montsant, sino tambi\u00e9n su \u00e1rea de influencia que, en el momento de la acreditaci\u00f3n, se defini\u00f3 para el conjunto de la comarca.<\/p>\n<p>La CETS se ha planteado como una forma de regular la actividad tur\u00edstica en el Priorat atendiendo a diversas necesidades surgidas del creciente inter\u00e9s tur\u00edstico por la comarca y las necesidades de utilizar el turismo como un instrumento de desarrollo local encaminado a la mejora de la vida de sus habitantes, la mejora de la experiencia tur\u00edstica y la preservaci\u00f3n de los valores naturales, culturales y paisaj\u00edsticos existentes.<\/p>\n<p>Este mes de diciembre tendr\u00e1n lugar las \u00faltimas sesiones con las que se cerrar\u00e1 el proceso iniciado con la presentaci\u00f3n del plan en el Foro Permanente de Turismo Sostenible, el pasado 10 de marzo, en el que tambi\u00e9n se constituy\u00f3 el Grupo Impulsor formado por Montserrat Sol\u00e0, t\u00e9cnica del Parque Natural de Montsant; Jaume Salvat, t\u00e9cnico del departamento de Innovaci\u00f3n Tur\u00edstica de Eurecat; Marta Camps, consejera de Turismo del Consejo Comarcal del Priorat; Elisa Barcel\u00f3, t\u00e9cnica del mismo consejo comarcal; Marta Dom\u00e8nech, en representaci\u00f3n de Priorat Enoturisme, y Joan Vaqu\u00e9, en representaci\u00f3n de Prioritat.<\/p>\n<p>En el proceso del Plan de participaci\u00f3n, se han mantenido reuniones con agentes del Priorat como PIMEC, Priorat Enoturisme, la DO Montsant, la DOQ Priorat, F\u00f2rum Agrari, la Asociaci\u00f3n Prioritat y el PEIN Serra de Llaberia, y con alojamientos y empresas de actividades participantes en el Foro de Turismo Sostenible. As\u00ed como se han establecido contactos con diversas instituciones como el Consejo Comarcal del Priorat, el Patronato de Turismo de la Diputaci\u00f3n de Tarragona, los servicios territoriales de Territorio y Sostenibilidad de la Generalitat de Catalunya, la Agencia Catalana de Patrimonio y el grupo Leader del Camp.<\/p>\n<p>Por otra parte, se ha intensificado la implicaci\u00f3n de los ayuntamientos de la comarca a trav\u00e9s de una reuni\u00f3n presencial en la que se present\u00f3 el estudio de afluencia y frecuentaci\u00f3n del Parque Natural celebrada el 10 de julio, y dos en l\u00ednea en las que cada consistorio comparti\u00f3 las acciones que realiza y las que tiene planificadas relacionadas con el turismo y la sostenibilidad.<\/p>\n<p>Una vez finalizado el proceso de participaci\u00f3n durante el mes de diciembre, se preparar\u00e1 y validar\u00e1 la Estrategia y el Plan de acciones 2021-2025 a trav\u00e9s de la Mesa y del Foro de Turismo Sostenible del Priorat, la que se presentar\u00e1 a la Federaci\u00f3n de Europarc antes del 1 de marzo de 2021.<\/p>\n","protected":false},"excerpt":{"rendered":"<p>La participaci\u00f3n es el eje fundamental en el que se sustenta el proceso para la renovaci\u00f3n de la Carta Europea de Turismo Sostenible (CETS) del Priorat y que culminar\u00e1 con la definici\u00f3n de la estrategia y el nuevo plan de acci\u00f3n que se desarrollar\u00e1 los pr\u00f3ximos 5 a\u00f1os (2021-2025). Dentro del Plan de participaci\u00f3n, coordinado  [&#8230;]<\/p>\n","protected":false},"author":27,"featured_media":109362,"comment_status":"open","ping_status":"closed","sticky":false,"template":"","format":"standard","meta":{"footnotes":""},"categories":[134,2254],"tags":[],"class_list":["post-109368","post","type-post","status-publish","format-standard","has-post-thumbnail","hentry","category-notas-de-prensa","category-turismo-es"],"yoast_head":"<!-- This site is optimized with the Yoast SEO plugin v27.4 - https:\/\/yoast.com\/product\/yoast-seo-wordpress\/ -->\n<title>La participaci\u00f3n, eje fundamental del proceso de renovaci\u00f3n de la Carta Europea de Turismo Sostenible del Priorat impulsada por el Parque Natural de Montsant - Eurecat<\/title>\n<meta name=\"description\" content=\"La participaci\u00f3n, eje fundamental del proceso de renovaci\u00f3n de la CETS del Priorat impulsada por el Parque Natural de Montsant.\" \/>\n<meta name=\"robots\" content=\"index, follow, max-snippet:-1, max-image-preview:large, max-video-preview:-1\" \/>\n<link rel=\"canonical\" href=\"https:\/\/eurecat.org\/es\/participacion-eje-fundamental-proceso-renovacion-carta-europea-turismo-sostenible-priorat-impulsada-parque-natural-montsant\/\" \/>\n<meta property=\"og:locale\" content=\"es_ES\" \/>\n<meta property=\"og:type\" content=\"article\" \/>\n<meta property=\"og:title\" content=\"La participaci\u00f3n, eje fundamental del proceso de renovaci\u00f3n de la Carta Europea de Turismo Sostenible del Priorat impulsada por el Parque Natural de Montsant - Eurecat\" \/>\n<meta property=\"og:description\" content=\"La participaci\u00f3n, eje fundamental del proceso de renovaci\u00f3n de la CETS del Priorat impulsada por el Parque Natural de Montsant.\" \/>\n<meta property=\"og:url\" content=\"https:\/\/eurecat.org\/es\/participacion-eje-fundamental-proceso-renovacion-carta-europea-turismo-sostenible-priorat-impulsada-parque-natural-montsant\/\" \/>\n<meta property=\"og:site_name\" content=\"Eurecat\" \/>\n<meta property=\"article:published_time\" content=\"2020-12-11T09:40:21+00:00\" \/>\n<meta property=\"article:modified_time\" content=\"2021-01-19T10:55:50+00:00\" \/>\n<meta property=\"og:image\" content=\"https:\/\/eurecat.org\/wp-content\/uploads\/2020\/12\/Eurecat-Montsant_930x515px-1.jpg\" \/>\n\t<meta property=\"og:image:width\" content=\"930\" \/>\n\t<meta property=\"og:image:height\" content=\"515\" \/>\n\t<meta property=\"og:image:type\" content=\"image\/jpeg\" \/>\n<meta name=\"author\" content=\"eurecatNG\" \/>\n<meta name=\"twitter:card\" content=\"summary_large_image\" \/>\n<meta name=\"twitter:label1\" content=\"Escrito por\" \/>\n\t<meta name=\"twitter:data1\" content=\"eurecatNG\" \/>\n\t<meta name=\"twitter:label2\" content=\"Tiempo de lectura\" \/>\n\t<meta name=\"twitter:data2\" content=\"3 minutos\" \/>\n<script type=\"application\/ld+json\" class=\"yoast-schema-graph\">{\"@context\":\"https:\\\/\\\/schema.org\",\"@graph\":[{\"@type\":\"Article\",\"@id\":\"https:\\\/\\\/eurecat.org\\\/es\\\/participacion-eje-fundamental-proceso-renovacion-carta-europea-turismo-sostenible-priorat-impulsada-parque-natural-montsant\\\/#article\",\"isPartOf\":{\"@id\":\"https:\\\/\\\/eurecat.org\\\/es\\\/participacion-eje-fundamental-proceso-renovacion-carta-europea-turismo-sostenible-priorat-impulsada-parque-natural-montsant\\\/\"},\"author\":{\"name\":\"eurecatNG\",\"@id\":\"https:\\\/\\\/eurecat.org\\\/es\\\/#\\\/schema\\\/person\\\/8342992d6929ad043b305d3cac68b3f4\"},\"headline\":\"La participaci\u00f3n, eje fundamental del proceso de renovaci\u00f3n de la Carta Europea de Turismo Sostenible del Priorat impulsada por el Parque Natural de Montsant\",\"datePublished\":\"2020-12-11T09:40:21+00:00\",\"dateModified\":\"2021-01-19T10:55:50+00:00\",\"mainEntityOfPage\":{\"@id\":\"https:\\\/\\\/eurecat.org\\\/es\\\/participacion-eje-fundamental-proceso-renovacion-carta-europea-turismo-sostenible-priorat-impulsada-parque-natural-montsant\\\/\"},\"wordCount\":760,\"commentCount\":0,\"image\":{\"@id\":\"https:\\\/\\\/eurecat.org\\\/es\\\/participacion-eje-fundamental-proceso-renovacion-carta-europea-turismo-sostenible-priorat-impulsada-parque-natural-montsant\\\/#primaryimage\"},\"thumbnailUrl\":\"https:\\\/\\\/eurecat.org\\\/wp-content\\\/uploads\\\/2020\\\/12\\\/Eurecat-Montsant_930x515px-1.jpg\",\"articleSection\":[\"Notas de prensa\",\"Turismo\"],\"inLanguage\":\"es\",\"potentialAction\":[{\"@type\":\"CommentAction\",\"name\":\"Comment\",\"target\":[\"https:\\\/\\\/eurecat.org\\\/es\\\/participacion-eje-fundamental-proceso-renovacion-carta-europea-turismo-sostenible-priorat-impulsada-parque-natural-montsant\\\/#respond\"]}]},{\"@type\":\"WebPage\",\"@id\":\"https:\\\/\\\/eurecat.org\\\/es\\\/participacion-eje-fundamental-proceso-renovacion-carta-europea-turismo-sostenible-priorat-impulsada-parque-natural-montsant\\\/\",\"url\":\"https:\\\/\\\/eurecat.org\\\/es\\\/participacion-eje-fundamental-proceso-renovacion-carta-europea-turismo-sostenible-priorat-impulsada-parque-natural-montsant\\\/\",\"name\":\"La participaci\u00f3n, eje fundamental del proceso de renovaci\u00f3n de la Carta Europea de Turismo Sostenible del Priorat impulsada por el Parque Natural de Montsant - Eurecat\",\"isPartOf\":{\"@id\":\"https:\\\/\\\/eurecat.org\\\/es\\\/#website\"},\"primaryImageOfPage\":{\"@id\":\"https:\\\/\\\/eurecat.org\\\/es\\\/participacion-eje-fundamental-proceso-renovacion-carta-europea-turismo-sostenible-priorat-impulsada-parque-natural-montsant\\\/#primaryimage\"},\"image\":{\"@id\":\"https:\\\/\\\/eurecat.org\\\/es\\\/participacion-eje-fundamental-proceso-renovacion-carta-europea-turismo-sostenible-priorat-impulsada-parque-natural-montsant\\\/#primaryimage\"},\"thumbnailUrl\":\"https:\\\/\\\/eurecat.org\\\/wp-content\\\/uploads\\\/2020\\\/12\\\/Eurecat-Montsant_930x515px-1.jpg\",\"datePublished\":\"2020-12-11T09:40:21+00:00\",\"dateModified\":\"2021-01-19T10:55:50+00:00\",\"author\":{\"@id\":\"https:\\\/\\\/eurecat.org\\\/es\\\/#\\\/schema\\\/person\\\/8342992d6929ad043b305d3cac68b3f4\"},\"description\":\"La participaci\u00f3n, eje fundamental del proceso de renovaci\u00f3n de la CETS del Priorat impulsada por el Parque Natural de Montsant.\",\"breadcrumb\":{\"@id\":\"https:\\\/\\\/eurecat.org\\\/es\\\/participacion-eje-fundamental-proceso-renovacion-carta-europea-turismo-sostenible-priorat-impulsada-parque-natural-montsant\\\/#breadcrumb\"},\"inLanguage\":\"es\",\"potentialAction\":[{\"@type\":\"ReadAction\",\"target\":[\"https:\\\/\\\/eurecat.org\\\/es\\\/participacion-eje-fundamental-proceso-renovacion-carta-europea-turismo-sostenible-priorat-impulsada-parque-natural-montsant\\\/\"]}]},{\"@type\":\"ImageObject\",\"inLanguage\":\"es\",\"@id\":\"https:\\\/\\\/eurecat.org\\\/es\\\/participacion-eje-fundamental-proceso-renovacion-carta-europea-turismo-sostenible-priorat-impulsada-parque-natural-montsant\\\/#primaryimage\",\"url\":\"https:\\\/\\\/eurecat.org\\\/wp-content\\\/uploads\\\/2020\\\/12\\\/Eurecat-Montsant_930x515px-1.jpg\",\"contentUrl\":\"https:\\\/\\\/eurecat.org\\\/wp-content\\\/uploads\\\/2020\\\/12\\\/Eurecat-Montsant_930x515px-1.jpg\",\"width\":930,\"height\":515,\"caption\":\"eurecat montsant priorat\"},{\"@type\":\"BreadcrumbList\",\"@id\":\"https:\\\/\\\/eurecat.org\\\/es\\\/participacion-eje-fundamental-proceso-renovacion-carta-europea-turismo-sostenible-priorat-impulsada-parque-natural-montsant\\\/#breadcrumb\",\"itemListElement\":[{\"@type\":\"ListItem\",\"position\":1,\"name\":\"Inici\",\"item\":\"https:\\\/\\\/eurecat.org\\\/es\\\/\"},{\"@type\":\"ListItem\",\"position\":2,\"name\":\"La participaci\u00f3n, eje fundamental del proceso de renovaci\u00f3n de la Carta Europea de Turismo Sostenible del Priorat impulsada por el Parque Natural de Montsant\"}]},{\"@type\":\"WebSite\",\"@id\":\"https:\\\/\\\/eurecat.org\\\/es\\\/#website\",\"url\":\"https:\\\/\\\/eurecat.org\\\/es\\\/\",\"name\":\"Eurecat\",\"description\":\"Otro sitio realizado con WordPress\",\"potentialAction\":[{\"@type\":\"SearchAction\",\"target\":{\"@type\":\"EntryPoint\",\"urlTemplate\":\"https:\\\/\\\/eurecat.org\\\/es\\\/?s={search_term_string}\"},\"query-input\":{\"@type\":\"PropertyValueSpecification\",\"valueRequired\":true,\"valueName\":\"search_term_string\"}}],\"inLanguage\":\"es\"},{\"@type\":\"Person\",\"@id\":\"https:\\\/\\\/eurecat.org\\\/es\\\/#\\\/schema\\\/person\\\/8342992d6929ad043b305d3cac68b3f4\",\"name\":\"eurecatNG\",\"image\":{\"@type\":\"ImageObject\",\"inLanguage\":\"es\",\"@id\":\"https:\\\/\\\/secure.gravatar.com\\\/avatar\\\/63200cb70ae4f15a0f673050f36df149dba802bea7614e8f838aaccfcf8ea11d?s=96&d=mm&r=g\",\"url\":\"https:\\\/\\\/secure.gravatar.com\\\/avatar\\\/63200cb70ae4f15a0f673050f36df149dba802bea7614e8f838aaccfcf8ea11d?s=96&d=mm&r=g\",\"contentUrl\":\"https:\\\/\\\/secure.gravatar.com\\\/avatar\\\/63200cb70ae4f15a0f673050f36df149dba802bea7614e8f838aaccfcf8ea11d?s=96&d=mm&r=g\",\"caption\":\"eurecatNG\"}}]}<\/script>\n<!-- \/ Yoast SEO plugin. -->","yoast_head_json":{"title":"La participaci\u00f3n, eje fundamental del proceso de renovaci\u00f3n de la Carta Europea de Turismo Sostenible del Priorat impulsada por el Parque Natural de Montsant - Eurecat","description":"La participaci\u00f3n, eje fundamental del proceso de renovaci\u00f3n de la CETS del Priorat impulsada por el Parque Natural de Montsant.","robots":{"index":"index","follow":"follow","max-snippet":"max-snippet:-1","max-image-preview":"max-image-preview:large","max-video-preview":"max-video-preview:-1"},"canonical":"https:\/\/eurecat.org\/es\/participacion-eje-fundamental-proceso-renovacion-carta-europea-turismo-sostenible-priorat-impulsada-parque-natural-montsant\/","og_locale":"es_ES","og_type":"article","og_title":"La participaci\u00f3n, eje fundamental del proceso de renovaci\u00f3n de la Carta Europea de Turismo Sostenible del Priorat impulsada por el Parque Natural de Montsant - Eurecat","og_description":"La participaci\u00f3n, eje fundamental del proceso de renovaci\u00f3n de la CETS del Priorat impulsada por el Parque Natural de Montsant.","og_url":"https:\/\/eurecat.org\/es\/participacion-eje-fundamental-proceso-renovacion-carta-europea-turismo-sostenible-priorat-impulsada-parque-natural-montsant\/","og_site_name":"Eurecat","article_published_time":"2020-12-11T09:40:21+00:00","article_modified_time":"2021-01-19T10:55:50+00:00","og_image":[{"width":930,"height":515,"url":"https:\/\/eurecat.org\/wp-content\/uploads\/2020\/12\/Eurecat-Montsant_930x515px-1.jpg","type":"image\/jpeg"}],"author":"eurecatNG","twitter_card":"summary_large_image","twitter_misc":{"Escrito por":"eurecatNG","Tiempo de lectura":"3 minutos"},"schema":{"@context":"https:\/\/schema.org","@graph":[{"@type":"Article","@id":"https:\/\/eurecat.org\/es\/participacion-eje-fundamental-proceso-renovacion-carta-europea-turismo-sostenible-priorat-impulsada-parque-natural-montsant\/#article","isPartOf":{"@id":"https:\/\/eurecat.org\/es\/participacion-eje-fundamental-proceso-renovacion-carta-europea-turismo-sostenible-priorat-impulsada-parque-natural-montsant\/"},"author":{"name":"eurecatNG","@id":"https:\/\/eurecat.org\/es\/#\/schema\/person\/8342992d6929ad043b305d3cac68b3f4"},"headline":"La participaci\u00f3n, eje fundamental del proceso de renovaci\u00f3n de la Carta Europea de Turismo Sostenible del Priorat impulsada por el Parque Natural de Montsant","datePublished":"2020-12-11T09:40:21+00:00","dateModified":"2021-01-19T10:55:50+00:00","mainEntityOfPage":{"@id":"https:\/\/eurecat.org\/es\/participacion-eje-fundamental-proceso-renovacion-carta-europea-turismo-sostenible-priorat-impulsada-parque-natural-montsant\/"},"wordCount":760,"commentCount":0,"image":{"@id":"https:\/\/eurecat.org\/es\/participacion-eje-fundamental-proceso-renovacion-carta-europea-turismo-sostenible-priorat-impulsada-parque-natural-montsant\/#primaryimage"},"thumbnailUrl":"https:\/\/eurecat.org\/wp-content\/uploads\/2020\/12\/Eurecat-Montsant_930x515px-1.jpg","articleSection":["Notas de prensa","Turismo"],"inLanguage":"es","potentialAction":[{"@type":"CommentAction","name":"Comment","target":["https:\/\/eurecat.org\/es\/participacion-eje-fundamental-proceso-renovacion-carta-europea-turismo-sostenible-priorat-impulsada-parque-natural-montsant\/#respond"]}]},{"@type":"WebPage","@id":"https:\/\/eurecat.org\/es\/participacion-eje-fundamental-proceso-renovacion-carta-europea-turismo-sostenible-priorat-impulsada-parque-natural-montsant\/","url":"https:\/\/eurecat.org\/es\/participacion-eje-fundamental-proceso-renovacion-carta-europea-turismo-sostenible-priorat-impulsada-parque-natural-montsant\/","name":"La participaci\u00f3n, eje fundamental del proceso de renovaci\u00f3n de la Carta Europea de Turismo Sostenible del Priorat impulsada por el Parque Natural de Montsant - Eurecat","isPartOf":{"@id":"https:\/\/eurecat.org\/es\/#website"},"primaryImageOfPage":{"@id":"https:\/\/eurecat.org\/es\/participacion-eje-fundamental-proceso-renovacion-carta-europea-turismo-sostenible-priorat-impulsada-parque-natural-montsant\/#primaryimage"},"image":{"@id":"https:\/\/eurecat.org\/es\/participacion-eje-fundamental-proceso-renovacion-carta-europea-turismo-sostenible-priorat-impulsada-parque-natural-montsant\/#primaryimage"},"thumbnailUrl":"https:\/\/eurecat.org\/wp-content\/uploads\/2020\/12\/Eurecat-Montsant_930x515px-1.jpg","datePublished":"2020-12-11T09:40:21+00:00","dateModified":"2021-01-19T10:55:50+00:00","author":{"@id":"https:\/\/eurecat.org\/es\/#\/schema\/person\/8342992d6929ad043b305d3cac68b3f4"},"description":"La participaci\u00f3n, eje fundamental del proceso de renovaci\u00f3n de la CETS del Priorat impulsada por el Parque Natural de Montsant.","breadcrumb":{"@id":"https:\/\/eurecat.org\/es\/participacion-eje-fundamental-proceso-renovacion-carta-europea-turismo-sostenible-priorat-impulsada-parque-natural-montsant\/#breadcrumb"},"inLanguage":"es","potentialAction":[{"@type":"ReadAction","target":["https:\/\/eurecat.org\/es\/participacion-eje-fundamental-proceso-renovacion-carta-europea-turismo-sostenible-priorat-impulsada-parque-natural-montsant\/"]}]},{"@type":"ImageObject","inLanguage":"es","@id":"https:\/\/eurecat.org\/es\/participacion-eje-fundamental-proceso-renovacion-carta-europea-turismo-sostenible-priorat-impulsada-parque-natural-montsant\/#primaryimage","url":"https:\/\/eurecat.org\/wp-content\/uploads\/2020\/12\/Eurecat-Montsant_930x515px-1.jpg","contentUrl":"https:\/\/eurecat.org\/wp-content\/uploads\/2020\/12\/Eurecat-Montsant_930x515px-1.jpg","width":930,"height":515,"caption":"eurecat montsant priorat"},{"@type":"BreadcrumbList","@id":"https:\/\/eurecat.org\/es\/participacion-eje-fundamental-proceso-renovacion-carta-europea-turismo-sostenible-priorat-impulsada-parque-natural-montsant\/#breadcrumb","itemListElement":[{"@type":"ListItem","position":1,"name":"Inici","item":"https:\/\/eurecat.org\/es\/"},{"@type":"ListItem","position":2,"name":"La participaci\u00f3n, eje fundamental del proceso de renovaci\u00f3n de la Carta Europea de Turismo Sostenible del Priorat impulsada por el Parque Natural de Montsant"}]},{"@type":"WebSite","@id":"https:\/\/eurecat.org\/es\/#website","url":"https:\/\/eurecat.org\/es\/","name":"Eurecat","description":"Otro sitio realizado con WordPress","potentialAction":[{"@type":"SearchAction","target":{"@type":"EntryPoint","urlTemplate":"https:\/\/eurecat.org\/es\/?s={search_term_string}"},"query-input":{"@type":"PropertyValueSpecification","valueRequired":true,"valueName":"search_term_string"}}],"inLanguage":"es"},{"@type":"Person","@id":"https:\/\/eurecat.org\/es\/#\/schema\/person\/8342992d6929ad043b305d3cac68b3f4","name":"eurecatNG","image":{"@type":"ImageObject","inLanguage":"es","@id":"https:\/\/secure.gravatar.com\/avatar\/63200cb70ae4f15a0f673050f36df149dba802bea7614e8f838aaccfcf8ea11d?s=96&d=mm&r=g","url":"https:\/\/secure.gravatar.com\/avatar\/63200cb70ae4f15a0f673050f36df149dba802bea7614e8f838aaccfcf8ea11d?s=96&d=mm&r=g","contentUrl":"https:\/\/secure.gravatar.com\/avatar\/63200cb70ae4f15a0f673050f36df149dba802bea7614e8f838aaccfcf8ea11d?s=96&d=mm&r=g","caption":"eurecatNG"}}]}},"_links":{"self":[{"href":"https:\/\/eurecat.org\/es\/wp-json\/wp\/v2\/posts\/109368","targetHints":{"allow":["GET"]}}],"collection":[{"href":"https:\/\/eurecat.org\/es\/wp-json\/wp\/v2\/posts"}],"about":[{"href":"https:\/\/eurecat.org\/es\/wp-json\/wp\/v2\/types\/post"}],"author":[{"embeddable":true,"href":"https:\/\/eurecat.org\/es\/wp-json\/wp\/v2\/users\/27"}],"replies":[{"embeddable":true,"href":"https:\/\/eurecat.org\/es\/wp-json\/wp\/v2\/comments?post=109368"}],"version-history":[{"count":0,"href":"https:\/\/eurecat.org\/es\/wp-json\/wp\/v2\/posts\/109368\/revisions"}],"wp:featuredmedia":[{"embeddable":true,"href":"https:\/\/eurecat.org\/es\/wp-json\/wp\/v2\/media\/109362"}],"wp:attachment":[{"href":"https:\/\/eurecat.org\/es\/wp-json\/wp\/v2\/media?parent=109368"}],"wp:term":[{"taxonomy":"category","embeddable":true,"href":"https:\/\/eurecat.org\/es\/wp-json\/wp\/v2\/categories?post=109368"},{"taxonomy":"post_tag","embeddable":true,"href":"https:\/\/eurecat.org\/es\/wp-json\/wp\/v2\/tags?post=109368"}],"curies":[{"name":"wp","href":"https:\/\/api.w.org\/{rel}","templated":true}]}}