{"id":110505,"date":"2021-02-12T11:00:12","date_gmt":"2021-02-12T11:00:12","guid":{"rendered":"https:\/\/eurecat.org\/?p=110505"},"modified":"2021-02-12T12:29:18","modified_gmt":"2021-02-12T12:29:18","slug":"referents-femenins-ciencia-i-tecnologia","status":"publish","type":"post","link":"https:\/\/eurecat.org\/es\/referents-femenins-ciencia-i-tecnologia\/","title":{"rendered":"\u00abTenemos que conseguir m\u00e1s referentes femeninos porque como sociedad necesitamos la ciencia y la tecnolog\u00eda\u00bb"},"content":{"rendered":"<p><strong>Cristina Caselles<\/strong> es ingeniera qu\u00edmica y promotora tecnol\u00f3gica de Eurecat. A continuaci\u00f3n nos detalla su participaci\u00f3n en el programa 100t\u00edfiques de dinamizaci\u00f3n cient\u00edfica entre las j\u00f3venes y <strong>analiza cu\u00e1les son las carreras con m\u00e1s potencial de crecimiento en el \u00e1mbito cient\u00edfico y tecnol\u00f3gico<\/strong>.<\/p>\n<p><strong>\u00bfCu\u00e1les son los objetivos del programa 100t\u00edfiques?<\/strong><\/p>\n<p>#100t\u00edfiques es una iniciativa de la <a href=\"https:\/\/www.fundaciorecerca.cat\/\">Fundaci\u00f3n Catalana para la Investigaci\u00f3n y la Innovaci\u00f3n (FCRI)<\/a> y el <a href=\"https:\/\/bist.eu\/\">Barcelona Institute of Science and Technology (BIST)<\/a>, con la colaboraci\u00f3n del <a href=\"http:\/\/educacio.gencat.cat\/ca\/inici\">Departamento de Educaci\u00f3n de la Generalitat de Catalunya<\/a>.<\/p>\n<p>El objetivo del proyecto es hacer visible y <strong>destacar la relevancia y el papel estrat\u00e9gico de las mujeres en la ciencia y la tecnolog\u00eda<\/strong>, fomentando acciones conjuntas entre cient\u00edficos de academia y de empresa. El programa tiene la vocaci\u00f3n de fomentar una relaci\u00f3n m\u00e1s directa y rec\u00edproca entre la ciencia y la sociedad, y muy especialmente de incrementar la conciencia de este colectivo y ensanchar su espacio.<\/p>\n<p><strong>\u00bfCu\u00e1l es la participaci\u00f3n de Eurecat en este programa?<\/strong><\/p>\n<p>Eurecat ha participado el d\u00eda 11 de febrero a las 11.00h, D\u00eda Internacional de las Mujeres y las Ni\u00f1as en la Ciencia en 3 de las 450 charlas simult\u00e1neas que se han realizado en centros escolares de toda Catalu\u00f1a (alumnos de 6\u00ba de primaria y 1\u00ba de ESO). El objetivo de estas charlas es romper estereotipos y demostrar que no hay carreras de chicos o de chicas y para explicar a los ni\u00f1os y ni\u00f1as que pueden llegar a ser lo que quieran. Ha sido una experiencia enriquecedora y desde aqu\u00ed animo a mis compa\u00f1eras a sumarse a esta iniciativa en pr\u00f3ximas ediciones. En Eurecat tenemos grandes cient\u00edficas y tecn\u00f3logas que pueden servir claramente de ejemplo a nuestras j\u00f3venes.<\/p>\n<p><strong>Como tecn\u00f3loga, \u00bfc\u00f3mo crees que se debe potenciar estas carreras entre las j\u00f3venes?<\/strong><\/p>\n<p>Se debe potenciar rompiendo estereotipos y acercando la ciencia y la tecnolog\u00eda en las escuelas para revertir las estad\u00edsticas que existen a d\u00eda de hoy. Tenemos que conseguir que las chicas empiecen a tener referentes femeninos en las que se puedan ver reflejadas, porque como sociedad todos necesitamos la ciencia y la tecnolog\u00eda para avanzar y superar retos y un claro ejemplo es haber conseguido la vacuna del COVID-19 en tiempo record gracias a una comunidad cient\u00edfica potente. Tenemos que conseguir que muchas carreras cient\u00edficas y tecnol\u00f3gicas dejen de identificarse como s\u00f3lo para chicos y todos podemos contribuir a eliminar estas etiquetas.<\/p>\n<p><strong>\u00bfCu\u00e1les son las carreras con m\u00e1s futuro en el sector de la ciencia?<\/strong><\/p>\n<p>Todas las carreras que tengan una vertiente digital son las que tendr\u00e1n m\u00e1s futuro ya que el mundo cada vez est\u00e1 m\u00e1s digitalizado. Los perfiles cient\u00edficos cada vez ser\u00e1n m\u00e1s multidisciplinares y polivalentes. <strong>Carreras como las engineyeries, ciencias ambientales, la electr\u00f3nica, la mec\u00e1nica, la inform\u00e1tica, las telecomunicaciones, la biomedicina, la biotecnolog\u00eda, la nanociencia, la nanotecnolog\u00eda tienen futuro y<\/strong>\u00a0tambi\u00e9n las <strong>dobles titulaciones<\/strong> que mezclan<strong> arte y ciencia<\/strong>. No obstante, hay que tener en cuenta que vivimos inmersos en la Cuarta Revoluci\u00f3n Industrial y muchas de las profesiones del futuro a\u00fan no existen por lo que es muy importante formarse de manera continuada. Probablemente el sistema universitario tambi\u00e9n tendr\u00e1 que vivir su propia revoluci\u00f3n para adaptarse a las nuevas demandas del mercado y de la sociedad.<\/p>\n<p><strong>\u00bfCu\u00e1les son las que se prev\u00e9 que tengan mejores oportunidades laborales?<\/strong><\/p>\n<p>Las <strong>carreras relacionadas con las Ciencias de la Salud tendr\u00e1n un porcentaje superior de trabajo en un futuro pr\u00f3ximo<\/strong>. Las <strong>STEM<\/strong> (Ciencia-Tecnolog\u00eda-Ingenier\u00eda y Matem\u00e1ticas, por sus siglas en ingl\u00e9s) son en la actualidad uno de los motores de las econom\u00edas avanzadas del planeta, por lo tanto ser\u00edan tambi\u00e9n una apuesta segura. Se da la casu\u00edstica pero, de que las STEM a pesar de ser las m\u00e1s demandadas por el mercado laboral, no son las m\u00e1s estudiadas por los alumnos y menos a\u00fan para chicas, por lo que nuestro papel en fomentar estas vocaciones desde las escuelas es vital y es lo que nos permitir\u00e1 tener el plantel de talento para el futuro.<\/p>\n","protected":false},"excerpt":{"rendered":"<p>Cristina Caselles es ingeniera qu\u00edmica y promotora tecnol\u00f3gica de Eurecat. A continuaci\u00f3n nos detalla su participaci\u00f3n en el programa 100t\u00edfiques de dinamizaci\u00f3n cient\u00edfica entre las j\u00f3venes y analiza cu\u00e1les son las carreras con m\u00e1s potencial de crecimiento en el \u00e1mbito cient\u00edfico y tecnol\u00f3gico. \u00bfCu\u00e1les son los objetivos del programa 100t\u00edfiques? #100t\u00edfiques es una iniciativa de  [&#8230;]<\/p>\n","protected":false},"author":6,"featured_media":110514,"comment_status":"open","ping_status":"closed","sticky":false,"template":"","format":"standard","meta":{"footnotes":""},"categories":[133],"tags":[],"class_list":["post-110505","post","type-post","status-publish","format-standard","has-post-thumbnail","hentry","category-blog"],"yoast_head":"<!-- This site is optimized with the Yoast SEO plugin v27.4 - https:\/\/yoast.com\/product\/yoast-seo-wordpress\/ -->\n<title>&quot;Tenemos que conseguir m\u00e1s referentes femeninos porque como sociedad necesitamos la ciencia y la tecnolog\u00eda&quot; - Eurecat<\/title>\n<meta name=\"description\" content=\"Conoce m\u00e1s detalles del programa 100t\u00edfiques de referentes femeninos y cu\u00e1les son las carreras con m\u00e1s potencial en el \u00e1mbito cient\u00edfico y tecnol\u00f3gico.\" \/>\n<meta name=\"robots\" content=\"index, follow, max-snippet:-1, max-image-preview:large, max-video-preview:-1\" \/>\n<link rel=\"canonical\" href=\"https:\/\/eurecat.org\/es\/referents-femenins-ciencia-i-tecnologia\/\" \/>\n<meta property=\"og:locale\" content=\"es_ES\" \/>\n<meta property=\"og:type\" content=\"article\" \/>\n<meta property=\"og:title\" content=\"&quot;Tenemos que conseguir m\u00e1s referentes femeninos porque como sociedad necesitamos la ciencia y la tecnolog\u00eda&quot; - Eurecat\" \/>\n<meta property=\"og:description\" content=\"Conoce m\u00e1s detalles del programa 100t\u00edfiques de referentes femeninos y cu\u00e1les son las carreras con m\u00e1s potencial en el \u00e1mbito cient\u00edfico y tecnol\u00f3gico.\" \/>\n<meta property=\"og:url\" content=\"https:\/\/eurecat.org\/es\/referents-femenins-ciencia-i-tecnologia\/\" \/>\n<meta property=\"og:site_name\" content=\"Eurecat\" \/>\n<meta property=\"article:published_time\" content=\"2021-02-12T11:00:12+00:00\" \/>\n<meta property=\"article:modified_time\" content=\"2021-02-12T12:29:18+00:00\" \/>\n<meta property=\"og:image\" content=\"https:\/\/eurecat.org\/wp-content\/uploads\/2021\/02\/cristina-caselles.jpg\" \/>\n\t<meta property=\"og:image:width\" content=\"930\" \/>\n\t<meta property=\"og:image:height\" content=\"515\" \/>\n\t<meta property=\"og:image:type\" content=\"image\/jpeg\" \/>\n<meta name=\"author\" content=\"EurecatEM\" \/>\n<meta name=\"twitter:card\" content=\"summary_large_image\" \/>\n<meta name=\"twitter:label1\" content=\"Escrito por\" \/>\n\t<meta name=\"twitter:data1\" content=\"EurecatEM\" \/>\n\t<meta name=\"twitter:label2\" content=\"Tiempo de lectura\" \/>\n\t<meta name=\"twitter:data2\" content=\"3 minutos\" \/>\n<script type=\"application\/ld+json\" class=\"yoast-schema-graph\">{\"@context\":\"https:\\\/\\\/schema.org\",\"@graph\":[{\"@type\":\"Article\",\"@id\":\"https:\\\/\\\/eurecat.org\\\/es\\\/referents-femenins-ciencia-i-tecnologia\\\/#article\",\"isPartOf\":{\"@id\":\"https:\\\/\\\/eurecat.org\\\/es\\\/referents-femenins-ciencia-i-tecnologia\\\/\"},\"author\":{\"name\":\"EurecatEM\",\"@id\":\"https:\\\/\\\/eurecat.org\\\/es\\\/#\\\/schema\\\/person\\\/540d47fd9da63c4587cbae01b88e4db3\"},\"headline\":\"\u00abTenemos que conseguir m\u00e1s referentes femeninos porque como sociedad necesitamos la ciencia y la tecnolog\u00eda\u00bb\",\"datePublished\":\"2021-02-12T11:00:12+00:00\",\"dateModified\":\"2021-02-12T12:29:18+00:00\",\"mainEntityOfPage\":{\"@id\":\"https:\\\/\\\/eurecat.org\\\/es\\\/referents-femenins-ciencia-i-tecnologia\\\/\"},\"wordCount\":753,\"commentCount\":0,\"image\":{\"@id\":\"https:\\\/\\\/eurecat.org\\\/es\\\/referents-femenins-ciencia-i-tecnologia\\\/#primaryimage\"},\"thumbnailUrl\":\"https:\\\/\\\/eurecat.org\\\/wp-content\\\/uploads\\\/2021\\\/02\\\/cristina-caselles.jpg\",\"articleSection\":[\"Blog\"],\"inLanguage\":\"es\",\"potentialAction\":[{\"@type\":\"CommentAction\",\"name\":\"Comment\",\"target\":[\"https:\\\/\\\/eurecat.org\\\/es\\\/referents-femenins-ciencia-i-tecnologia\\\/#respond\"]}]},{\"@type\":\"WebPage\",\"@id\":\"https:\\\/\\\/eurecat.org\\\/es\\\/referents-femenins-ciencia-i-tecnologia\\\/\",\"url\":\"https:\\\/\\\/eurecat.org\\\/es\\\/referents-femenins-ciencia-i-tecnologia\\\/\",\"name\":\"\\\"Tenemos que conseguir m\u00e1s referentes femeninos porque como sociedad necesitamos la ciencia y la tecnolog\u00eda\\\" - Eurecat\",\"isPartOf\":{\"@id\":\"https:\\\/\\\/eurecat.org\\\/es\\\/#website\"},\"primaryImageOfPage\":{\"@id\":\"https:\\\/\\\/eurecat.org\\\/es\\\/referents-femenins-ciencia-i-tecnologia\\\/#primaryimage\"},\"image\":{\"@id\":\"https:\\\/\\\/eurecat.org\\\/es\\\/referents-femenins-ciencia-i-tecnologia\\\/#primaryimage\"},\"thumbnailUrl\":\"https:\\\/\\\/eurecat.org\\\/wp-content\\\/uploads\\\/2021\\\/02\\\/cristina-caselles.jpg\",\"datePublished\":\"2021-02-12T11:00:12+00:00\",\"dateModified\":\"2021-02-12T12:29:18+00:00\",\"author\":{\"@id\":\"https:\\\/\\\/eurecat.org\\\/es\\\/#\\\/schema\\\/person\\\/540d47fd9da63c4587cbae01b88e4db3\"},\"description\":\"Conoce m\u00e1s detalles del programa 100t\u00edfiques de referentes femeninos y cu\u00e1les son las carreras con m\u00e1s potencial en el \u00e1mbito cient\u00edfico y tecnol\u00f3gico.\",\"breadcrumb\":{\"@id\":\"https:\\\/\\\/eurecat.org\\\/es\\\/referents-femenins-ciencia-i-tecnologia\\\/#breadcrumb\"},\"inLanguage\":\"es\",\"potentialAction\":[{\"@type\":\"ReadAction\",\"target\":[\"https:\\\/\\\/eurecat.org\\\/es\\\/referents-femenins-ciencia-i-tecnologia\\\/\"]}]},{\"@type\":\"ImageObject\",\"inLanguage\":\"es\",\"@id\":\"https:\\\/\\\/eurecat.org\\\/es\\\/referents-femenins-ciencia-i-tecnologia\\\/#primaryimage\",\"url\":\"https:\\\/\\\/eurecat.org\\\/wp-content\\\/uploads\\\/2021\\\/02\\\/cristina-caselles.jpg\",\"contentUrl\":\"https:\\\/\\\/eurecat.org\\\/wp-content\\\/uploads\\\/2021\\\/02\\\/cristina-caselles.jpg\",\"width\":930,\"height\":515,\"caption\":\"cristina caselles\"},{\"@type\":\"BreadcrumbList\",\"@id\":\"https:\\\/\\\/eurecat.org\\\/es\\\/referents-femenins-ciencia-i-tecnologia\\\/#breadcrumb\",\"itemListElement\":[{\"@type\":\"ListItem\",\"position\":1,\"name\":\"Inici\",\"item\":\"https:\\\/\\\/eurecat.org\\\/es\\\/\"},{\"@type\":\"ListItem\",\"position\":2,\"name\":\"\u00abTenemos que conseguir m\u00e1s referentes femeninos porque como sociedad necesitamos la ciencia y la tecnolog\u00eda\u00bb\"}]},{\"@type\":\"WebSite\",\"@id\":\"https:\\\/\\\/eurecat.org\\\/es\\\/#website\",\"url\":\"https:\\\/\\\/eurecat.org\\\/es\\\/\",\"name\":\"Eurecat\",\"description\":\"Otro sitio realizado con WordPress\",\"potentialAction\":[{\"@type\":\"SearchAction\",\"target\":{\"@type\":\"EntryPoint\",\"urlTemplate\":\"https:\\\/\\\/eurecat.org\\\/es\\\/?s={search_term_string}\"},\"query-input\":{\"@type\":\"PropertyValueSpecification\",\"valueRequired\":true,\"valueName\":\"search_term_string\"}}],\"inLanguage\":\"es\"},{\"@type\":\"Person\",\"@id\":\"https:\\\/\\\/eurecat.org\\\/es\\\/#\\\/schema\\\/person\\\/540d47fd9da63c4587cbae01b88e4db3\",\"name\":\"EurecatEM\",\"image\":{\"@type\":\"ImageObject\",\"inLanguage\":\"es\",\"@id\":\"https:\\\/\\\/secure.gravatar.com\\\/avatar\\\/deb330c0660ac5bf74cae5724d94229935e34c26df9bce576399b4da2212af05?s=96&d=mm&r=g\",\"url\":\"https:\\\/\\\/secure.gravatar.com\\\/avatar\\\/deb330c0660ac5bf74cae5724d94229935e34c26df9bce576399b4da2212af05?s=96&d=mm&r=g\",\"contentUrl\":\"https:\\\/\\\/secure.gravatar.com\\\/avatar\\\/deb330c0660ac5bf74cae5724d94229935e34c26df9bce576399b4da2212af05?s=96&d=mm&r=g\",\"caption\":\"EurecatEM\"}}]}<\/script>\n<!-- \/ Yoast SEO plugin. -->","yoast_head_json":{"title":"\"Tenemos que conseguir m\u00e1s referentes femeninos porque como sociedad necesitamos la ciencia y la tecnolog\u00eda\" - Eurecat","description":"Conoce m\u00e1s detalles del programa 100t\u00edfiques de referentes femeninos y cu\u00e1les son las carreras con m\u00e1s potencial en el \u00e1mbito cient\u00edfico y tecnol\u00f3gico.","robots":{"index":"index","follow":"follow","max-snippet":"max-snippet:-1","max-image-preview":"max-image-preview:large","max-video-preview":"max-video-preview:-1"},"canonical":"https:\/\/eurecat.org\/es\/referents-femenins-ciencia-i-tecnologia\/","og_locale":"es_ES","og_type":"article","og_title":"\"Tenemos que conseguir m\u00e1s referentes femeninos porque como sociedad necesitamos la ciencia y la tecnolog\u00eda\" - Eurecat","og_description":"Conoce m\u00e1s detalles del programa 100t\u00edfiques de referentes femeninos y cu\u00e1les son las carreras con m\u00e1s potencial en el \u00e1mbito cient\u00edfico y tecnol\u00f3gico.","og_url":"https:\/\/eurecat.org\/es\/referents-femenins-ciencia-i-tecnologia\/","og_site_name":"Eurecat","article_published_time":"2021-02-12T11:00:12+00:00","article_modified_time":"2021-02-12T12:29:18+00:00","og_image":[{"width":930,"height":515,"url":"https:\/\/eurecat.org\/wp-content\/uploads\/2021\/02\/cristina-caselles.jpg","type":"image\/jpeg"}],"author":"EurecatEM","twitter_card":"summary_large_image","twitter_misc":{"Escrito por":"EurecatEM","Tiempo de lectura":"3 minutos"},"schema":{"@context":"https:\/\/schema.org","@graph":[{"@type":"Article","@id":"https:\/\/eurecat.org\/es\/referents-femenins-ciencia-i-tecnologia\/#article","isPartOf":{"@id":"https:\/\/eurecat.org\/es\/referents-femenins-ciencia-i-tecnologia\/"},"author":{"name":"EurecatEM","@id":"https:\/\/eurecat.org\/es\/#\/schema\/person\/540d47fd9da63c4587cbae01b88e4db3"},"headline":"\u00abTenemos que conseguir m\u00e1s referentes femeninos porque como sociedad necesitamos la ciencia y la tecnolog\u00eda\u00bb","datePublished":"2021-02-12T11:00:12+00:00","dateModified":"2021-02-12T12:29:18+00:00","mainEntityOfPage":{"@id":"https:\/\/eurecat.org\/es\/referents-femenins-ciencia-i-tecnologia\/"},"wordCount":753,"commentCount":0,"image":{"@id":"https:\/\/eurecat.org\/es\/referents-femenins-ciencia-i-tecnologia\/#primaryimage"},"thumbnailUrl":"https:\/\/eurecat.org\/wp-content\/uploads\/2021\/02\/cristina-caselles.jpg","articleSection":["Blog"],"inLanguage":"es","potentialAction":[{"@type":"CommentAction","name":"Comment","target":["https:\/\/eurecat.org\/es\/referents-femenins-ciencia-i-tecnologia\/#respond"]}]},{"@type":"WebPage","@id":"https:\/\/eurecat.org\/es\/referents-femenins-ciencia-i-tecnologia\/","url":"https:\/\/eurecat.org\/es\/referents-femenins-ciencia-i-tecnologia\/","name":"\"Tenemos que conseguir m\u00e1s referentes femeninos porque como sociedad necesitamos la ciencia y la tecnolog\u00eda\" - Eurecat","isPartOf":{"@id":"https:\/\/eurecat.org\/es\/#website"},"primaryImageOfPage":{"@id":"https:\/\/eurecat.org\/es\/referents-femenins-ciencia-i-tecnologia\/#primaryimage"},"image":{"@id":"https:\/\/eurecat.org\/es\/referents-femenins-ciencia-i-tecnologia\/#primaryimage"},"thumbnailUrl":"https:\/\/eurecat.org\/wp-content\/uploads\/2021\/02\/cristina-caselles.jpg","datePublished":"2021-02-12T11:00:12+00:00","dateModified":"2021-02-12T12:29:18+00:00","author":{"@id":"https:\/\/eurecat.org\/es\/#\/schema\/person\/540d47fd9da63c4587cbae01b88e4db3"},"description":"Conoce m\u00e1s detalles del programa 100t\u00edfiques de referentes femeninos y cu\u00e1les son las carreras con m\u00e1s potencial en el \u00e1mbito cient\u00edfico y tecnol\u00f3gico.","breadcrumb":{"@id":"https:\/\/eurecat.org\/es\/referents-femenins-ciencia-i-tecnologia\/#breadcrumb"},"inLanguage":"es","potentialAction":[{"@type":"ReadAction","target":["https:\/\/eurecat.org\/es\/referents-femenins-ciencia-i-tecnologia\/"]}]},{"@type":"ImageObject","inLanguage":"es","@id":"https:\/\/eurecat.org\/es\/referents-femenins-ciencia-i-tecnologia\/#primaryimage","url":"https:\/\/eurecat.org\/wp-content\/uploads\/2021\/02\/cristina-caselles.jpg","contentUrl":"https:\/\/eurecat.org\/wp-content\/uploads\/2021\/02\/cristina-caselles.jpg","width":930,"height":515,"caption":"cristina caselles"},{"@type":"BreadcrumbList","@id":"https:\/\/eurecat.org\/es\/referents-femenins-ciencia-i-tecnologia\/#breadcrumb","itemListElement":[{"@type":"ListItem","position":1,"name":"Inici","item":"https:\/\/eurecat.org\/es\/"},{"@type":"ListItem","position":2,"name":"\u00abTenemos que conseguir m\u00e1s referentes femeninos porque como sociedad necesitamos la ciencia y la tecnolog\u00eda\u00bb"}]},{"@type":"WebSite","@id":"https:\/\/eurecat.org\/es\/#website","url":"https:\/\/eurecat.org\/es\/","name":"Eurecat","description":"Otro sitio realizado con WordPress","potentialAction":[{"@type":"SearchAction","target":{"@type":"EntryPoint","urlTemplate":"https:\/\/eurecat.org\/es\/?s={search_term_string}"},"query-input":{"@type":"PropertyValueSpecification","valueRequired":true,"valueName":"search_term_string"}}],"inLanguage":"es"},{"@type":"Person","@id":"https:\/\/eurecat.org\/es\/#\/schema\/person\/540d47fd9da63c4587cbae01b88e4db3","name":"EurecatEM","image":{"@type":"ImageObject","inLanguage":"es","@id":"https:\/\/secure.gravatar.com\/avatar\/deb330c0660ac5bf74cae5724d94229935e34c26df9bce576399b4da2212af05?s=96&d=mm&r=g","url":"https:\/\/secure.gravatar.com\/avatar\/deb330c0660ac5bf74cae5724d94229935e34c26df9bce576399b4da2212af05?s=96&d=mm&r=g","contentUrl":"https:\/\/secure.gravatar.com\/avatar\/deb330c0660ac5bf74cae5724d94229935e34c26df9bce576399b4da2212af05?s=96&d=mm&r=g","caption":"EurecatEM"}}]}},"_links":{"self":[{"href":"https:\/\/eurecat.org\/es\/wp-json\/wp\/v2\/posts\/110505","targetHints":{"allow":["GET"]}}],"collection":[{"href":"https:\/\/eurecat.org\/es\/wp-json\/wp\/v2\/posts"}],"about":[{"href":"https:\/\/eurecat.org\/es\/wp-json\/wp\/v2\/types\/post"}],"author":[{"embeddable":true,"href":"https:\/\/eurecat.org\/es\/wp-json\/wp\/v2\/users\/6"}],"replies":[{"embeddable":true,"href":"https:\/\/eurecat.org\/es\/wp-json\/wp\/v2\/comments?post=110505"}],"version-history":[{"count":0,"href":"https:\/\/eurecat.org\/es\/wp-json\/wp\/v2\/posts\/110505\/revisions"}],"wp:featuredmedia":[{"embeddable":true,"href":"https:\/\/eurecat.org\/es\/wp-json\/wp\/v2\/media\/110514"}],"wp:attachment":[{"href":"https:\/\/eurecat.org\/es\/wp-json\/wp\/v2\/media?parent=110505"}],"wp:term":[{"taxonomy":"category","embeddable":true,"href":"https:\/\/eurecat.org\/es\/wp-json\/wp\/v2\/categories?post=110505"},{"taxonomy":"post_tag","embeddable":true,"href":"https:\/\/eurecat.org\/es\/wp-json\/wp\/v2\/tags?post=110505"}],"curies":[{"name":"wp","href":"https:\/\/api.w.org\/{rel}","templated":true}]}}