{"id":110526,"date":"2021-02-12T11:36:55","date_gmt":"2021-02-12T10:36:55","guid":{"rendered":"https:\/\/eurecat.org\/?p=110526"},"modified":"2021-02-15T12:53:33","modified_gmt":"2021-02-15T12:53:33","slug":"ciudadania-digital-tiempos-pandemia-debate-congreso-competencias-digitales","status":"publish","type":"post","link":"https:\/\/eurecat.org\/es\/ciudadania-digital-tiempos-pandemia-debate-congreso-competencias-digitales\/","title":{"rendered":"La ciudadan\u00eda digital en tiempos de pandemia, a debate en el II Congreso de Competencias Digitales"},"content":{"rendered":"<p>La segunda edici\u00f3n del <strong><a href=\"https:\/\/actic.gencat.cat\/ca\/congres\/programa\/\" target=\"_blank\" rel=\"noopener\">Congreso de Competencias Digitales<\/a><\/strong>, que se celebrar\u00e1 en formato virtual el 18 de febrero bajo el t\u00edtulo \u201c<strong>Ciudadan\u00eda digital en tiempos de pandemia<\/strong>\u201d, reunir\u00e1 expertos para abordar las habilidades y competencias digitales necesarias en el contexto actual marcado por la Covid-19, que ha hecho que m\u00faltiples actividades e interacciones se hayan trasladado a entornos online.<\/p>\n<p>El congreso, organizado por el Departamento de Pol\u00edticas Digitales y Administraci\u00f3n P\u00fablica de la Generalitat de Catalunya, Barcelona Activa, agencia econ\u00f3mica y local del Ayuntamiento de Barcelona, \u200b\u200bla Universitat Oberta de Catalunya (UOC) y Blanquerna-Universitat Ramon Llull, con la colaboraci\u00f3n del centro tecnol\u00f3gico <a href=\"https:\/\/eurecat.org\/es\/\" target=\"_blank\" rel=\"noopener\">Eurecat<\/a> y de Mobile World Capital Barcelona, \u200b\u200bdebatir\u00e1 sobre aspectos claves en el desarrollo de una ciudadan\u00eda empoderada digitalmente: los marcos de referencia de las competencias digitales; la brecha digital y las desigualdades, y el bienestar y la seguridad digital.<\/p>\n<p>La vigente edici\u00f3n contar\u00e1 con la doctora en Sociolog\u00eda e investigadora del Instituto de Innovaci\u00f3n Social de ESADE, Liliana Arroyo, que profundizar\u00e1 en las competencias digitales de la ciudadan\u00eda en un entorno h\u00edbrido, y con los testimonios de personalidades relevantes del mundo digital, exponiendo su visi\u00f3n respecto a los aprendizajes que deja la crisis sanitaria y las estrategias a futuro que se deber\u00e1n abordar en el \u00e1mbito de las competencias digitales.<\/p>\n<p>Para abordar los marcos de referencia de las competencias digitales, participar\u00e1n la investigadora senior del Centro Com\u00fan de Investigaci\u00f3n, Unidad de Capital Humano y Empleo de la Comisi\u00f3n Europea, Clara Centeno; el jefe del Servicio de Inclusi\u00f3n y Capacitaci\u00f3n Digital de la Generalitat de Catalunya, Ricard Faura; la profesora asociada de los Estudios de Psicolog\u00eda y Ciencias de la Educaci\u00f3n de la UOC e investigadora del grupo de investigaci\u00f3n Edul@b, Teresa Romeu, y el profesor titular de Blanquerna-URL e investigador responsable de la l\u00ednea eduTIC del grupo de investigaci\u00f3n PSITIC de Blanquerna-URL, Miquel \u00c0ngel Prats.<\/p>\n<p>Por su parte, la t\u00e9cnica de investigaci\u00f3n de la Fundaci\u00f3 Ferrer i Gu\u00e0rdia, Sandra G\u00f3mez; el comisionado de Innovaci\u00f3n Digital, Administraci\u00f3n Electr\u00f3nica y Buen Gobierno, del Ayuntamiento de Barcelona, \u200b\u200bMichael Donaldson, y la senior Manager de Consultor\u00eda en KPMG, Marta Bricall, tratar\u00e1n sobre la brecha digital y las desigualdades.<\/p>\n<p>En el \u00e1mbito del bienestar y la seguridad digital, participar\u00e1n la impulsora de Learn to Check, Nereida Carrillo; el especialista en contenido educativo de Common Sense Education, Daniel Vargas; Davinia Ligero, del Consejo del Audiovisual de Catalu\u00f1a, y la Agencia Catalana de Ciberseguridad.<\/p>\n<p>El evento acoger\u00e1 durante la tarde la celebraci\u00f3n de talleres pr\u00e1cticos y recursos tecnol\u00f3gicos para liderar este cambio.<\/p>\n<p>Las inscripciones al congreso ya est\u00e1n abiertas y se pueden realizar <strong><a href=\"http:\/\/smartcatalonia.gencat.cat\/ca\/actualitat\/agenda\/inscripcio-al-congres-de-competencies-digitals\/\" target=\"_blank\" rel=\"noopener\">aqu\u00ed\u00a0<\/a><\/strong><\/p>\n","protected":false},"excerpt":{"rendered":"<p>La segunda edici\u00f3n del Congreso de Competencias Digitales, que se celebrar\u00e1 en formato virtual el 18 de febrero bajo el t\u00edtulo \u201cCiudadan\u00eda digital en tiempos de pandemia\u201d, reunir\u00e1 expertos para abordar las habilidades y competencias digitales necesarias en el contexto actual marcado por la Covid-19, que ha hecho que m\u00faltiples actividades e interacciones se hayan  [&#8230;]<\/p>\n","protected":false},"author":27,"featured_media":110519,"comment_status":"open","ping_status":"closed","sticky":false,"template":"","format":"standard","meta":{"footnotes":""},"categories":[702,134],"tags":[],"class_list":["post-110526","post","type-post","status-publish","format-standard","has-post-thumbnail","hentry","category-eventos","category-notas-de-prensa"],"yoast_head":"<!-- This site is optimized with the Yoast SEO plugin v27.5 - https:\/\/yoast.com\/product\/yoast-seo-wordpress\/ -->\n<title>La ciudadan\u00eda digital en tiempos de pandemia, a debate en el II Congreso de Competencias Digitales - Eurecat<\/title>\n<meta name=\"description\" content=\"La segunda edici\u00f3n del Congreso de Competencias Digitales se celebrar\u00e1 en formato virtual el 18 de febrero.\" \/>\n<meta name=\"robots\" content=\"index, follow, max-snippet:-1, max-image-preview:large, max-video-preview:-1\" \/>\n<link rel=\"canonical\" href=\"https:\/\/eurecat.org\/es\/ciudadania-digital-tiempos-pandemia-debate-congreso-competencias-digitales\/\" \/>\n<meta property=\"og:locale\" content=\"es_ES\" \/>\n<meta property=\"og:type\" content=\"article\" \/>\n<meta property=\"og:title\" content=\"La ciudadan\u00eda digital en tiempos de pandemia, a debate en el II Congreso de Competencias Digitales - Eurecat\" \/>\n<meta property=\"og:description\" content=\"La segunda edici\u00f3n del Congreso de Competencias Digitales se celebrar\u00e1 en formato virtual el 18 de febrero.\" \/>\n<meta property=\"og:url\" content=\"https:\/\/eurecat.org\/es\/ciudadania-digital-tiempos-pandemia-debate-congreso-competencias-digitales\/\" \/>\n<meta property=\"og:site_name\" content=\"Eurecat\" \/>\n<meta property=\"article:published_time\" content=\"2021-02-12T10:36:55+00:00\" \/>\n<meta property=\"article:modified_time\" content=\"2021-02-15T12:53:33+00:00\" \/>\n<meta property=\"og:image\" content=\"https:\/\/eurecat.org\/wp-content\/uploads\/2021\/02\/Eurecat-Congres-Competencies-Digitals_930x515px.jpg\" \/>\n\t<meta property=\"og:image:width\" content=\"750\" \/>\n\t<meta property=\"og:image:height\" content=\"400\" \/>\n\t<meta property=\"og:image:type\" content=\"image\/jpeg\" \/>\n<meta name=\"author\" content=\"eurecatNG\" \/>\n<meta name=\"twitter:card\" content=\"summary_large_image\" \/>\n<meta name=\"twitter:label1\" content=\"Escrito por\" \/>\n\t<meta name=\"twitter:data1\" content=\"eurecatNG\" \/>\n\t<meta name=\"twitter:label2\" content=\"Tiempo de lectura\" \/>\n\t<meta name=\"twitter:data2\" content=\"2 minutos\" \/>\n<script type=\"application\/ld+json\" class=\"yoast-schema-graph\">{\"@context\":\"https:\\\/\\\/schema.org\",\"@graph\":[{\"@type\":\"Article\",\"@id\":\"https:\\\/\\\/eurecat.org\\\/es\\\/ciudadania-digital-tiempos-pandemia-debate-congreso-competencias-digitales\\\/#article\",\"isPartOf\":{\"@id\":\"https:\\\/\\\/eurecat.org\\\/es\\\/ciudadania-digital-tiempos-pandemia-debate-congreso-competencias-digitales\\\/\"},\"author\":{\"name\":\"eurecatNG\",\"@id\":\"https:\\\/\\\/eurecat.org\\\/es\\\/#\\\/schema\\\/person\\\/8342992d6929ad043b305d3cac68b3f4\"},\"headline\":\"La ciudadan\u00eda digital en tiempos de pandemia, a debate en el II Congreso de Competencias Digitales\",\"datePublished\":\"2021-02-12T10:36:55+00:00\",\"dateModified\":\"2021-02-15T12:53:33+00:00\",\"mainEntityOfPage\":{\"@id\":\"https:\\\/\\\/eurecat.org\\\/es\\\/ciudadania-digital-tiempos-pandemia-debate-congreso-competencias-digitales\\\/\"},\"wordCount\":491,\"commentCount\":0,\"image\":{\"@id\":\"https:\\\/\\\/eurecat.org\\\/es\\\/ciudadania-digital-tiempos-pandemia-debate-congreso-competencias-digitales\\\/#primaryimage\"},\"thumbnailUrl\":\"https:\\\/\\\/eurecat.org\\\/wp-content\\\/uploads\\\/2021\\\/02\\\/Eurecat-Congres-Competencies-Digitals_930x515px.jpg\",\"articleSection\":[\"Eventos\",\"Notas de prensa\"],\"inLanguage\":\"es\",\"potentialAction\":[{\"@type\":\"CommentAction\",\"name\":\"Comment\",\"target\":[\"https:\\\/\\\/eurecat.org\\\/es\\\/ciudadania-digital-tiempos-pandemia-debate-congreso-competencias-digitales\\\/#respond\"]}]},{\"@type\":\"WebPage\",\"@id\":\"https:\\\/\\\/eurecat.org\\\/es\\\/ciudadania-digital-tiempos-pandemia-debate-congreso-competencias-digitales\\\/\",\"url\":\"https:\\\/\\\/eurecat.org\\\/es\\\/ciudadania-digital-tiempos-pandemia-debate-congreso-competencias-digitales\\\/\",\"name\":\"La ciudadan\u00eda digital en tiempos de pandemia, a debate en el II Congreso de Competencias Digitales - Eurecat\",\"isPartOf\":{\"@id\":\"https:\\\/\\\/eurecat.org\\\/es\\\/#website\"},\"primaryImageOfPage\":{\"@id\":\"https:\\\/\\\/eurecat.org\\\/es\\\/ciudadania-digital-tiempos-pandemia-debate-congreso-competencias-digitales\\\/#primaryimage\"},\"image\":{\"@id\":\"https:\\\/\\\/eurecat.org\\\/es\\\/ciudadania-digital-tiempos-pandemia-debate-congreso-competencias-digitales\\\/#primaryimage\"},\"thumbnailUrl\":\"https:\\\/\\\/eurecat.org\\\/wp-content\\\/uploads\\\/2021\\\/02\\\/Eurecat-Congres-Competencies-Digitals_930x515px.jpg\",\"datePublished\":\"2021-02-12T10:36:55+00:00\",\"dateModified\":\"2021-02-15T12:53:33+00:00\",\"author\":{\"@id\":\"https:\\\/\\\/eurecat.org\\\/es\\\/#\\\/schema\\\/person\\\/8342992d6929ad043b305d3cac68b3f4\"},\"description\":\"La segunda edici\u00f3n del Congreso de Competencias Digitales se celebrar\u00e1 en formato virtual el 18 de febrero.\",\"breadcrumb\":{\"@id\":\"https:\\\/\\\/eurecat.org\\\/es\\\/ciudadania-digital-tiempos-pandemia-debate-congreso-competencias-digitales\\\/#breadcrumb\"},\"inLanguage\":\"es\",\"potentialAction\":[{\"@type\":\"ReadAction\",\"target\":[\"https:\\\/\\\/eurecat.org\\\/es\\\/ciudadania-digital-tiempos-pandemia-debate-congreso-competencias-digitales\\\/\"]}]},{\"@type\":\"ImageObject\",\"inLanguage\":\"es\",\"@id\":\"https:\\\/\\\/eurecat.org\\\/es\\\/ciudadania-digital-tiempos-pandemia-debate-congreso-competencias-digitales\\\/#primaryimage\",\"url\":\"https:\\\/\\\/eurecat.org\\\/wp-content\\\/uploads\\\/2021\\\/02\\\/Eurecat-Congres-Competencies-Digitals_930x515px.jpg\",\"contentUrl\":\"https:\\\/\\\/eurecat.org\\\/wp-content\\\/uploads\\\/2021\\\/02\\\/Eurecat-Congres-Competencies-Digitals_930x515px.jpg\",\"width\":750,\"height\":400,\"caption\":\"eurecat congr\u00e9s compet\u00e8ncies digitals\"},{\"@type\":\"BreadcrumbList\",\"@id\":\"https:\\\/\\\/eurecat.org\\\/es\\\/ciudadania-digital-tiempos-pandemia-debate-congreso-competencias-digitales\\\/#breadcrumb\",\"itemListElement\":[{\"@type\":\"ListItem\",\"position\":1,\"name\":\"Inici\",\"item\":\"https:\\\/\\\/eurecat.org\\\/es\\\/\"},{\"@type\":\"ListItem\",\"position\":2,\"name\":\"La ciudadan\u00eda digital en tiempos de pandemia, a debate en el II Congreso de Competencias Digitales\"}]},{\"@type\":\"WebSite\",\"@id\":\"https:\\\/\\\/eurecat.org\\\/es\\\/#website\",\"url\":\"https:\\\/\\\/eurecat.org\\\/es\\\/\",\"name\":\"Eurecat\",\"description\":\"Otro sitio realizado con WordPress\",\"potentialAction\":[{\"@type\":\"SearchAction\",\"target\":{\"@type\":\"EntryPoint\",\"urlTemplate\":\"https:\\\/\\\/eurecat.org\\\/es\\\/?s={search_term_string}\"},\"query-input\":{\"@type\":\"PropertyValueSpecification\",\"valueRequired\":true,\"valueName\":\"search_term_string\"}}],\"inLanguage\":\"es\"},{\"@type\":\"Person\",\"@id\":\"https:\\\/\\\/eurecat.org\\\/es\\\/#\\\/schema\\\/person\\\/8342992d6929ad043b305d3cac68b3f4\",\"name\":\"eurecatNG\",\"image\":{\"@type\":\"ImageObject\",\"inLanguage\":\"es\",\"@id\":\"https:\\\/\\\/secure.gravatar.com\\\/avatar\\\/63200cb70ae4f15a0f673050f36df149dba802bea7614e8f838aaccfcf8ea11d?s=96&d=mm&r=g\",\"url\":\"https:\\\/\\\/secure.gravatar.com\\\/avatar\\\/63200cb70ae4f15a0f673050f36df149dba802bea7614e8f838aaccfcf8ea11d?s=96&d=mm&r=g\",\"contentUrl\":\"https:\\\/\\\/secure.gravatar.com\\\/avatar\\\/63200cb70ae4f15a0f673050f36df149dba802bea7614e8f838aaccfcf8ea11d?s=96&d=mm&r=g\",\"caption\":\"eurecatNG\"}}]}<\/script>\n<!-- \/ Yoast SEO plugin. -->","yoast_head_json":{"title":"La ciudadan\u00eda digital en tiempos de pandemia, a debate en el II Congreso de Competencias Digitales - Eurecat","description":"La segunda edici\u00f3n del Congreso de Competencias Digitales se celebrar\u00e1 en formato virtual el 18 de febrero.","robots":{"index":"index","follow":"follow","max-snippet":"max-snippet:-1","max-image-preview":"max-image-preview:large","max-video-preview":"max-video-preview:-1"},"canonical":"https:\/\/eurecat.org\/es\/ciudadania-digital-tiempos-pandemia-debate-congreso-competencias-digitales\/","og_locale":"es_ES","og_type":"article","og_title":"La ciudadan\u00eda digital en tiempos de pandemia, a debate en el II Congreso de Competencias Digitales - Eurecat","og_description":"La segunda edici\u00f3n del Congreso de Competencias Digitales se celebrar\u00e1 en formato virtual el 18 de febrero.","og_url":"https:\/\/eurecat.org\/es\/ciudadania-digital-tiempos-pandemia-debate-congreso-competencias-digitales\/","og_site_name":"Eurecat","article_published_time":"2021-02-12T10:36:55+00:00","article_modified_time":"2021-02-15T12:53:33+00:00","og_image":[{"width":750,"height":400,"url":"https:\/\/eurecat.org\/wp-content\/uploads\/2021\/02\/Eurecat-Congres-Competencies-Digitals_930x515px.jpg","type":"image\/jpeg"}],"author":"eurecatNG","twitter_card":"summary_large_image","twitter_misc":{"Escrito por":"eurecatNG","Tiempo de lectura":"2 minutos"},"schema":{"@context":"https:\/\/schema.org","@graph":[{"@type":"Article","@id":"https:\/\/eurecat.org\/es\/ciudadania-digital-tiempos-pandemia-debate-congreso-competencias-digitales\/#article","isPartOf":{"@id":"https:\/\/eurecat.org\/es\/ciudadania-digital-tiempos-pandemia-debate-congreso-competencias-digitales\/"},"author":{"name":"eurecatNG","@id":"https:\/\/eurecat.org\/es\/#\/schema\/person\/8342992d6929ad043b305d3cac68b3f4"},"headline":"La ciudadan\u00eda digital en tiempos de pandemia, a debate en el II Congreso de Competencias Digitales","datePublished":"2021-02-12T10:36:55+00:00","dateModified":"2021-02-15T12:53:33+00:00","mainEntityOfPage":{"@id":"https:\/\/eurecat.org\/es\/ciudadania-digital-tiempos-pandemia-debate-congreso-competencias-digitales\/"},"wordCount":491,"commentCount":0,"image":{"@id":"https:\/\/eurecat.org\/es\/ciudadania-digital-tiempos-pandemia-debate-congreso-competencias-digitales\/#primaryimage"},"thumbnailUrl":"https:\/\/eurecat.org\/wp-content\/uploads\/2021\/02\/Eurecat-Congres-Competencies-Digitals_930x515px.jpg","articleSection":["Eventos","Notas de prensa"],"inLanguage":"es","potentialAction":[{"@type":"CommentAction","name":"Comment","target":["https:\/\/eurecat.org\/es\/ciudadania-digital-tiempos-pandemia-debate-congreso-competencias-digitales\/#respond"]}]},{"@type":"WebPage","@id":"https:\/\/eurecat.org\/es\/ciudadania-digital-tiempos-pandemia-debate-congreso-competencias-digitales\/","url":"https:\/\/eurecat.org\/es\/ciudadania-digital-tiempos-pandemia-debate-congreso-competencias-digitales\/","name":"La ciudadan\u00eda digital en tiempos de pandemia, a debate en el II Congreso de Competencias Digitales - Eurecat","isPartOf":{"@id":"https:\/\/eurecat.org\/es\/#website"},"primaryImageOfPage":{"@id":"https:\/\/eurecat.org\/es\/ciudadania-digital-tiempos-pandemia-debate-congreso-competencias-digitales\/#primaryimage"},"image":{"@id":"https:\/\/eurecat.org\/es\/ciudadania-digital-tiempos-pandemia-debate-congreso-competencias-digitales\/#primaryimage"},"thumbnailUrl":"https:\/\/eurecat.org\/wp-content\/uploads\/2021\/02\/Eurecat-Congres-Competencies-Digitals_930x515px.jpg","datePublished":"2021-02-12T10:36:55+00:00","dateModified":"2021-02-15T12:53:33+00:00","author":{"@id":"https:\/\/eurecat.org\/es\/#\/schema\/person\/8342992d6929ad043b305d3cac68b3f4"},"description":"La segunda edici\u00f3n del Congreso de Competencias Digitales se celebrar\u00e1 en formato virtual el 18 de febrero.","breadcrumb":{"@id":"https:\/\/eurecat.org\/es\/ciudadania-digital-tiempos-pandemia-debate-congreso-competencias-digitales\/#breadcrumb"},"inLanguage":"es","potentialAction":[{"@type":"ReadAction","target":["https:\/\/eurecat.org\/es\/ciudadania-digital-tiempos-pandemia-debate-congreso-competencias-digitales\/"]}]},{"@type":"ImageObject","inLanguage":"es","@id":"https:\/\/eurecat.org\/es\/ciudadania-digital-tiempos-pandemia-debate-congreso-competencias-digitales\/#primaryimage","url":"https:\/\/eurecat.org\/wp-content\/uploads\/2021\/02\/Eurecat-Congres-Competencies-Digitals_930x515px.jpg","contentUrl":"https:\/\/eurecat.org\/wp-content\/uploads\/2021\/02\/Eurecat-Congres-Competencies-Digitals_930x515px.jpg","width":750,"height":400,"caption":"eurecat congr\u00e9s compet\u00e8ncies digitals"},{"@type":"BreadcrumbList","@id":"https:\/\/eurecat.org\/es\/ciudadania-digital-tiempos-pandemia-debate-congreso-competencias-digitales\/#breadcrumb","itemListElement":[{"@type":"ListItem","position":1,"name":"Inici","item":"https:\/\/eurecat.org\/es\/"},{"@type":"ListItem","position":2,"name":"La ciudadan\u00eda digital en tiempos de pandemia, a debate en el II Congreso de Competencias Digitales"}]},{"@type":"WebSite","@id":"https:\/\/eurecat.org\/es\/#website","url":"https:\/\/eurecat.org\/es\/","name":"Eurecat","description":"Otro sitio realizado con WordPress","potentialAction":[{"@type":"SearchAction","target":{"@type":"EntryPoint","urlTemplate":"https:\/\/eurecat.org\/es\/?s={search_term_string}"},"query-input":{"@type":"PropertyValueSpecification","valueRequired":true,"valueName":"search_term_string"}}],"inLanguage":"es"},{"@type":"Person","@id":"https:\/\/eurecat.org\/es\/#\/schema\/person\/8342992d6929ad043b305d3cac68b3f4","name":"eurecatNG","image":{"@type":"ImageObject","inLanguage":"es","@id":"https:\/\/secure.gravatar.com\/avatar\/63200cb70ae4f15a0f673050f36df149dba802bea7614e8f838aaccfcf8ea11d?s=96&d=mm&r=g","url":"https:\/\/secure.gravatar.com\/avatar\/63200cb70ae4f15a0f673050f36df149dba802bea7614e8f838aaccfcf8ea11d?s=96&d=mm&r=g","contentUrl":"https:\/\/secure.gravatar.com\/avatar\/63200cb70ae4f15a0f673050f36df149dba802bea7614e8f838aaccfcf8ea11d?s=96&d=mm&r=g","caption":"eurecatNG"}}]}},"_links":{"self":[{"href":"https:\/\/eurecat.org\/es\/wp-json\/wp\/v2\/posts\/110526","targetHints":{"allow":["GET"]}}],"collection":[{"href":"https:\/\/eurecat.org\/es\/wp-json\/wp\/v2\/posts"}],"about":[{"href":"https:\/\/eurecat.org\/es\/wp-json\/wp\/v2\/types\/post"}],"author":[{"embeddable":true,"href":"https:\/\/eurecat.org\/es\/wp-json\/wp\/v2\/users\/27"}],"replies":[{"embeddable":true,"href":"https:\/\/eurecat.org\/es\/wp-json\/wp\/v2\/comments?post=110526"}],"version-history":[{"count":0,"href":"https:\/\/eurecat.org\/es\/wp-json\/wp\/v2\/posts\/110526\/revisions"}],"wp:featuredmedia":[{"embeddable":true,"href":"https:\/\/eurecat.org\/es\/wp-json\/wp\/v2\/media\/110519"}],"wp:attachment":[{"href":"https:\/\/eurecat.org\/es\/wp-json\/wp\/v2\/media?parent=110526"}],"wp:term":[{"taxonomy":"category","embeddable":true,"href":"https:\/\/eurecat.org\/es\/wp-json\/wp\/v2\/categories?post=110526"},{"taxonomy":"post_tag","embeddable":true,"href":"https:\/\/eurecat.org\/es\/wp-json\/wp\/v2\/tags?post=110526"}],"curies":[{"name":"wp","href":"https:\/\/api.w.org\/{rel}","templated":true}]}}