{"id":110608,"date":"2021-02-17T15:11:41","date_gmt":"2021-02-17T14:11:41","guid":{"rendered":"https:\/\/eurecat.org\/?p=110608"},"modified":"2021-02-18T09:40:27","modified_gmt":"2021-02-18T09:40:27","slug":"eurecat-participa-proyecto-reducira-uso-cobre-vinedos-y-impacto-ambiental","status":"publish","type":"post","link":"https:\/\/eurecat.org\/es\/eurecat-participa-proyecto-reducira-uso-cobre-vinedos-y-impacto-ambiental\/","title":{"rendered":"Eurecat participa en un proyecto que reducir\u00e1 el uso del cobre en vi\u00f1edos y su impacto ambiental"},"content":{"rendered":"<p>El centro tecnol\u00f3gico <strong><a href=\"https:\/\/eurecat.org\/es\/\" target=\"_blank\" rel=\"noopener\">Eurecat<\/a><\/strong> participa en el proyecto <strong><a href=\"http:\/\/coppereplace.com\/\" target=\"_blank\" rel=\"noopener\">Coppereplace<\/a><\/strong> que tiene por objetivo reducir la aplicaci\u00f3n de cobre en vi\u00f1edos y <strong>remediar suelos contaminados<\/strong> en diferentes \u00e1reas de la Europa suroccidental, mediante soluciones integradas, sostenibles y alineadas con m\u00e9todos de producci\u00f3n respetuosos con el medio ambiente.<\/p>\n<p>En concreto, Eurecat \u201cdesarrollar\u00e1 una<strong> tecnolog\u00eda de encapsulaci\u00f3n<\/strong> de nuevos productos fitosanitarios\u201d, dirigidos a prevenir enfermedades en el sector de la viticultura org\u00e1nica y convencional, explica el director de la Unidad de Tecnolog\u00eda Qu\u00edmica del centro tecnol\u00f3gico, Ricard Garcia Valls.<\/p>\n<p>El uso de los nuevos productos fitosanitarios \u201cpermitir\u00e1 reducir la cantidad de cobre utilizada sin generar micropl\u00e1sticos\u201d, detalla el promotor de la Unidad de Tecnolog\u00eda Qu\u00edmica de Eurecat, Josep M. Montorn\u00e9s.<\/p>\n<p>Adem\u00e1s, Coppereplace crear\u00e1 una red de stakeholders que incorporar\u00e1 a viticultores y otros representantes del panorama vitivin\u00edcola internacional, con el fin de involucrar a todos los agentes interesados en el proyecto para que puedan aportar su conocimiento y experiencia.<\/p>\n<p>El proyecto, que se inici\u00f3 en 2020 y est\u00e1 previsto que finalice en 2023, tiene un presupuesto superior a 1,6 millones de euros y ha recibido m\u00e1s de 1 mill\u00f3n de euros de financiaci\u00f3n por parte del Programa de Cooperaci\u00f3n Territorial Europa Suroccidental (Interreg Sudoe).<\/p>\n<p>El proyecto, liderado por la Plataforma Tecnol\u00f3gica del Vino, cuenta con un consorcio internacional formado por la Associa\u00e7ao para o Desenvolvimento da Viticultura Duriense (ADVID), Institut Fran\u00e7ais de la Vigne et du Vin (IFV), Sogrape Vinhos, Centro de Valorizaci\u00f3n Ambiental del Norte (CVAN), Universitat Polit\u00e8cnica de Catalunya (UPC-UMA), Vignerons Bio Nouvelle Aquitaine (SVBNA), Eurecat, Familia Torres, Universidade do Porto (GreenUPorto), Universidad de Vigo, LBS (G\u00e9rard Bertrand) y Jean Leon. Adem\u00e1s, el consorcio cuenta con el apoyo de la consultora Artica Ingenier\u00eda e Innovaci\u00f3n (artica+i), que ejerce como oficina t\u00e9cnica del proyecto prestando apoyo en la fase de dise\u00f1o y definici\u00f3n de la propuesta, as\u00ed como en el seguimiento y justificaci\u00f3n t\u00e9cnico-econ\u00f3mica de Coppereplace.<\/p>\n","protected":false},"excerpt":{"rendered":"<p>El centro tecnol\u00f3gico Eurecat participa en el proyecto Coppereplace que tiene por objetivo reducir la aplicaci\u00f3n de cobre en vi\u00f1edos y remediar suelos contaminados en diferentes \u00e1reas de la Europa suroccidental, mediante soluciones integradas, sostenibles y alineadas con m\u00e9todos de producci\u00f3n respetuosos con el medio ambiente. En concreto, Eurecat \u201cdesarrollar\u00e1 una tecnolog\u00eda de encapsulaci\u00f3n de  [&#8230;]<\/p>\n","protected":false},"author":27,"featured_media":110602,"comment_status":"open","ping_status":"closed","sticky":false,"template":"","format":"standard","meta":{"footnotes":""},"categories":[134,1759],"tags":[],"class_list":["post-110608","post","type-post","status-publish","format-standard","has-post-thumbnail","hentry","category-notas-de-prensa","category-quimica-es"],"yoast_head":"<!-- This site is optimized with the Yoast SEO plugin v27.4 - https:\/\/yoast.com\/product\/yoast-seo-wordpress\/ -->\n<title>Eurecat participa en un proyecto que reducir\u00e1 el uso del cobre en vi\u00f1edos y su impacto ambiental - Eurecat<\/title>\n<meta name=\"description\" content=\"El centro tecnol\u00f3gico Eurecat participa en un proyecto que reducir\u00e1 el uso del cobre en vi\u00f1edos y su impacto ambiental.\" \/>\n<meta name=\"robots\" content=\"index, follow, max-snippet:-1, max-image-preview:large, max-video-preview:-1\" \/>\n<link rel=\"canonical\" href=\"https:\/\/eurecat.org\/es\/eurecat-participa-proyecto-reducira-uso-cobre-vinedos-y-impacto-ambiental\/\" \/>\n<meta property=\"og:locale\" content=\"es_ES\" \/>\n<meta property=\"og:type\" content=\"article\" \/>\n<meta property=\"og:title\" content=\"Eurecat participa en un proyecto que reducir\u00e1 el uso del cobre en vi\u00f1edos y su impacto ambiental - Eurecat\" \/>\n<meta property=\"og:description\" content=\"El centro tecnol\u00f3gico Eurecat participa en un proyecto que reducir\u00e1 el uso del cobre en vi\u00f1edos y su impacto ambiental.\" \/>\n<meta property=\"og:url\" content=\"https:\/\/eurecat.org\/es\/eurecat-participa-proyecto-reducira-uso-cobre-vinedos-y-impacto-ambiental\/\" \/>\n<meta property=\"og:site_name\" content=\"Eurecat\" \/>\n<meta property=\"article:published_time\" content=\"2021-02-17T14:11:41+00:00\" \/>\n<meta property=\"article:modified_time\" content=\"2021-02-18T09:40:27+00:00\" \/>\n<meta property=\"og:image\" content=\"https:\/\/eurecat.org\/wp-content\/uploads\/2021\/02\/Eurecat-Coppereplace_930x515px.jpg\" \/>\n\t<meta property=\"og:image:width\" content=\"930\" \/>\n\t<meta property=\"og:image:height\" content=\"515\" \/>\n\t<meta property=\"og:image:type\" content=\"image\/jpeg\" \/>\n<meta name=\"author\" content=\"eurecatNG\" \/>\n<meta name=\"twitter:card\" content=\"summary_large_image\" \/>\n<meta name=\"twitter:label1\" content=\"Escrito por\" \/>\n\t<meta name=\"twitter:data1\" content=\"eurecatNG\" \/>\n\t<meta name=\"twitter:label2\" content=\"Tiempo de lectura\" \/>\n\t<meta name=\"twitter:data2\" content=\"2 minutos\" \/>\n<script type=\"application\/ld+json\" class=\"yoast-schema-graph\">{\"@context\":\"https:\\\/\\\/schema.org\",\"@graph\":[{\"@type\":\"Article\",\"@id\":\"https:\\\/\\\/eurecat.org\\\/es\\\/eurecat-participa-proyecto-reducira-uso-cobre-vinedos-y-impacto-ambiental\\\/#article\",\"isPartOf\":{\"@id\":\"https:\\\/\\\/eurecat.org\\\/es\\\/eurecat-participa-proyecto-reducira-uso-cobre-vinedos-y-impacto-ambiental\\\/\"},\"author\":{\"name\":\"eurecatNG\",\"@id\":\"https:\\\/\\\/eurecat.org\\\/es\\\/#\\\/schema\\\/person\\\/8342992d6929ad043b305d3cac68b3f4\"},\"headline\":\"Eurecat participa en un proyecto que reducir\u00e1 el uso del cobre en vi\u00f1edos y su impacto ambiental\",\"datePublished\":\"2021-02-17T14:11:41+00:00\",\"dateModified\":\"2021-02-18T09:40:27+00:00\",\"mainEntityOfPage\":{\"@id\":\"https:\\\/\\\/eurecat.org\\\/es\\\/eurecat-participa-proyecto-reducira-uso-cobre-vinedos-y-impacto-ambiental\\\/\"},\"wordCount\":365,\"commentCount\":0,\"image\":{\"@id\":\"https:\\\/\\\/eurecat.org\\\/es\\\/eurecat-participa-proyecto-reducira-uso-cobre-vinedos-y-impacto-ambiental\\\/#primaryimage\"},\"thumbnailUrl\":\"https:\\\/\\\/eurecat.org\\\/wp-content\\\/uploads\\\/2021\\\/02\\\/Eurecat-Coppereplace_930x515px.jpg\",\"articleSection\":[\"Notas de prensa\",\"Qu\u00edmica\"],\"inLanguage\":\"es\",\"potentialAction\":[{\"@type\":\"CommentAction\",\"name\":\"Comment\",\"target\":[\"https:\\\/\\\/eurecat.org\\\/es\\\/eurecat-participa-proyecto-reducira-uso-cobre-vinedos-y-impacto-ambiental\\\/#respond\"]}]},{\"@type\":\"WebPage\",\"@id\":\"https:\\\/\\\/eurecat.org\\\/es\\\/eurecat-participa-proyecto-reducira-uso-cobre-vinedos-y-impacto-ambiental\\\/\",\"url\":\"https:\\\/\\\/eurecat.org\\\/es\\\/eurecat-participa-proyecto-reducira-uso-cobre-vinedos-y-impacto-ambiental\\\/\",\"name\":\"Eurecat participa en un proyecto que reducir\u00e1 el uso del cobre en vi\u00f1edos y su impacto ambiental - Eurecat\",\"isPartOf\":{\"@id\":\"https:\\\/\\\/eurecat.org\\\/es\\\/#website\"},\"primaryImageOfPage\":{\"@id\":\"https:\\\/\\\/eurecat.org\\\/es\\\/eurecat-participa-proyecto-reducira-uso-cobre-vinedos-y-impacto-ambiental\\\/#primaryimage\"},\"image\":{\"@id\":\"https:\\\/\\\/eurecat.org\\\/es\\\/eurecat-participa-proyecto-reducira-uso-cobre-vinedos-y-impacto-ambiental\\\/#primaryimage\"},\"thumbnailUrl\":\"https:\\\/\\\/eurecat.org\\\/wp-content\\\/uploads\\\/2021\\\/02\\\/Eurecat-Coppereplace_930x515px.jpg\",\"datePublished\":\"2021-02-17T14:11:41+00:00\",\"dateModified\":\"2021-02-18T09:40:27+00:00\",\"author\":{\"@id\":\"https:\\\/\\\/eurecat.org\\\/es\\\/#\\\/schema\\\/person\\\/8342992d6929ad043b305d3cac68b3f4\"},\"description\":\"El centro tecnol\u00f3gico Eurecat participa en un proyecto que reducir\u00e1 el uso del cobre en vi\u00f1edos y su impacto ambiental.\",\"breadcrumb\":{\"@id\":\"https:\\\/\\\/eurecat.org\\\/es\\\/eurecat-participa-proyecto-reducira-uso-cobre-vinedos-y-impacto-ambiental\\\/#breadcrumb\"},\"inLanguage\":\"es\",\"potentialAction\":[{\"@type\":\"ReadAction\",\"target\":[\"https:\\\/\\\/eurecat.org\\\/es\\\/eurecat-participa-proyecto-reducira-uso-cobre-vinedos-y-impacto-ambiental\\\/\"]}]},{\"@type\":\"ImageObject\",\"inLanguage\":\"es\",\"@id\":\"https:\\\/\\\/eurecat.org\\\/es\\\/eurecat-participa-proyecto-reducira-uso-cobre-vinedos-y-impacto-ambiental\\\/#primaryimage\",\"url\":\"https:\\\/\\\/eurecat.org\\\/wp-content\\\/uploads\\\/2021\\\/02\\\/Eurecat-Coppereplace_930x515px.jpg\",\"contentUrl\":\"https:\\\/\\\/eurecat.org\\\/wp-content\\\/uploads\\\/2021\\\/02\\\/Eurecat-Coppereplace_930x515px.jpg\",\"width\":930,\"height\":515,\"caption\":\"eurecat Coppereplace\"},{\"@type\":\"BreadcrumbList\",\"@id\":\"https:\\\/\\\/eurecat.org\\\/es\\\/eurecat-participa-proyecto-reducira-uso-cobre-vinedos-y-impacto-ambiental\\\/#breadcrumb\",\"itemListElement\":[{\"@type\":\"ListItem\",\"position\":1,\"name\":\"Inici\",\"item\":\"https:\\\/\\\/eurecat.org\\\/es\\\/\"},{\"@type\":\"ListItem\",\"position\":2,\"name\":\"Eurecat participa en un proyecto que reducir\u00e1 el uso del cobre en vi\u00f1edos y su impacto ambiental\"}]},{\"@type\":\"WebSite\",\"@id\":\"https:\\\/\\\/eurecat.org\\\/es\\\/#website\",\"url\":\"https:\\\/\\\/eurecat.org\\\/es\\\/\",\"name\":\"Eurecat\",\"description\":\"Otro sitio realizado con WordPress\",\"potentialAction\":[{\"@type\":\"SearchAction\",\"target\":{\"@type\":\"EntryPoint\",\"urlTemplate\":\"https:\\\/\\\/eurecat.org\\\/es\\\/?s={search_term_string}\"},\"query-input\":{\"@type\":\"PropertyValueSpecification\",\"valueRequired\":true,\"valueName\":\"search_term_string\"}}],\"inLanguage\":\"es\"},{\"@type\":\"Person\",\"@id\":\"https:\\\/\\\/eurecat.org\\\/es\\\/#\\\/schema\\\/person\\\/8342992d6929ad043b305d3cac68b3f4\",\"name\":\"eurecatNG\",\"image\":{\"@type\":\"ImageObject\",\"inLanguage\":\"es\",\"@id\":\"https:\\\/\\\/secure.gravatar.com\\\/avatar\\\/63200cb70ae4f15a0f673050f36df149dba802bea7614e8f838aaccfcf8ea11d?s=96&d=mm&r=g\",\"url\":\"https:\\\/\\\/secure.gravatar.com\\\/avatar\\\/63200cb70ae4f15a0f673050f36df149dba802bea7614e8f838aaccfcf8ea11d?s=96&d=mm&r=g\",\"contentUrl\":\"https:\\\/\\\/secure.gravatar.com\\\/avatar\\\/63200cb70ae4f15a0f673050f36df149dba802bea7614e8f838aaccfcf8ea11d?s=96&d=mm&r=g\",\"caption\":\"eurecatNG\"}}]}<\/script>\n<!-- \/ Yoast SEO plugin. -->","yoast_head_json":{"title":"Eurecat participa en un proyecto que reducir\u00e1 el uso del cobre en vi\u00f1edos y su impacto ambiental - Eurecat","description":"El centro tecnol\u00f3gico Eurecat participa en un proyecto que reducir\u00e1 el uso del cobre en vi\u00f1edos y su impacto ambiental.","robots":{"index":"index","follow":"follow","max-snippet":"max-snippet:-1","max-image-preview":"max-image-preview:large","max-video-preview":"max-video-preview:-1"},"canonical":"https:\/\/eurecat.org\/es\/eurecat-participa-proyecto-reducira-uso-cobre-vinedos-y-impacto-ambiental\/","og_locale":"es_ES","og_type":"article","og_title":"Eurecat participa en un proyecto que reducir\u00e1 el uso del cobre en vi\u00f1edos y su impacto ambiental - Eurecat","og_description":"El centro tecnol\u00f3gico Eurecat participa en un proyecto que reducir\u00e1 el uso del cobre en vi\u00f1edos y su impacto ambiental.","og_url":"https:\/\/eurecat.org\/es\/eurecat-participa-proyecto-reducira-uso-cobre-vinedos-y-impacto-ambiental\/","og_site_name":"Eurecat","article_published_time":"2021-02-17T14:11:41+00:00","article_modified_time":"2021-02-18T09:40:27+00:00","og_image":[{"width":930,"height":515,"url":"https:\/\/eurecat.org\/wp-content\/uploads\/2021\/02\/Eurecat-Coppereplace_930x515px.jpg","type":"image\/jpeg"}],"author":"eurecatNG","twitter_card":"summary_large_image","twitter_misc":{"Escrito por":"eurecatNG","Tiempo de lectura":"2 minutos"},"schema":{"@context":"https:\/\/schema.org","@graph":[{"@type":"Article","@id":"https:\/\/eurecat.org\/es\/eurecat-participa-proyecto-reducira-uso-cobre-vinedos-y-impacto-ambiental\/#article","isPartOf":{"@id":"https:\/\/eurecat.org\/es\/eurecat-participa-proyecto-reducira-uso-cobre-vinedos-y-impacto-ambiental\/"},"author":{"name":"eurecatNG","@id":"https:\/\/eurecat.org\/es\/#\/schema\/person\/8342992d6929ad043b305d3cac68b3f4"},"headline":"Eurecat participa en un proyecto que reducir\u00e1 el uso del cobre en vi\u00f1edos y su impacto ambiental","datePublished":"2021-02-17T14:11:41+00:00","dateModified":"2021-02-18T09:40:27+00:00","mainEntityOfPage":{"@id":"https:\/\/eurecat.org\/es\/eurecat-participa-proyecto-reducira-uso-cobre-vinedos-y-impacto-ambiental\/"},"wordCount":365,"commentCount":0,"image":{"@id":"https:\/\/eurecat.org\/es\/eurecat-participa-proyecto-reducira-uso-cobre-vinedos-y-impacto-ambiental\/#primaryimage"},"thumbnailUrl":"https:\/\/eurecat.org\/wp-content\/uploads\/2021\/02\/Eurecat-Coppereplace_930x515px.jpg","articleSection":["Notas de prensa","Qu\u00edmica"],"inLanguage":"es","potentialAction":[{"@type":"CommentAction","name":"Comment","target":["https:\/\/eurecat.org\/es\/eurecat-participa-proyecto-reducira-uso-cobre-vinedos-y-impacto-ambiental\/#respond"]}]},{"@type":"WebPage","@id":"https:\/\/eurecat.org\/es\/eurecat-participa-proyecto-reducira-uso-cobre-vinedos-y-impacto-ambiental\/","url":"https:\/\/eurecat.org\/es\/eurecat-participa-proyecto-reducira-uso-cobre-vinedos-y-impacto-ambiental\/","name":"Eurecat participa en un proyecto que reducir\u00e1 el uso del cobre en vi\u00f1edos y su impacto ambiental - Eurecat","isPartOf":{"@id":"https:\/\/eurecat.org\/es\/#website"},"primaryImageOfPage":{"@id":"https:\/\/eurecat.org\/es\/eurecat-participa-proyecto-reducira-uso-cobre-vinedos-y-impacto-ambiental\/#primaryimage"},"image":{"@id":"https:\/\/eurecat.org\/es\/eurecat-participa-proyecto-reducira-uso-cobre-vinedos-y-impacto-ambiental\/#primaryimage"},"thumbnailUrl":"https:\/\/eurecat.org\/wp-content\/uploads\/2021\/02\/Eurecat-Coppereplace_930x515px.jpg","datePublished":"2021-02-17T14:11:41+00:00","dateModified":"2021-02-18T09:40:27+00:00","author":{"@id":"https:\/\/eurecat.org\/es\/#\/schema\/person\/8342992d6929ad043b305d3cac68b3f4"},"description":"El centro tecnol\u00f3gico Eurecat participa en un proyecto que reducir\u00e1 el uso del cobre en vi\u00f1edos y su impacto ambiental.","breadcrumb":{"@id":"https:\/\/eurecat.org\/es\/eurecat-participa-proyecto-reducira-uso-cobre-vinedos-y-impacto-ambiental\/#breadcrumb"},"inLanguage":"es","potentialAction":[{"@type":"ReadAction","target":["https:\/\/eurecat.org\/es\/eurecat-participa-proyecto-reducira-uso-cobre-vinedos-y-impacto-ambiental\/"]}]},{"@type":"ImageObject","inLanguage":"es","@id":"https:\/\/eurecat.org\/es\/eurecat-participa-proyecto-reducira-uso-cobre-vinedos-y-impacto-ambiental\/#primaryimage","url":"https:\/\/eurecat.org\/wp-content\/uploads\/2021\/02\/Eurecat-Coppereplace_930x515px.jpg","contentUrl":"https:\/\/eurecat.org\/wp-content\/uploads\/2021\/02\/Eurecat-Coppereplace_930x515px.jpg","width":930,"height":515,"caption":"eurecat Coppereplace"},{"@type":"BreadcrumbList","@id":"https:\/\/eurecat.org\/es\/eurecat-participa-proyecto-reducira-uso-cobre-vinedos-y-impacto-ambiental\/#breadcrumb","itemListElement":[{"@type":"ListItem","position":1,"name":"Inici","item":"https:\/\/eurecat.org\/es\/"},{"@type":"ListItem","position":2,"name":"Eurecat participa en un proyecto que reducir\u00e1 el uso del cobre en vi\u00f1edos y su impacto ambiental"}]},{"@type":"WebSite","@id":"https:\/\/eurecat.org\/es\/#website","url":"https:\/\/eurecat.org\/es\/","name":"Eurecat","description":"Otro sitio realizado con WordPress","potentialAction":[{"@type":"SearchAction","target":{"@type":"EntryPoint","urlTemplate":"https:\/\/eurecat.org\/es\/?s={search_term_string}"},"query-input":{"@type":"PropertyValueSpecification","valueRequired":true,"valueName":"search_term_string"}}],"inLanguage":"es"},{"@type":"Person","@id":"https:\/\/eurecat.org\/es\/#\/schema\/person\/8342992d6929ad043b305d3cac68b3f4","name":"eurecatNG","image":{"@type":"ImageObject","inLanguage":"es","@id":"https:\/\/secure.gravatar.com\/avatar\/63200cb70ae4f15a0f673050f36df149dba802bea7614e8f838aaccfcf8ea11d?s=96&d=mm&r=g","url":"https:\/\/secure.gravatar.com\/avatar\/63200cb70ae4f15a0f673050f36df149dba802bea7614e8f838aaccfcf8ea11d?s=96&d=mm&r=g","contentUrl":"https:\/\/secure.gravatar.com\/avatar\/63200cb70ae4f15a0f673050f36df149dba802bea7614e8f838aaccfcf8ea11d?s=96&d=mm&r=g","caption":"eurecatNG"}}]}},"_links":{"self":[{"href":"https:\/\/eurecat.org\/es\/wp-json\/wp\/v2\/posts\/110608","targetHints":{"allow":["GET"]}}],"collection":[{"href":"https:\/\/eurecat.org\/es\/wp-json\/wp\/v2\/posts"}],"about":[{"href":"https:\/\/eurecat.org\/es\/wp-json\/wp\/v2\/types\/post"}],"author":[{"embeddable":true,"href":"https:\/\/eurecat.org\/es\/wp-json\/wp\/v2\/users\/27"}],"replies":[{"embeddable":true,"href":"https:\/\/eurecat.org\/es\/wp-json\/wp\/v2\/comments?post=110608"}],"version-history":[{"count":0,"href":"https:\/\/eurecat.org\/es\/wp-json\/wp\/v2\/posts\/110608\/revisions"}],"wp:featuredmedia":[{"embeddable":true,"href":"https:\/\/eurecat.org\/es\/wp-json\/wp\/v2\/media\/110602"}],"wp:attachment":[{"href":"https:\/\/eurecat.org\/es\/wp-json\/wp\/v2\/media?parent=110608"}],"wp:term":[{"taxonomy":"category","embeddable":true,"href":"https:\/\/eurecat.org\/es\/wp-json\/wp\/v2\/categories?post=110608"},{"taxonomy":"post_tag","embeddable":true,"href":"https:\/\/eurecat.org\/es\/wp-json\/wp\/v2\/tags?post=110608"}],"curies":[{"name":"wp","href":"https:\/\/api.w.org\/{rel}","templated":true}]}}