{"id":110945,"date":"2021-02-25T16:31:20","date_gmt":"2021-02-25T15:31:20","guid":{"rendered":"https:\/\/eurecat.org\/fons-de-recuperacio-next-generation-eu\/"},"modified":"2023-06-29T10:42:11","modified_gmt":"2023-06-29T08:42:11","slug":"fondos-de-recuperacion-next-generation-eu","status":"publish","type":"post","link":"https:\/\/eurecat.org\/es\/fondos-de-recuperacion-next-generation-eu\/","title":{"rendered":"[ABIERTA] Asesoramiento sobre los fondos de recuperaci\u00f3n Next Generation EU"},"content":{"rendered":"<div class=\"fusion-fullwidth fullwidth-box fusion-builder-row-1 fusion-flex-container nonhundred-percent-fullwidth non-hundred-percent-height-scrolling\" style=\"--awb-border-radius-top-left:0px;--awb-border-radius-top-right:0px;--awb-border-radius-bottom-right:0px;--awb-border-radius-bottom-left:0px;--awb-flex-wrap:wrap;\" ><div class=\"fusion-builder-row fusion-row fusion-flex-align-items-flex-start fusion-flex-content-wrap\" style=\"max-width:1424.8px;margin-left: calc(-4% \/ 2 );margin-right: calc(-4% \/ 2 );\"><div class=\"fusion-layout-column fusion_builder_column fusion-builder-column-0 fusion_builder_column_2_3 2_3 fusion-flex-column\" style=\"--awb-bg-size:cover;--awb-width-large:66.666666666667%;--awb-margin-top-large:0px;--awb-spacing-right-large:2.88%;--awb-margin-bottom-large:20px;--awb-spacing-left-large:2.88%;--awb-width-medium:100%;--awb-order-medium:0;--awb-spacing-right-medium:1.92%;--awb-spacing-left-medium:1.92%;--awb-width-small:100%;--awb-order-small:0;--awb-spacing-right-small:1.92%;--awb-spacing-left-small:1.92%;\"><div class=\"fusion-column-wrapper fusion-column-has-shadow fusion-flex-justify-content-flex-start fusion-content-layout-column\"><div class=\"fusion-image-element \" style=\"--awb-caption-title-font-family:var(--h2_typography-font-family);--awb-caption-title-font-weight:var(--h2_typography-font-weight);--awb-caption-title-font-style:var(--h2_typography-font-style);--awb-caption-title-size:var(--h2_typography-font-size);--awb-caption-title-transform:var(--h2_typography-text-transform);--awb-caption-title-line-height:var(--h2_typography-line-height);--awb-caption-title-letter-spacing:var(--h2_typography-letter-spacing);\"><span class=\" fusion-imageframe imageframe-none imageframe-1 hover-type-none\"><img decoding=\"async\" width=\"1310\" height=\"747\" alt=\"fons de recuperaci\u00f3 next generation eu\" title=\"fons-de-recuperacio-next-generation-eu\" src=\"https:\/\/eurecat.org\/wp-content\/uploads\/2021\/02\/fons-de-recuperacio-next-generation-eu.jpg\" class=\"img-responsive wp-image-110934\" srcset=\"https:\/\/eurecat.org\/wp-content\/uploads\/2021\/02\/fons-de-recuperacio-next-generation-eu-200x114.jpg 200w, https:\/\/eurecat.org\/wp-content\/uploads\/2021\/02\/fons-de-recuperacio-next-generation-eu-400x228.jpg 400w, https:\/\/eurecat.org\/wp-content\/uploads\/2021\/02\/fons-de-recuperacio-next-generation-eu-600x342.jpg 600w, https:\/\/eurecat.org\/wp-content\/uploads\/2021\/02\/fons-de-recuperacio-next-generation-eu-800x456.jpg 800w, https:\/\/eurecat.org\/wp-content\/uploads\/2021\/02\/fons-de-recuperacio-next-generation-eu-1200x684.jpg 1200w, https:\/\/eurecat.org\/wp-content\/uploads\/2021\/02\/fons-de-recuperacio-next-generation-eu.jpg 1310w\" sizes=\"(max-width: 1024px) 100vw, (max-width: 640px) 100vw, 1200px\" \/><\/span><\/div><div class=\"fusion-title title fusion-title-1 fusion-sep-none fusion-title-text fusion-title-size-two\" style=\"--awb-margin-bottom:10px;--awb-margin-top-small:0px;--awb-margin-right-small:0px;--awb-margin-bottom-small:20px;--awb-margin-left-small:0px;\"><h2 class=\"fusion-title-heading title-heading-left\" style=\"margin:0;\"><h2><strong>Eurecat facilita a las empresas toda la informaci\u00f3n y el asesoramiento sobre este programa\u00a0<\/strong><\/h2><\/h2><\/div><div class=\"fusion-text fusion-text-1\"><p>Eurecat aporta la innovaci\u00f3n tecnol\u00f3gica necesaria a las empresas que quieren acceder a los fondos europeos de recuperaci\u00f3n Next Generation EU.<\/p>\n<\/div><div class=\"fusion-title title fusion-title-2 fusion-sep-none fusion-title-text fusion-title-size-one\" style=\"--awb-margin-bottom:10px;--awb-margin-top-small:0px;--awb-margin-right-small:0px;--awb-margin-bottom-small:20px;--awb-margin-left-small:0px;\"><h1 class=\"fusion-title-heading title-heading-left\" style=\"margin:0;\"><h2 class=\"fusion-responsive-typography-calculated\" data-fontsize=\"18\" data-lineheight=\"27px\">\u00bfQu\u00e9 son los fondos de recuperaci\u00f3n Next Generation EU?<\/h2><\/h1><\/div><div class=\"fusion-text fusion-text-2\"><p>Los fondos de recuperaci\u00f3n Next Generation EU los aporta la Uni\u00f3n Europea a cada Estado Miembro para transformar la econom\u00eda en clave digital y verde. Despu\u00e9s de Italia, Espa\u00f1a es el Estado que m\u00e1s dinero recibir\u00e1. Y la propia Uni\u00f3n Europea ha establecido como prioridad que ese dinero llegue a las empresas para realizar proyectos transformadores en los pr\u00f3ximos a\u00f1os. Las empresas deben aprovechar esta oportunidad \u00fanica para llevar a cabo este paso adelante.<\/p>\n<p>Desde la conceptualizaci\u00f3n y dise\u00f1o del proyecto hasta la ejecuci\u00f3n, como proveedor de conocimiento Eurecat pone a disposici\u00f3n de las empresas su capacidad y experiencia para facilitar el acceso a los instrumentos de financiaci\u00f3n y la implantaci\u00f3n con \u00e9xito de transformaciones altamente competitivas, diferenciales y sostenibles.<\/p>\n<\/div><div class=\"fusion-title title fusion-title-3 fusion-sep-none fusion-title-text fusion-title-size-one\" style=\"--awb-margin-bottom:10px;--awb-margin-top-small:0px;--awb-margin-right-small:0px;--awb-margin-bottom-small:20px;--awb-margin-left-small:0px;\"><h1 class=\"fusion-title-heading title-heading-left\" style=\"margin:0;\"><h2><strong>Oportunidades de los fondos Next Generation EU para cada empresa y sector:<\/strong><\/h2><\/h1><\/div><ul style=\"--awb-iconcolor:#000000;--awb-line-height:23.8px;--awb-icon-width:23.8px;--awb-icon-height:23.8px;--awb-icon-margin:9.8px;--awb-content-margin:33.6px;\" class=\"fusion-checklist fusion-checklist-1 fusion-checklist-default type-icons\"><li class=\"fusion-li-item\" style=\"\"><span class=\"icon-wrapper circle-no\"><i class=\"fusion-li-icon fa-angle-right fas\" aria-hidden=\"true\"><\/i><\/span><div class=\"fusion-li-item-content\">\n<p>Eurecat, centro tecnol\u00f3gico puntero en innovaci\u00f3n aplicada, est\u00e1 en contacto permanente con las administraciones y agentes de referencia con el fin de <strong>acelerar el acceso a los instrumentos de los fondos de recuperaci\u00f3n y participar en los proyectos emblem\u00e1ticos<\/strong>.<\/p>\n<\/div><\/li><li class=\"fusion-li-item\" style=\"\"><span class=\"icon-wrapper circle-no\"><i class=\"fusion-li-icon fa-angle-right fas\" aria-hidden=\"true\"><\/i><\/span><div class=\"fusion-li-item-content\">\n<p>Las empresas tienen a su disposici\u00f3n toda la <strong>especializaci\u00f3n avanzada de Eurecat en nuevas tecnolog\u00edas industriales, digitales, biotecnol\u00f3gicas y sostenibles<\/strong>, integradas en toda la cadena de valor o de forma individual seg\u00fan cada necesidad concreta.<\/p>\n<\/div><\/li><li class=\"fusion-li-item\" style=\"\"><span class=\"icon-wrapper circle-no\"><i class=\"fusion-li-icon fa-angle-right fas\" aria-hidden=\"true\"><\/i><\/span><div class=\"fusion-li-item-content\">\n<p>La metodolog\u00eda de trabajo de Eurecat, basada en<strong> la aproximaci\u00f3n multitecnol\u00f2gica, transectorial y colaborativa<\/strong>, permite abordar retos individuales y tambi\u00e9n colectivos.<\/p>\n<\/div><\/li><\/ul><div class=\"fusion-separator fusion-full-width-sep\" style=\"align-self: center;margin-left: auto;margin-right: auto;margin-bottom:32px;width:100%;\"><\/div><div class=\"fusion-title title fusion-title-4 fusion-sep-none fusion-title-text fusion-title-size-two\" style=\"--awb-margin-bottom:10px;--awb-margin-top-small:0px;--awb-margin-right-small:0px;--awb-margin-bottom-small:20px;--awb-margin-left-small:0px;\"><h2 class=\"fusion-title-heading title-heading-left\" style=\"margin:0;\"><h2><strong>Apoyo tecnol\u00f3gico que marca la diferencia<\/strong><\/h2><\/h2><\/div><ul style=\"--awb-iconcolor:#000000;--awb-line-height:23.8px;--awb-icon-width:23.8px;--awb-icon-height:23.8px;--awb-icon-margin:9.8px;--awb-content-margin:33.6px;\" class=\"fusion-checklist fusion-checklist-2 fusion-checklist-default type-icons\"><li class=\"fusion-li-item\" style=\"\"><span class=\"icon-wrapper circle-no\"><i class=\"fusion-li-icon fa-angle-right fas\" aria-hidden=\"true\"><\/i><\/span><div class=\"fusion-li-item-content\">\n<p>Identificaci\u00f3n de las necesidades y requerimientos del proyecto<\/p>\n<\/div><\/li><li class=\"fusion-li-item\" style=\"\"><span class=\"icon-wrapper circle-no\"><i class=\"fusion-li-icon fa-angle-right fas\" aria-hidden=\"true\"><\/i><\/span><div class=\"fusion-li-item-content\">\n<p>Conceptualizaci\u00f3n y definici\u00f3n<\/p>\n<\/div><\/li><li class=\"fusion-li-item\" style=\"\"><span class=\"icon-wrapper circle-no\"><i class=\"fusion-li-icon fa-angle-right fas\" aria-hidden=\"true\"><\/i><\/span><div class=\"fusion-li-item-content\">\n<p>Consultor\u00eda en innovaci\u00f3n<\/p>\n<\/div><\/li><li class=\"fusion-li-item\" style=\"\"><span class=\"icon-wrapper circle-no\"><i class=\"fusion-li-icon fa-angle-right fas\" aria-hidden=\"true\"><\/i><\/span><div class=\"fusion-li-item-content\">\n<p>B\u00fasqueda de financiaci\u00f3n<\/p>\n<\/div><\/li><li class=\"fusion-li-item\" style=\"\"><span class=\"icon-wrapper circle-no\"><i class=\"fusion-li-icon fa-angle-right fas\" aria-hidden=\"true\"><\/i><\/span><div class=\"fusion-li-item-content\">\n<p>Aportaci\u00f3n de tecnolog\u00eda innovadora y diferencial<\/p>\n<\/div><\/li><li class=\"fusion-li-item\" style=\"\"><span class=\"icon-wrapper circle-no\"><i class=\"fusion-li-icon fa-angle-right fas\" aria-hidden=\"true\"><\/i><\/span><div class=\"fusion-li-item-content\">\n<p>Pruebas de concepto<\/p>\n<\/div><\/li><li class=\"fusion-li-item\" style=\"\"><span class=\"icon-wrapper circle-no\"><i class=\"fusion-li-icon fa-angle-right fas\" aria-hidden=\"true\"><\/i><\/span><div class=\"fusion-li-item-content\">\n<p>Pre-industrializaci\u00f3n<\/p>\n<\/div><\/li><\/ul><div class=\"fusion-separator fusion-full-width-sep\" style=\"align-self: center;margin-left: auto;margin-right: auto;margin-bottom:32px;width:100%;\"><\/div><div class=\"fusion-title title fusion-title-5 fusion-sep-none fusion-title-text fusion-title-size-two\" style=\"--awb-margin-bottom:10px;--awb-margin-top-small:0px;--awb-margin-right-small:0px;--awb-margin-bottom-small:20px;--awb-margin-left-small:0px;\"><h2 class=\"fusion-title-heading title-heading-left\" style=\"margin:0;\"><h2><strong>Excelencia en investigaci\u00f3n e innovaci\u00f3n<\/strong><\/h2><\/h2><\/div><ul style=\"--awb-iconcolor:#000000;--awb-line-height:23.8px;--awb-icon-width:23.8px;--awb-icon-height:23.8px;--awb-icon-margin:9.8px;--awb-content-margin:33.6px;\" class=\"fusion-checklist fusion-checklist-3 fusion-checklist-default type-icons\"><li class=\"fusion-li-item\" style=\"\"><span class=\"icon-wrapper circle-no\"><i class=\"fusion-li-icon fa-angle-right fas\" aria-hidden=\"true\"><\/i><\/span><div class=\"fusion-li-item-content\">\n<p>Eurecat est\u00e1 especializado en<strong> proyectos multi tecnol\u00f3gicos y transectoriales de alto impacto.<\/strong><\/p>\n<\/div><\/li><li class=\"fusion-li-item\" style=\"\"><span class=\"icon-wrapper circle-no\"><i class=\"fusion-li-icon fa-angle-right fas\" aria-hidden=\"true\"><\/i><\/span><div class=\"fusion-li-item-content\">\n<p>Es un referente en <strong>el aprovechamiento de fondos p\u00fablicos de innovaci\u00f3n para generar proyectos de alto valor<\/strong> a nivel empresarial, industrial y tambi\u00e9n interregional.<\/p>\n<\/div><\/li><li class=\"fusion-li-item\" style=\"\"><span class=\"icon-wrapper circle-no\"><i class=\"fusion-li-icon fa-angle-right fas\" aria-hidden=\"true\"><\/i><\/span><div class=\"fusion-li-item-content\">\n<p>Es <strong>l\u00edder en proyectos de investigaci\u00f3n y de innovaci\u00f3n<\/strong> en las \u00e1reas industrial, digital, biotecnol\u00f3gica y en sostenibilidad.<\/p>\n<\/div><\/li><li class=\"fusion-li-item\" style=\"\"><span class=\"icon-wrapper circle-no\"><i class=\"fusion-li-icon fa-angle-right fas\" aria-hidden=\"true\"><\/i><\/span><div class=\"fusion-li-item-content\">\n<p>Tiene <strong>un enfoque hol\u00edstico con una visi\u00f3n cient\u00edfica y tecnol\u00f3gica<\/strong> altamente avanzada y <strong>orientada a la competitividad y el \u00e9xito empresarial<\/strong>.<\/p>\n<\/div><\/li><\/ul><\/div><\/div><div class=\"fusion-layout-column fusion_builder_column fusion-builder-column-1 fusion_builder_column_1_3 1_3 fusion-flex-column\" style=\"--awb-bg-size:cover;--awb-width-large:33.333333333333%;--awb-margin-top-large:0px;--awb-spacing-right-large:5.76%;--awb-margin-bottom-large:32px;--awb-spacing-left-large:5.76%;--awb-width-medium:100%;--awb-order-medium:0;--awb-spacing-right-medium:1.92%;--awb-spacing-left-medium:1.92%;--awb-width-small:100%;--awb-order-small:0;--awb-spacing-right-small:1.92%;--awb-spacing-left-small:1.92%;\"><div class=\"fusion-column-wrapper fusion-column-has-shadow fusion-flex-justify-content-flex-start fusion-content-layout-column\"><div class=\"fusion-content-boxes content-boxes columns row fusion-columns-1 fusion-columns-total-1 fusion-content-boxes-1 content-boxes-icon-boxed content-left\" style=\"--awb-hover-accent-color:#642c81;--awb-circle-hover-accent-color:#642c81;--awb-item-margin-bottom:40px;\" data-animationOffset=\"top-into-view\"><div style=\"--awb-backgroundcolor:#eff4ff;\" class=\"fusion-column content-box-column content-box-column content-box-column-1 col-lg-12 col-md-12 col-sm-12 fusion-content-box-hover content-box-column-last content-box-column-last-in-row\"><div class=\"col content-box-wrapper content-wrapper-background content-wrapper-boxed link-area-link-icon icon-hover-animation-fade\" data-animationOffset=\"top-into-view\"><div class=\"heading heading-with-icon icon-left\"><div class=\"icon\"><i style=\"border-color:#333333;border-width:1px;background-color:#333333;box-sizing:content-box;height:42px;width:42px;line-height:42px;top:-71px;margin-left:-21px;border-radius:50%;font-size:21px;\" aria-hidden=\"true\" class=\"fontawesome-icon fa-bullhorn fas circle-yes\"><\/i><\/div><h2 class=\"content-box-heading\" style=\"--h2_typography-font-size:18px;line-height:23px;\">\u00bfTe interesa?<\/h2><\/div><div class=\"fusion-clearfix\"><\/div><div class=\"content-container\">\n<p>Cont\u00e1ctanos si tu empresa est\u00e1 interesada en conocer c\u00f3mo participar en los proyectos Next Generation EU<div ><a class=\"fusion-button button-flat fusion-button-default-size button-default fusion-button-default button-1 fusion-button-default-span fusion-button-default-type\" target=\"_self\" href=\"https:\/\/www.tfaforms.com\/4887146\"><span class=\"fusion-button-text awb-button__text awb-button__text--default\">Enviar solicitud<\/span><\/a><\/div>\n<\/div><\/div><\/div><div class=\"fusion-clearfix\"><\/div><\/div><\/div><\/div><\/div><\/div>\n","protected":false},"excerpt":{"rendered":"","protected":false},"author":6,"featured_media":110934,"comment_status":"open","ping_status":"closed","sticky":false,"template":"","format":"standard","meta":{"footnotes":""},"categories":[2196],"tags":[],"class_list":["post-110945","post","type-post","status-publish","format-standard","has-post-thumbnail","hentry","category-convocatories-es"],"yoast_head":"<!-- This site is optimized with the Yoast SEO plugin v27.4 - https:\/\/yoast.com\/product\/yoast-seo-wordpress\/ -->\n<title>[ABIERTA] Asesoramiento sobre los fondos de recuperaci\u00f3n Next Generation EU : qu\u00e9 son y c\u00f3mo solicitarlos<\/title>\n<meta name=\"description\" content=\"Conoce que son los fondos de recuperaci\u00f3n Next Generation EU y c\u00f3mo te ayudamos a sumarte a la transici\u00f3n verde y digital que fija Europa.\" \/>\n<meta name=\"robots\" content=\"index, follow, max-snippet:-1, max-image-preview:large, max-video-preview:-1\" \/>\n<link rel=\"canonical\" href=\"https:\/\/eurecat.org\/es\/fondos-de-recuperacion-next-generation-eu\/\" \/>\n<meta property=\"og:locale\" content=\"es_ES\" \/>\n<meta property=\"og:type\" content=\"article\" \/>\n<meta property=\"og:title\" content=\"[ABIERTA] Asesoramiento sobre los fondos de recuperaci\u00f3n Next Generation EU : qu\u00e9 son y c\u00f3mo solicitarlos\" \/>\n<meta property=\"og:description\" content=\"Conoce que son los fondos de recuperaci\u00f3n Next Generation EU y c\u00f3mo te ayudamos a sumarte a la transici\u00f3n verde y digital que fija Europa.\" \/>\n<meta property=\"og:url\" content=\"https:\/\/eurecat.org\/es\/fondos-de-recuperacion-next-generation-eu\/\" \/>\n<meta property=\"og:site_name\" content=\"Eurecat\" \/>\n<meta property=\"article:published_time\" content=\"2021-02-25T15:31:20+00:00\" \/>\n<meta property=\"article:modified_time\" content=\"2023-06-29T08:42:11+00:00\" \/>\n<meta property=\"og:image\" content=\"https:\/\/eurecat.org\/wp-content\/uploads\/2021\/02\/fons-de-recuperacio-next-generation-eu.jpg\" \/>\n\t<meta property=\"og:image:width\" content=\"1310\" \/>\n\t<meta property=\"og:image:height\" content=\"747\" \/>\n\t<meta property=\"og:image:type\" content=\"image\/jpeg\" \/>\n<meta name=\"author\" content=\"EurecatEM\" \/>\n<meta name=\"twitter:card\" content=\"summary_large_image\" \/>\n<meta name=\"twitter:label1\" content=\"Escrito por\" \/>\n\t<meta name=\"twitter:data1\" content=\"EurecatEM\" \/>\n\t<meta name=\"twitter:label2\" content=\"Tiempo de lectura\" \/>\n\t<meta name=\"twitter:data2\" content=\"7 minutos\" \/>\n<script type=\"application\/ld+json\" class=\"yoast-schema-graph\">{\"@context\":\"https:\\\/\\\/schema.org\",\"@graph\":[{\"@type\":\"Article\",\"@id\":\"https:\\\/\\\/eurecat.org\\\/es\\\/fondos-de-recuperacion-next-generation-eu\\\/#article\",\"isPartOf\":{\"@id\":\"https:\\\/\\\/eurecat.org\\\/es\\\/fondos-de-recuperacion-next-generation-eu\\\/\"},\"author\":{\"name\":\"EurecatEM\",\"@id\":\"https:\\\/\\\/eurecat.org\\\/es\\\/#\\\/schema\\\/person\\\/540d47fd9da63c4587cbae01b88e4db3\"},\"headline\":\"[ABIERTA] Asesoramiento sobre los fondos de recuperaci\u00f3n Next Generation EU\",\"datePublished\":\"2021-02-25T15:31:20+00:00\",\"dateModified\":\"2023-06-29T08:42:11+00:00\",\"mainEntityOfPage\":{\"@id\":\"https:\\\/\\\/eurecat.org\\\/es\\\/fondos-de-recuperacion-next-generation-eu\\\/\"},\"wordCount\":2657,\"commentCount\":0,\"image\":{\"@id\":\"https:\\\/\\\/eurecat.org\\\/es\\\/fondos-de-recuperacion-next-generation-eu\\\/#primaryimage\"},\"thumbnailUrl\":\"https:\\\/\\\/eurecat.org\\\/wp-content\\\/uploads\\\/2021\\\/02\\\/fons-de-recuperacio-next-generation-eu.jpg\",\"articleSection\":[\"Convocatorias\"],\"inLanguage\":\"es\",\"potentialAction\":[{\"@type\":\"CommentAction\",\"name\":\"Comment\",\"target\":[\"https:\\\/\\\/eurecat.org\\\/es\\\/fondos-de-recuperacion-next-generation-eu\\\/#respond\"]}]},{\"@type\":\"WebPage\",\"@id\":\"https:\\\/\\\/eurecat.org\\\/es\\\/fondos-de-recuperacion-next-generation-eu\\\/\",\"url\":\"https:\\\/\\\/eurecat.org\\\/es\\\/fondos-de-recuperacion-next-generation-eu\\\/\",\"name\":\"[ABIERTA] Asesoramiento sobre los fondos de recuperaci\u00f3n Next Generation EU : qu\u00e9 son y c\u00f3mo solicitarlos\",\"isPartOf\":{\"@id\":\"https:\\\/\\\/eurecat.org\\\/es\\\/#website\"},\"primaryImageOfPage\":{\"@id\":\"https:\\\/\\\/eurecat.org\\\/es\\\/fondos-de-recuperacion-next-generation-eu\\\/#primaryimage\"},\"image\":{\"@id\":\"https:\\\/\\\/eurecat.org\\\/es\\\/fondos-de-recuperacion-next-generation-eu\\\/#primaryimage\"},\"thumbnailUrl\":\"https:\\\/\\\/eurecat.org\\\/wp-content\\\/uploads\\\/2021\\\/02\\\/fons-de-recuperacio-next-generation-eu.jpg\",\"datePublished\":\"2021-02-25T15:31:20+00:00\",\"dateModified\":\"2023-06-29T08:42:11+00:00\",\"author\":{\"@id\":\"https:\\\/\\\/eurecat.org\\\/es\\\/#\\\/schema\\\/person\\\/540d47fd9da63c4587cbae01b88e4db3\"},\"description\":\"Conoce que son los fondos de recuperaci\u00f3n Next Generation EU y c\u00f3mo te ayudamos a sumarte a la transici\u00f3n verde y digital que fija Europa.\",\"breadcrumb\":{\"@id\":\"https:\\\/\\\/eurecat.org\\\/es\\\/fondos-de-recuperacion-next-generation-eu\\\/#breadcrumb\"},\"inLanguage\":\"es\",\"potentialAction\":[{\"@type\":\"ReadAction\",\"target\":[\"https:\\\/\\\/eurecat.org\\\/es\\\/fondos-de-recuperacion-next-generation-eu\\\/\"]}]},{\"@type\":\"ImageObject\",\"inLanguage\":\"es\",\"@id\":\"https:\\\/\\\/eurecat.org\\\/es\\\/fondos-de-recuperacion-next-generation-eu\\\/#primaryimage\",\"url\":\"https:\\\/\\\/eurecat.org\\\/wp-content\\\/uploads\\\/2021\\\/02\\\/fons-de-recuperacio-next-generation-eu.jpg\",\"contentUrl\":\"https:\\\/\\\/eurecat.org\\\/wp-content\\\/uploads\\\/2021\\\/02\\\/fons-de-recuperacio-next-generation-eu.jpg\",\"width\":1310,\"height\":747,\"caption\":\"fons de recuperaci\u00f3 next generation eu\"},{\"@type\":\"BreadcrumbList\",\"@id\":\"https:\\\/\\\/eurecat.org\\\/es\\\/fondos-de-recuperacion-next-generation-eu\\\/#breadcrumb\",\"itemListElement\":[{\"@type\":\"ListItem\",\"position\":1,\"name\":\"Inici\",\"item\":\"https:\\\/\\\/eurecat.org\\\/es\\\/\"},{\"@type\":\"ListItem\",\"position\":2,\"name\":\"[ABIERTA] Asesoramiento sobre los fondos de recuperaci\u00f3n Next Generation EU\"}]},{\"@type\":\"WebSite\",\"@id\":\"https:\\\/\\\/eurecat.org\\\/es\\\/#website\",\"url\":\"https:\\\/\\\/eurecat.org\\\/es\\\/\",\"name\":\"Eurecat\",\"description\":\"Otro sitio realizado con WordPress\",\"potentialAction\":[{\"@type\":\"SearchAction\",\"target\":{\"@type\":\"EntryPoint\",\"urlTemplate\":\"https:\\\/\\\/eurecat.org\\\/es\\\/?s={search_term_string}\"},\"query-input\":{\"@type\":\"PropertyValueSpecification\",\"valueRequired\":true,\"valueName\":\"search_term_string\"}}],\"inLanguage\":\"es\"},{\"@type\":\"Person\",\"@id\":\"https:\\\/\\\/eurecat.org\\\/es\\\/#\\\/schema\\\/person\\\/540d47fd9da63c4587cbae01b88e4db3\",\"name\":\"EurecatEM\",\"image\":{\"@type\":\"ImageObject\",\"inLanguage\":\"es\",\"@id\":\"https:\\\/\\\/secure.gravatar.com\\\/avatar\\\/deb330c0660ac5bf74cae5724d94229935e34c26df9bce576399b4da2212af05?s=96&d=mm&r=g\",\"url\":\"https:\\\/\\\/secure.gravatar.com\\\/avatar\\\/deb330c0660ac5bf74cae5724d94229935e34c26df9bce576399b4da2212af05?s=96&d=mm&r=g\",\"contentUrl\":\"https:\\\/\\\/secure.gravatar.com\\\/avatar\\\/deb330c0660ac5bf74cae5724d94229935e34c26df9bce576399b4da2212af05?s=96&d=mm&r=g\",\"caption\":\"EurecatEM\"}}]}<\/script>\n<!-- \/ Yoast SEO plugin. -->","yoast_head_json":{"title":"[ABIERTA] Asesoramiento sobre los fondos de recuperaci\u00f3n Next Generation EU : qu\u00e9 son y c\u00f3mo solicitarlos","description":"Conoce que son los fondos de recuperaci\u00f3n Next Generation EU y c\u00f3mo te ayudamos a sumarte a la transici\u00f3n verde y digital que fija Europa.","robots":{"index":"index","follow":"follow","max-snippet":"max-snippet:-1","max-image-preview":"max-image-preview:large","max-video-preview":"max-video-preview:-1"},"canonical":"https:\/\/eurecat.org\/es\/fondos-de-recuperacion-next-generation-eu\/","og_locale":"es_ES","og_type":"article","og_title":"[ABIERTA] Asesoramiento sobre los fondos de recuperaci\u00f3n Next Generation EU : qu\u00e9 son y c\u00f3mo solicitarlos","og_description":"Conoce que son los fondos de recuperaci\u00f3n Next Generation EU y c\u00f3mo te ayudamos a sumarte a la transici\u00f3n verde y digital que fija Europa.","og_url":"https:\/\/eurecat.org\/es\/fondos-de-recuperacion-next-generation-eu\/","og_site_name":"Eurecat","article_published_time":"2021-02-25T15:31:20+00:00","article_modified_time":"2023-06-29T08:42:11+00:00","og_image":[{"width":1310,"height":747,"url":"https:\/\/eurecat.org\/wp-content\/uploads\/2021\/02\/fons-de-recuperacio-next-generation-eu.jpg","type":"image\/jpeg"}],"author":"EurecatEM","twitter_card":"summary_large_image","twitter_misc":{"Escrito por":"EurecatEM","Tiempo de lectura":"7 minutos"},"schema":{"@context":"https:\/\/schema.org","@graph":[{"@type":"Article","@id":"https:\/\/eurecat.org\/es\/fondos-de-recuperacion-next-generation-eu\/#article","isPartOf":{"@id":"https:\/\/eurecat.org\/es\/fondos-de-recuperacion-next-generation-eu\/"},"author":{"name":"EurecatEM","@id":"https:\/\/eurecat.org\/es\/#\/schema\/person\/540d47fd9da63c4587cbae01b88e4db3"},"headline":"[ABIERTA] Asesoramiento sobre los fondos de recuperaci\u00f3n Next Generation EU","datePublished":"2021-02-25T15:31:20+00:00","dateModified":"2023-06-29T08:42:11+00:00","mainEntityOfPage":{"@id":"https:\/\/eurecat.org\/es\/fondos-de-recuperacion-next-generation-eu\/"},"wordCount":2657,"commentCount":0,"image":{"@id":"https:\/\/eurecat.org\/es\/fondos-de-recuperacion-next-generation-eu\/#primaryimage"},"thumbnailUrl":"https:\/\/eurecat.org\/wp-content\/uploads\/2021\/02\/fons-de-recuperacio-next-generation-eu.jpg","articleSection":["Convocatorias"],"inLanguage":"es","potentialAction":[{"@type":"CommentAction","name":"Comment","target":["https:\/\/eurecat.org\/es\/fondos-de-recuperacion-next-generation-eu\/#respond"]}]},{"@type":"WebPage","@id":"https:\/\/eurecat.org\/es\/fondos-de-recuperacion-next-generation-eu\/","url":"https:\/\/eurecat.org\/es\/fondos-de-recuperacion-next-generation-eu\/","name":"[ABIERTA] Asesoramiento sobre los fondos de recuperaci\u00f3n Next Generation EU : qu\u00e9 son y c\u00f3mo solicitarlos","isPartOf":{"@id":"https:\/\/eurecat.org\/es\/#website"},"primaryImageOfPage":{"@id":"https:\/\/eurecat.org\/es\/fondos-de-recuperacion-next-generation-eu\/#primaryimage"},"image":{"@id":"https:\/\/eurecat.org\/es\/fondos-de-recuperacion-next-generation-eu\/#primaryimage"},"thumbnailUrl":"https:\/\/eurecat.org\/wp-content\/uploads\/2021\/02\/fons-de-recuperacio-next-generation-eu.jpg","datePublished":"2021-02-25T15:31:20+00:00","dateModified":"2023-06-29T08:42:11+00:00","author":{"@id":"https:\/\/eurecat.org\/es\/#\/schema\/person\/540d47fd9da63c4587cbae01b88e4db3"},"description":"Conoce que son los fondos de recuperaci\u00f3n Next Generation EU y c\u00f3mo te ayudamos a sumarte a la transici\u00f3n verde y digital que fija Europa.","breadcrumb":{"@id":"https:\/\/eurecat.org\/es\/fondos-de-recuperacion-next-generation-eu\/#breadcrumb"},"inLanguage":"es","potentialAction":[{"@type":"ReadAction","target":["https:\/\/eurecat.org\/es\/fondos-de-recuperacion-next-generation-eu\/"]}]},{"@type":"ImageObject","inLanguage":"es","@id":"https:\/\/eurecat.org\/es\/fondos-de-recuperacion-next-generation-eu\/#primaryimage","url":"https:\/\/eurecat.org\/wp-content\/uploads\/2021\/02\/fons-de-recuperacio-next-generation-eu.jpg","contentUrl":"https:\/\/eurecat.org\/wp-content\/uploads\/2021\/02\/fons-de-recuperacio-next-generation-eu.jpg","width":1310,"height":747,"caption":"fons de recuperaci\u00f3 next generation eu"},{"@type":"BreadcrumbList","@id":"https:\/\/eurecat.org\/es\/fondos-de-recuperacion-next-generation-eu\/#breadcrumb","itemListElement":[{"@type":"ListItem","position":1,"name":"Inici","item":"https:\/\/eurecat.org\/es\/"},{"@type":"ListItem","position":2,"name":"[ABIERTA] Asesoramiento sobre los fondos de recuperaci\u00f3n Next Generation EU"}]},{"@type":"WebSite","@id":"https:\/\/eurecat.org\/es\/#website","url":"https:\/\/eurecat.org\/es\/","name":"Eurecat","description":"Otro sitio realizado con WordPress","potentialAction":[{"@type":"SearchAction","target":{"@type":"EntryPoint","urlTemplate":"https:\/\/eurecat.org\/es\/?s={search_term_string}"},"query-input":{"@type":"PropertyValueSpecification","valueRequired":true,"valueName":"search_term_string"}}],"inLanguage":"es"},{"@type":"Person","@id":"https:\/\/eurecat.org\/es\/#\/schema\/person\/540d47fd9da63c4587cbae01b88e4db3","name":"EurecatEM","image":{"@type":"ImageObject","inLanguage":"es","@id":"https:\/\/secure.gravatar.com\/avatar\/deb330c0660ac5bf74cae5724d94229935e34c26df9bce576399b4da2212af05?s=96&d=mm&r=g","url":"https:\/\/secure.gravatar.com\/avatar\/deb330c0660ac5bf74cae5724d94229935e34c26df9bce576399b4da2212af05?s=96&d=mm&r=g","contentUrl":"https:\/\/secure.gravatar.com\/avatar\/deb330c0660ac5bf74cae5724d94229935e34c26df9bce576399b4da2212af05?s=96&d=mm&r=g","caption":"EurecatEM"}}]}},"_links":{"self":[{"href":"https:\/\/eurecat.org\/es\/wp-json\/wp\/v2\/posts\/110945","targetHints":{"allow":["GET"]}}],"collection":[{"href":"https:\/\/eurecat.org\/es\/wp-json\/wp\/v2\/posts"}],"about":[{"href":"https:\/\/eurecat.org\/es\/wp-json\/wp\/v2\/types\/post"}],"author":[{"embeddable":true,"href":"https:\/\/eurecat.org\/es\/wp-json\/wp\/v2\/users\/6"}],"replies":[{"embeddable":true,"href":"https:\/\/eurecat.org\/es\/wp-json\/wp\/v2\/comments?post=110945"}],"version-history":[{"count":1,"href":"https:\/\/eurecat.org\/es\/wp-json\/wp\/v2\/posts\/110945\/revisions"}],"predecessor-version":[{"id":137732,"href":"https:\/\/eurecat.org\/es\/wp-json\/wp\/v2\/posts\/110945\/revisions\/137732"}],"wp:featuredmedia":[{"embeddable":true,"href":"https:\/\/eurecat.org\/es\/wp-json\/wp\/v2\/media\/110934"}],"wp:attachment":[{"href":"https:\/\/eurecat.org\/es\/wp-json\/wp\/v2\/media?parent=110945"}],"wp:term":[{"taxonomy":"category","embeddable":true,"href":"https:\/\/eurecat.org\/es\/wp-json\/wp\/v2\/categories?post=110945"},{"taxonomy":"post_tag","embeddable":true,"href":"https:\/\/eurecat.org\/es\/wp-json\/wp\/v2\/tags?post=110945"}],"curies":[{"name":"wp","href":"https:\/\/api.w.org\/{rel}","templated":true}]}}