{"id":112614,"date":"2021-03-24T11:36:28","date_gmt":"2021-03-24T11:36:28","guid":{"rendered":"https:\/\/eurecat.org\/?p=112614"},"modified":"2021-03-24T11:42:15","modified_gmt":"2021-03-24T11:42:15","slug":"ricard-garcia-valls-veremos-grandes-progresos-en-la-quimica-verde-en-polimeros-renovables-y-reciclables-y-en-aplicaciones-quimicas-ligadas-a-la-digitalizacion","status":"publish","type":"post","link":"https:\/\/eurecat.org\/es\/ricard-garcia-valls-veremos-grandes-progresos-en-la-quimica-verde-en-polimeros-renovables-y-reciclables-y-en-aplicaciones-quimicas-ligadas-a-la-digitalizacion\/","title":{"rendered":"Ricard Garcia Valls: \u00abVeremos grandes progresos en la qu\u00edmica verde, en pol\u00edmeros renovables y reciclables y en aplicaciones qu\u00edmicas ligadas a la digitalizaci\u00f3n\u00bb"},"content":{"rendered":"<p><strong><img decoding=\"async\" class=\"wp-image-112622 size-medium alignleft\" src=\"https:\/\/eurecat.org\/wp-content\/uploads\/2021\/03\/RicardGarciaValls-1-240x300.jpg\" alt=\"\" width=\"240\" height=\"300\" srcset=\"https:\/\/eurecat.org\/wp-content\/uploads\/2021\/03\/RicardGarciaValls-1-200x250.jpg 200w, https:\/\/eurecat.org\/wp-content\/uploads\/2021\/03\/RicardGarciaValls-1-240x300.jpg 240w, https:\/\/eurecat.org\/wp-content\/uploads\/2021\/03\/RicardGarciaValls-1-400x500.jpg 400w, https:\/\/eurecat.org\/wp-content\/uploads\/2021\/03\/RicardGarciaValls-1.jpg 520w\" sizes=\"(max-width: 240px) 100vw, 240px\" \/><\/strong><\/p>\n<p>La agricultura, el CO2, el hidr\u00f3geno, la energ\u00eda, la salud y los bienes de consumo son algunos de los \u00e1mbitos en los que veremos transformaciones con impacto a nivel de tecnolog\u00edas qu\u00edmicas. As\u00ed lo expone <strong>el director de la Unidad de Tecnolog\u00eda Qu\u00edmica de Eurecat, Ricard Garcia Valls<\/strong>, en esta entrevista, donde destaca la <strong>especializaci\u00f3n que ha adquirido su equipo en un nuevo tipo de encapsulaci\u00f3n mediante la cual se da soluci\u00f3n a la problem\u00e1tica de los micropl\u00e1sticos<\/strong>. Desde su punto de vista, las tendencias en tecnolog\u00edas qu\u00edmicas apuntan a grandes progresos en la qu\u00edmica verde, en la utilizaci\u00f3n de materiales polim\u00e9ricos renovables y reciclables y en aplicaciones qu\u00edmicas ligadas a la digitalizaci\u00f3n, la sens\u00f3rica, la salud, y con Inteligencia Artificial.<\/p>\n<p><strong>\u00bfCu\u00e1les son las principales l\u00edneas de trabajo de la Unidad de Tecnolog\u00eda Qu\u00edmica?<\/strong><\/p>\n<p>Tenemos tres l\u00edneas de I+D principales que son la cat\u00e1lisis y s\u00edntesis qu\u00edmica, la tecnolog\u00eda de membranas y encapsulaci\u00f3n y la tecnolog\u00eda de pol\u00edmeros, adem\u00e1s de una l\u00ednea transversal de escalado de procesos. Este conocimiento nos permite aportar c\u00e1psulas que permiten encapsular los desinfectantes y que tambi\u00e9n abren las puertas a pr\u00e1cticas m\u00e1s sostenibles para la agricultura. Otra aplicaci\u00f3n de nuestras capacidades es el desarrollo de nuevos adhesivos para hacer los veh\u00edculos m\u00e1s ligeros, en l\u00ednea con el auge del veh\u00edculo el\u00e9ctrico, y en la econom\u00eda del CO2 y el hidr\u00f3geno para hacer qu\u00edmica verde.<\/p>\n<p><strong>\u00bfC\u00f3mo pueden ayudar estas innovaciones a las empresas?<\/strong><\/p>\n<p>Ayudamos a las empresas a analizar sus problemas, retos o proyectos y dise\u00f1amos como darles soluci\u00f3n mediante la innovaci\u00f3n tecnol\u00f3gica. Una vez hecho esto, trabajamos con cada cliente desarrollando el proyecto hasta un nivel de madurez TRL4, que implica la validaci\u00f3n de componentes y pruebas en entornos de laboratorio. Si el cliente lo encuentra interesante, seguimos en un proceso precomercial hasta TRL6 (planta prepiloto o piloto TRL7) y le acompa\u00f1amos hasta la fase comercial, en algunos casos incluso hacemos peque\u00f1as fabricaciones.<\/p>\n<p><strong>\u00bfPodr\u00edas citar algunos ejemplos por parte de Eurecat?<\/strong><\/p>\n<p>Estamos desarrollando proyectos para empresas que engloban desde el encapsulamiento de fragancias hasta compuestos para agricultura, alimentaci\u00f3n y salud. Tambi\u00e9n estamos haciendo membranas para aplicaciones m\u00e9dicas para empresas o capturando CO2 con aplicaci\u00f3n comercial. Nuestro equipo trabaja tambi\u00e9n dise\u00f1ando nuevos adhesivos sostenibles, pol\u00edmeros reciclables, materiales para aplicaciones m\u00e9dicas y fabricando compuestos qu\u00edmicos a partir de fuentes renovables, hidr\u00f3geno y CO2.<\/p>\n<p><strong>\u00bfEn qu\u00e9 campos y sectores veremos m\u00e1s avances?<\/strong><\/p>\n<p>En agricultura, CO2, hidr\u00f3geno, energ\u00eda, salud y bienes de consumo veremos transformaciones con impacto. Por ejemplo, muy pronto veremos en productos para lavar ropa o ambientadores nuestra especializaci\u00f3n en un nuevo tipo de encapsulaci\u00f3n mediante la que damos soluci\u00f3n a la problem\u00e1tica de los micropl\u00e1sticos. Tambi\u00e9n ser\u00e1 muy relevante toda la econom\u00eda del hidr\u00f3geno y CO2 que se est\u00e1 generando. En este sentido, desde Eurecat trabajamos para llevar la investigaci\u00f3n al mundo real, en las plantas industriales e, incluso, a las personas en su casa. Tambi\u00e9n estamos teniendo unas grandes perspectivas en encapsulaci\u00f3n aplicada a la salud, en el caso de enfermedades como el c\u00e1ncer, o tambi\u00e9n en el desarrollo de dispositivos stents con pol\u00edmeros avanzados.<\/p>\n<p><strong>\u00bfQu\u00e9 tendencias pueden marcar transformaciones importantes en pocos a\u00f1os en el \u00e1mbito de las tecnolog\u00edas qu\u00edmicas?<\/strong><\/p>\n<p>Destacar\u00e1n especialmente los progresos en el tema de la qu\u00edmica verde, ahora ya a escala real, en producci\u00f3n. Tambi\u00e9n en la utilizaci\u00f3n de materiales polim\u00e9ricos renovables y reciclables y en aplicaciones qu\u00edmicas ligadas a la digitalizaci\u00f3n, la sens\u00f3rica, la salud, y con Inteligencia Artificial.<\/p>\n","protected":false},"excerpt":{"rendered":"<p>La agricultura, el CO2, el hidr\u00f3geno, la energ\u00eda, la salud y los bienes de consumo son algunos de los \u00e1mbitos en los que veremos transformaciones con impacto a nivel de tecnolog\u00edas qu\u00edmicas. As\u00ed lo expone el director de la Unidad de Tecnolog\u00eda Qu\u00edmica de Eurecat, Ricard Garcia Valls, en esta entrevista, donde destaca la especializaci\u00f3n  [&#8230;]<\/p>\n","protected":false},"author":20,"featured_media":112617,"comment_status":"closed","ping_status":"closed","sticky":false,"template":"","format":"standard","meta":{"footnotes":""},"categories":[133,2279,1759],"tags":[],"class_list":["post-112614","post","type-post","status-publish","format-standard","has-post-thumbnail","hentry","category-blog","category-quimico","category-quimica-es"],"yoast_head":"<!-- This site is optimized with the Yoast SEO plugin v27.4 - https:\/\/yoast.com\/product\/yoast-seo-wordpress\/ -->\n<title>Ricard Garcia Valls: &quot;Veremos grandes progresos en la qu\u00edmica verde, en pol\u00edmeros renovables y reciclables y en aplicaciones qu\u00edmicas ligadas a la digitalizaci\u00f3n&quot; - Eurecat<\/title>\n<meta name=\"description\" content=\"La agricultura, el CO2, el hidr\u00f3geno, la energ\u00eda, la salud y los bienes de consumo son algunos de los \u00e1mbitos en los que veremos transformaciones con impacto a nivel de tecnolog\u00edas qu\u00edmicas\" \/>\n<meta name=\"robots\" content=\"index, follow, max-snippet:-1, max-image-preview:large, max-video-preview:-1\" \/>\n<link rel=\"canonical\" href=\"https:\/\/eurecat.org\/es\/ricard-garcia-valls-veremos-grandes-progresos-en-la-quimica-verde-en-polimeros-renovables-y-reciclables-y-en-aplicaciones-quimicas-ligadas-a-la-digitalizacion\/\" \/>\n<meta property=\"og:locale\" content=\"es_ES\" \/>\n<meta property=\"og:type\" content=\"article\" \/>\n<meta property=\"og:title\" content=\"Ricard Garcia Valls: &quot;Veremos grandes progresos en la qu\u00edmica verde, en pol\u00edmeros renovables y reciclables y en aplicaciones qu\u00edmicas ligadas a la digitalizaci\u00f3n&quot; - Eurecat\" \/>\n<meta property=\"og:description\" content=\"La agricultura, el CO2, el hidr\u00f3geno, la energ\u00eda, la salud y los bienes de consumo son algunos de los \u00e1mbitos en los que veremos transformaciones con impacto a nivel de tecnolog\u00edas qu\u00edmicas\" \/>\n<meta property=\"og:url\" content=\"https:\/\/eurecat.org\/es\/ricard-garcia-valls-veremos-grandes-progresos-en-la-quimica-verde-en-polimeros-renovables-y-reciclables-y-en-aplicaciones-quimicas-ligadas-a-la-digitalizacion\/\" \/>\n<meta property=\"og:site_name\" content=\"Eurecat\" \/>\n<meta property=\"article:published_time\" content=\"2021-03-24T11:36:28+00:00\" \/>\n<meta property=\"article:modified_time\" content=\"2021-03-24T11:42:15+00:00\" \/>\n<meta property=\"og:image\" content=\"https:\/\/eurecat.org\/wp-content\/uploads\/2021\/03\/RicardGarciaValls.jpg\" \/>\n\t<meta property=\"og:image:width\" content=\"520\" \/>\n\t<meta property=\"og:image:height\" content=\"650\" \/>\n\t<meta property=\"og:image:type\" content=\"image\/jpeg\" \/>\n<meta name=\"author\" content=\"EurecatEQZ\" \/>\n<meta name=\"twitter:card\" content=\"summary_large_image\" \/>\n<meta name=\"twitter:label1\" content=\"Escrito por\" \/>\n\t<meta name=\"twitter:data1\" content=\"EurecatEQZ\" \/>\n\t<meta name=\"twitter:label2\" content=\"Tiempo de lectura\" \/>\n\t<meta name=\"twitter:data2\" content=\"3 minutos\" \/>\n<script type=\"application\/ld+json\" class=\"yoast-schema-graph\">{\"@context\":\"https:\\\/\\\/schema.org\",\"@graph\":[{\"@type\":\"Article\",\"@id\":\"https:\\\/\\\/eurecat.org\\\/es\\\/ricard-garcia-valls-veremos-grandes-progresos-en-la-quimica-verde-en-polimeros-renovables-y-reciclables-y-en-aplicaciones-quimicas-ligadas-a-la-digitalizacion\\\/#article\",\"isPartOf\":{\"@id\":\"https:\\\/\\\/eurecat.org\\\/es\\\/ricard-garcia-valls-veremos-grandes-progresos-en-la-quimica-verde-en-polimeros-renovables-y-reciclables-y-en-aplicaciones-quimicas-ligadas-a-la-digitalizacion\\\/\"},\"author\":{\"name\":\"EurecatEQZ\",\"@id\":\"https:\\\/\\\/eurecat.org\\\/es\\\/#\\\/schema\\\/person\\\/99d4d39712001e7621b6867b27b40bed\"},\"headline\":\"Ricard Garcia Valls: \u00abVeremos grandes progresos en la qu\u00edmica verde, en pol\u00edmeros renovables y reciclables y en aplicaciones qu\u00edmicas ligadas a la digitalizaci\u00f3n\u00bb\",\"datePublished\":\"2021-03-24T11:36:28+00:00\",\"dateModified\":\"2021-03-24T11:42:15+00:00\",\"mainEntityOfPage\":{\"@id\":\"https:\\\/\\\/eurecat.org\\\/es\\\/ricard-garcia-valls-veremos-grandes-progresos-en-la-quimica-verde-en-polimeros-renovables-y-reciclables-y-en-aplicaciones-quimicas-ligadas-a-la-digitalizacion\\\/\"},\"wordCount\":692,\"image\":{\"@id\":\"https:\\\/\\\/eurecat.org\\\/es\\\/ricard-garcia-valls-veremos-grandes-progresos-en-la-quimica-verde-en-polimeros-renovables-y-reciclables-y-en-aplicaciones-quimicas-ligadas-a-la-digitalizacion\\\/#primaryimage\"},\"thumbnailUrl\":\"https:\\\/\\\/eurecat.org\\\/wp-content\\\/uploads\\\/2021\\\/03\\\/RicardGarciaValls.jpg\",\"articleSection\":[\"Blog\",\"Qu\u00edmico\",\"Qu\u00edmica\"],\"inLanguage\":\"es\"},{\"@type\":\"WebPage\",\"@id\":\"https:\\\/\\\/eurecat.org\\\/es\\\/ricard-garcia-valls-veremos-grandes-progresos-en-la-quimica-verde-en-polimeros-renovables-y-reciclables-y-en-aplicaciones-quimicas-ligadas-a-la-digitalizacion\\\/\",\"url\":\"https:\\\/\\\/eurecat.org\\\/es\\\/ricard-garcia-valls-veremos-grandes-progresos-en-la-quimica-verde-en-polimeros-renovables-y-reciclables-y-en-aplicaciones-quimicas-ligadas-a-la-digitalizacion\\\/\",\"name\":\"Ricard Garcia Valls: \\\"Veremos grandes progresos en la qu\u00edmica verde, en pol\u00edmeros renovables y reciclables y en aplicaciones qu\u00edmicas ligadas a la digitalizaci\u00f3n\\\" - Eurecat\",\"isPartOf\":{\"@id\":\"https:\\\/\\\/eurecat.org\\\/es\\\/#website\"},\"primaryImageOfPage\":{\"@id\":\"https:\\\/\\\/eurecat.org\\\/es\\\/ricard-garcia-valls-veremos-grandes-progresos-en-la-quimica-verde-en-polimeros-renovables-y-reciclables-y-en-aplicaciones-quimicas-ligadas-a-la-digitalizacion\\\/#primaryimage\"},\"image\":{\"@id\":\"https:\\\/\\\/eurecat.org\\\/es\\\/ricard-garcia-valls-veremos-grandes-progresos-en-la-quimica-verde-en-polimeros-renovables-y-reciclables-y-en-aplicaciones-quimicas-ligadas-a-la-digitalizacion\\\/#primaryimage\"},\"thumbnailUrl\":\"https:\\\/\\\/eurecat.org\\\/wp-content\\\/uploads\\\/2021\\\/03\\\/RicardGarciaValls.jpg\",\"datePublished\":\"2021-03-24T11:36:28+00:00\",\"dateModified\":\"2021-03-24T11:42:15+00:00\",\"author\":{\"@id\":\"https:\\\/\\\/eurecat.org\\\/es\\\/#\\\/schema\\\/person\\\/99d4d39712001e7621b6867b27b40bed\"},\"description\":\"La agricultura, el CO2, el hidr\u00f3geno, la energ\u00eda, la salud y los bienes de consumo son algunos de los \u00e1mbitos en los que veremos transformaciones con impacto a nivel de tecnolog\u00edas qu\u00edmicas\",\"breadcrumb\":{\"@id\":\"https:\\\/\\\/eurecat.org\\\/es\\\/ricard-garcia-valls-veremos-grandes-progresos-en-la-quimica-verde-en-polimeros-renovables-y-reciclables-y-en-aplicaciones-quimicas-ligadas-a-la-digitalizacion\\\/#breadcrumb\"},\"inLanguage\":\"es\",\"potentialAction\":[{\"@type\":\"ReadAction\",\"target\":[\"https:\\\/\\\/eurecat.org\\\/es\\\/ricard-garcia-valls-veremos-grandes-progresos-en-la-quimica-verde-en-polimeros-renovables-y-reciclables-y-en-aplicaciones-quimicas-ligadas-a-la-digitalizacion\\\/\"]}]},{\"@type\":\"ImageObject\",\"inLanguage\":\"es\",\"@id\":\"https:\\\/\\\/eurecat.org\\\/es\\\/ricard-garcia-valls-veremos-grandes-progresos-en-la-quimica-verde-en-polimeros-renovables-y-reciclables-y-en-aplicaciones-quimicas-ligadas-a-la-digitalizacion\\\/#primaryimage\",\"url\":\"https:\\\/\\\/eurecat.org\\\/wp-content\\\/uploads\\\/2021\\\/03\\\/RicardGarciaValls.jpg\",\"contentUrl\":\"https:\\\/\\\/eurecat.org\\\/wp-content\\\/uploads\\\/2021\\\/03\\\/RicardGarciaValls.jpg\",\"width\":520,\"height\":650},{\"@type\":\"BreadcrumbList\",\"@id\":\"https:\\\/\\\/eurecat.org\\\/es\\\/ricard-garcia-valls-veremos-grandes-progresos-en-la-quimica-verde-en-polimeros-renovables-y-reciclables-y-en-aplicaciones-quimicas-ligadas-a-la-digitalizacion\\\/#breadcrumb\",\"itemListElement\":[{\"@type\":\"ListItem\",\"position\":1,\"name\":\"Inici\",\"item\":\"https:\\\/\\\/eurecat.org\\\/es\\\/\"},{\"@type\":\"ListItem\",\"position\":2,\"name\":\"Ricard Garcia Valls: \u00abVeremos grandes progresos en la qu\u00edmica verde, en pol\u00edmeros renovables y reciclables y en aplicaciones qu\u00edmicas ligadas a la digitalizaci\u00f3n\u00bb\"}]},{\"@type\":\"WebSite\",\"@id\":\"https:\\\/\\\/eurecat.org\\\/es\\\/#website\",\"url\":\"https:\\\/\\\/eurecat.org\\\/es\\\/\",\"name\":\"Eurecat\",\"description\":\"Otro sitio realizado con WordPress\",\"potentialAction\":[{\"@type\":\"SearchAction\",\"target\":{\"@type\":\"EntryPoint\",\"urlTemplate\":\"https:\\\/\\\/eurecat.org\\\/es\\\/?s={search_term_string}\"},\"query-input\":{\"@type\":\"PropertyValueSpecification\",\"valueRequired\":true,\"valueName\":\"search_term_string\"}}],\"inLanguage\":\"es\"},{\"@type\":\"Person\",\"@id\":\"https:\\\/\\\/eurecat.org\\\/es\\\/#\\\/schema\\\/person\\\/99d4d39712001e7621b6867b27b40bed\",\"name\":\"EurecatEQZ\",\"image\":{\"@type\":\"ImageObject\",\"inLanguage\":\"es\",\"@id\":\"https:\\\/\\\/secure.gravatar.com\\\/avatar\\\/6deb26ca61bcc34263c59cc62bb8b08ff90b67af7f99943babf5d86396845993?s=96&d=mm&r=g\",\"url\":\"https:\\\/\\\/secure.gravatar.com\\\/avatar\\\/6deb26ca61bcc34263c59cc62bb8b08ff90b67af7f99943babf5d86396845993?s=96&d=mm&r=g\",\"contentUrl\":\"https:\\\/\\\/secure.gravatar.com\\\/avatar\\\/6deb26ca61bcc34263c59cc62bb8b08ff90b67af7f99943babf5d86396845993?s=96&d=mm&r=g\",\"caption\":\"EurecatEQZ\"}}]}<\/script>\n<!-- \/ Yoast SEO plugin. -->","yoast_head_json":{"title":"Ricard Garcia Valls: \"Veremos grandes progresos en la qu\u00edmica verde, en pol\u00edmeros renovables y reciclables y en aplicaciones qu\u00edmicas ligadas a la digitalizaci\u00f3n\" - Eurecat","description":"La agricultura, el CO2, el hidr\u00f3geno, la energ\u00eda, la salud y los bienes de consumo son algunos de los \u00e1mbitos en los que veremos transformaciones con impacto a nivel de tecnolog\u00edas qu\u00edmicas","robots":{"index":"index","follow":"follow","max-snippet":"max-snippet:-1","max-image-preview":"max-image-preview:large","max-video-preview":"max-video-preview:-1"},"canonical":"https:\/\/eurecat.org\/es\/ricard-garcia-valls-veremos-grandes-progresos-en-la-quimica-verde-en-polimeros-renovables-y-reciclables-y-en-aplicaciones-quimicas-ligadas-a-la-digitalizacion\/","og_locale":"es_ES","og_type":"article","og_title":"Ricard Garcia Valls: \"Veremos grandes progresos en la qu\u00edmica verde, en pol\u00edmeros renovables y reciclables y en aplicaciones qu\u00edmicas ligadas a la digitalizaci\u00f3n\" - Eurecat","og_description":"La agricultura, el CO2, el hidr\u00f3geno, la energ\u00eda, la salud y los bienes de consumo son algunos de los \u00e1mbitos en los que veremos transformaciones con impacto a nivel de tecnolog\u00edas qu\u00edmicas","og_url":"https:\/\/eurecat.org\/es\/ricard-garcia-valls-veremos-grandes-progresos-en-la-quimica-verde-en-polimeros-renovables-y-reciclables-y-en-aplicaciones-quimicas-ligadas-a-la-digitalizacion\/","og_site_name":"Eurecat","article_published_time":"2021-03-24T11:36:28+00:00","article_modified_time":"2021-03-24T11:42:15+00:00","og_image":[{"width":520,"height":650,"url":"https:\/\/eurecat.org\/wp-content\/uploads\/2021\/03\/RicardGarciaValls.jpg","type":"image\/jpeg"}],"author":"EurecatEQZ","twitter_card":"summary_large_image","twitter_misc":{"Escrito por":"EurecatEQZ","Tiempo de lectura":"3 minutos"},"schema":{"@context":"https:\/\/schema.org","@graph":[{"@type":"Article","@id":"https:\/\/eurecat.org\/es\/ricard-garcia-valls-veremos-grandes-progresos-en-la-quimica-verde-en-polimeros-renovables-y-reciclables-y-en-aplicaciones-quimicas-ligadas-a-la-digitalizacion\/#article","isPartOf":{"@id":"https:\/\/eurecat.org\/es\/ricard-garcia-valls-veremos-grandes-progresos-en-la-quimica-verde-en-polimeros-renovables-y-reciclables-y-en-aplicaciones-quimicas-ligadas-a-la-digitalizacion\/"},"author":{"name":"EurecatEQZ","@id":"https:\/\/eurecat.org\/es\/#\/schema\/person\/99d4d39712001e7621b6867b27b40bed"},"headline":"Ricard Garcia Valls: \u00abVeremos grandes progresos en la qu\u00edmica verde, en pol\u00edmeros renovables y reciclables y en aplicaciones qu\u00edmicas ligadas a la digitalizaci\u00f3n\u00bb","datePublished":"2021-03-24T11:36:28+00:00","dateModified":"2021-03-24T11:42:15+00:00","mainEntityOfPage":{"@id":"https:\/\/eurecat.org\/es\/ricard-garcia-valls-veremos-grandes-progresos-en-la-quimica-verde-en-polimeros-renovables-y-reciclables-y-en-aplicaciones-quimicas-ligadas-a-la-digitalizacion\/"},"wordCount":692,"image":{"@id":"https:\/\/eurecat.org\/es\/ricard-garcia-valls-veremos-grandes-progresos-en-la-quimica-verde-en-polimeros-renovables-y-reciclables-y-en-aplicaciones-quimicas-ligadas-a-la-digitalizacion\/#primaryimage"},"thumbnailUrl":"https:\/\/eurecat.org\/wp-content\/uploads\/2021\/03\/RicardGarciaValls.jpg","articleSection":["Blog","Qu\u00edmico","Qu\u00edmica"],"inLanguage":"es"},{"@type":"WebPage","@id":"https:\/\/eurecat.org\/es\/ricard-garcia-valls-veremos-grandes-progresos-en-la-quimica-verde-en-polimeros-renovables-y-reciclables-y-en-aplicaciones-quimicas-ligadas-a-la-digitalizacion\/","url":"https:\/\/eurecat.org\/es\/ricard-garcia-valls-veremos-grandes-progresos-en-la-quimica-verde-en-polimeros-renovables-y-reciclables-y-en-aplicaciones-quimicas-ligadas-a-la-digitalizacion\/","name":"Ricard Garcia Valls: \"Veremos grandes progresos en la qu\u00edmica verde, en pol\u00edmeros renovables y reciclables y en aplicaciones qu\u00edmicas ligadas a la digitalizaci\u00f3n\" - Eurecat","isPartOf":{"@id":"https:\/\/eurecat.org\/es\/#website"},"primaryImageOfPage":{"@id":"https:\/\/eurecat.org\/es\/ricard-garcia-valls-veremos-grandes-progresos-en-la-quimica-verde-en-polimeros-renovables-y-reciclables-y-en-aplicaciones-quimicas-ligadas-a-la-digitalizacion\/#primaryimage"},"image":{"@id":"https:\/\/eurecat.org\/es\/ricard-garcia-valls-veremos-grandes-progresos-en-la-quimica-verde-en-polimeros-renovables-y-reciclables-y-en-aplicaciones-quimicas-ligadas-a-la-digitalizacion\/#primaryimage"},"thumbnailUrl":"https:\/\/eurecat.org\/wp-content\/uploads\/2021\/03\/RicardGarciaValls.jpg","datePublished":"2021-03-24T11:36:28+00:00","dateModified":"2021-03-24T11:42:15+00:00","author":{"@id":"https:\/\/eurecat.org\/es\/#\/schema\/person\/99d4d39712001e7621b6867b27b40bed"},"description":"La agricultura, el CO2, el hidr\u00f3geno, la energ\u00eda, la salud y los bienes de consumo son algunos de los \u00e1mbitos en los que veremos transformaciones con impacto a nivel de tecnolog\u00edas qu\u00edmicas","breadcrumb":{"@id":"https:\/\/eurecat.org\/es\/ricard-garcia-valls-veremos-grandes-progresos-en-la-quimica-verde-en-polimeros-renovables-y-reciclables-y-en-aplicaciones-quimicas-ligadas-a-la-digitalizacion\/#breadcrumb"},"inLanguage":"es","potentialAction":[{"@type":"ReadAction","target":["https:\/\/eurecat.org\/es\/ricard-garcia-valls-veremos-grandes-progresos-en-la-quimica-verde-en-polimeros-renovables-y-reciclables-y-en-aplicaciones-quimicas-ligadas-a-la-digitalizacion\/"]}]},{"@type":"ImageObject","inLanguage":"es","@id":"https:\/\/eurecat.org\/es\/ricard-garcia-valls-veremos-grandes-progresos-en-la-quimica-verde-en-polimeros-renovables-y-reciclables-y-en-aplicaciones-quimicas-ligadas-a-la-digitalizacion\/#primaryimage","url":"https:\/\/eurecat.org\/wp-content\/uploads\/2021\/03\/RicardGarciaValls.jpg","contentUrl":"https:\/\/eurecat.org\/wp-content\/uploads\/2021\/03\/RicardGarciaValls.jpg","width":520,"height":650},{"@type":"BreadcrumbList","@id":"https:\/\/eurecat.org\/es\/ricard-garcia-valls-veremos-grandes-progresos-en-la-quimica-verde-en-polimeros-renovables-y-reciclables-y-en-aplicaciones-quimicas-ligadas-a-la-digitalizacion\/#breadcrumb","itemListElement":[{"@type":"ListItem","position":1,"name":"Inici","item":"https:\/\/eurecat.org\/es\/"},{"@type":"ListItem","position":2,"name":"Ricard Garcia Valls: \u00abVeremos grandes progresos en la qu\u00edmica verde, en pol\u00edmeros renovables y reciclables y en aplicaciones qu\u00edmicas ligadas a la digitalizaci\u00f3n\u00bb"}]},{"@type":"WebSite","@id":"https:\/\/eurecat.org\/es\/#website","url":"https:\/\/eurecat.org\/es\/","name":"Eurecat","description":"Otro sitio realizado con WordPress","potentialAction":[{"@type":"SearchAction","target":{"@type":"EntryPoint","urlTemplate":"https:\/\/eurecat.org\/es\/?s={search_term_string}"},"query-input":{"@type":"PropertyValueSpecification","valueRequired":true,"valueName":"search_term_string"}}],"inLanguage":"es"},{"@type":"Person","@id":"https:\/\/eurecat.org\/es\/#\/schema\/person\/99d4d39712001e7621b6867b27b40bed","name":"EurecatEQZ","image":{"@type":"ImageObject","inLanguage":"es","@id":"https:\/\/secure.gravatar.com\/avatar\/6deb26ca61bcc34263c59cc62bb8b08ff90b67af7f99943babf5d86396845993?s=96&d=mm&r=g","url":"https:\/\/secure.gravatar.com\/avatar\/6deb26ca61bcc34263c59cc62bb8b08ff90b67af7f99943babf5d86396845993?s=96&d=mm&r=g","contentUrl":"https:\/\/secure.gravatar.com\/avatar\/6deb26ca61bcc34263c59cc62bb8b08ff90b67af7f99943babf5d86396845993?s=96&d=mm&r=g","caption":"EurecatEQZ"}}]}},"_links":{"self":[{"href":"https:\/\/eurecat.org\/es\/wp-json\/wp\/v2\/posts\/112614","targetHints":{"allow":["GET"]}}],"collection":[{"href":"https:\/\/eurecat.org\/es\/wp-json\/wp\/v2\/posts"}],"about":[{"href":"https:\/\/eurecat.org\/es\/wp-json\/wp\/v2\/types\/post"}],"author":[{"embeddable":true,"href":"https:\/\/eurecat.org\/es\/wp-json\/wp\/v2\/users\/20"}],"replies":[{"embeddable":true,"href":"https:\/\/eurecat.org\/es\/wp-json\/wp\/v2\/comments?post=112614"}],"version-history":[{"count":0,"href":"https:\/\/eurecat.org\/es\/wp-json\/wp\/v2\/posts\/112614\/revisions"}],"wp:featuredmedia":[{"embeddable":true,"href":"https:\/\/eurecat.org\/es\/wp-json\/wp\/v2\/media\/112617"}],"wp:attachment":[{"href":"https:\/\/eurecat.org\/es\/wp-json\/wp\/v2\/media?parent=112614"}],"wp:term":[{"taxonomy":"category","embeddable":true,"href":"https:\/\/eurecat.org\/es\/wp-json\/wp\/v2\/categories?post=112614"},{"taxonomy":"post_tag","embeddable":true,"href":"https:\/\/eurecat.org\/es\/wp-json\/wp\/v2\/tags?post=112614"}],"curies":[{"name":"wp","href":"https:\/\/api.w.org\/{rel}","templated":true}]}}