{"id":112735,"date":"2021-03-25T10:23:01","date_gmt":"2021-03-25T09:23:01","guid":{"rendered":"https:\/\/eurecat.org\/?p=112735"},"modified":"2021-03-26T07:37:14","modified_gmt":"2021-03-26T07:37:14","slug":"eurecat-participa-feria-europea-electronica-impresa","status":"publish","type":"post","link":"https:\/\/eurecat.org\/es\/eurecat-participa-feria-europea-electronica-impresa\/","title":{"rendered":"Eurecat participa en la feria europea de referencia en electr\u00f3nica impresa"},"content":{"rendered":"<p>El centro tecnol\u00f3gico <strong><a href=\"http:\/\/eurecat.org\/es\/\" target=\"_blank\" rel=\"noopener\">Eurecat<\/a><\/strong> participa en la feria <strong>LOPEC<\/strong>, el evento europeo m\u00e1s importante dedicado a la<strong> electr\u00f3nica impresa<\/strong> que este a\u00f1o se celebra en formato online, junto con el Hub de aceleraci\u00f3n tecnol\u00f3gica <strong>SmartEEs2<\/strong>, que tiene la finalidad de mejorar la competitividad de las pymes mediante la incorporaci\u00f3n de la electr\u00f3nica flexible y port\u00e1til.<\/p>\n<p>De acuerdo con la promotora tecnol\u00f3gica de la Unidad de Impresi\u00f3n Funcional y Dispositivos Integrados de Eurecat, Cristina Casellas, \u201cla experiencia del centro tecnol\u00f3gico Eurecat en el \u00e1mbito de la electr\u00f3nica impresa permite acercar esta tecnolog\u00eda cada vez m\u00e1s a mercado, orientada a las necesidades y los retos de las empresas\u201d.<\/p>\n<p>En el marco del proyecto SmartEEs2, en el que participa, \u201cEurecat ayuda a las empresas y desarrolla prototipos para ver la viabilidad de las soluciones tecnol\u00f3gicas antes de invertir recursos\u201d, a\u00f1ade Casellas.<\/p>\n<p>El proyecto SmartEEs2 contar\u00e1 con un total de cinco convocatorias entre el 2020 y 2021 dirigidas a empresas, pymes y startups de diferentes sectores como la automoci\u00f3n, la log\u00edstica, la salud, la energ\u00eda o el packaging.<\/p>\n<p>Las tres primeras convocatorias de SmartEEs2 se han centrado en proyectos que incorporan electr\u00f3nica flexible y port\u00e1til a sus productos y servicios, y han priorizado propuestas que ayudan a reducir la propagaci\u00f3n de la Covid-19, as\u00ed como soluciones en el \u00e1mbito de la prevenci\u00f3n, el diagn\u00f3stico y la terapia, entre otros.<\/p>\n<p>El proyecto SmartEEs2, que es la continuaci\u00f3n de la iniciativa SmartEEs, es un HUB de Innovaci\u00f3n Digital (DIH, por sus siglas en ingl\u00e9s) formado por ocho centros tecnol\u00f3gicos, tres consultoras y tres cl\u00fasteres de nueve pa\u00edses de la Uni\u00f3n Europea.<\/p>\n<h2>Presencia de Eurecat en el concurso Oe-a Competition 2021<\/h2>\n<p>En el marco de la feria LOPEC, el centro tecnol\u00f3gico Eurecat participa en el concurso <strong><a href=\"https:\/\/www.lopec.com\/en\/trade-fair\/program\/lopec-award\/\" target=\"_blank\" rel=\"noopener\">Oe-a Competition 2021<\/a><\/strong> en la categor\u00eda de \u2018Publicly Funded Project Demonstrator\u2019 con el proyecto Optogenerapy, que ha desarrollado el primer implante biofot\u00f3nico para administrar prote\u00ednas terap\u00e9uticas en pacientes con esclerosis m\u00faltiple. Este mes de marzo se dar\u00e1n a conocer los ganadores, que presentar\u00e1n sus soluciones el pr\u00f3ximo jueves 15 de abril en una ceremonia online.<\/p>\n","protected":false},"excerpt":{"rendered":"<p>El centro tecnol\u00f3gico Eurecat participa en la feria LOPEC, el evento europeo m\u00e1s importante dedicado a la electr\u00f3nica impresa que este a\u00f1o se celebra en formato online, junto con el Hub de aceleraci\u00f3n tecnol\u00f3gica SmartEEs2, que tiene la finalidad de mejorar la competitividad de las pymes mediante la incorporaci\u00f3n de la electr\u00f3nica flexible y port\u00e1til.  [&#8230;]<\/p>\n","protected":false},"author":27,"featured_media":112733,"comment_status":"open","ping_status":"closed","sticky":false,"template":"","format":"standard","meta":{"footnotes":""},"categories":[727,399,134],"tags":[],"class_list":["post-112735","post","type-post","status-publish","format-standard","has-post-thumbnail","hentry","category-ferias","category-impresion-funcional","category-notas-de-prensa"],"yoast_head":"<!-- This site is optimized with the Yoast SEO plugin v27.4 - https:\/\/yoast.com\/product\/yoast-seo-wordpress\/ -->\n<title>Eurecat participa en la feria europea de referencia en electr\u00f3nica impresa<\/title>\n<meta name=\"description\" content=\"El centro tecnol\u00f3gico Eurecat participa en la feria LOPEC, el evento europeo m\u00e1s importante dedicado a la electr\u00f3nica impresa.\" \/>\n<meta name=\"robots\" content=\"index, follow, max-snippet:-1, max-image-preview:large, max-video-preview:-1\" \/>\n<link rel=\"canonical\" href=\"https:\/\/eurecat.org\/es\/eurecat-participa-feria-europea-electronica-impresa\/\" \/>\n<meta property=\"og:locale\" content=\"es_ES\" \/>\n<meta property=\"og:type\" content=\"article\" \/>\n<meta property=\"og:title\" content=\"Eurecat participa en la feria europea de referencia en electr\u00f3nica impresa\" \/>\n<meta property=\"og:description\" content=\"El centro tecnol\u00f3gico Eurecat participa en la feria LOPEC, el evento europeo m\u00e1s importante dedicado a la electr\u00f3nica impresa.\" \/>\n<meta property=\"og:url\" content=\"https:\/\/eurecat.org\/es\/eurecat-participa-feria-europea-electronica-impresa\/\" \/>\n<meta property=\"og:site_name\" content=\"Eurecat\" \/>\n<meta property=\"article:published_time\" content=\"2021-03-25T09:23:01+00:00\" \/>\n<meta property=\"article:modified_time\" content=\"2021-03-26T07:37:14+00:00\" \/>\n<meta property=\"og:image\" content=\"https:\/\/eurecat.org\/wp-content\/uploads\/2021\/03\/Eurecat-LOPEC-Optogenerapy_930x515px.jpg\" \/>\n\t<meta property=\"og:image:width\" content=\"930\" \/>\n\t<meta property=\"og:image:height\" content=\"515\" \/>\n\t<meta property=\"og:image:type\" content=\"image\/jpeg\" \/>\n<meta name=\"author\" content=\"eurecatNG\" \/>\n<meta name=\"twitter:card\" content=\"summary_large_image\" \/>\n<meta name=\"twitter:label1\" content=\"Escrito por\" \/>\n\t<meta name=\"twitter:data1\" content=\"eurecatNG\" \/>\n\t<meta name=\"twitter:label2\" content=\"Tiempo de lectura\" \/>\n\t<meta name=\"twitter:data2\" content=\"2 minutos\" \/>\n<script type=\"application\/ld+json\" class=\"yoast-schema-graph\">{\"@context\":\"https:\\\/\\\/schema.org\",\"@graph\":[{\"@type\":\"Article\",\"@id\":\"https:\\\/\\\/eurecat.org\\\/es\\\/eurecat-participa-feria-europea-electronica-impresa\\\/#article\",\"isPartOf\":{\"@id\":\"https:\\\/\\\/eurecat.org\\\/es\\\/eurecat-participa-feria-europea-electronica-impresa\\\/\"},\"author\":{\"name\":\"eurecatNG\",\"@id\":\"https:\\\/\\\/eurecat.org\\\/es\\\/#\\\/schema\\\/person\\\/8342992d6929ad043b305d3cac68b3f4\"},\"headline\":\"Eurecat participa en la feria europea de referencia en electr\u00f3nica impresa\",\"datePublished\":\"2021-03-25T09:23:01+00:00\",\"dateModified\":\"2021-03-26T07:37:14+00:00\",\"mainEntityOfPage\":{\"@id\":\"https:\\\/\\\/eurecat.org\\\/es\\\/eurecat-participa-feria-europea-electronica-impresa\\\/\"},\"wordCount\":392,\"commentCount\":0,\"image\":{\"@id\":\"https:\\\/\\\/eurecat.org\\\/es\\\/eurecat-participa-feria-europea-electronica-impresa\\\/#primaryimage\"},\"thumbnailUrl\":\"https:\\\/\\\/eurecat.org\\\/wp-content\\\/uploads\\\/2021\\\/03\\\/Eurecat-LOPEC-Optogenerapy_930x515px.jpg\",\"articleSection\":[\"Ferias\",\"Impresi\u00f3n funcional\",\"Notas de prensa\"],\"inLanguage\":\"es\",\"potentialAction\":[{\"@type\":\"CommentAction\",\"name\":\"Comment\",\"target\":[\"https:\\\/\\\/eurecat.org\\\/es\\\/eurecat-participa-feria-europea-electronica-impresa\\\/#respond\"]}]},{\"@type\":\"WebPage\",\"@id\":\"https:\\\/\\\/eurecat.org\\\/es\\\/eurecat-participa-feria-europea-electronica-impresa\\\/\",\"url\":\"https:\\\/\\\/eurecat.org\\\/es\\\/eurecat-participa-feria-europea-electronica-impresa\\\/\",\"name\":\"Eurecat participa en la feria europea de referencia en electr\u00f3nica impresa\",\"isPartOf\":{\"@id\":\"https:\\\/\\\/eurecat.org\\\/es\\\/#website\"},\"primaryImageOfPage\":{\"@id\":\"https:\\\/\\\/eurecat.org\\\/es\\\/eurecat-participa-feria-europea-electronica-impresa\\\/#primaryimage\"},\"image\":{\"@id\":\"https:\\\/\\\/eurecat.org\\\/es\\\/eurecat-participa-feria-europea-electronica-impresa\\\/#primaryimage\"},\"thumbnailUrl\":\"https:\\\/\\\/eurecat.org\\\/wp-content\\\/uploads\\\/2021\\\/03\\\/Eurecat-LOPEC-Optogenerapy_930x515px.jpg\",\"datePublished\":\"2021-03-25T09:23:01+00:00\",\"dateModified\":\"2021-03-26T07:37:14+00:00\",\"author\":{\"@id\":\"https:\\\/\\\/eurecat.org\\\/es\\\/#\\\/schema\\\/person\\\/8342992d6929ad043b305d3cac68b3f4\"},\"description\":\"El centro tecnol\u00f3gico Eurecat participa en la feria LOPEC, el evento europeo m\u00e1s importante dedicado a la electr\u00f3nica impresa.\",\"breadcrumb\":{\"@id\":\"https:\\\/\\\/eurecat.org\\\/es\\\/eurecat-participa-feria-europea-electronica-impresa\\\/#breadcrumb\"},\"inLanguage\":\"es\",\"potentialAction\":[{\"@type\":\"ReadAction\",\"target\":[\"https:\\\/\\\/eurecat.org\\\/es\\\/eurecat-participa-feria-europea-electronica-impresa\\\/\"]}]},{\"@type\":\"ImageObject\",\"inLanguage\":\"es\",\"@id\":\"https:\\\/\\\/eurecat.org\\\/es\\\/eurecat-participa-feria-europea-electronica-impresa\\\/#primaryimage\",\"url\":\"https:\\\/\\\/eurecat.org\\\/wp-content\\\/uploads\\\/2021\\\/03\\\/Eurecat-LOPEC-Optogenerapy_930x515px.jpg\",\"contentUrl\":\"https:\\\/\\\/eurecat.org\\\/wp-content\\\/uploads\\\/2021\\\/03\\\/Eurecat-LOPEC-Optogenerapy_930x515px.jpg\",\"width\":930,\"height\":515,\"caption\":\"Eurecat LOPEC Optogenerapy\"},{\"@type\":\"BreadcrumbList\",\"@id\":\"https:\\\/\\\/eurecat.org\\\/es\\\/eurecat-participa-feria-europea-electronica-impresa\\\/#breadcrumb\",\"itemListElement\":[{\"@type\":\"ListItem\",\"position\":1,\"name\":\"Inici\",\"item\":\"https:\\\/\\\/eurecat.org\\\/es\\\/\"},{\"@type\":\"ListItem\",\"position\":2,\"name\":\"Eurecat participa en la feria europea de referencia en electr\u00f3nica impresa\"}]},{\"@type\":\"WebSite\",\"@id\":\"https:\\\/\\\/eurecat.org\\\/es\\\/#website\",\"url\":\"https:\\\/\\\/eurecat.org\\\/es\\\/\",\"name\":\"Eurecat\",\"description\":\"Otro sitio realizado con WordPress\",\"potentialAction\":[{\"@type\":\"SearchAction\",\"target\":{\"@type\":\"EntryPoint\",\"urlTemplate\":\"https:\\\/\\\/eurecat.org\\\/es\\\/?s={search_term_string}\"},\"query-input\":{\"@type\":\"PropertyValueSpecification\",\"valueRequired\":true,\"valueName\":\"search_term_string\"}}],\"inLanguage\":\"es\"},{\"@type\":\"Person\",\"@id\":\"https:\\\/\\\/eurecat.org\\\/es\\\/#\\\/schema\\\/person\\\/8342992d6929ad043b305d3cac68b3f4\",\"name\":\"eurecatNG\",\"image\":{\"@type\":\"ImageObject\",\"inLanguage\":\"es\",\"@id\":\"https:\\\/\\\/secure.gravatar.com\\\/avatar\\\/63200cb70ae4f15a0f673050f36df149dba802bea7614e8f838aaccfcf8ea11d?s=96&d=mm&r=g\",\"url\":\"https:\\\/\\\/secure.gravatar.com\\\/avatar\\\/63200cb70ae4f15a0f673050f36df149dba802bea7614e8f838aaccfcf8ea11d?s=96&d=mm&r=g\",\"contentUrl\":\"https:\\\/\\\/secure.gravatar.com\\\/avatar\\\/63200cb70ae4f15a0f673050f36df149dba802bea7614e8f838aaccfcf8ea11d?s=96&d=mm&r=g\",\"caption\":\"eurecatNG\"}}]}<\/script>\n<!-- \/ Yoast SEO plugin. -->","yoast_head_json":{"title":"Eurecat participa en la feria europea de referencia en electr\u00f3nica impresa","description":"El centro tecnol\u00f3gico Eurecat participa en la feria LOPEC, el evento europeo m\u00e1s importante dedicado a la electr\u00f3nica impresa.","robots":{"index":"index","follow":"follow","max-snippet":"max-snippet:-1","max-image-preview":"max-image-preview:large","max-video-preview":"max-video-preview:-1"},"canonical":"https:\/\/eurecat.org\/es\/eurecat-participa-feria-europea-electronica-impresa\/","og_locale":"es_ES","og_type":"article","og_title":"Eurecat participa en la feria europea de referencia en electr\u00f3nica impresa","og_description":"El centro tecnol\u00f3gico Eurecat participa en la feria LOPEC, el evento europeo m\u00e1s importante dedicado a la electr\u00f3nica impresa.","og_url":"https:\/\/eurecat.org\/es\/eurecat-participa-feria-europea-electronica-impresa\/","og_site_name":"Eurecat","article_published_time":"2021-03-25T09:23:01+00:00","article_modified_time":"2021-03-26T07:37:14+00:00","og_image":[{"width":930,"height":515,"url":"https:\/\/eurecat.org\/wp-content\/uploads\/2021\/03\/Eurecat-LOPEC-Optogenerapy_930x515px.jpg","type":"image\/jpeg"}],"author":"eurecatNG","twitter_card":"summary_large_image","twitter_misc":{"Escrito por":"eurecatNG","Tiempo de lectura":"2 minutos"},"schema":{"@context":"https:\/\/schema.org","@graph":[{"@type":"Article","@id":"https:\/\/eurecat.org\/es\/eurecat-participa-feria-europea-electronica-impresa\/#article","isPartOf":{"@id":"https:\/\/eurecat.org\/es\/eurecat-participa-feria-europea-electronica-impresa\/"},"author":{"name":"eurecatNG","@id":"https:\/\/eurecat.org\/es\/#\/schema\/person\/8342992d6929ad043b305d3cac68b3f4"},"headline":"Eurecat participa en la feria europea de referencia en electr\u00f3nica impresa","datePublished":"2021-03-25T09:23:01+00:00","dateModified":"2021-03-26T07:37:14+00:00","mainEntityOfPage":{"@id":"https:\/\/eurecat.org\/es\/eurecat-participa-feria-europea-electronica-impresa\/"},"wordCount":392,"commentCount":0,"image":{"@id":"https:\/\/eurecat.org\/es\/eurecat-participa-feria-europea-electronica-impresa\/#primaryimage"},"thumbnailUrl":"https:\/\/eurecat.org\/wp-content\/uploads\/2021\/03\/Eurecat-LOPEC-Optogenerapy_930x515px.jpg","articleSection":["Ferias","Impresi\u00f3n funcional","Notas de prensa"],"inLanguage":"es","potentialAction":[{"@type":"CommentAction","name":"Comment","target":["https:\/\/eurecat.org\/es\/eurecat-participa-feria-europea-electronica-impresa\/#respond"]}]},{"@type":"WebPage","@id":"https:\/\/eurecat.org\/es\/eurecat-participa-feria-europea-electronica-impresa\/","url":"https:\/\/eurecat.org\/es\/eurecat-participa-feria-europea-electronica-impresa\/","name":"Eurecat participa en la feria europea de referencia en electr\u00f3nica impresa","isPartOf":{"@id":"https:\/\/eurecat.org\/es\/#website"},"primaryImageOfPage":{"@id":"https:\/\/eurecat.org\/es\/eurecat-participa-feria-europea-electronica-impresa\/#primaryimage"},"image":{"@id":"https:\/\/eurecat.org\/es\/eurecat-participa-feria-europea-electronica-impresa\/#primaryimage"},"thumbnailUrl":"https:\/\/eurecat.org\/wp-content\/uploads\/2021\/03\/Eurecat-LOPEC-Optogenerapy_930x515px.jpg","datePublished":"2021-03-25T09:23:01+00:00","dateModified":"2021-03-26T07:37:14+00:00","author":{"@id":"https:\/\/eurecat.org\/es\/#\/schema\/person\/8342992d6929ad043b305d3cac68b3f4"},"description":"El centro tecnol\u00f3gico Eurecat participa en la feria LOPEC, el evento europeo m\u00e1s importante dedicado a la electr\u00f3nica impresa.","breadcrumb":{"@id":"https:\/\/eurecat.org\/es\/eurecat-participa-feria-europea-electronica-impresa\/#breadcrumb"},"inLanguage":"es","potentialAction":[{"@type":"ReadAction","target":["https:\/\/eurecat.org\/es\/eurecat-participa-feria-europea-electronica-impresa\/"]}]},{"@type":"ImageObject","inLanguage":"es","@id":"https:\/\/eurecat.org\/es\/eurecat-participa-feria-europea-electronica-impresa\/#primaryimage","url":"https:\/\/eurecat.org\/wp-content\/uploads\/2021\/03\/Eurecat-LOPEC-Optogenerapy_930x515px.jpg","contentUrl":"https:\/\/eurecat.org\/wp-content\/uploads\/2021\/03\/Eurecat-LOPEC-Optogenerapy_930x515px.jpg","width":930,"height":515,"caption":"Eurecat LOPEC Optogenerapy"},{"@type":"BreadcrumbList","@id":"https:\/\/eurecat.org\/es\/eurecat-participa-feria-europea-electronica-impresa\/#breadcrumb","itemListElement":[{"@type":"ListItem","position":1,"name":"Inici","item":"https:\/\/eurecat.org\/es\/"},{"@type":"ListItem","position":2,"name":"Eurecat participa en la feria europea de referencia en electr\u00f3nica impresa"}]},{"@type":"WebSite","@id":"https:\/\/eurecat.org\/es\/#website","url":"https:\/\/eurecat.org\/es\/","name":"Eurecat","description":"Otro sitio realizado con WordPress","potentialAction":[{"@type":"SearchAction","target":{"@type":"EntryPoint","urlTemplate":"https:\/\/eurecat.org\/es\/?s={search_term_string}"},"query-input":{"@type":"PropertyValueSpecification","valueRequired":true,"valueName":"search_term_string"}}],"inLanguage":"es"},{"@type":"Person","@id":"https:\/\/eurecat.org\/es\/#\/schema\/person\/8342992d6929ad043b305d3cac68b3f4","name":"eurecatNG","image":{"@type":"ImageObject","inLanguage":"es","@id":"https:\/\/secure.gravatar.com\/avatar\/63200cb70ae4f15a0f673050f36df149dba802bea7614e8f838aaccfcf8ea11d?s=96&d=mm&r=g","url":"https:\/\/secure.gravatar.com\/avatar\/63200cb70ae4f15a0f673050f36df149dba802bea7614e8f838aaccfcf8ea11d?s=96&d=mm&r=g","contentUrl":"https:\/\/secure.gravatar.com\/avatar\/63200cb70ae4f15a0f673050f36df149dba802bea7614e8f838aaccfcf8ea11d?s=96&d=mm&r=g","caption":"eurecatNG"}}]}},"_links":{"self":[{"href":"https:\/\/eurecat.org\/es\/wp-json\/wp\/v2\/posts\/112735","targetHints":{"allow":["GET"]}}],"collection":[{"href":"https:\/\/eurecat.org\/es\/wp-json\/wp\/v2\/posts"}],"about":[{"href":"https:\/\/eurecat.org\/es\/wp-json\/wp\/v2\/types\/post"}],"author":[{"embeddable":true,"href":"https:\/\/eurecat.org\/es\/wp-json\/wp\/v2\/users\/27"}],"replies":[{"embeddable":true,"href":"https:\/\/eurecat.org\/es\/wp-json\/wp\/v2\/comments?post=112735"}],"version-history":[{"count":0,"href":"https:\/\/eurecat.org\/es\/wp-json\/wp\/v2\/posts\/112735\/revisions"}],"wp:featuredmedia":[{"embeddable":true,"href":"https:\/\/eurecat.org\/es\/wp-json\/wp\/v2\/media\/112733"}],"wp:attachment":[{"href":"https:\/\/eurecat.org\/es\/wp-json\/wp\/v2\/media?parent=112735"}],"wp:term":[{"taxonomy":"category","embeddable":true,"href":"https:\/\/eurecat.org\/es\/wp-json\/wp\/v2\/categories?post=112735"},{"taxonomy":"post_tag","embeddable":true,"href":"https:\/\/eurecat.org\/es\/wp-json\/wp\/v2\/tags?post=112735"}],"curies":[{"name":"wp","href":"https:\/\/api.w.org\/{rel}","templated":true}]}}