{"id":113811,"date":"2021-04-29T08:13:53","date_gmt":"2021-04-29T06:13:53","guid":{"rendered":"https:\/\/eurecat.org\/?p=113811"},"modified":"2023-06-26T17:04:16","modified_gmt":"2023-06-26T15:04:16","slug":"editorial_innovar-producir-y-consumir-en-clave-medioambiental","status":"publish","type":"post","link":"https:\/\/eurecat.org\/es\/editorial_innovar-producir-y-consumir-en-clave-medioambiental\/","title":{"rendered":"Innovar, producir y consumir en clave medioambiental"},"content":{"rendered":"<div class=\"fusion-fullwidth fullwidth-box fusion-builder-row-1 fusion-flex-container nonhundred-percent-fullwidth non-hundred-percent-height-scrolling\" style=\"--awb-border-radius-top-left:0px;--awb-border-radius-top-right:0px;--awb-border-radius-bottom-right:0px;--awb-border-radius-bottom-left:0px;--awb-flex-wrap:wrap;\" ><div class=\"fusion-builder-row fusion-row fusion-flex-align-items-flex-start fusion-flex-content-wrap\" style=\"max-width:1424.8px;margin-left: calc(-4% \/ 2 );margin-right: calc(-4% \/ 2 );\"><div class=\"fusion-layout-column fusion_builder_column fusion-builder-column-0 fusion_builder_column_1_1 1_1 fusion-flex-column\" style=\"--awb-bg-size:cover;--awb-width-large:100%;--awb-margin-top-large:0px;--awb-spacing-right-large:1.92%;--awb-margin-bottom-large:0px;--awb-spacing-left-large:1.92%;--awb-width-medium:100%;--awb-spacing-right-medium:1.92%;--awb-spacing-left-medium:1.92%;--awb-width-small:100%;--awb-spacing-right-small:1.92%;--awb-spacing-left-small:1.92%;\"><div class=\"fusion-column-wrapper fusion-flex-justify-content-flex-start fusion-content-layout-column\"><div class=\"fusion-text fusion-text-1\"><p><strong><img decoding=\"async\" class=\"wp-image-113831 size-medium alignleft\" src=\"https:\/\/eurecat.org\/wp-content\/uploads\/2021\/04\/XAVIER-TORRA-1200X800-1-300x200.jpg\" alt=\"\" width=\"300\" height=\"200\" srcset=\"https:\/\/eurecat.org\/wp-content\/uploads\/2021\/04\/XAVIER-TORRA-1200X800-1-200x133.jpg 200w, https:\/\/eurecat.org\/wp-content\/uploads\/2021\/04\/XAVIER-TORRA-1200X800-1-300x200.jpg 300w, https:\/\/eurecat.org\/wp-content\/uploads\/2021\/04\/XAVIER-TORRA-1200X800-1-391x260.jpg 391w, https:\/\/eurecat.org\/wp-content\/uploads\/2021\/04\/XAVIER-TORRA-1200X800-1-400x267.jpg 400w, https:\/\/eurecat.org\/wp-content\/uploads\/2021\/04\/XAVIER-TORRA-1200X800-1-600x400.jpg 600w, https:\/\/eurecat.org\/wp-content\/uploads\/2021\/04\/XAVIER-TORRA-1200X800-1-768x512.jpg 768w, https:\/\/eurecat.org\/wp-content\/uploads\/2021\/04\/XAVIER-TORRA-1200X800-1-800x533.jpg 800w, https:\/\/eurecat.org\/wp-content\/uploads\/2021\/04\/XAVIER-TORRA-1200X800-1-1160x773.jpg 1160w, https:\/\/eurecat.org\/wp-content\/uploads\/2021\/04\/XAVIER-TORRA-1200X800-1.jpg 1200w\" sizes=\"(max-width: 300px) 100vw, 300px\" \/><\/strong><\/p>\n<p>La concienciaci\u00f3n hacia el calentamiento global di\u00f3 pie al establecimiento del <strong>D\u00eda de la Tierra<\/strong>, una <strong>fecha que se celebra cada 22 de abril desde 1970 para poner de relieve la interdependencia entre todos los ecosistemas y los seres vivos que los habitamos<\/strong>. Aunque todav\u00eda hay mucho trabajo por hacer, tanto desde el punto de vista de los procesos de fabricaci\u00f3n como de la sensibilizaci\u00f3n social, los consumidores compramos cada vez m\u00e1s en clave medioambiental y valoramos mucho que los productos y servicios sean respetuosos con el entorno, dentro de una tendencia creciente de estilo de vida que sit\u00faa en un primer plano la preocupaci\u00f3n por la salud del planeta y el bienestar de las personas, acentuada a ra\u00edz de la pandemia del Covid-19.<\/p>\n<p>En un contexto de escasez creciente de materias primas, <strong>esta sensibilidad es fundamental para avanzar en la investigaci\u00f3n y la innovaci\u00f3n tecnol\u00f3gica<\/strong> para aumentar la sostenibilidad y la competitividad de las empresas, en \u00e1mbitos que van desde una mejor gesti\u00f3n del agua, la visi\u00f3n de los residuos como recursos y la configuraci\u00f3n de sistemas energ\u00e9ticos m\u00e1s eficientes y renovables, sin olvidar el aire y la calidad de los suelos entorno en los que vivimos.<\/p>\n<p>A este respecto, se calcula que <strong>la aplicaci\u00f3n de los principios de la econom\u00eda circular puede llegar a favorecer hasta un 45 por ciento de reducci\u00f3n en las emisiones implicadas en los procesos de producci\u00f3n y de consumo<\/strong>, por lo que constituyen una estrategia clave en la mitigaci\u00f3n ante el cambio clim\u00e1tico, junto con la disminuci\u00f3n de las emisiones de gases de efecto invernadero vinculadas a la producci\u00f3n energ\u00e9tica.<\/p>\n<p>Las opciones de mejora en este campo vienen tambi\u00e9n de <strong>incorporar el ecodise\u00f1o en las etapas iniciales de concepci\u00f3n de nuevos productos, de promover nuevos modelos de uso que prolonguen al m\u00e1ximo su recorrido y de la recuperaci\u00f3n de valor al final de la vida<\/strong>. Paralelamente y con el fin de alcanzar la neutralidad clim\u00e1tica lo antes posible, <strong>es necesario impulsar la transici\u00f3n energ\u00e9tica con el cambio del modelo hacia energ\u00edas renovables, la electrificaci\u00f3n de la movilidad con origen renovable y la eficiencia energ\u00e9tica de los edificios<\/strong> entre otros. Se trata de actividades con las que estamos profundamente implicados, a trav\u00e9s de la participaci\u00f3n en iniciativas relacionadas con el impulso de hidr\u00f3geno verde, como es la Plataforma del Hidr\u00f3geno Verde Catalu\u00f1a; con la fabricaci\u00f3n de bater\u00edas para el veh\u00edculo el\u00e9ctrico m\u00e1s eficientes y sostenibles, con proyectos pioneros a nivel europeo o con la implementaci\u00f3n de nuevas tecnolog\u00edas para potenciar la descarbonizaci\u00f3n de las edificaciones, entre otras muchas iniciativas y desaf\u00edos ante los que Eurecat genera soluciones innovadoras, trasladando tambi\u00e9n a las empresas estas metodolog\u00edas y tecnolog\u00edas que son ya factores clave de su competitividad y que, adem\u00e1s de retos, pueden generar nuevas oportunidades de negocio.<\/p>\n<p>Con el fin de calcular la estimaci\u00f3n de la ganancia ambiental de los procesos de innovaci\u00f3n tecnol\u00f3gica que desarrollamos, desde Eurecat <strong>aplicamos la metodolog\u00eda de an\u00e1lisis del ciclo de vida, que permite cuantificar las emisiones de di\u00f3xido de carbono evitadas en cada proyecto adem\u00e1s de otros par\u00e1metros de impacto ambiental, con el prop\u00f3sito de obtener nuevos datos que optimicen nuestros procesos y productos y que ayuden a mitigar el cambio clim\u00e1tico<\/strong>. En este sentido, generalizar y difundir la estimaci\u00f3n de la ganancia ambiental en \u00e1mbitos como la producci\u00f3n, el consumo o la movilidad permitir\u00eda disponer de m\u00e1s informaci\u00f3n para ayudar a frenar las emisiones de di\u00f3xido de carbono y nos empodera a todos a nivel individual y colectivo en nuestras decisiones, uno de los puntales de la revoluci\u00f3n verde que estamos viviendo.<\/p>\n<p><strong>Xavier Torra<br \/>\n<\/strong><strong>Presidente de Eurecat<\/strong><\/p>\n<\/div><\/div><\/div><\/div><\/div>\n","protected":false},"excerpt":{"rendered":"","protected":false},"author":20,"featured_media":113814,"comment_status":"closed","ping_status":"closed","sticky":false,"template":"","format":"standard","meta":{"footnotes":""},"categories":[133,2217,2590],"tags":[],"class_list":["post-113811","post","type-post","status-publish","format-standard","has-post-thumbnail","hentry","category-blog","category-editorial","category-recursos"],"yoast_head":"<!-- This site is optimized with the Yoast SEO plugin v27.5 - https:\/\/yoast.com\/product\/yoast-seo-wordpress\/ -->\n<title>Innovar, producir y consumir en clave medioambiental - Eurecat<\/title>\n<meta name=\"description\" content=\"La concienciaci\u00f3n hacia el calentamiento global di\u00f3 pie al establecimiento del D\u00eda de la Tierra, una fecha que se celebra cada 22 de abril desde 1970 para poner de relieve la interdependencia entre todos los ecosistemas y los seres vivos que los habitamos\" \/>\n<meta name=\"robots\" content=\"index, follow, max-snippet:-1, max-image-preview:large, max-video-preview:-1\" \/>\n<link rel=\"canonical\" href=\"https:\/\/eurecat.org\/es\/editorial_innovar-producir-y-consumir-en-clave-medioambiental\/\" \/>\n<meta property=\"og:locale\" content=\"es_ES\" \/>\n<meta property=\"og:type\" content=\"article\" \/>\n<meta property=\"og:title\" content=\"Innovar, producir y consumir en clave medioambiental - Eurecat\" \/>\n<meta property=\"og:description\" content=\"La concienciaci\u00f3n hacia el calentamiento global di\u00f3 pie al establecimiento del D\u00eda de la Tierra, una fecha que se celebra cada 22 de abril desde 1970 para poner de relieve la interdependencia entre todos los ecosistemas y los seres vivos que los habitamos\" \/>\n<meta property=\"og:url\" content=\"https:\/\/eurecat.org\/es\/editorial_innovar-producir-y-consumir-en-clave-medioambiental\/\" \/>\n<meta property=\"og:site_name\" content=\"Eurecat\" \/>\n<meta property=\"article:published_time\" content=\"2021-04-29T06:13:53+00:00\" \/>\n<meta property=\"article:modified_time\" content=\"2023-06-26T15:04:16+00:00\" \/>\n<meta property=\"og:image\" content=\"https:\/\/eurecat.org\/wp-content\/uploads\/2021\/04\/XAVIER-TORRA-1200X800.jpg\" \/>\n\t<meta property=\"og:image:width\" content=\"1200\" \/>\n\t<meta property=\"og:image:height\" content=\"800\" \/>\n\t<meta property=\"og:image:type\" content=\"image\/jpeg\" \/>\n<meta name=\"author\" content=\"EurecatEQZ\" \/>\n<meta name=\"twitter:card\" content=\"summary_large_image\" \/>\n<meta name=\"twitter:label1\" content=\"Escrito por\" \/>\n\t<meta name=\"twitter:data1\" content=\"EurecatEQZ\" \/>\n\t<meta name=\"twitter:label2\" content=\"Tiempo de lectura\" \/>\n\t<meta name=\"twitter:data2\" content=\"4 minutos\" \/>\n<script type=\"application\/ld+json\" class=\"yoast-schema-graph\">{\"@context\":\"https:\\\/\\\/schema.org\",\"@graph\":[{\"@type\":\"Article\",\"@id\":\"https:\\\/\\\/eurecat.org\\\/es\\\/editorial_innovar-producir-y-consumir-en-clave-medioambiental\\\/#article\",\"isPartOf\":{\"@id\":\"https:\\\/\\\/eurecat.org\\\/es\\\/editorial_innovar-producir-y-consumir-en-clave-medioambiental\\\/\"},\"author\":{\"name\":\"EurecatEQZ\",\"@id\":\"https:\\\/\\\/eurecat.org\\\/es\\\/#\\\/schema\\\/person\\\/99d4d39712001e7621b6867b27b40bed\"},\"headline\":\"Innovar, producir y consumir en clave medioambiental\",\"datePublished\":\"2021-04-29T06:13:53+00:00\",\"dateModified\":\"2023-06-26T15:04:16+00:00\",\"mainEntityOfPage\":{\"@id\":\"https:\\\/\\\/eurecat.org\\\/es\\\/editorial_innovar-producir-y-consumir-en-clave-medioambiental\\\/\"},\"wordCount\":846,\"image\":{\"@id\":\"https:\\\/\\\/eurecat.org\\\/es\\\/editorial_innovar-producir-y-consumir-en-clave-medioambiental\\\/#primaryimage\"},\"thumbnailUrl\":\"https:\\\/\\\/eurecat.org\\\/wp-content\\\/uploads\\\/2021\\\/04\\\/XAVIER-TORRA-1200X800.jpg\",\"articleSection\":[\"Blog\",\"Editorial\",\"Recursos\"],\"inLanguage\":\"es\"},{\"@type\":\"WebPage\",\"@id\":\"https:\\\/\\\/eurecat.org\\\/es\\\/editorial_innovar-producir-y-consumir-en-clave-medioambiental\\\/\",\"url\":\"https:\\\/\\\/eurecat.org\\\/es\\\/editorial_innovar-producir-y-consumir-en-clave-medioambiental\\\/\",\"name\":\"Innovar, producir y consumir en clave medioambiental - Eurecat\",\"isPartOf\":{\"@id\":\"https:\\\/\\\/eurecat.org\\\/es\\\/#website\"},\"primaryImageOfPage\":{\"@id\":\"https:\\\/\\\/eurecat.org\\\/es\\\/editorial_innovar-producir-y-consumir-en-clave-medioambiental\\\/#primaryimage\"},\"image\":{\"@id\":\"https:\\\/\\\/eurecat.org\\\/es\\\/editorial_innovar-producir-y-consumir-en-clave-medioambiental\\\/#primaryimage\"},\"thumbnailUrl\":\"https:\\\/\\\/eurecat.org\\\/wp-content\\\/uploads\\\/2021\\\/04\\\/XAVIER-TORRA-1200X800.jpg\",\"datePublished\":\"2021-04-29T06:13:53+00:00\",\"dateModified\":\"2023-06-26T15:04:16+00:00\",\"author\":{\"@id\":\"https:\\\/\\\/eurecat.org\\\/es\\\/#\\\/schema\\\/person\\\/99d4d39712001e7621b6867b27b40bed\"},\"description\":\"La concienciaci\u00f3n hacia el calentamiento global di\u00f3 pie al establecimiento del D\u00eda de la Tierra, una fecha que se celebra cada 22 de abril desde 1970 para poner de relieve la interdependencia entre todos los ecosistemas y los seres vivos que los habitamos\",\"breadcrumb\":{\"@id\":\"https:\\\/\\\/eurecat.org\\\/es\\\/editorial_innovar-producir-y-consumir-en-clave-medioambiental\\\/#breadcrumb\"},\"inLanguage\":\"es\",\"potentialAction\":[{\"@type\":\"ReadAction\",\"target\":[\"https:\\\/\\\/eurecat.org\\\/es\\\/editorial_innovar-producir-y-consumir-en-clave-medioambiental\\\/\"]}]},{\"@type\":\"ImageObject\",\"inLanguage\":\"es\",\"@id\":\"https:\\\/\\\/eurecat.org\\\/es\\\/editorial_innovar-producir-y-consumir-en-clave-medioambiental\\\/#primaryimage\",\"url\":\"https:\\\/\\\/eurecat.org\\\/wp-content\\\/uploads\\\/2021\\\/04\\\/XAVIER-TORRA-1200X800.jpg\",\"contentUrl\":\"https:\\\/\\\/eurecat.org\\\/wp-content\\\/uploads\\\/2021\\\/04\\\/XAVIER-TORRA-1200X800.jpg\",\"width\":1200,\"height\":800},{\"@type\":\"BreadcrumbList\",\"@id\":\"https:\\\/\\\/eurecat.org\\\/es\\\/editorial_innovar-producir-y-consumir-en-clave-medioambiental\\\/#breadcrumb\",\"itemListElement\":[{\"@type\":\"ListItem\",\"position\":1,\"name\":\"Inici\",\"item\":\"https:\\\/\\\/eurecat.org\\\/es\\\/\"},{\"@type\":\"ListItem\",\"position\":2,\"name\":\"Innovar, producir y consumir en clave medioambiental\"}]},{\"@type\":\"WebSite\",\"@id\":\"https:\\\/\\\/eurecat.org\\\/es\\\/#website\",\"url\":\"https:\\\/\\\/eurecat.org\\\/es\\\/\",\"name\":\"Eurecat\",\"description\":\"Otro sitio realizado con WordPress\",\"potentialAction\":[{\"@type\":\"SearchAction\",\"target\":{\"@type\":\"EntryPoint\",\"urlTemplate\":\"https:\\\/\\\/eurecat.org\\\/es\\\/?s={search_term_string}\"},\"query-input\":{\"@type\":\"PropertyValueSpecification\",\"valueRequired\":true,\"valueName\":\"search_term_string\"}}],\"inLanguage\":\"es\"},{\"@type\":\"Person\",\"@id\":\"https:\\\/\\\/eurecat.org\\\/es\\\/#\\\/schema\\\/person\\\/99d4d39712001e7621b6867b27b40bed\",\"name\":\"EurecatEQZ\",\"image\":{\"@type\":\"ImageObject\",\"inLanguage\":\"es\",\"@id\":\"https:\\\/\\\/secure.gravatar.com\\\/avatar\\\/6deb26ca61bcc34263c59cc62bb8b08ff90b67af7f99943babf5d86396845993?s=96&d=mm&r=g\",\"url\":\"https:\\\/\\\/secure.gravatar.com\\\/avatar\\\/6deb26ca61bcc34263c59cc62bb8b08ff90b67af7f99943babf5d86396845993?s=96&d=mm&r=g\",\"contentUrl\":\"https:\\\/\\\/secure.gravatar.com\\\/avatar\\\/6deb26ca61bcc34263c59cc62bb8b08ff90b67af7f99943babf5d86396845993?s=96&d=mm&r=g\",\"caption\":\"EurecatEQZ\"}}]}<\/script>\n<!-- \/ Yoast SEO plugin. -->","yoast_head_json":{"title":"Innovar, producir y consumir en clave medioambiental - Eurecat","description":"La concienciaci\u00f3n hacia el calentamiento global di\u00f3 pie al establecimiento del D\u00eda de la Tierra, una fecha que se celebra cada 22 de abril desde 1970 para poner de relieve la interdependencia entre todos los ecosistemas y los seres vivos que los habitamos","robots":{"index":"index","follow":"follow","max-snippet":"max-snippet:-1","max-image-preview":"max-image-preview:large","max-video-preview":"max-video-preview:-1"},"canonical":"https:\/\/eurecat.org\/es\/editorial_innovar-producir-y-consumir-en-clave-medioambiental\/","og_locale":"es_ES","og_type":"article","og_title":"Innovar, producir y consumir en clave medioambiental - Eurecat","og_description":"La concienciaci\u00f3n hacia el calentamiento global di\u00f3 pie al establecimiento del D\u00eda de la Tierra, una fecha que se celebra cada 22 de abril desde 1970 para poner de relieve la interdependencia entre todos los ecosistemas y los seres vivos que los habitamos","og_url":"https:\/\/eurecat.org\/es\/editorial_innovar-producir-y-consumir-en-clave-medioambiental\/","og_site_name":"Eurecat","article_published_time":"2021-04-29T06:13:53+00:00","article_modified_time":"2023-06-26T15:04:16+00:00","og_image":[{"width":1200,"height":800,"url":"https:\/\/eurecat.org\/wp-content\/uploads\/2021\/04\/XAVIER-TORRA-1200X800.jpg","type":"image\/jpeg"}],"author":"EurecatEQZ","twitter_card":"summary_large_image","twitter_misc":{"Escrito por":"EurecatEQZ","Tiempo de lectura":"4 minutos"},"schema":{"@context":"https:\/\/schema.org","@graph":[{"@type":"Article","@id":"https:\/\/eurecat.org\/es\/editorial_innovar-producir-y-consumir-en-clave-medioambiental\/#article","isPartOf":{"@id":"https:\/\/eurecat.org\/es\/editorial_innovar-producir-y-consumir-en-clave-medioambiental\/"},"author":{"name":"EurecatEQZ","@id":"https:\/\/eurecat.org\/es\/#\/schema\/person\/99d4d39712001e7621b6867b27b40bed"},"headline":"Innovar, producir y consumir en clave medioambiental","datePublished":"2021-04-29T06:13:53+00:00","dateModified":"2023-06-26T15:04:16+00:00","mainEntityOfPage":{"@id":"https:\/\/eurecat.org\/es\/editorial_innovar-producir-y-consumir-en-clave-medioambiental\/"},"wordCount":846,"image":{"@id":"https:\/\/eurecat.org\/es\/editorial_innovar-producir-y-consumir-en-clave-medioambiental\/#primaryimage"},"thumbnailUrl":"https:\/\/eurecat.org\/wp-content\/uploads\/2021\/04\/XAVIER-TORRA-1200X800.jpg","articleSection":["Blog","Editorial","Recursos"],"inLanguage":"es"},{"@type":"WebPage","@id":"https:\/\/eurecat.org\/es\/editorial_innovar-producir-y-consumir-en-clave-medioambiental\/","url":"https:\/\/eurecat.org\/es\/editorial_innovar-producir-y-consumir-en-clave-medioambiental\/","name":"Innovar, producir y consumir en clave medioambiental - Eurecat","isPartOf":{"@id":"https:\/\/eurecat.org\/es\/#website"},"primaryImageOfPage":{"@id":"https:\/\/eurecat.org\/es\/editorial_innovar-producir-y-consumir-en-clave-medioambiental\/#primaryimage"},"image":{"@id":"https:\/\/eurecat.org\/es\/editorial_innovar-producir-y-consumir-en-clave-medioambiental\/#primaryimage"},"thumbnailUrl":"https:\/\/eurecat.org\/wp-content\/uploads\/2021\/04\/XAVIER-TORRA-1200X800.jpg","datePublished":"2021-04-29T06:13:53+00:00","dateModified":"2023-06-26T15:04:16+00:00","author":{"@id":"https:\/\/eurecat.org\/es\/#\/schema\/person\/99d4d39712001e7621b6867b27b40bed"},"description":"La concienciaci\u00f3n hacia el calentamiento global di\u00f3 pie al establecimiento del D\u00eda de la Tierra, una fecha que se celebra cada 22 de abril desde 1970 para poner de relieve la interdependencia entre todos los ecosistemas y los seres vivos que los habitamos","breadcrumb":{"@id":"https:\/\/eurecat.org\/es\/editorial_innovar-producir-y-consumir-en-clave-medioambiental\/#breadcrumb"},"inLanguage":"es","potentialAction":[{"@type":"ReadAction","target":["https:\/\/eurecat.org\/es\/editorial_innovar-producir-y-consumir-en-clave-medioambiental\/"]}]},{"@type":"ImageObject","inLanguage":"es","@id":"https:\/\/eurecat.org\/es\/editorial_innovar-producir-y-consumir-en-clave-medioambiental\/#primaryimage","url":"https:\/\/eurecat.org\/wp-content\/uploads\/2021\/04\/XAVIER-TORRA-1200X800.jpg","contentUrl":"https:\/\/eurecat.org\/wp-content\/uploads\/2021\/04\/XAVIER-TORRA-1200X800.jpg","width":1200,"height":800},{"@type":"BreadcrumbList","@id":"https:\/\/eurecat.org\/es\/editorial_innovar-producir-y-consumir-en-clave-medioambiental\/#breadcrumb","itemListElement":[{"@type":"ListItem","position":1,"name":"Inici","item":"https:\/\/eurecat.org\/es\/"},{"@type":"ListItem","position":2,"name":"Innovar, producir y consumir en clave medioambiental"}]},{"@type":"WebSite","@id":"https:\/\/eurecat.org\/es\/#website","url":"https:\/\/eurecat.org\/es\/","name":"Eurecat","description":"Otro sitio realizado con WordPress","potentialAction":[{"@type":"SearchAction","target":{"@type":"EntryPoint","urlTemplate":"https:\/\/eurecat.org\/es\/?s={search_term_string}"},"query-input":{"@type":"PropertyValueSpecification","valueRequired":true,"valueName":"search_term_string"}}],"inLanguage":"es"},{"@type":"Person","@id":"https:\/\/eurecat.org\/es\/#\/schema\/person\/99d4d39712001e7621b6867b27b40bed","name":"EurecatEQZ","image":{"@type":"ImageObject","inLanguage":"es","@id":"https:\/\/secure.gravatar.com\/avatar\/6deb26ca61bcc34263c59cc62bb8b08ff90b67af7f99943babf5d86396845993?s=96&d=mm&r=g","url":"https:\/\/secure.gravatar.com\/avatar\/6deb26ca61bcc34263c59cc62bb8b08ff90b67af7f99943babf5d86396845993?s=96&d=mm&r=g","contentUrl":"https:\/\/secure.gravatar.com\/avatar\/6deb26ca61bcc34263c59cc62bb8b08ff90b67af7f99943babf5d86396845993?s=96&d=mm&r=g","caption":"EurecatEQZ"}}]}},"_links":{"self":[{"href":"https:\/\/eurecat.org\/es\/wp-json\/wp\/v2\/posts\/113811","targetHints":{"allow":["GET"]}}],"collection":[{"href":"https:\/\/eurecat.org\/es\/wp-json\/wp\/v2\/posts"}],"about":[{"href":"https:\/\/eurecat.org\/es\/wp-json\/wp\/v2\/types\/post"}],"author":[{"embeddable":true,"href":"https:\/\/eurecat.org\/es\/wp-json\/wp\/v2\/users\/20"}],"replies":[{"embeddable":true,"href":"https:\/\/eurecat.org\/es\/wp-json\/wp\/v2\/comments?post=113811"}],"version-history":[{"count":1,"href":"https:\/\/eurecat.org\/es\/wp-json\/wp\/v2\/posts\/113811\/revisions"}],"predecessor-version":[{"id":137620,"href":"https:\/\/eurecat.org\/es\/wp-json\/wp\/v2\/posts\/113811\/revisions\/137620"}],"wp:featuredmedia":[{"embeddable":true,"href":"https:\/\/eurecat.org\/es\/wp-json\/wp\/v2\/media\/113814"}],"wp:attachment":[{"href":"https:\/\/eurecat.org\/es\/wp-json\/wp\/v2\/media?parent=113811"}],"wp:term":[{"taxonomy":"category","embeddable":true,"href":"https:\/\/eurecat.org\/es\/wp-json\/wp\/v2\/categories?post=113811"},{"taxonomy":"post_tag","embeddable":true,"href":"https:\/\/eurecat.org\/es\/wp-json\/wp\/v2\/tags?post=113811"}],"curies":[{"name":"wp","href":"https:\/\/api.w.org\/{rel}","templated":true}]}}