{"id":113932,"date":"2018-12-19T10:03:14","date_gmt":"2018-12-19T10:03:14","guid":{"rendered":"https:\/\/eurecat.org\/?p=113932"},"modified":"2021-05-05T07:51:45","modified_gmt":"2021-05-05T07:51:45","slug":"editorial-actitud-innovadora","status":"publish","type":"post","link":"https:\/\/eurecat.org\/es\/editorial-actitud-innovadora\/","title":{"rendered":"Editorial: Actitud innovadora"},"content":{"rendered":"<p><img decoding=\"async\" class=\"size-full wp-image-74494 alignleft\" src=\"https:\/\/eurecat.org\/wp-content\/uploads\/2018\/12\/Nadala_cast.jpg\" alt=\"nadala eurecat\" width=\"500\" height=\"250\" srcset=\"https:\/\/eurecat.org\/wp-content\/uploads\/2018\/12\/Nadala_cast-200x100.jpg 200w, https:\/\/eurecat.org\/wp-content\/uploads\/2018\/12\/Nadala_cast-300x150.jpg 300w, https:\/\/eurecat.org\/wp-content\/uploads\/2018\/12\/Nadala_cast-400x200.jpg 400w, https:\/\/eurecat.org\/wp-content\/uploads\/2018\/12\/Nadala_cast.jpg 500w\" sizes=\"(max-width: 500px) 100vw, 500px\" \/><\/p>\n<p>El n\u00famero de empresas que han mejorado sus productos, servicios o procesos con Eurecat se ha incrementado un 89 por ciento desde 2015, un crecimiento que muestra hasta qu\u00e9 punto la innovaci\u00f3n tecnol\u00f3gica forma parte, cada vez m\u00e1s, de la estrategia del tejido empresarial e industrial para ganar valor a\u00f1adido y competitividad. Esta din\u00e1mica se ha traducido en un aumento del 133 por ciento en la facturaci\u00f3n por proyectos con empresas y este a\u00f1o nos hemos situado, adem\u00e1s, como la primera organizaci\u00f3n privada en captaci\u00f3n de recursos de fondos europeos, con un total de 65 proyectos del prestigioso programa Horizonte 2020 en curso, que suman m\u00e1s de 30 compa\u00f1\u00edas catalanas en consorcio.<\/p>\n<p>Adem\u00e1s, nos ilusiona especialmente cerrar 2018 con la finalizaci\u00f3n de la integraci\u00f3n jur\u00eddica del CTM, dentro de una operaci\u00f3n que sit\u00faa Manresa como el centro neur\u00e1lgico de las competencias tecnol\u00f3gicas de sostenibilidad, de materiales met\u00e1licos y modelizaci\u00f3n y simulaci\u00f3n de procesos. Otro hito importante ha sido la inauguraci\u00f3n de nuestra nueva sede en Barcelona, en \u200b\u200bel distrito 22@, y de unas nuevas instalaciones de 1.200 metros cuadrados en el Parque Cient\u00edfico de Lleida, donde hemos puesto en funcionamiento un laboratorio industrial que permite hacer ensayos avanzados.<\/p>\n<p>En los pr\u00f3ximos meses est\u00e1 prevista la plena integraci\u00f3n en Eurecat del Centro Tecnol\u00f3gico de la Qu\u00edmica de Catalu\u00f1a (CTQC), en Tarragona, y del Parque Cient\u00edfico y Tecnol\u00f3gico de Turismo y Ocio de Catalu\u00f1a (PCTTO), situado en Vila-seca. Estas operaciones consolidar\u00e1n nuestra implantaci\u00f3n territorial, con once sedes que dan respuesta a la especializaci\u00f3n que tenemos en las \u00e1reas Industrial, Digital y Media y Biotecnol\u00f3gica y que estrechan nuestra proximidad con las empresas. Estar a su lado aportando el conocimiento cient\u00edfico y tecnol\u00f3gico que necesitan para anticiparse al mercado seguir\u00e1 siendo nuestra prioridad para este 2019 que estamos a punto de comenzar y que deseamos que venga cargado de nuevos retos y sue\u00f1os que hagan crecer la actitud innovadora que percibimos en todos los sectores.<\/p>\n","protected":false},"excerpt":{"rendered":"<p>El n\u00famero de empresas que han mejorado sus productos, servicios o procesos con Eurecat se ha incrementado un 89 por ciento desde 2015, un crecimiento que muestra hasta qu\u00e9 punto la innovaci\u00f3n tecnol\u00f3gica forma parte, cada vez m\u00e1s, de la estrategia del tejido empresarial e industrial para ganar valor a\u00f1adido y competitividad. Esta din\u00e1mica se  [&#8230;]<\/p>\n","protected":false},"author":12,"featured_media":74494,"comment_status":"closed","ping_status":"closed","sticky":false,"template":"","format":"standard","meta":{"footnotes":""},"categories":[133,2217],"tags":[],"class_list":["post-113932","post","type-post","status-publish","format-standard","has-post-thumbnail","hentry","category-blog","category-editorial"],"yoast_head":"<!-- This site is optimized with the Yoast SEO plugin v27.4 - https:\/\/yoast.com\/product\/yoast-seo-wordpress\/ -->\n<title>Editorial: Actitud innovadora - Eurecat<\/title>\n<meta name=\"robots\" content=\"index, follow, max-snippet:-1, max-image-preview:large, max-video-preview:-1\" \/>\n<link rel=\"canonical\" href=\"https:\/\/eurecat.org\/es\/editorial-actitud-innovadora\/\" \/>\n<meta property=\"og:locale\" content=\"es_ES\" \/>\n<meta property=\"og:type\" content=\"article\" \/>\n<meta property=\"og:title\" content=\"Editorial: Actitud innovadora - Eurecat\" \/>\n<meta property=\"og:description\" content=\"El n\u00famero de empresas que han mejorado sus productos, servicios o procesos con Eurecat se ha incrementado un 89 por ciento desde 2015, un crecimiento que muestra hasta qu\u00e9 punto la innovaci\u00f3n tecnol\u00f3gica forma parte, cada vez m\u00e1s, de la estrategia del tejido empresarial e industrial para ganar valor a\u00f1adido y competitividad. Esta din\u00e1mica se [...]\" \/>\n<meta property=\"og:url\" content=\"https:\/\/eurecat.org\/es\/editorial-actitud-innovadora\/\" \/>\n<meta property=\"og:site_name\" content=\"Eurecat\" \/>\n<meta property=\"article:published_time\" content=\"2018-12-19T10:03:14+00:00\" \/>\n<meta property=\"article:modified_time\" content=\"2021-05-05T07:51:45+00:00\" \/>\n<meta property=\"og:image\" content=\"https:\/\/eurecat.org\/wp-content\/uploads\/2018\/12\/Nadala_cast.jpg\" \/>\n\t<meta property=\"og:image:width\" content=\"500\" \/>\n\t<meta property=\"og:image:height\" content=\"250\" \/>\n\t<meta property=\"og:image:type\" content=\"image\/jpeg\" \/>\n<meta name=\"author\" content=\"EurecatEG\" \/>\n<meta name=\"twitter:card\" content=\"summary_large_image\" \/>\n<meta name=\"twitter:label1\" content=\"Escrito por\" \/>\n\t<meta name=\"twitter:data1\" content=\"EurecatEG\" \/>\n\t<meta name=\"twitter:label2\" content=\"Tiempo de lectura\" \/>\n\t<meta name=\"twitter:data2\" content=\"2 minutos\" \/>\n<script type=\"application\/ld+json\" class=\"yoast-schema-graph\">{\"@context\":\"https:\\\/\\\/schema.org\",\"@graph\":[{\"@type\":\"Article\",\"@id\":\"https:\\\/\\\/eurecat.org\\\/es\\\/editorial-actitud-innovadora\\\/#article\",\"isPartOf\":{\"@id\":\"https:\\\/\\\/eurecat.org\\\/es\\\/editorial-actitud-innovadora\\\/\"},\"author\":{\"name\":\"EurecatEG\",\"@id\":\"https:\\\/\\\/eurecat.org\\\/es\\\/#\\\/schema\\\/person\\\/def9217eded50ee57a9dc4cf0c883f80\"},\"headline\":\"Editorial: Actitud innovadora\",\"datePublished\":\"2018-12-19T10:03:14+00:00\",\"dateModified\":\"2021-05-05T07:51:45+00:00\",\"mainEntityOfPage\":{\"@id\":\"https:\\\/\\\/eurecat.org\\\/es\\\/editorial-actitud-innovadora\\\/\"},\"wordCount\":356,\"image\":{\"@id\":\"https:\\\/\\\/eurecat.org\\\/es\\\/editorial-actitud-innovadora\\\/#primaryimage\"},\"thumbnailUrl\":\"https:\\\/\\\/eurecat.org\\\/wp-content\\\/uploads\\\/2018\\\/12\\\/Nadala_cast.jpg\",\"articleSection\":[\"Blog\",\"Editorial\"],\"inLanguage\":\"es\"},{\"@type\":\"WebPage\",\"@id\":\"https:\\\/\\\/eurecat.org\\\/es\\\/editorial-actitud-innovadora\\\/\",\"url\":\"https:\\\/\\\/eurecat.org\\\/es\\\/editorial-actitud-innovadora\\\/\",\"name\":\"Editorial: Actitud innovadora - Eurecat\",\"isPartOf\":{\"@id\":\"https:\\\/\\\/eurecat.org\\\/es\\\/#website\"},\"primaryImageOfPage\":{\"@id\":\"https:\\\/\\\/eurecat.org\\\/es\\\/editorial-actitud-innovadora\\\/#primaryimage\"},\"image\":{\"@id\":\"https:\\\/\\\/eurecat.org\\\/es\\\/editorial-actitud-innovadora\\\/#primaryimage\"},\"thumbnailUrl\":\"https:\\\/\\\/eurecat.org\\\/wp-content\\\/uploads\\\/2018\\\/12\\\/Nadala_cast.jpg\",\"datePublished\":\"2018-12-19T10:03:14+00:00\",\"dateModified\":\"2021-05-05T07:51:45+00:00\",\"author\":{\"@id\":\"https:\\\/\\\/eurecat.org\\\/es\\\/#\\\/schema\\\/person\\\/def9217eded50ee57a9dc4cf0c883f80\"},\"breadcrumb\":{\"@id\":\"https:\\\/\\\/eurecat.org\\\/es\\\/editorial-actitud-innovadora\\\/#breadcrumb\"},\"inLanguage\":\"es\",\"potentialAction\":[{\"@type\":\"ReadAction\",\"target\":[\"https:\\\/\\\/eurecat.org\\\/es\\\/editorial-actitud-innovadora\\\/\"]}]},{\"@type\":\"ImageObject\",\"inLanguage\":\"es\",\"@id\":\"https:\\\/\\\/eurecat.org\\\/es\\\/editorial-actitud-innovadora\\\/#primaryimage\",\"url\":\"https:\\\/\\\/eurecat.org\\\/wp-content\\\/uploads\\\/2018\\\/12\\\/Nadala_cast.jpg\",\"contentUrl\":\"https:\\\/\\\/eurecat.org\\\/wp-content\\\/uploads\\\/2018\\\/12\\\/Nadala_cast.jpg\",\"width\":500,\"height\":250,\"caption\":\"nadala eurecat\"},{\"@type\":\"BreadcrumbList\",\"@id\":\"https:\\\/\\\/eurecat.org\\\/es\\\/editorial-actitud-innovadora\\\/#breadcrumb\",\"itemListElement\":[{\"@type\":\"ListItem\",\"position\":1,\"name\":\"Inici\",\"item\":\"https:\\\/\\\/eurecat.org\\\/es\\\/\"},{\"@type\":\"ListItem\",\"position\":2,\"name\":\"Editorial: Actitud innovadora\"}]},{\"@type\":\"WebSite\",\"@id\":\"https:\\\/\\\/eurecat.org\\\/es\\\/#website\",\"url\":\"https:\\\/\\\/eurecat.org\\\/es\\\/\",\"name\":\"Eurecat\",\"description\":\"Otro sitio realizado con WordPress\",\"potentialAction\":[{\"@type\":\"SearchAction\",\"target\":{\"@type\":\"EntryPoint\",\"urlTemplate\":\"https:\\\/\\\/eurecat.org\\\/es\\\/?s={search_term_string}\"},\"query-input\":{\"@type\":\"PropertyValueSpecification\",\"valueRequired\":true,\"valueName\":\"search_term_string\"}}],\"inLanguage\":\"es\"},{\"@type\":\"Person\",\"@id\":\"https:\\\/\\\/eurecat.org\\\/es\\\/#\\\/schema\\\/person\\\/def9217eded50ee57a9dc4cf0c883f80\",\"name\":\"EurecatEG\",\"image\":{\"@type\":\"ImageObject\",\"inLanguage\":\"es\",\"@id\":\"https:\\\/\\\/secure.gravatar.com\\\/avatar\\\/f40dd9b6ecd3e5c591f3c9b033e495ee0ec9877ba77249fbf268b3889350c824?s=96&d=mm&r=g\",\"url\":\"https:\\\/\\\/secure.gravatar.com\\\/avatar\\\/f40dd9b6ecd3e5c591f3c9b033e495ee0ec9877ba77249fbf268b3889350c824?s=96&d=mm&r=g\",\"contentUrl\":\"https:\\\/\\\/secure.gravatar.com\\\/avatar\\\/f40dd9b6ecd3e5c591f3c9b033e495ee0ec9877ba77249fbf268b3889350c824?s=96&d=mm&r=g\",\"caption\":\"EurecatEG\"}}]}<\/script>\n<!-- \/ Yoast SEO plugin. -->","yoast_head_json":{"title":"Editorial: Actitud innovadora - Eurecat","robots":{"index":"index","follow":"follow","max-snippet":"max-snippet:-1","max-image-preview":"max-image-preview:large","max-video-preview":"max-video-preview:-1"},"canonical":"https:\/\/eurecat.org\/es\/editorial-actitud-innovadora\/","og_locale":"es_ES","og_type":"article","og_title":"Editorial: Actitud innovadora - Eurecat","og_description":"El n\u00famero de empresas que han mejorado sus productos, servicios o procesos con Eurecat se ha incrementado un 89 por ciento desde 2015, un crecimiento que muestra hasta qu\u00e9 punto la innovaci\u00f3n tecnol\u00f3gica forma parte, cada vez m\u00e1s, de la estrategia del tejido empresarial e industrial para ganar valor a\u00f1adido y competitividad. Esta din\u00e1mica se [...]","og_url":"https:\/\/eurecat.org\/es\/editorial-actitud-innovadora\/","og_site_name":"Eurecat","article_published_time":"2018-12-19T10:03:14+00:00","article_modified_time":"2021-05-05T07:51:45+00:00","og_image":[{"width":500,"height":250,"url":"https:\/\/eurecat.org\/wp-content\/uploads\/2018\/12\/Nadala_cast.jpg","type":"image\/jpeg"}],"author":"EurecatEG","twitter_card":"summary_large_image","twitter_misc":{"Escrito por":"EurecatEG","Tiempo de lectura":"2 minutos"},"schema":{"@context":"https:\/\/schema.org","@graph":[{"@type":"Article","@id":"https:\/\/eurecat.org\/es\/editorial-actitud-innovadora\/#article","isPartOf":{"@id":"https:\/\/eurecat.org\/es\/editorial-actitud-innovadora\/"},"author":{"name":"EurecatEG","@id":"https:\/\/eurecat.org\/es\/#\/schema\/person\/def9217eded50ee57a9dc4cf0c883f80"},"headline":"Editorial: Actitud innovadora","datePublished":"2018-12-19T10:03:14+00:00","dateModified":"2021-05-05T07:51:45+00:00","mainEntityOfPage":{"@id":"https:\/\/eurecat.org\/es\/editorial-actitud-innovadora\/"},"wordCount":356,"image":{"@id":"https:\/\/eurecat.org\/es\/editorial-actitud-innovadora\/#primaryimage"},"thumbnailUrl":"https:\/\/eurecat.org\/wp-content\/uploads\/2018\/12\/Nadala_cast.jpg","articleSection":["Blog","Editorial"],"inLanguage":"es"},{"@type":"WebPage","@id":"https:\/\/eurecat.org\/es\/editorial-actitud-innovadora\/","url":"https:\/\/eurecat.org\/es\/editorial-actitud-innovadora\/","name":"Editorial: Actitud innovadora - Eurecat","isPartOf":{"@id":"https:\/\/eurecat.org\/es\/#website"},"primaryImageOfPage":{"@id":"https:\/\/eurecat.org\/es\/editorial-actitud-innovadora\/#primaryimage"},"image":{"@id":"https:\/\/eurecat.org\/es\/editorial-actitud-innovadora\/#primaryimage"},"thumbnailUrl":"https:\/\/eurecat.org\/wp-content\/uploads\/2018\/12\/Nadala_cast.jpg","datePublished":"2018-12-19T10:03:14+00:00","dateModified":"2021-05-05T07:51:45+00:00","author":{"@id":"https:\/\/eurecat.org\/es\/#\/schema\/person\/def9217eded50ee57a9dc4cf0c883f80"},"breadcrumb":{"@id":"https:\/\/eurecat.org\/es\/editorial-actitud-innovadora\/#breadcrumb"},"inLanguage":"es","potentialAction":[{"@type":"ReadAction","target":["https:\/\/eurecat.org\/es\/editorial-actitud-innovadora\/"]}]},{"@type":"ImageObject","inLanguage":"es","@id":"https:\/\/eurecat.org\/es\/editorial-actitud-innovadora\/#primaryimage","url":"https:\/\/eurecat.org\/wp-content\/uploads\/2018\/12\/Nadala_cast.jpg","contentUrl":"https:\/\/eurecat.org\/wp-content\/uploads\/2018\/12\/Nadala_cast.jpg","width":500,"height":250,"caption":"nadala eurecat"},{"@type":"BreadcrumbList","@id":"https:\/\/eurecat.org\/es\/editorial-actitud-innovadora\/#breadcrumb","itemListElement":[{"@type":"ListItem","position":1,"name":"Inici","item":"https:\/\/eurecat.org\/es\/"},{"@type":"ListItem","position":2,"name":"Editorial: Actitud innovadora"}]},{"@type":"WebSite","@id":"https:\/\/eurecat.org\/es\/#website","url":"https:\/\/eurecat.org\/es\/","name":"Eurecat","description":"Otro sitio realizado con WordPress","potentialAction":[{"@type":"SearchAction","target":{"@type":"EntryPoint","urlTemplate":"https:\/\/eurecat.org\/es\/?s={search_term_string}"},"query-input":{"@type":"PropertyValueSpecification","valueRequired":true,"valueName":"search_term_string"}}],"inLanguage":"es"},{"@type":"Person","@id":"https:\/\/eurecat.org\/es\/#\/schema\/person\/def9217eded50ee57a9dc4cf0c883f80","name":"EurecatEG","image":{"@type":"ImageObject","inLanguage":"es","@id":"https:\/\/secure.gravatar.com\/avatar\/f40dd9b6ecd3e5c591f3c9b033e495ee0ec9877ba77249fbf268b3889350c824?s=96&d=mm&r=g","url":"https:\/\/secure.gravatar.com\/avatar\/f40dd9b6ecd3e5c591f3c9b033e495ee0ec9877ba77249fbf268b3889350c824?s=96&d=mm&r=g","contentUrl":"https:\/\/secure.gravatar.com\/avatar\/f40dd9b6ecd3e5c591f3c9b033e495ee0ec9877ba77249fbf268b3889350c824?s=96&d=mm&r=g","caption":"EurecatEG"}}]}},"_links":{"self":[{"href":"https:\/\/eurecat.org\/es\/wp-json\/wp\/v2\/posts\/113932","targetHints":{"allow":["GET"]}}],"collection":[{"href":"https:\/\/eurecat.org\/es\/wp-json\/wp\/v2\/posts"}],"about":[{"href":"https:\/\/eurecat.org\/es\/wp-json\/wp\/v2\/types\/post"}],"author":[{"embeddable":true,"href":"https:\/\/eurecat.org\/es\/wp-json\/wp\/v2\/users\/12"}],"replies":[{"embeddable":true,"href":"https:\/\/eurecat.org\/es\/wp-json\/wp\/v2\/comments?post=113932"}],"version-history":[{"count":0,"href":"https:\/\/eurecat.org\/es\/wp-json\/wp\/v2\/posts\/113932\/revisions"}],"wp:featuredmedia":[{"embeddable":true,"href":"https:\/\/eurecat.org\/es\/wp-json\/wp\/v2\/media\/74494"}],"wp:attachment":[{"href":"https:\/\/eurecat.org\/es\/wp-json\/wp\/v2\/media?parent=113932"}],"wp:term":[{"taxonomy":"category","embeddable":true,"href":"https:\/\/eurecat.org\/es\/wp-json\/wp\/v2\/categories?post=113932"},{"taxonomy":"post_tag","embeddable":true,"href":"https:\/\/eurecat.org\/es\/wp-json\/wp\/v2\/tags?post=113932"}],"curies":[{"name":"wp","href":"https:\/\/api.w.org\/{rel}","templated":true}]}}