{"id":114002,"date":"2020-06-02T07:45:14","date_gmt":"2020-06-02T07:45:14","guid":{"rendered":"https:\/\/eurecat.org\/?p=114002"},"modified":"2021-05-05T07:49:27","modified_gmt":"2021-05-05T07:49:27","slug":"editorial-5-anos-sumando-innovacion-y-competitividad","status":"publish","type":"post","link":"https:\/\/eurecat.org\/es\/editorial-5-anos-sumando-innovacion-y-competitividad\/","title":{"rendered":"Editorial: 5 a\u00f1os sumando innovaci\u00f3n y competitividad"},"content":{"rendered":"<p><strong><img decoding=\"async\" class=\"wp-image-113831 size-medium alignleft\" src=\"https:\/\/eurecat.org\/wp-content\/uploads\/2021\/04\/XAVIER-TORRA-1200X800-1-300x200.jpg\" alt=\"\" width=\"300\" height=\"200\" srcset=\"https:\/\/eurecat.org\/wp-content\/uploads\/2021\/04\/XAVIER-TORRA-1200X800-1-200x133.jpg 200w, https:\/\/eurecat.org\/wp-content\/uploads\/2021\/04\/XAVIER-TORRA-1200X800-1-300x200.jpg 300w, https:\/\/eurecat.org\/wp-content\/uploads\/2021\/04\/XAVIER-TORRA-1200X800-1-391x260.jpg 391w, https:\/\/eurecat.org\/wp-content\/uploads\/2021\/04\/XAVIER-TORRA-1200X800-1-400x267.jpg 400w, https:\/\/eurecat.org\/wp-content\/uploads\/2021\/04\/XAVIER-TORRA-1200X800-1-600x400.jpg 600w, https:\/\/eurecat.org\/wp-content\/uploads\/2021\/04\/XAVIER-TORRA-1200X800-1-768x512.jpg 768w, https:\/\/eurecat.org\/wp-content\/uploads\/2021\/04\/XAVIER-TORRA-1200X800-1-800x533.jpg 800w, https:\/\/eurecat.org\/wp-content\/uploads\/2021\/04\/XAVIER-TORRA-1200X800-1-1160x773.jpg 1160w, https:\/\/eurecat.org\/wp-content\/uploads\/2021\/04\/XAVIER-TORRA-1200X800-1.jpg 1200w\" sizes=\"(max-width: 300px) 100vw, 300px\" \/><\/strong><\/p>\n<p>El primer editorial de este newsletter comenzaba destacando que una empresa que tiene una actitud innovadora encuentra caminos para hacer las cosas mejor y avanzar. Han pasado apenas cinco a\u00f1os y durante todo este tiempo nos hemos volcado en hacer posible que esta ruta sea m\u00e1s r\u00e1pida, m\u00e1s eficaz en t\u00e9rminos econ\u00f3micos y m\u00e1s disruptiva en su traducci\u00f3n en productos y servicios. En este recorrido, hemos crecido hasta dar servicio a m\u00e1s de 1.600 empresas, hemos llegado a las once sedes por todo el territorio para estar a su lado y hemos alcanzado los 50 millones de euros ingresos anuales, gracias a un equipo de alt\u00edsimo nivel, formado por m\u00e1s de 650 profesionales.<\/p>\n<p>Durante estos primeros cinco a\u00f1os de trayectoria, la suma de esfuerzos nos ha permitido integrar talento, ganar dimensi\u00f3n, ser m\u00e1s competitivos en convocatorias nacionales e internacionales, intensificar alianzas estrat\u00e9gicas con los agentes del sistema y estar al lado de las empresas por todo el territorio . En paralelo, hemos ido adquiriendo progresivamente un rol m\u00e1s importante como conector entre el mundo del conocimiento y el de la producci\u00f3n y la generaci\u00f3n de valor econ\u00f3mico, a partir de soluciones multitecnol\u00f3gicas l\u00edderes en las \u00e1reas industrial, digital, biotecnol\u00f3gica y de sostenibilidad .<\/p>\n<p>Llegamos, sin embargo, en nuestro primer lustro en un momento lleno de desaf\u00edos sanitarios, sociales, econ\u00f3micos y empresariales a ra\u00edz del COVID-19, frente a los que la innovaci\u00f3n tecnol\u00f3gica ser\u00e1 clave para poder dar las respuestas adecuadas y convertir los retos en oportunidades de futuro.<\/p>\n<p>Precisamente de eso habla el director de Desarrollo de Negocio Industrial de Eurecat, Guillem Quintana, en una entrevista donde explica c\u00f3mo podemos ayudar al tejido empresarial e industrial para identificar nuevos desaf\u00edos para transformarlos en proyectos de innovaci\u00f3n en el nuevo contexto marcado por el coronavirus. Podr\u00e1 leer tambi\u00e9n ejemplos de las soluciones que estamos desarrollando en este campo, con proyectos como Sewers4Covid, una iniciativa pionera con la que hemos colaborado para luchar contra las pandemias mediante el an\u00e1lisis de aguas residuales e Inteligencia Artificial o FreeBreath, para el desarrollo de mascarillas, con filtros intercambiables para lograr diferentes grados de protecci\u00f3n frente al coronavirus.<\/p>\n<p>Otras iniciativas que presentamos se centran en la aportaci\u00f3n de recursos para ayudar a la industria tur\u00edstica frente al COVID-19, en la importancia de la ciberseguridad coincidiendo con el incremento del teletrabajo y en un estudio que ha constatado un aumento del rendimiento de los estudiantes durante la etapa de confinamiento. La distinci\u00f3n de la tecnolog\u00eda CFIP, desarrollada y patentada por Eurecat, con el premio JEC World Innovation Award en la categor\u00eda de fabricaci\u00f3n aditiva es tambi\u00e9n una informaci\u00f3n destacada del newsletter, donde queremos seguir compartiendo muchos m\u00e1s casos de \u00e9xito que sumen innovaci\u00f3n tecnol\u00f3gica, empresa y competitividad.<\/p>\n<p><strong>Xavier Torra<\/strong><\/p>\n<p><strong>Presidente de Eurecat, Centro Tecnol\u00f3gico de Catalu\u00f1a<\/strong><\/p>\n","protected":false},"excerpt":{"rendered":"<p>El primer editorial de este newsletter comenzaba destacando que una empresa que tiene una actitud innovadora encuentra caminos para hacer las cosas mejor y avanzar. Han pasado apenas cinco a\u00f1os y durante todo este tiempo nos hemos volcado en hacer posible que esta ruta sea m\u00e1s r\u00e1pida, m\u00e1s eficaz en t\u00e9rminos econ\u00f3micos y m\u00e1s disruptiva  [&#8230;]<\/p>\n","protected":false},"author":12,"featured_media":113814,"comment_status":"closed","ping_status":"closed","sticky":false,"template":"","format":"standard","meta":{"footnotes":""},"categories":[133,2217],"tags":[],"class_list":["post-114002","post","type-post","status-publish","format-standard","has-post-thumbnail","hentry","category-blog","category-editorial"],"yoast_head":"<!-- This site is optimized with the Yoast SEO plugin v27.4 - https:\/\/yoast.com\/product\/yoast-seo-wordpress\/ -->\n<title>Editorial: 5 a\u00f1os sumando innovaci\u00f3n y competitividad - Eurecat<\/title>\n<meta name=\"description\" content=\"El primer editorial de este newsletter comenzaba destacando que una empresa que tiene una actitud innovadora encuentra caminos para hacer las cosas mejor y avanzar. Han pasado apenas cinco a\u00f1os...\" \/>\n<meta name=\"robots\" content=\"index, follow, max-snippet:-1, max-image-preview:large, max-video-preview:-1\" \/>\n<link rel=\"canonical\" href=\"https:\/\/eurecat.org\/es\/editorial-5-anos-sumando-innovacion-y-competitividad\/\" \/>\n<meta property=\"og:locale\" content=\"es_ES\" \/>\n<meta property=\"og:type\" content=\"article\" \/>\n<meta property=\"og:title\" content=\"Editorial: 5 a\u00f1os sumando innovaci\u00f3n y competitividad - Eurecat\" \/>\n<meta property=\"og:description\" content=\"El primer editorial de este newsletter comenzaba destacando que una empresa que tiene una actitud innovadora encuentra caminos para hacer las cosas mejor y avanzar. Han pasado apenas cinco a\u00f1os...\" \/>\n<meta property=\"og:url\" content=\"https:\/\/eurecat.org\/es\/editorial-5-anos-sumando-innovacion-y-competitividad\/\" \/>\n<meta property=\"og:site_name\" content=\"Eurecat\" \/>\n<meta property=\"article:published_time\" content=\"2020-06-02T07:45:14+00:00\" \/>\n<meta property=\"article:modified_time\" content=\"2021-05-05T07:49:27+00:00\" \/>\n<meta property=\"og:image\" content=\"https:\/\/eurecat.org\/wp-content\/uploads\/2021\/04\/XAVIER-TORRA-1200X800.jpg\" \/>\n\t<meta property=\"og:image:width\" content=\"1200\" \/>\n\t<meta property=\"og:image:height\" content=\"800\" \/>\n\t<meta property=\"og:image:type\" content=\"image\/jpeg\" \/>\n<meta name=\"author\" content=\"EurecatEG\" \/>\n<meta name=\"twitter:card\" content=\"summary_large_image\" \/>\n<meta name=\"twitter:label1\" content=\"Escrito por\" \/>\n\t<meta name=\"twitter:data1\" content=\"EurecatEG\" \/>\n\t<meta name=\"twitter:label2\" content=\"Tiempo de lectura\" \/>\n\t<meta name=\"twitter:data2\" content=\"3 minutos\" \/>\n<script type=\"application\/ld+json\" class=\"yoast-schema-graph\">{\"@context\":\"https:\\\/\\\/schema.org\",\"@graph\":[{\"@type\":\"Article\",\"@id\":\"https:\\\/\\\/eurecat.org\\\/es\\\/editorial-5-anos-sumando-innovacion-y-competitividad\\\/#article\",\"isPartOf\":{\"@id\":\"https:\\\/\\\/eurecat.org\\\/es\\\/editorial-5-anos-sumando-innovacion-y-competitividad\\\/\"},\"author\":{\"name\":\"EurecatEG\",\"@id\":\"https:\\\/\\\/eurecat.org\\\/es\\\/#\\\/schema\\\/person\\\/def9217eded50ee57a9dc4cf0c883f80\"},\"headline\":\"Editorial: 5 a\u00f1os sumando innovaci\u00f3n y competitividad\",\"datePublished\":\"2020-06-02T07:45:14+00:00\",\"dateModified\":\"2021-05-05T07:49:27+00:00\",\"mainEntityOfPage\":{\"@id\":\"https:\\\/\\\/eurecat.org\\\/es\\\/editorial-5-anos-sumando-innovacion-y-competitividad\\\/\"},\"wordCount\":509,\"image\":{\"@id\":\"https:\\\/\\\/eurecat.org\\\/es\\\/editorial-5-anos-sumando-innovacion-y-competitividad\\\/#primaryimage\"},\"thumbnailUrl\":\"https:\\\/\\\/eurecat.org\\\/wp-content\\\/uploads\\\/2021\\\/04\\\/XAVIER-TORRA-1200X800.jpg\",\"articleSection\":[\"Blog\",\"Editorial\"],\"inLanguage\":\"es\"},{\"@type\":\"WebPage\",\"@id\":\"https:\\\/\\\/eurecat.org\\\/es\\\/editorial-5-anos-sumando-innovacion-y-competitividad\\\/\",\"url\":\"https:\\\/\\\/eurecat.org\\\/es\\\/editorial-5-anos-sumando-innovacion-y-competitividad\\\/\",\"name\":\"Editorial: 5 a\u00f1os sumando innovaci\u00f3n y competitividad - Eurecat\",\"isPartOf\":{\"@id\":\"https:\\\/\\\/eurecat.org\\\/es\\\/#website\"},\"primaryImageOfPage\":{\"@id\":\"https:\\\/\\\/eurecat.org\\\/es\\\/editorial-5-anos-sumando-innovacion-y-competitividad\\\/#primaryimage\"},\"image\":{\"@id\":\"https:\\\/\\\/eurecat.org\\\/es\\\/editorial-5-anos-sumando-innovacion-y-competitividad\\\/#primaryimage\"},\"thumbnailUrl\":\"https:\\\/\\\/eurecat.org\\\/wp-content\\\/uploads\\\/2021\\\/04\\\/XAVIER-TORRA-1200X800.jpg\",\"datePublished\":\"2020-06-02T07:45:14+00:00\",\"dateModified\":\"2021-05-05T07:49:27+00:00\",\"author\":{\"@id\":\"https:\\\/\\\/eurecat.org\\\/es\\\/#\\\/schema\\\/person\\\/def9217eded50ee57a9dc4cf0c883f80\"},\"description\":\"El primer editorial de este newsletter comenzaba destacando que una empresa que tiene una actitud innovadora encuentra caminos para hacer las cosas mejor y avanzar. Han pasado apenas cinco a\u00f1os...\",\"breadcrumb\":{\"@id\":\"https:\\\/\\\/eurecat.org\\\/es\\\/editorial-5-anos-sumando-innovacion-y-competitividad\\\/#breadcrumb\"},\"inLanguage\":\"es\",\"potentialAction\":[{\"@type\":\"ReadAction\",\"target\":[\"https:\\\/\\\/eurecat.org\\\/es\\\/editorial-5-anos-sumando-innovacion-y-competitividad\\\/\"]}]},{\"@type\":\"ImageObject\",\"inLanguage\":\"es\",\"@id\":\"https:\\\/\\\/eurecat.org\\\/es\\\/editorial-5-anos-sumando-innovacion-y-competitividad\\\/#primaryimage\",\"url\":\"https:\\\/\\\/eurecat.org\\\/wp-content\\\/uploads\\\/2021\\\/04\\\/XAVIER-TORRA-1200X800.jpg\",\"contentUrl\":\"https:\\\/\\\/eurecat.org\\\/wp-content\\\/uploads\\\/2021\\\/04\\\/XAVIER-TORRA-1200X800.jpg\",\"width\":1200,\"height\":800},{\"@type\":\"BreadcrumbList\",\"@id\":\"https:\\\/\\\/eurecat.org\\\/es\\\/editorial-5-anos-sumando-innovacion-y-competitividad\\\/#breadcrumb\",\"itemListElement\":[{\"@type\":\"ListItem\",\"position\":1,\"name\":\"Inici\",\"item\":\"https:\\\/\\\/eurecat.org\\\/es\\\/\"},{\"@type\":\"ListItem\",\"position\":2,\"name\":\"Editorial: 5 a\u00f1os sumando innovaci\u00f3n y competitividad\"}]},{\"@type\":\"WebSite\",\"@id\":\"https:\\\/\\\/eurecat.org\\\/es\\\/#website\",\"url\":\"https:\\\/\\\/eurecat.org\\\/es\\\/\",\"name\":\"Eurecat\",\"description\":\"Otro sitio realizado con WordPress\",\"potentialAction\":[{\"@type\":\"SearchAction\",\"target\":{\"@type\":\"EntryPoint\",\"urlTemplate\":\"https:\\\/\\\/eurecat.org\\\/es\\\/?s={search_term_string}\"},\"query-input\":{\"@type\":\"PropertyValueSpecification\",\"valueRequired\":true,\"valueName\":\"search_term_string\"}}],\"inLanguage\":\"es\"},{\"@type\":\"Person\",\"@id\":\"https:\\\/\\\/eurecat.org\\\/es\\\/#\\\/schema\\\/person\\\/def9217eded50ee57a9dc4cf0c883f80\",\"name\":\"EurecatEG\",\"image\":{\"@type\":\"ImageObject\",\"inLanguage\":\"es\",\"@id\":\"https:\\\/\\\/secure.gravatar.com\\\/avatar\\\/f40dd9b6ecd3e5c591f3c9b033e495ee0ec9877ba77249fbf268b3889350c824?s=96&d=mm&r=g\",\"url\":\"https:\\\/\\\/secure.gravatar.com\\\/avatar\\\/f40dd9b6ecd3e5c591f3c9b033e495ee0ec9877ba77249fbf268b3889350c824?s=96&d=mm&r=g\",\"contentUrl\":\"https:\\\/\\\/secure.gravatar.com\\\/avatar\\\/f40dd9b6ecd3e5c591f3c9b033e495ee0ec9877ba77249fbf268b3889350c824?s=96&d=mm&r=g\",\"caption\":\"EurecatEG\"}}]}<\/script>\n<!-- \/ Yoast SEO plugin. -->","yoast_head_json":{"title":"Editorial: 5 a\u00f1os sumando innovaci\u00f3n y competitividad - Eurecat","description":"El primer editorial de este newsletter comenzaba destacando que una empresa que tiene una actitud innovadora encuentra caminos para hacer las cosas mejor y avanzar. Han pasado apenas cinco a\u00f1os...","robots":{"index":"index","follow":"follow","max-snippet":"max-snippet:-1","max-image-preview":"max-image-preview:large","max-video-preview":"max-video-preview:-1"},"canonical":"https:\/\/eurecat.org\/es\/editorial-5-anos-sumando-innovacion-y-competitividad\/","og_locale":"es_ES","og_type":"article","og_title":"Editorial: 5 a\u00f1os sumando innovaci\u00f3n y competitividad - Eurecat","og_description":"El primer editorial de este newsletter comenzaba destacando que una empresa que tiene una actitud innovadora encuentra caminos para hacer las cosas mejor y avanzar. Han pasado apenas cinco a\u00f1os...","og_url":"https:\/\/eurecat.org\/es\/editorial-5-anos-sumando-innovacion-y-competitividad\/","og_site_name":"Eurecat","article_published_time":"2020-06-02T07:45:14+00:00","article_modified_time":"2021-05-05T07:49:27+00:00","og_image":[{"width":1200,"height":800,"url":"https:\/\/eurecat.org\/wp-content\/uploads\/2021\/04\/XAVIER-TORRA-1200X800.jpg","type":"image\/jpeg"}],"author":"EurecatEG","twitter_card":"summary_large_image","twitter_misc":{"Escrito por":"EurecatEG","Tiempo de lectura":"3 minutos"},"schema":{"@context":"https:\/\/schema.org","@graph":[{"@type":"Article","@id":"https:\/\/eurecat.org\/es\/editorial-5-anos-sumando-innovacion-y-competitividad\/#article","isPartOf":{"@id":"https:\/\/eurecat.org\/es\/editorial-5-anos-sumando-innovacion-y-competitividad\/"},"author":{"name":"EurecatEG","@id":"https:\/\/eurecat.org\/es\/#\/schema\/person\/def9217eded50ee57a9dc4cf0c883f80"},"headline":"Editorial: 5 a\u00f1os sumando innovaci\u00f3n y competitividad","datePublished":"2020-06-02T07:45:14+00:00","dateModified":"2021-05-05T07:49:27+00:00","mainEntityOfPage":{"@id":"https:\/\/eurecat.org\/es\/editorial-5-anos-sumando-innovacion-y-competitividad\/"},"wordCount":509,"image":{"@id":"https:\/\/eurecat.org\/es\/editorial-5-anos-sumando-innovacion-y-competitividad\/#primaryimage"},"thumbnailUrl":"https:\/\/eurecat.org\/wp-content\/uploads\/2021\/04\/XAVIER-TORRA-1200X800.jpg","articleSection":["Blog","Editorial"],"inLanguage":"es"},{"@type":"WebPage","@id":"https:\/\/eurecat.org\/es\/editorial-5-anos-sumando-innovacion-y-competitividad\/","url":"https:\/\/eurecat.org\/es\/editorial-5-anos-sumando-innovacion-y-competitividad\/","name":"Editorial: 5 a\u00f1os sumando innovaci\u00f3n y competitividad - Eurecat","isPartOf":{"@id":"https:\/\/eurecat.org\/es\/#website"},"primaryImageOfPage":{"@id":"https:\/\/eurecat.org\/es\/editorial-5-anos-sumando-innovacion-y-competitividad\/#primaryimage"},"image":{"@id":"https:\/\/eurecat.org\/es\/editorial-5-anos-sumando-innovacion-y-competitividad\/#primaryimage"},"thumbnailUrl":"https:\/\/eurecat.org\/wp-content\/uploads\/2021\/04\/XAVIER-TORRA-1200X800.jpg","datePublished":"2020-06-02T07:45:14+00:00","dateModified":"2021-05-05T07:49:27+00:00","author":{"@id":"https:\/\/eurecat.org\/es\/#\/schema\/person\/def9217eded50ee57a9dc4cf0c883f80"},"description":"El primer editorial de este newsletter comenzaba destacando que una empresa que tiene una actitud innovadora encuentra caminos para hacer las cosas mejor y avanzar. Han pasado apenas cinco a\u00f1os...","breadcrumb":{"@id":"https:\/\/eurecat.org\/es\/editorial-5-anos-sumando-innovacion-y-competitividad\/#breadcrumb"},"inLanguage":"es","potentialAction":[{"@type":"ReadAction","target":["https:\/\/eurecat.org\/es\/editorial-5-anos-sumando-innovacion-y-competitividad\/"]}]},{"@type":"ImageObject","inLanguage":"es","@id":"https:\/\/eurecat.org\/es\/editorial-5-anos-sumando-innovacion-y-competitividad\/#primaryimage","url":"https:\/\/eurecat.org\/wp-content\/uploads\/2021\/04\/XAVIER-TORRA-1200X800.jpg","contentUrl":"https:\/\/eurecat.org\/wp-content\/uploads\/2021\/04\/XAVIER-TORRA-1200X800.jpg","width":1200,"height":800},{"@type":"BreadcrumbList","@id":"https:\/\/eurecat.org\/es\/editorial-5-anos-sumando-innovacion-y-competitividad\/#breadcrumb","itemListElement":[{"@type":"ListItem","position":1,"name":"Inici","item":"https:\/\/eurecat.org\/es\/"},{"@type":"ListItem","position":2,"name":"Editorial: 5 a\u00f1os sumando innovaci\u00f3n y competitividad"}]},{"@type":"WebSite","@id":"https:\/\/eurecat.org\/es\/#website","url":"https:\/\/eurecat.org\/es\/","name":"Eurecat","description":"Otro sitio realizado con WordPress","potentialAction":[{"@type":"SearchAction","target":{"@type":"EntryPoint","urlTemplate":"https:\/\/eurecat.org\/es\/?s={search_term_string}"},"query-input":{"@type":"PropertyValueSpecification","valueRequired":true,"valueName":"search_term_string"}}],"inLanguage":"es"},{"@type":"Person","@id":"https:\/\/eurecat.org\/es\/#\/schema\/person\/def9217eded50ee57a9dc4cf0c883f80","name":"EurecatEG","image":{"@type":"ImageObject","inLanguage":"es","@id":"https:\/\/secure.gravatar.com\/avatar\/f40dd9b6ecd3e5c591f3c9b033e495ee0ec9877ba77249fbf268b3889350c824?s=96&d=mm&r=g","url":"https:\/\/secure.gravatar.com\/avatar\/f40dd9b6ecd3e5c591f3c9b033e495ee0ec9877ba77249fbf268b3889350c824?s=96&d=mm&r=g","contentUrl":"https:\/\/secure.gravatar.com\/avatar\/f40dd9b6ecd3e5c591f3c9b033e495ee0ec9877ba77249fbf268b3889350c824?s=96&d=mm&r=g","caption":"EurecatEG"}}]}},"_links":{"self":[{"href":"https:\/\/eurecat.org\/es\/wp-json\/wp\/v2\/posts\/114002","targetHints":{"allow":["GET"]}}],"collection":[{"href":"https:\/\/eurecat.org\/es\/wp-json\/wp\/v2\/posts"}],"about":[{"href":"https:\/\/eurecat.org\/es\/wp-json\/wp\/v2\/types\/post"}],"author":[{"embeddable":true,"href":"https:\/\/eurecat.org\/es\/wp-json\/wp\/v2\/users\/12"}],"replies":[{"embeddable":true,"href":"https:\/\/eurecat.org\/es\/wp-json\/wp\/v2\/comments?post=114002"}],"version-history":[{"count":0,"href":"https:\/\/eurecat.org\/es\/wp-json\/wp\/v2\/posts\/114002\/revisions"}],"wp:featuredmedia":[{"embeddable":true,"href":"https:\/\/eurecat.org\/es\/wp-json\/wp\/v2\/media\/113814"}],"wp:attachment":[{"href":"https:\/\/eurecat.org\/es\/wp-json\/wp\/v2\/media?parent=114002"}],"wp:term":[{"taxonomy":"category","embeddable":true,"href":"https:\/\/eurecat.org\/es\/wp-json\/wp\/v2\/categories?post=114002"},{"taxonomy":"post_tag","embeddable":true,"href":"https:\/\/eurecat.org\/es\/wp-json\/wp\/v2\/tags?post=114002"}],"curies":[{"name":"wp","href":"https:\/\/api.w.org\/{rel}","templated":true}]}}