{"id":114007,"date":"2019-10-30T08:24:00","date_gmt":"2019-10-30T07:24:00","guid":{"rendered":"https:\/\/eurecat.org\/?p=114007"},"modified":"2021-05-05T08:25:28","modified_gmt":"2021-05-05T08:25:28","slug":"editorial-hacia-una-fabrica-mas-inteligente-y-conectada","status":"publish","type":"post","link":"https:\/\/eurecat.org\/es\/editorial-hacia-una-fabrica-mas-inteligente-y-conectada\/","title":{"rendered":"Editorial: Hacia una f\u00e1brica m\u00e1s inteligente y conectada"},"content":{"rendered":"<p><strong><img decoding=\"async\" class=\"wp-image-113831 size-medium alignleft\" src=\"https:\/\/eurecat.org\/wp-content\/uploads\/2021\/04\/XAVIER-TORRA-1200X800-1-300x200.jpg\" alt=\"\" width=\"300\" height=\"200\" srcset=\"https:\/\/eurecat.org\/wp-content\/uploads\/2021\/04\/XAVIER-TORRA-1200X800-1-200x133.jpg 200w, https:\/\/eurecat.org\/wp-content\/uploads\/2021\/04\/XAVIER-TORRA-1200X800-1-300x200.jpg 300w, https:\/\/eurecat.org\/wp-content\/uploads\/2021\/04\/XAVIER-TORRA-1200X800-1-391x260.jpg 391w, https:\/\/eurecat.org\/wp-content\/uploads\/2021\/04\/XAVIER-TORRA-1200X800-1-400x267.jpg 400w, https:\/\/eurecat.org\/wp-content\/uploads\/2021\/04\/XAVIER-TORRA-1200X800-1-600x400.jpg 600w, https:\/\/eurecat.org\/wp-content\/uploads\/2021\/04\/XAVIER-TORRA-1200X800-1-768x512.jpg 768w, https:\/\/eurecat.org\/wp-content\/uploads\/2021\/04\/XAVIER-TORRA-1200X800-1-800x533.jpg 800w, https:\/\/eurecat.org\/wp-content\/uploads\/2021\/04\/XAVIER-TORRA-1200X800-1-1160x773.jpg 1160w, https:\/\/eurecat.org\/wp-content\/uploads\/2021\/04\/XAVIER-TORRA-1200X800-1.jpg 1200w\" sizes=\"(max-width: 300px) 100vw, 300px\" \/><\/strong><\/p>\n<p>La Barcelona Industry Week se ha convertido en un punto de encuentro imprescindible para tomar el pulso a las tecnolog\u00edas vinculadas a la fabricaci\u00f3n avanzada en \u00e1mbitos que van desde la eficiencia, los nuevos productos, el negocio y el talento. Eurecat participa con innovaciones punteras para la fabricaci\u00f3n inteligente y conectada pensadas para su traducci\u00f3n en nuevos productos o en procesos industriales m\u00e1s competitivos por parte del tejido industrial y empresarial.<\/p>\n<p>Para ello, combinamos tecnolog\u00edas como la Inteligencia Artificial, la rob\u00f3tica y el Internet de las Cosas (IOT) en m\u00faltiples \u00e1reas, como la gesti\u00f3n del agua, la industria, el sector agroalimentario, la energ\u00eda, la movilidad y la aeron\u00e1utica, para contribuir a la capacidad de las empresas de tomar decisiones m\u00e1s informadas para incrementar su competitividad.<\/p>\n<p>Respecto a esto, estamos viendo que la implantaci\u00f3n de la Inteligencia Artificial en los procesos de producci\u00f3n es una tendencia clave que permite tomar decisiones en tiempo real. Y, gracias a la obtenci\u00f3n y la interpretaci\u00f3n de los datos que nos han llevado a tomar estas decisiones, incluso, prever los acontecimientos antes de que pasen, con herramientas interesantes para la industria, como por ejemplo el mantenimiento predictivo. Esta din\u00e1mica establece un nuevo paradigma en los procesos de producci\u00f3n, donde las tecnolog\u00edas de manufactura est\u00e1n cada vez m\u00e1s dotadas de sensores y de actuadores y es posible disponer de m\u00e1s datos para conocer el estado de los procesos y asegurar la calidad y la personalizaci\u00f3n de los productos, tal como apunta la Industria 4.0.<\/p>\n<p>Cabe destacar tambi\u00e9n la irrupci\u00f3n de tecnolog\u00edas para la funcionalizaci\u00f3n superficial de materiales y de nuevas tecnolog\u00edas y materiales para afrontar los retos de construcci\u00f3n ligera. Algunas de estas tecnolog\u00edas tienen como fuente de inspiraci\u00f3n las soluciones en forma de texturas espec\u00edficas que la misma naturaleza ha ido perfeccionando con la evoluci\u00f3n de sus especies para adaptarse y sobrevivir.<\/p>\n<p>Por otra parte, diferentes sectores industriales est\u00e1n innovando para dar respuesta a la demanda de productos m\u00e1s ligeros por parte de los consumidores. Para ello, est\u00e1n irrumpiendo nuevos materiales met\u00e1licos y se est\u00e1n desarrollando materiales compuestos que permiten producir piezas m\u00e1s ligeras y de altas prestaciones mec\u00e1nicas. Con la impresi\u00f3n 3D se pueden, adem\u00e1s, hacer realidad nuevos dise\u00f1os y geometr\u00edas que no s\u00f3lo reducen peso, sino que abren nuevas v\u00edas al dise\u00f1o optimizado de componentes.<\/p>\n<p>En paralelo, se calcula que el mercado de los biopl\u00e1sticos crecer\u00e1 a un ritmo del 25 por ciento en los pr\u00f3ximos a\u00f1os, ya que es una de las alternativas a los pl\u00e1sticos de origen sint\u00e9tico. En este punto, Eurecat est\u00e1 trabajando para demostrar la escalabilidad industrial, descubriendo formas de producci\u00f3n de esta nueva materia prima a gran escala de forma sostenible, reinventando los procesos industriales, redise\u00f1ando asegurando su calidad y estableciendo los procesos de compostaje para que todo entre en el nuevo paradigma de la econom\u00eda circular. Algunos ejemplos de estas tendencias industriales los tienen en el presente newsletter en forma de nuevos proyectos, que esperamos que encuentren interesantes.<\/p>\n<p><strong>Xavier Torra<\/strong><\/p>\n<p><strong>Presidente de Eurecat, Centro Tecnol\u00f3gico de Catalu\u00f1a<\/strong><\/p>\n","protected":false},"excerpt":{"rendered":"<p>La Barcelona Industry Week se ha convertido en un punto de encuentro imprescindible para tomar el pulso a las tecnolog\u00edas vinculadas a la fabricaci\u00f3n avanzada en \u00e1mbitos que van desde la eficiencia, los nuevos productos, el negocio y el talento. Eurecat participa con innovaciones punteras para la fabricaci\u00f3n inteligente y conectada pensadas para su traducci\u00f3n  [&#8230;]<\/p>\n","protected":false},"author":12,"featured_media":113814,"comment_status":"closed","ping_status":"closed","sticky":false,"template":"","format":"standard","meta":{"footnotes":""},"categories":[133,2217],"tags":[],"class_list":["post-114007","post","type-post","status-publish","format-standard","has-post-thumbnail","hentry","category-blog","category-editorial"],"yoast_head":"<!-- This site is optimized with the Yoast SEO plugin v27.4 - https:\/\/yoast.com\/product\/yoast-seo-wordpress\/ -->\n<title>Editorial: Hacia una f\u00e1brica m\u00e1s inteligente y conectada - Eurecat<\/title>\n<meta name=\"description\" content=\"La concienciaci\u00f3n hacia el calentamiento global di\u00f3 pie al establecimiento del D\u00eda de la Tierra, una fecha que se celebra cada 22 de abril desde 1970 para poner de relieve la interdependencia entre todos los ecosistemas y los seres vivos que los habitamos\" \/>\n<meta name=\"robots\" content=\"index, follow, max-snippet:-1, max-image-preview:large, max-video-preview:-1\" \/>\n<link rel=\"canonical\" href=\"https:\/\/eurecat.org\/es\/editorial-hacia-una-fabrica-mas-inteligente-y-conectada\/\" \/>\n<meta property=\"og:locale\" content=\"es_ES\" \/>\n<meta property=\"og:type\" content=\"article\" \/>\n<meta property=\"og:title\" content=\"Editorial: Hacia una f\u00e1brica m\u00e1s inteligente y conectada - Eurecat\" \/>\n<meta property=\"og:description\" content=\"La concienciaci\u00f3n hacia el calentamiento global di\u00f3 pie al establecimiento del D\u00eda de la Tierra, una fecha que se celebra cada 22 de abril desde 1970 para poner de relieve la interdependencia entre todos los ecosistemas y los seres vivos que los habitamos\" \/>\n<meta property=\"og:url\" content=\"https:\/\/eurecat.org\/es\/editorial-hacia-una-fabrica-mas-inteligente-y-conectada\/\" \/>\n<meta property=\"og:site_name\" content=\"Eurecat\" \/>\n<meta property=\"article:published_time\" content=\"2019-10-30T07:24:00+00:00\" \/>\n<meta property=\"article:modified_time\" content=\"2021-05-05T08:25:28+00:00\" \/>\n<meta property=\"og:image\" content=\"https:\/\/eurecat.org\/wp-content\/uploads\/2021\/04\/XAVIER-TORRA-1200X800.jpg\" \/>\n\t<meta property=\"og:image:width\" content=\"1200\" \/>\n\t<meta property=\"og:image:height\" content=\"800\" \/>\n\t<meta property=\"og:image:type\" content=\"image\/jpeg\" \/>\n<meta name=\"author\" content=\"EurecatEG\" \/>\n<meta name=\"twitter:card\" content=\"summary_large_image\" \/>\n<meta name=\"twitter:label1\" content=\"Escrito por\" \/>\n\t<meta name=\"twitter:data1\" content=\"EurecatEG\" \/>\n\t<meta name=\"twitter:label2\" content=\"Tiempo de lectura\" \/>\n\t<meta name=\"twitter:data2\" content=\"3 minutos\" \/>\n<script type=\"application\/ld+json\" class=\"yoast-schema-graph\">{\"@context\":\"https:\\\/\\\/schema.org\",\"@graph\":[{\"@type\":\"Article\",\"@id\":\"https:\\\/\\\/eurecat.org\\\/es\\\/editorial-hacia-una-fabrica-mas-inteligente-y-conectada\\\/#article\",\"isPartOf\":{\"@id\":\"https:\\\/\\\/eurecat.org\\\/es\\\/editorial-hacia-una-fabrica-mas-inteligente-y-conectada\\\/\"},\"author\":{\"name\":\"EurecatEG\",\"@id\":\"https:\\\/\\\/eurecat.org\\\/es\\\/#\\\/schema\\\/person\\\/def9217eded50ee57a9dc4cf0c883f80\"},\"headline\":\"Editorial: Hacia una f\u00e1brica m\u00e1s inteligente y conectada\",\"datePublished\":\"2019-10-30T07:24:00+00:00\",\"dateModified\":\"2021-05-05T08:25:28+00:00\",\"mainEntityOfPage\":{\"@id\":\"https:\\\/\\\/eurecat.org\\\/es\\\/editorial-hacia-una-fabrica-mas-inteligente-y-conectada\\\/\"},\"wordCount\":565,\"image\":{\"@id\":\"https:\\\/\\\/eurecat.org\\\/es\\\/editorial-hacia-una-fabrica-mas-inteligente-y-conectada\\\/#primaryimage\"},\"thumbnailUrl\":\"https:\\\/\\\/eurecat.org\\\/wp-content\\\/uploads\\\/2021\\\/04\\\/XAVIER-TORRA-1200X800.jpg\",\"articleSection\":[\"Blog\",\"Editorial\"],\"inLanguage\":\"es\"},{\"@type\":\"WebPage\",\"@id\":\"https:\\\/\\\/eurecat.org\\\/es\\\/editorial-hacia-una-fabrica-mas-inteligente-y-conectada\\\/\",\"url\":\"https:\\\/\\\/eurecat.org\\\/es\\\/editorial-hacia-una-fabrica-mas-inteligente-y-conectada\\\/\",\"name\":\"Editorial: Hacia una f\u00e1brica m\u00e1s inteligente y conectada - Eurecat\",\"isPartOf\":{\"@id\":\"https:\\\/\\\/eurecat.org\\\/es\\\/#website\"},\"primaryImageOfPage\":{\"@id\":\"https:\\\/\\\/eurecat.org\\\/es\\\/editorial-hacia-una-fabrica-mas-inteligente-y-conectada\\\/#primaryimage\"},\"image\":{\"@id\":\"https:\\\/\\\/eurecat.org\\\/es\\\/editorial-hacia-una-fabrica-mas-inteligente-y-conectada\\\/#primaryimage\"},\"thumbnailUrl\":\"https:\\\/\\\/eurecat.org\\\/wp-content\\\/uploads\\\/2021\\\/04\\\/XAVIER-TORRA-1200X800.jpg\",\"datePublished\":\"2019-10-30T07:24:00+00:00\",\"dateModified\":\"2021-05-05T08:25:28+00:00\",\"author\":{\"@id\":\"https:\\\/\\\/eurecat.org\\\/es\\\/#\\\/schema\\\/person\\\/def9217eded50ee57a9dc4cf0c883f80\"},\"description\":\"La concienciaci\u00f3n hacia el calentamiento global di\u00f3 pie al establecimiento del D\u00eda de la Tierra, una fecha que se celebra cada 22 de abril desde 1970 para poner de relieve la interdependencia entre todos los ecosistemas y los seres vivos que los habitamos\",\"breadcrumb\":{\"@id\":\"https:\\\/\\\/eurecat.org\\\/es\\\/editorial-hacia-una-fabrica-mas-inteligente-y-conectada\\\/#breadcrumb\"},\"inLanguage\":\"es\",\"potentialAction\":[{\"@type\":\"ReadAction\",\"target\":[\"https:\\\/\\\/eurecat.org\\\/es\\\/editorial-hacia-una-fabrica-mas-inteligente-y-conectada\\\/\"]}]},{\"@type\":\"ImageObject\",\"inLanguage\":\"es\",\"@id\":\"https:\\\/\\\/eurecat.org\\\/es\\\/editorial-hacia-una-fabrica-mas-inteligente-y-conectada\\\/#primaryimage\",\"url\":\"https:\\\/\\\/eurecat.org\\\/wp-content\\\/uploads\\\/2021\\\/04\\\/XAVIER-TORRA-1200X800.jpg\",\"contentUrl\":\"https:\\\/\\\/eurecat.org\\\/wp-content\\\/uploads\\\/2021\\\/04\\\/XAVIER-TORRA-1200X800.jpg\",\"width\":1200,\"height\":800},{\"@type\":\"BreadcrumbList\",\"@id\":\"https:\\\/\\\/eurecat.org\\\/es\\\/editorial-hacia-una-fabrica-mas-inteligente-y-conectada\\\/#breadcrumb\",\"itemListElement\":[{\"@type\":\"ListItem\",\"position\":1,\"name\":\"Inici\",\"item\":\"https:\\\/\\\/eurecat.org\\\/es\\\/\"},{\"@type\":\"ListItem\",\"position\":2,\"name\":\"Editorial: Hacia una f\u00e1brica m\u00e1s inteligente y conectada\"}]},{\"@type\":\"WebSite\",\"@id\":\"https:\\\/\\\/eurecat.org\\\/es\\\/#website\",\"url\":\"https:\\\/\\\/eurecat.org\\\/es\\\/\",\"name\":\"Eurecat\",\"description\":\"Otro sitio realizado con WordPress\",\"potentialAction\":[{\"@type\":\"SearchAction\",\"target\":{\"@type\":\"EntryPoint\",\"urlTemplate\":\"https:\\\/\\\/eurecat.org\\\/es\\\/?s={search_term_string}\"},\"query-input\":{\"@type\":\"PropertyValueSpecification\",\"valueRequired\":true,\"valueName\":\"search_term_string\"}}],\"inLanguage\":\"es\"},{\"@type\":\"Person\",\"@id\":\"https:\\\/\\\/eurecat.org\\\/es\\\/#\\\/schema\\\/person\\\/def9217eded50ee57a9dc4cf0c883f80\",\"name\":\"EurecatEG\",\"image\":{\"@type\":\"ImageObject\",\"inLanguage\":\"es\",\"@id\":\"https:\\\/\\\/secure.gravatar.com\\\/avatar\\\/f40dd9b6ecd3e5c591f3c9b033e495ee0ec9877ba77249fbf268b3889350c824?s=96&d=mm&r=g\",\"url\":\"https:\\\/\\\/secure.gravatar.com\\\/avatar\\\/f40dd9b6ecd3e5c591f3c9b033e495ee0ec9877ba77249fbf268b3889350c824?s=96&d=mm&r=g\",\"contentUrl\":\"https:\\\/\\\/secure.gravatar.com\\\/avatar\\\/f40dd9b6ecd3e5c591f3c9b033e495ee0ec9877ba77249fbf268b3889350c824?s=96&d=mm&r=g\",\"caption\":\"EurecatEG\"}}]}<\/script>\n<!-- \/ Yoast SEO plugin. -->","yoast_head_json":{"title":"Editorial: Hacia una f\u00e1brica m\u00e1s inteligente y conectada - Eurecat","description":"La concienciaci\u00f3n hacia el calentamiento global di\u00f3 pie al establecimiento del D\u00eda de la Tierra, una fecha que se celebra cada 22 de abril desde 1970 para poner de relieve la interdependencia entre todos los ecosistemas y los seres vivos que los habitamos","robots":{"index":"index","follow":"follow","max-snippet":"max-snippet:-1","max-image-preview":"max-image-preview:large","max-video-preview":"max-video-preview:-1"},"canonical":"https:\/\/eurecat.org\/es\/editorial-hacia-una-fabrica-mas-inteligente-y-conectada\/","og_locale":"es_ES","og_type":"article","og_title":"Editorial: Hacia una f\u00e1brica m\u00e1s inteligente y conectada - Eurecat","og_description":"La concienciaci\u00f3n hacia el calentamiento global di\u00f3 pie al establecimiento del D\u00eda de la Tierra, una fecha que se celebra cada 22 de abril desde 1970 para poner de relieve la interdependencia entre todos los ecosistemas y los seres vivos que los habitamos","og_url":"https:\/\/eurecat.org\/es\/editorial-hacia-una-fabrica-mas-inteligente-y-conectada\/","og_site_name":"Eurecat","article_published_time":"2019-10-30T07:24:00+00:00","article_modified_time":"2021-05-05T08:25:28+00:00","og_image":[{"width":1200,"height":800,"url":"https:\/\/eurecat.org\/wp-content\/uploads\/2021\/04\/XAVIER-TORRA-1200X800.jpg","type":"image\/jpeg"}],"author":"EurecatEG","twitter_card":"summary_large_image","twitter_misc":{"Escrito por":"EurecatEG","Tiempo de lectura":"3 minutos"},"schema":{"@context":"https:\/\/schema.org","@graph":[{"@type":"Article","@id":"https:\/\/eurecat.org\/es\/editorial-hacia-una-fabrica-mas-inteligente-y-conectada\/#article","isPartOf":{"@id":"https:\/\/eurecat.org\/es\/editorial-hacia-una-fabrica-mas-inteligente-y-conectada\/"},"author":{"name":"EurecatEG","@id":"https:\/\/eurecat.org\/es\/#\/schema\/person\/def9217eded50ee57a9dc4cf0c883f80"},"headline":"Editorial: Hacia una f\u00e1brica m\u00e1s inteligente y conectada","datePublished":"2019-10-30T07:24:00+00:00","dateModified":"2021-05-05T08:25:28+00:00","mainEntityOfPage":{"@id":"https:\/\/eurecat.org\/es\/editorial-hacia-una-fabrica-mas-inteligente-y-conectada\/"},"wordCount":565,"image":{"@id":"https:\/\/eurecat.org\/es\/editorial-hacia-una-fabrica-mas-inteligente-y-conectada\/#primaryimage"},"thumbnailUrl":"https:\/\/eurecat.org\/wp-content\/uploads\/2021\/04\/XAVIER-TORRA-1200X800.jpg","articleSection":["Blog","Editorial"],"inLanguage":"es"},{"@type":"WebPage","@id":"https:\/\/eurecat.org\/es\/editorial-hacia-una-fabrica-mas-inteligente-y-conectada\/","url":"https:\/\/eurecat.org\/es\/editorial-hacia-una-fabrica-mas-inteligente-y-conectada\/","name":"Editorial: Hacia una f\u00e1brica m\u00e1s inteligente y conectada - Eurecat","isPartOf":{"@id":"https:\/\/eurecat.org\/es\/#website"},"primaryImageOfPage":{"@id":"https:\/\/eurecat.org\/es\/editorial-hacia-una-fabrica-mas-inteligente-y-conectada\/#primaryimage"},"image":{"@id":"https:\/\/eurecat.org\/es\/editorial-hacia-una-fabrica-mas-inteligente-y-conectada\/#primaryimage"},"thumbnailUrl":"https:\/\/eurecat.org\/wp-content\/uploads\/2021\/04\/XAVIER-TORRA-1200X800.jpg","datePublished":"2019-10-30T07:24:00+00:00","dateModified":"2021-05-05T08:25:28+00:00","author":{"@id":"https:\/\/eurecat.org\/es\/#\/schema\/person\/def9217eded50ee57a9dc4cf0c883f80"},"description":"La concienciaci\u00f3n hacia el calentamiento global di\u00f3 pie al establecimiento del D\u00eda de la Tierra, una fecha que se celebra cada 22 de abril desde 1970 para poner de relieve la interdependencia entre todos los ecosistemas y los seres vivos que los habitamos","breadcrumb":{"@id":"https:\/\/eurecat.org\/es\/editorial-hacia-una-fabrica-mas-inteligente-y-conectada\/#breadcrumb"},"inLanguage":"es","potentialAction":[{"@type":"ReadAction","target":["https:\/\/eurecat.org\/es\/editorial-hacia-una-fabrica-mas-inteligente-y-conectada\/"]}]},{"@type":"ImageObject","inLanguage":"es","@id":"https:\/\/eurecat.org\/es\/editorial-hacia-una-fabrica-mas-inteligente-y-conectada\/#primaryimage","url":"https:\/\/eurecat.org\/wp-content\/uploads\/2021\/04\/XAVIER-TORRA-1200X800.jpg","contentUrl":"https:\/\/eurecat.org\/wp-content\/uploads\/2021\/04\/XAVIER-TORRA-1200X800.jpg","width":1200,"height":800},{"@type":"BreadcrumbList","@id":"https:\/\/eurecat.org\/es\/editorial-hacia-una-fabrica-mas-inteligente-y-conectada\/#breadcrumb","itemListElement":[{"@type":"ListItem","position":1,"name":"Inici","item":"https:\/\/eurecat.org\/es\/"},{"@type":"ListItem","position":2,"name":"Editorial: Hacia una f\u00e1brica m\u00e1s inteligente y conectada"}]},{"@type":"WebSite","@id":"https:\/\/eurecat.org\/es\/#website","url":"https:\/\/eurecat.org\/es\/","name":"Eurecat","description":"Otro sitio realizado con WordPress","potentialAction":[{"@type":"SearchAction","target":{"@type":"EntryPoint","urlTemplate":"https:\/\/eurecat.org\/es\/?s={search_term_string}"},"query-input":{"@type":"PropertyValueSpecification","valueRequired":true,"valueName":"search_term_string"}}],"inLanguage":"es"},{"@type":"Person","@id":"https:\/\/eurecat.org\/es\/#\/schema\/person\/def9217eded50ee57a9dc4cf0c883f80","name":"EurecatEG","image":{"@type":"ImageObject","inLanguage":"es","@id":"https:\/\/secure.gravatar.com\/avatar\/f40dd9b6ecd3e5c591f3c9b033e495ee0ec9877ba77249fbf268b3889350c824?s=96&d=mm&r=g","url":"https:\/\/secure.gravatar.com\/avatar\/f40dd9b6ecd3e5c591f3c9b033e495ee0ec9877ba77249fbf268b3889350c824?s=96&d=mm&r=g","contentUrl":"https:\/\/secure.gravatar.com\/avatar\/f40dd9b6ecd3e5c591f3c9b033e495ee0ec9877ba77249fbf268b3889350c824?s=96&d=mm&r=g","caption":"EurecatEG"}}]}},"_links":{"self":[{"href":"https:\/\/eurecat.org\/es\/wp-json\/wp\/v2\/posts\/114007","targetHints":{"allow":["GET"]}}],"collection":[{"href":"https:\/\/eurecat.org\/es\/wp-json\/wp\/v2\/posts"}],"about":[{"href":"https:\/\/eurecat.org\/es\/wp-json\/wp\/v2\/types\/post"}],"author":[{"embeddable":true,"href":"https:\/\/eurecat.org\/es\/wp-json\/wp\/v2\/users\/12"}],"replies":[{"embeddable":true,"href":"https:\/\/eurecat.org\/es\/wp-json\/wp\/v2\/comments?post=114007"}],"version-history":[{"count":0,"href":"https:\/\/eurecat.org\/es\/wp-json\/wp\/v2\/posts\/114007\/revisions"}],"wp:featuredmedia":[{"embeddable":true,"href":"https:\/\/eurecat.org\/es\/wp-json\/wp\/v2\/media\/113814"}],"wp:attachment":[{"href":"https:\/\/eurecat.org\/es\/wp-json\/wp\/v2\/media?parent=114007"}],"wp:term":[{"taxonomy":"category","embeddable":true,"href":"https:\/\/eurecat.org\/es\/wp-json\/wp\/v2\/categories?post=114007"},{"taxonomy":"post_tag","embeddable":true,"href":"https:\/\/eurecat.org\/es\/wp-json\/wp\/v2\/tags?post=114007"}],"curies":[{"name":"wp","href":"https:\/\/api.w.org\/{rel}","templated":true}]}}