{"id":114053,"date":"2020-09-29T13:50:12","date_gmt":"2020-09-29T13:50:12","guid":{"rendered":"https:\/\/eurecat.org\/?p=114053"},"modified":"2021-05-05T13:54:25","modified_gmt":"2021-05-05T13:54:25","slug":"editorial-compromiso-con-las-empresas-implicacion-con-la-sociedad","status":"publish","type":"post","link":"https:\/\/eurecat.org\/es\/editorial-compromiso-con-las-empresas-implicacion-con-la-sociedad\/","title":{"rendered":"Editorial: Compromiso con las empresas, implicaci\u00f3n con la Sociedad"},"content":{"rendered":"<p><img decoding=\"async\" class=\"wp-image-99544 size-medium alignleft\" src=\"https:\/\/eurecat.org\/wp-content\/uploads\/2020\/04\/xavier-torra-600-X-400-300x200.jpg\" alt=\"\" width=\"300\" height=\"200\" srcset=\"https:\/\/eurecat.org\/wp-content\/uploads\/2020\/04\/xavier-torra-600-X-400-200x133.jpg 200w, https:\/\/eurecat.org\/wp-content\/uploads\/2020\/04\/xavier-torra-600-X-400-300x200.jpg 300w, https:\/\/eurecat.org\/wp-content\/uploads\/2020\/04\/xavier-torra-600-X-400-400x267.jpg 400w, https:\/\/eurecat.org\/wp-content\/uploads\/2020\/04\/xavier-torra-600-X-400.jpg 600w\" sizes=\"(max-width: 300px) 100vw, 300px\" \/><\/p>\n<p>El compromiso de Eurecat con las empresas y la implicaci\u00f3n con la sociedad es mayor que nunca en estos momentos de incertidumbre a ra\u00edz del COVID-19. <strong>Nuestras capacidades y experiencia est\u00e1n orientadas al hacer posible que la innovaci\u00f3n llegue al tejido econ\u00f3mico y social para ayudar a la recuperaci\u00f3n, tanto desde el punto de vista sanitario como desde el \u00e1ngulo econ\u00f3mico y empresarial.<\/strong> La digitalizaci\u00f3n ha hecho posible que muchas empresas se hayan podido adaptar r\u00e1pidamente al nuevo escenario y hayan encontrado f\u00f3rmulas para dar servicio a sus clientes, a la vez que la innovaci\u00f3n est\u00e1 demostrando que es una aliada estrat\u00e9gica clave para abrir nuevas maneras de avanzar ante de un panorama tan excepcional. Pero se trata de un camino complejo que requiere de un esfuerzo y de una atenci\u00f3n constantes.<\/p>\n<p>Estamos viviendo tiempos de cambio y de transici\u00f3n, donde valores como el talento, la creatividad, la persistencia y el compromiso son fundamentales. Esta es la filosof\u00eda que fundamenta nuestro enfoque frente al COVID-19 y que ha dado lugar a soluciones como el ensayo de cientos de referencias de materiales para la fabricaci\u00f3n de mascarillas de protecci\u00f3n. Este servicio por parte de nuestros laboratorios ha permitido que muy r\u00e1pidamente productores textiles hayan virado hacia el producto sanitario y de protecci\u00f3n, abriendo nuevas l\u00edneas de negocio. Esto quiere decir que ya tenemos empresas fabricantes locales que pueden producir mascarillas, tanto quir\u00fargicas como higi\u00e9nicas o higi\u00e9nicas reutilizables y, por tanto, pueden ofrecerlas, tanto en el \u00e1mbito sanitario como a toda la sociedad. Tambi\u00e9n hemos iniciado una investigaci\u00f3n exhaustiva para llevar al mercado nuevas maneras de interactuar con los objetos, mediante tecnolog\u00edas touchless y viricidas, de las que pronto se ver\u00e1n resultados interesantes.<\/p>\n<p>En el \u00e1mbito sanitario, nuestros laboratorios han ensayado nuevos sistemas de desinfecci\u00f3n y hemos puesto al alcance nuevas soluciones de telemonitorizaci\u00f3n de los pacientes para reducir riesgos durante la pandemia. En este sentido, hace tiempo que Eurecat est\u00e1 trabajando para agilizar el desarrollo de la telemedicina, que a partir de ahora ser\u00e1 clave para la modelizaci\u00f3n de los procesos cl\u00ednicos, la promoci\u00f3n de la prevenci\u00f3n y el apoyo a la decisi\u00f3n, tal como se explica en la entrevista que dedicamos al congreso <strong>XPatient Barcelona Congress<\/strong>, que justo acaba de celebrar su quinta edici\u00f3n, con una especial atenci\u00f3n al COVID-19.<\/p>\n<p>Tambi\u00e9n estamos implicados en un estudio masivo de caracter\u00edsticas sangu\u00edneas de personas con el virus para encontrar biomarcadores de pron\u00f3stico de la enfermedad y hemos puesto en marcha una iniciativa para que grupos de investigaci\u00f3n y empresas de todo el mundo puedan llevar a cabo investigaci\u00f3n cient\u00edfica con hurones, a fin de contribuir a acelerar la obtenci\u00f3n de vacunas y f\u00e1rmacos para combatir el Sars-CoV-2.<\/p>\n<p>Otro paso clave en la esfera sanitaria ha sido la creaci\u00f3n del primer proyecto de uso de an\u00e1lisis de <strong>Big Data e inteligencia artificial<\/strong> para la prevenci\u00f3n de epidemias para detectar y mitigar la propagaci\u00f3n de epidemias. En paralelo, hemos aportado nuestro conocimiento en el grupo de trabajo impulsado por la Agencia Catalana del Agua para el control de la presencia del coronavirus en las aguas residuales.<\/p>\n<p>En este newsletter encontrar\u00e1 tambi\u00e9n ejemplos de soluciones innovadoras, como la plataforma<strong> Skills Match<\/strong>, que ayuda a mejorar las llamadas habilidades soft, que ser\u00e1n m\u00e1s estrat\u00e9gicas que nunca en el nuevo escenario laboral. Adem\u00e1s, os acercamos los resultados del <strong>PECT Nutrisalt<\/strong>, que ha permitido crear una plataforma de seguridad alimentaria para detectar fraudes en alimentos; un estudio sobre el efecto de un ingrediente para nutrici\u00f3n animal sobre la microbiota y el bienestar, y un nuevo proceso para la recuperaci\u00f3n de metales y minerales de alto valor procedentes de los efluentes generados en plantas de desalinizaci\u00f3n de agua de mar .<\/p>\n<p>Nuestra incorporaci\u00f3n al <strong>Cluster Audiovisual de Catalu\u00f1a<\/strong> y la participaci\u00f3n en la red europea Sparta, que implementar\u00e1 acciones de cooperaci\u00f3n en investigaci\u00f3n e innovaci\u00f3n para avanzar en el \u00e1mbito de la ciberseguridad europea, completan este n\u00famero de septiembre, junto con informaciones sobre la introducci\u00f3n de la inteligencia artificial y el v\u00eddeo interactivo 360\u00ba en la rehabilitaci\u00f3n neuropsicol\u00f3gica y sobre la demostraci\u00f3n a escala piloto de un nuevo sistema de tratamiento del agua residual procedente de la industria petroqu\u00edmica.<\/p>\n<p><strong>Xavier Torra<br \/>\n<\/strong><strong>Presidente de Eurecat, Centro Tecnol\u00f3gico de Catalu\u00f1a<\/strong><\/p>\n","protected":false},"excerpt":{"rendered":"<p>El compromiso de Eurecat con las empresas y la implicaci\u00f3n con la sociedad es mayor que nunca en estos momentos de incertidumbre a ra\u00edz del COVID-19. Nuestras capacidades y experiencia est\u00e1n orientadas al hacer posible que la innovaci\u00f3n llegue al tejido econ\u00f3mico y social para ayudar a la recuperaci\u00f3n, tanto desde el punto de vista  [&#8230;]<\/p>\n","protected":false},"author":12,"featured_media":99546,"comment_status":"open","ping_status":"closed","sticky":false,"template":"","format":"standard","meta":{"footnotes":""},"categories":[133,2217],"tags":[],"class_list":["post-114053","post","type-post","status-publish","format-standard","has-post-thumbnail","hentry","category-blog","category-editorial"],"yoast_head":"<!-- This site is optimized with the Yoast SEO plugin v27.5 - https:\/\/yoast.com\/product\/yoast-seo-wordpress\/ -->\n<title>Editorial: Compromiso con las empresas, implicaci\u00f3n con la Sociedad - Eurecat<\/title>\n<meta name=\"description\" content=\"El compromiso de Eurecat con las empresas y la implicaci\u00f3n con la sociedad es mayor que nunca en estos momentos de incertidumbre a ra\u00edz del COVID-19. Nuestras capacidades y experiencia est\u00e1n orientadas al hacer posible que la innovaci\u00f3n llegue al tejido econ\u00f3mico y social para ayudar a la recuperaci\u00f3n, tanto desde el punto de vista sanitario como desde el \u00e1ngulo econ\u00f3mico y empresarial.\" \/>\n<meta name=\"robots\" content=\"index, follow, max-snippet:-1, max-image-preview:large, max-video-preview:-1\" \/>\n<link rel=\"canonical\" href=\"https:\/\/eurecat.org\/es\/editorial-compromiso-con-las-empresas-implicacion-con-la-sociedad\/\" \/>\n<meta property=\"og:locale\" content=\"es_ES\" \/>\n<meta property=\"og:type\" content=\"article\" \/>\n<meta property=\"og:title\" content=\"Editorial: Compromiso con las empresas, implicaci\u00f3n con la Sociedad - Eurecat\" \/>\n<meta property=\"og:description\" content=\"El compromiso de Eurecat con las empresas y la implicaci\u00f3n con la sociedad es mayor que nunca en estos momentos de incertidumbre a ra\u00edz del COVID-19. Nuestras capacidades y experiencia est\u00e1n orientadas al hacer posible que la innovaci\u00f3n llegue al tejido econ\u00f3mico y social para ayudar a la recuperaci\u00f3n, tanto desde el punto de vista sanitario como desde el \u00e1ngulo econ\u00f3mico y empresarial.\" \/>\n<meta property=\"og:url\" content=\"https:\/\/eurecat.org\/es\/editorial-compromiso-con-las-empresas-implicacion-con-la-sociedad\/\" \/>\n<meta property=\"og:site_name\" content=\"Eurecat\" \/>\n<meta property=\"article:published_time\" content=\"2020-09-29T13:50:12+00:00\" \/>\n<meta property=\"article:modified_time\" content=\"2021-05-05T13:54:25+00:00\" \/>\n<meta property=\"og:image\" content=\"https:\/\/eurecat.org\/wp-content\/uploads\/2020\/04\/xavier-torra-600-X-400.jpg\" \/>\n\t<meta property=\"og:image:width\" content=\"600\" \/>\n\t<meta property=\"og:image:height\" content=\"400\" \/>\n\t<meta property=\"og:image:type\" content=\"image\/jpeg\" \/>\n<meta name=\"author\" content=\"EurecatEG\" \/>\n<meta name=\"twitter:card\" content=\"summary_large_image\" \/>\n<meta name=\"twitter:label1\" content=\"Escrito por\" \/>\n\t<meta name=\"twitter:data1\" content=\"EurecatEG\" \/>\n\t<meta name=\"twitter:label2\" content=\"Tiempo de lectura\" \/>\n\t<meta name=\"twitter:data2\" content=\"4 minutos\" \/>\n<script type=\"application\/ld+json\" class=\"yoast-schema-graph\">{\"@context\":\"https:\\\/\\\/schema.org\",\"@graph\":[{\"@type\":\"Article\",\"@id\":\"https:\\\/\\\/eurecat.org\\\/es\\\/editorial-compromiso-con-las-empresas-implicacion-con-la-sociedad\\\/#article\",\"isPartOf\":{\"@id\":\"https:\\\/\\\/eurecat.org\\\/es\\\/editorial-compromiso-con-las-empresas-implicacion-con-la-sociedad\\\/\"},\"author\":{\"name\":\"EurecatEG\",\"@id\":\"https:\\\/\\\/eurecat.org\\\/es\\\/#\\\/schema\\\/person\\\/def9217eded50ee57a9dc4cf0c883f80\"},\"headline\":\"Editorial: Compromiso con las empresas, implicaci\u00f3n con la Sociedad\",\"datePublished\":\"2020-09-29T13:50:12+00:00\",\"dateModified\":\"2021-05-05T13:54:25+00:00\",\"mainEntityOfPage\":{\"@id\":\"https:\\\/\\\/eurecat.org\\\/es\\\/editorial-compromiso-con-las-empresas-implicacion-con-la-sociedad\\\/\"},\"wordCount\":779,\"commentCount\":0,\"image\":{\"@id\":\"https:\\\/\\\/eurecat.org\\\/es\\\/editorial-compromiso-con-las-empresas-implicacion-con-la-sociedad\\\/#primaryimage\"},\"thumbnailUrl\":\"https:\\\/\\\/eurecat.org\\\/wp-content\\\/uploads\\\/2020\\\/04\\\/xavier-torra-600-X-400.jpg\",\"articleSection\":[\"Blog\",\"Editorial\"],\"inLanguage\":\"es\",\"potentialAction\":[{\"@type\":\"CommentAction\",\"name\":\"Comment\",\"target\":[\"https:\\\/\\\/eurecat.org\\\/es\\\/editorial-compromiso-con-las-empresas-implicacion-con-la-sociedad\\\/#respond\"]}]},{\"@type\":\"WebPage\",\"@id\":\"https:\\\/\\\/eurecat.org\\\/es\\\/editorial-compromiso-con-las-empresas-implicacion-con-la-sociedad\\\/\",\"url\":\"https:\\\/\\\/eurecat.org\\\/es\\\/editorial-compromiso-con-las-empresas-implicacion-con-la-sociedad\\\/\",\"name\":\"Editorial: Compromiso con las empresas, implicaci\u00f3n con la Sociedad - Eurecat\",\"isPartOf\":{\"@id\":\"https:\\\/\\\/eurecat.org\\\/es\\\/#website\"},\"primaryImageOfPage\":{\"@id\":\"https:\\\/\\\/eurecat.org\\\/es\\\/editorial-compromiso-con-las-empresas-implicacion-con-la-sociedad\\\/#primaryimage\"},\"image\":{\"@id\":\"https:\\\/\\\/eurecat.org\\\/es\\\/editorial-compromiso-con-las-empresas-implicacion-con-la-sociedad\\\/#primaryimage\"},\"thumbnailUrl\":\"https:\\\/\\\/eurecat.org\\\/wp-content\\\/uploads\\\/2020\\\/04\\\/xavier-torra-600-X-400.jpg\",\"datePublished\":\"2020-09-29T13:50:12+00:00\",\"dateModified\":\"2021-05-05T13:54:25+00:00\",\"author\":{\"@id\":\"https:\\\/\\\/eurecat.org\\\/es\\\/#\\\/schema\\\/person\\\/def9217eded50ee57a9dc4cf0c883f80\"},\"description\":\"El compromiso de Eurecat con las empresas y la implicaci\u00f3n con la sociedad es mayor que nunca en estos momentos de incertidumbre a ra\u00edz del COVID-19. Nuestras capacidades y experiencia est\u00e1n orientadas al hacer posible que la innovaci\u00f3n llegue al tejido econ\u00f3mico y social para ayudar a la recuperaci\u00f3n, tanto desde el punto de vista sanitario como desde el \u00e1ngulo econ\u00f3mico y empresarial.\",\"breadcrumb\":{\"@id\":\"https:\\\/\\\/eurecat.org\\\/es\\\/editorial-compromiso-con-las-empresas-implicacion-con-la-sociedad\\\/#breadcrumb\"},\"inLanguage\":\"es\",\"potentialAction\":[{\"@type\":\"ReadAction\",\"target\":[\"https:\\\/\\\/eurecat.org\\\/es\\\/editorial-compromiso-con-las-empresas-implicacion-con-la-sociedad\\\/\"]}]},{\"@type\":\"ImageObject\",\"inLanguage\":\"es\",\"@id\":\"https:\\\/\\\/eurecat.org\\\/es\\\/editorial-compromiso-con-las-empresas-implicacion-con-la-sociedad\\\/#primaryimage\",\"url\":\"https:\\\/\\\/eurecat.org\\\/wp-content\\\/uploads\\\/2020\\\/04\\\/xavier-torra-600-X-400.jpg\",\"contentUrl\":\"https:\\\/\\\/eurecat.org\\\/wp-content\\\/uploads\\\/2020\\\/04\\\/xavier-torra-600-X-400.jpg\",\"width\":600,\"height\":400},{\"@type\":\"BreadcrumbList\",\"@id\":\"https:\\\/\\\/eurecat.org\\\/es\\\/editorial-compromiso-con-las-empresas-implicacion-con-la-sociedad\\\/#breadcrumb\",\"itemListElement\":[{\"@type\":\"ListItem\",\"position\":1,\"name\":\"Inici\",\"item\":\"https:\\\/\\\/eurecat.org\\\/es\\\/\"},{\"@type\":\"ListItem\",\"position\":2,\"name\":\"Editorial: Compromiso con las empresas, implicaci\u00f3n con la Sociedad\"}]},{\"@type\":\"WebSite\",\"@id\":\"https:\\\/\\\/eurecat.org\\\/es\\\/#website\",\"url\":\"https:\\\/\\\/eurecat.org\\\/es\\\/\",\"name\":\"Eurecat\",\"description\":\"Otro sitio realizado con WordPress\",\"potentialAction\":[{\"@type\":\"SearchAction\",\"target\":{\"@type\":\"EntryPoint\",\"urlTemplate\":\"https:\\\/\\\/eurecat.org\\\/es\\\/?s={search_term_string}\"},\"query-input\":{\"@type\":\"PropertyValueSpecification\",\"valueRequired\":true,\"valueName\":\"search_term_string\"}}],\"inLanguage\":\"es\"},{\"@type\":\"Person\",\"@id\":\"https:\\\/\\\/eurecat.org\\\/es\\\/#\\\/schema\\\/person\\\/def9217eded50ee57a9dc4cf0c883f80\",\"name\":\"EurecatEG\",\"image\":{\"@type\":\"ImageObject\",\"inLanguage\":\"es\",\"@id\":\"https:\\\/\\\/secure.gravatar.com\\\/avatar\\\/f40dd9b6ecd3e5c591f3c9b033e495ee0ec9877ba77249fbf268b3889350c824?s=96&d=mm&r=g\",\"url\":\"https:\\\/\\\/secure.gravatar.com\\\/avatar\\\/f40dd9b6ecd3e5c591f3c9b033e495ee0ec9877ba77249fbf268b3889350c824?s=96&d=mm&r=g\",\"contentUrl\":\"https:\\\/\\\/secure.gravatar.com\\\/avatar\\\/f40dd9b6ecd3e5c591f3c9b033e495ee0ec9877ba77249fbf268b3889350c824?s=96&d=mm&r=g\",\"caption\":\"EurecatEG\"}}]}<\/script>\n<!-- \/ Yoast SEO plugin. -->","yoast_head_json":{"title":"Editorial: Compromiso con las empresas, implicaci\u00f3n con la Sociedad - Eurecat","description":"El compromiso de Eurecat con las empresas y la implicaci\u00f3n con la sociedad es mayor que nunca en estos momentos de incertidumbre a ra\u00edz del COVID-19. Nuestras capacidades y experiencia est\u00e1n orientadas al hacer posible que la innovaci\u00f3n llegue al tejido econ\u00f3mico y social para ayudar a la recuperaci\u00f3n, tanto desde el punto de vista sanitario como desde el \u00e1ngulo econ\u00f3mico y empresarial.","robots":{"index":"index","follow":"follow","max-snippet":"max-snippet:-1","max-image-preview":"max-image-preview:large","max-video-preview":"max-video-preview:-1"},"canonical":"https:\/\/eurecat.org\/es\/editorial-compromiso-con-las-empresas-implicacion-con-la-sociedad\/","og_locale":"es_ES","og_type":"article","og_title":"Editorial: Compromiso con las empresas, implicaci\u00f3n con la Sociedad - Eurecat","og_description":"El compromiso de Eurecat con las empresas y la implicaci\u00f3n con la sociedad es mayor que nunca en estos momentos de incertidumbre a ra\u00edz del COVID-19. Nuestras capacidades y experiencia est\u00e1n orientadas al hacer posible que la innovaci\u00f3n llegue al tejido econ\u00f3mico y social para ayudar a la recuperaci\u00f3n, tanto desde el punto de vista sanitario como desde el \u00e1ngulo econ\u00f3mico y empresarial.","og_url":"https:\/\/eurecat.org\/es\/editorial-compromiso-con-las-empresas-implicacion-con-la-sociedad\/","og_site_name":"Eurecat","article_published_time":"2020-09-29T13:50:12+00:00","article_modified_time":"2021-05-05T13:54:25+00:00","og_image":[{"width":600,"height":400,"url":"https:\/\/eurecat.org\/wp-content\/uploads\/2020\/04\/xavier-torra-600-X-400.jpg","type":"image\/jpeg"}],"author":"EurecatEG","twitter_card":"summary_large_image","twitter_misc":{"Escrito por":"EurecatEG","Tiempo de lectura":"4 minutos"},"schema":{"@context":"https:\/\/schema.org","@graph":[{"@type":"Article","@id":"https:\/\/eurecat.org\/es\/editorial-compromiso-con-las-empresas-implicacion-con-la-sociedad\/#article","isPartOf":{"@id":"https:\/\/eurecat.org\/es\/editorial-compromiso-con-las-empresas-implicacion-con-la-sociedad\/"},"author":{"name":"EurecatEG","@id":"https:\/\/eurecat.org\/es\/#\/schema\/person\/def9217eded50ee57a9dc4cf0c883f80"},"headline":"Editorial: Compromiso con las empresas, implicaci\u00f3n con la Sociedad","datePublished":"2020-09-29T13:50:12+00:00","dateModified":"2021-05-05T13:54:25+00:00","mainEntityOfPage":{"@id":"https:\/\/eurecat.org\/es\/editorial-compromiso-con-las-empresas-implicacion-con-la-sociedad\/"},"wordCount":779,"commentCount":0,"image":{"@id":"https:\/\/eurecat.org\/es\/editorial-compromiso-con-las-empresas-implicacion-con-la-sociedad\/#primaryimage"},"thumbnailUrl":"https:\/\/eurecat.org\/wp-content\/uploads\/2020\/04\/xavier-torra-600-X-400.jpg","articleSection":["Blog","Editorial"],"inLanguage":"es","potentialAction":[{"@type":"CommentAction","name":"Comment","target":["https:\/\/eurecat.org\/es\/editorial-compromiso-con-las-empresas-implicacion-con-la-sociedad\/#respond"]}]},{"@type":"WebPage","@id":"https:\/\/eurecat.org\/es\/editorial-compromiso-con-las-empresas-implicacion-con-la-sociedad\/","url":"https:\/\/eurecat.org\/es\/editorial-compromiso-con-las-empresas-implicacion-con-la-sociedad\/","name":"Editorial: Compromiso con las empresas, implicaci\u00f3n con la Sociedad - Eurecat","isPartOf":{"@id":"https:\/\/eurecat.org\/es\/#website"},"primaryImageOfPage":{"@id":"https:\/\/eurecat.org\/es\/editorial-compromiso-con-las-empresas-implicacion-con-la-sociedad\/#primaryimage"},"image":{"@id":"https:\/\/eurecat.org\/es\/editorial-compromiso-con-las-empresas-implicacion-con-la-sociedad\/#primaryimage"},"thumbnailUrl":"https:\/\/eurecat.org\/wp-content\/uploads\/2020\/04\/xavier-torra-600-X-400.jpg","datePublished":"2020-09-29T13:50:12+00:00","dateModified":"2021-05-05T13:54:25+00:00","author":{"@id":"https:\/\/eurecat.org\/es\/#\/schema\/person\/def9217eded50ee57a9dc4cf0c883f80"},"description":"El compromiso de Eurecat con las empresas y la implicaci\u00f3n con la sociedad es mayor que nunca en estos momentos de incertidumbre a ra\u00edz del COVID-19. Nuestras capacidades y experiencia est\u00e1n orientadas al hacer posible que la innovaci\u00f3n llegue al tejido econ\u00f3mico y social para ayudar a la recuperaci\u00f3n, tanto desde el punto de vista sanitario como desde el \u00e1ngulo econ\u00f3mico y empresarial.","breadcrumb":{"@id":"https:\/\/eurecat.org\/es\/editorial-compromiso-con-las-empresas-implicacion-con-la-sociedad\/#breadcrumb"},"inLanguage":"es","potentialAction":[{"@type":"ReadAction","target":["https:\/\/eurecat.org\/es\/editorial-compromiso-con-las-empresas-implicacion-con-la-sociedad\/"]}]},{"@type":"ImageObject","inLanguage":"es","@id":"https:\/\/eurecat.org\/es\/editorial-compromiso-con-las-empresas-implicacion-con-la-sociedad\/#primaryimage","url":"https:\/\/eurecat.org\/wp-content\/uploads\/2020\/04\/xavier-torra-600-X-400.jpg","contentUrl":"https:\/\/eurecat.org\/wp-content\/uploads\/2020\/04\/xavier-torra-600-X-400.jpg","width":600,"height":400},{"@type":"BreadcrumbList","@id":"https:\/\/eurecat.org\/es\/editorial-compromiso-con-las-empresas-implicacion-con-la-sociedad\/#breadcrumb","itemListElement":[{"@type":"ListItem","position":1,"name":"Inici","item":"https:\/\/eurecat.org\/es\/"},{"@type":"ListItem","position":2,"name":"Editorial: Compromiso con las empresas, implicaci\u00f3n con la Sociedad"}]},{"@type":"WebSite","@id":"https:\/\/eurecat.org\/es\/#website","url":"https:\/\/eurecat.org\/es\/","name":"Eurecat","description":"Otro sitio realizado con WordPress","potentialAction":[{"@type":"SearchAction","target":{"@type":"EntryPoint","urlTemplate":"https:\/\/eurecat.org\/es\/?s={search_term_string}"},"query-input":{"@type":"PropertyValueSpecification","valueRequired":true,"valueName":"search_term_string"}}],"inLanguage":"es"},{"@type":"Person","@id":"https:\/\/eurecat.org\/es\/#\/schema\/person\/def9217eded50ee57a9dc4cf0c883f80","name":"EurecatEG","image":{"@type":"ImageObject","inLanguage":"es","@id":"https:\/\/secure.gravatar.com\/avatar\/f40dd9b6ecd3e5c591f3c9b033e495ee0ec9877ba77249fbf268b3889350c824?s=96&d=mm&r=g","url":"https:\/\/secure.gravatar.com\/avatar\/f40dd9b6ecd3e5c591f3c9b033e495ee0ec9877ba77249fbf268b3889350c824?s=96&d=mm&r=g","contentUrl":"https:\/\/secure.gravatar.com\/avatar\/f40dd9b6ecd3e5c591f3c9b033e495ee0ec9877ba77249fbf268b3889350c824?s=96&d=mm&r=g","caption":"EurecatEG"}}]}},"_links":{"self":[{"href":"https:\/\/eurecat.org\/es\/wp-json\/wp\/v2\/posts\/114053","targetHints":{"allow":["GET"]}}],"collection":[{"href":"https:\/\/eurecat.org\/es\/wp-json\/wp\/v2\/posts"}],"about":[{"href":"https:\/\/eurecat.org\/es\/wp-json\/wp\/v2\/types\/post"}],"author":[{"embeddable":true,"href":"https:\/\/eurecat.org\/es\/wp-json\/wp\/v2\/users\/12"}],"replies":[{"embeddable":true,"href":"https:\/\/eurecat.org\/es\/wp-json\/wp\/v2\/comments?post=114053"}],"version-history":[{"count":0,"href":"https:\/\/eurecat.org\/es\/wp-json\/wp\/v2\/posts\/114053\/revisions"}],"wp:featuredmedia":[{"embeddable":true,"href":"https:\/\/eurecat.org\/es\/wp-json\/wp\/v2\/media\/99546"}],"wp:attachment":[{"href":"https:\/\/eurecat.org\/es\/wp-json\/wp\/v2\/media?parent=114053"}],"wp:term":[{"taxonomy":"category","embeddable":true,"href":"https:\/\/eurecat.org\/es\/wp-json\/wp\/v2\/categories?post=114053"},{"taxonomy":"post_tag","embeddable":true,"href":"https:\/\/eurecat.org\/es\/wp-json\/wp\/v2\/tags?post=114053"}],"curies":[{"name":"wp","href":"https:\/\/api.w.org\/{rel}","templated":true}]}}