{"id":114062,"date":"2019-05-27T13:55:46","date_gmt":"2019-05-27T13:55:46","guid":{"rendered":"https:\/\/eurecat.org\/?p=114062"},"modified":"2021-05-05T14:00:21","modified_gmt":"2021-05-05T14:00:21","slug":"doble-premio-a-las-soluciones-tecnologicas-de-eurecat","status":"publish","type":"post","link":"https:\/\/eurecat.org\/es\/doble-premio-a-las-soluciones-tecnologicas-de-eurecat\/","title":{"rendered":"Editorial: Doble premio a las soluciones tecnol\u00f3gicas de Eurecat"},"content":{"rendered":"<p><img decoding=\"async\" class=\"wp-image-81574 size-medium alignleft\" src=\"https:\/\/eurecat.org\/wp-content\/uploads\/2019\/05\/xavier-torra-300x166.jpg\" alt=\"xavier torra eurecat\" width=\"300\" height=\"166\" srcset=\"https:\/\/eurecat.org\/wp-content\/uploads\/2019\/05\/xavier-torra-200x111.jpg 200w, https:\/\/eurecat.org\/wp-content\/uploads\/2019\/05\/xavier-torra-300x166.jpg 300w, https:\/\/eurecat.org\/wp-content\/uploads\/2019\/05\/xavier-torra-400x221.jpg 400w, https:\/\/eurecat.org\/wp-content\/uploads\/2019\/05\/xavier-torra.jpg 530w\" sizes=\"(max-width: 300px) 100vw, 300px\" \/><\/p>\n<p>Este mes de mayo hemos recogido dos premios que nos hacen especial ilusi\u00f3n y que son un reconocimiento a la capacidad de aportar innovaci\u00f3n de vanguardia a las empresas, para que puedan aumentar su competitividad y niveles de productividad. Por un lado, la electr\u00f3nica impresa, una tecnolog\u00eda emergente desarrollada por nuestra Unidad de Impresi\u00f3n Funcional y Dispositivos Embebidos con un gran potencial en el dise\u00f1o de nuevos productos, ha sido distinguida por el Gremio de la Industria y la Comunicaci\u00f3n Gr\u00e1fica de Catalu\u00f1a. El otro reconocimiento se ha producido en el marco de la \u00faltima edici\u00f3n de los ChemPlast Awards, donde la Unidad de Composites de Eurecat ha recibido el premio al \u00abMejor caso de \u00e9xito colaborativo de Econom\u00eda Circular\u00bb, junto con las empresas TRC (Thermal Recycling composites) y MENZOLIT, por la valorizaci\u00f3n de fibras de carbono provenientes de composites fuera de uso, que han permitido la generaci\u00f3n de un nuevo material m\u00e1s ligero de aplicaci\u00f3n en el sector del transporte.<\/p>\n<p>Muchos de los residuos que genera la industria tienen como destino el vertedero o la valorizaci\u00f3n energ\u00e9tica, lo que supone un gran impacto ambiental, adem\u00e1s de un gasto importante en las empresas. Para mitigar estos efectos, en Eurecat trabajamos constantemente en nuevos procedimientos y componentes basados en el reciclaje que permitan el mayor rendimiento, a partir de un compromiso entre calidad t\u00e9cnica y coste de producci\u00f3n. El resultado son nuevos materiales con valor a\u00f1adido que pueden ser utilizados en la misma empresa que los ocasiona o que permiten a la industria encontrar socios que necesiten este recurso, buscando la econom\u00eda circular y la simbiosis industrial.<\/p>\n<p>Por su parte, la tecnolog\u00eda de impresi\u00f3n funcional destaca por su capacidad de conferir funcionalidades a objetos hasta ahora impensables, un elemento que se considera clave coincidiendo con el auge de la Internet de las Cosas (IOT), que se calcula que el pr\u00f3ximo a\u00f1o superar\u00e1 los 20.000 millones de dispositivos. La finalidad es inspirar a los profesionales de las artes gr\u00e1ficas para que innoven y puedan ofrecer una propuesta de valor diferencial respecto a sus competidores, dadas las buenas perspectivas de implantaci\u00f3n de esta tecnolog\u00eda, gracias a las sinergias entre las tintas funcionales y los procesos de impresi\u00f3n convencionales.<\/p>\n<p>En este newsletter encontrar\u00e1 tambi\u00e9n otras muestras de la capacidades diferenciales que tenemos para abordar proyectos complejos, como son la utilizaci\u00f3n de Big Data para ensayar la navegabilidad de un nuevo barco para desplazamientos a plataformas petrol\u00edferas, de gas y de energ\u00eda e\u00f3lica marina, la colaboraci\u00f3n con KUKA para impulsar la rob\u00f3tica, el estudio del uso de pl\u00e1stico reciclado para la creaci\u00f3n de materiales para la construcci\u00f3n, el desarrollo de una nueva tecnolog\u00eda que traslada el concepto de impresi\u00f3n 3D a la estampaci\u00f3n de chapa met\u00e1lica o la apertura del primer restaurante con sonido inmersivo con nuestra tecnolog\u00eda Sf\u00ebar en el Hesperia Tower, entre otros.<\/p>\n<p class=\"p1\"><span class=\"s1\">Xavier Torra,\u00a0<\/span><span class=\"s1\">Presidente de Eurecat<\/span><\/p>\n","protected":false},"excerpt":{"rendered":"<p>Este mes de mayo hemos recogido dos premios que nos hacen especial ilusi\u00f3n y que son un reconocimiento a la capacidad de aportar innovaci\u00f3n de vanguardia a las empresas, para que puedan aumentar su competitividad y niveles de productividad. Por un lado, la electr\u00f3nica impresa, una tecnolog\u00eda emergente desarrollada por nuestra Unidad de Impresi\u00f3n Funcional  [&#8230;]<\/p>\n","protected":false},"author":12,"featured_media":81576,"comment_status":"open","ping_status":"closed","sticky":false,"template":"","format":"standard","meta":{"footnotes":""},"categories":[133,2217],"tags":[],"class_list":["post-114062","post","type-post","status-publish","format-standard","has-post-thumbnail","hentry","category-blog","category-editorial"],"yoast_head":"<!-- This site is optimized with the Yoast SEO plugin v27.4 - https:\/\/yoast.com\/product\/yoast-seo-wordpress\/ -->\n<title>Editorial: Doble premio a las soluciones tecnol\u00f3gicas de Eurecat - Eurecat<\/title>\n<meta name=\"description\" content=\"Este mes de mayo hemos recogido dos premios que nos hacen especial ilusi\u00f3n y que son un reconocimiento a la capacidad de aportar innovaci\u00f3n de vanguardia a las empresas, para que puedan aumentar su competitividad y niveles de productividad.\" \/>\n<meta name=\"robots\" content=\"index, follow, max-snippet:-1, max-image-preview:large, max-video-preview:-1\" \/>\n<link rel=\"canonical\" href=\"https:\/\/eurecat.org\/es\/doble-premio-a-las-soluciones-tecnologicas-de-eurecat\/\" \/>\n<meta property=\"og:locale\" content=\"es_ES\" \/>\n<meta property=\"og:type\" content=\"article\" \/>\n<meta property=\"og:title\" content=\"Editorial: Doble premio a las soluciones tecnol\u00f3gicas de Eurecat - Eurecat\" \/>\n<meta property=\"og:description\" content=\"Este mes de mayo hemos recogido dos premios que nos hacen especial ilusi\u00f3n y que son un reconocimiento a la capacidad de aportar innovaci\u00f3n de vanguardia a las empresas, para que puedan aumentar su competitividad y niveles de productividad.\" \/>\n<meta property=\"og:url\" content=\"https:\/\/eurecat.org\/es\/doble-premio-a-las-soluciones-tecnologicas-de-eurecat\/\" \/>\n<meta property=\"og:site_name\" content=\"Eurecat\" \/>\n<meta property=\"article:published_time\" content=\"2019-05-27T13:55:46+00:00\" \/>\n<meta property=\"article:modified_time\" content=\"2021-05-05T14:00:21+00:00\" \/>\n<meta property=\"og:image\" content=\"https:\/\/eurecat.org\/wp-content\/uploads\/2019\/05\/xavier-torra.jpg\" \/>\n\t<meta property=\"og:image:width\" content=\"530\" \/>\n\t<meta property=\"og:image:height\" content=\"293\" \/>\n\t<meta property=\"og:image:type\" content=\"image\/jpeg\" \/>\n<meta name=\"author\" content=\"EurecatEG\" \/>\n<meta name=\"twitter:card\" content=\"summary_large_image\" \/>\n<meta name=\"twitter:label1\" content=\"Escrito por\" \/>\n\t<meta name=\"twitter:data1\" content=\"EurecatEG\" \/>\n\t<meta name=\"twitter:label2\" content=\"Tiempo de lectura\" \/>\n\t<meta name=\"twitter:data2\" content=\"3 minutos\" \/>\n<script type=\"application\/ld+json\" class=\"yoast-schema-graph\">{\"@context\":\"https:\\\/\\\/schema.org\",\"@graph\":[{\"@type\":\"Article\",\"@id\":\"https:\\\/\\\/eurecat.org\\\/es\\\/doble-premio-a-las-soluciones-tecnologicas-de-eurecat\\\/#article\",\"isPartOf\":{\"@id\":\"https:\\\/\\\/eurecat.org\\\/es\\\/doble-premio-a-las-soluciones-tecnologicas-de-eurecat\\\/\"},\"author\":{\"name\":\"EurecatEG\",\"@id\":\"https:\\\/\\\/eurecat.org\\\/es\\\/#\\\/schema\\\/person\\\/def9217eded50ee57a9dc4cf0c883f80\"},\"headline\":\"Editorial: Doble premio a las soluciones tecnol\u00f3gicas de Eurecat\",\"datePublished\":\"2019-05-27T13:55:46+00:00\",\"dateModified\":\"2021-05-05T14:00:21+00:00\",\"mainEntityOfPage\":{\"@id\":\"https:\\\/\\\/eurecat.org\\\/es\\\/doble-premio-a-las-soluciones-tecnologicas-de-eurecat\\\/\"},\"wordCount\":530,\"commentCount\":0,\"image\":{\"@id\":\"https:\\\/\\\/eurecat.org\\\/es\\\/doble-premio-a-las-soluciones-tecnologicas-de-eurecat\\\/#primaryimage\"},\"thumbnailUrl\":\"https:\\\/\\\/eurecat.org\\\/wp-content\\\/uploads\\\/2019\\\/05\\\/xavier-torra.jpg\",\"articleSection\":[\"Blog\",\"Editorial\"],\"inLanguage\":\"es\",\"potentialAction\":[{\"@type\":\"CommentAction\",\"name\":\"Comment\",\"target\":[\"https:\\\/\\\/eurecat.org\\\/es\\\/doble-premio-a-las-soluciones-tecnologicas-de-eurecat\\\/#respond\"]}]},{\"@type\":\"WebPage\",\"@id\":\"https:\\\/\\\/eurecat.org\\\/es\\\/doble-premio-a-las-soluciones-tecnologicas-de-eurecat\\\/\",\"url\":\"https:\\\/\\\/eurecat.org\\\/es\\\/doble-premio-a-las-soluciones-tecnologicas-de-eurecat\\\/\",\"name\":\"Editorial: Doble premio a las soluciones tecnol\u00f3gicas de Eurecat - Eurecat\",\"isPartOf\":{\"@id\":\"https:\\\/\\\/eurecat.org\\\/es\\\/#website\"},\"primaryImageOfPage\":{\"@id\":\"https:\\\/\\\/eurecat.org\\\/es\\\/doble-premio-a-las-soluciones-tecnologicas-de-eurecat\\\/#primaryimage\"},\"image\":{\"@id\":\"https:\\\/\\\/eurecat.org\\\/es\\\/doble-premio-a-las-soluciones-tecnologicas-de-eurecat\\\/#primaryimage\"},\"thumbnailUrl\":\"https:\\\/\\\/eurecat.org\\\/wp-content\\\/uploads\\\/2019\\\/05\\\/xavier-torra.jpg\",\"datePublished\":\"2019-05-27T13:55:46+00:00\",\"dateModified\":\"2021-05-05T14:00:21+00:00\",\"author\":{\"@id\":\"https:\\\/\\\/eurecat.org\\\/es\\\/#\\\/schema\\\/person\\\/def9217eded50ee57a9dc4cf0c883f80\"},\"description\":\"Este mes de mayo hemos recogido dos premios que nos hacen especial ilusi\u00f3n y que son un reconocimiento a la capacidad de aportar innovaci\u00f3n de vanguardia a las empresas, para que puedan aumentar su competitividad y niveles de productividad.\",\"breadcrumb\":{\"@id\":\"https:\\\/\\\/eurecat.org\\\/es\\\/doble-premio-a-las-soluciones-tecnologicas-de-eurecat\\\/#breadcrumb\"},\"inLanguage\":\"es\",\"potentialAction\":[{\"@type\":\"ReadAction\",\"target\":[\"https:\\\/\\\/eurecat.org\\\/es\\\/doble-premio-a-las-soluciones-tecnologicas-de-eurecat\\\/\"]}]},{\"@type\":\"ImageObject\",\"inLanguage\":\"es\",\"@id\":\"https:\\\/\\\/eurecat.org\\\/es\\\/doble-premio-a-las-soluciones-tecnologicas-de-eurecat\\\/#primaryimage\",\"url\":\"https:\\\/\\\/eurecat.org\\\/wp-content\\\/uploads\\\/2019\\\/05\\\/xavier-torra.jpg\",\"contentUrl\":\"https:\\\/\\\/eurecat.org\\\/wp-content\\\/uploads\\\/2019\\\/05\\\/xavier-torra.jpg\",\"width\":530,\"height\":293,\"caption\":\"xavier torra eurecat\"},{\"@type\":\"BreadcrumbList\",\"@id\":\"https:\\\/\\\/eurecat.org\\\/es\\\/doble-premio-a-las-soluciones-tecnologicas-de-eurecat\\\/#breadcrumb\",\"itemListElement\":[{\"@type\":\"ListItem\",\"position\":1,\"name\":\"Inici\",\"item\":\"https:\\\/\\\/eurecat.org\\\/es\\\/\"},{\"@type\":\"ListItem\",\"position\":2,\"name\":\"Editorial: Doble premio a las soluciones tecnol\u00f3gicas de Eurecat\"}]},{\"@type\":\"WebSite\",\"@id\":\"https:\\\/\\\/eurecat.org\\\/es\\\/#website\",\"url\":\"https:\\\/\\\/eurecat.org\\\/es\\\/\",\"name\":\"Eurecat\",\"description\":\"Otro sitio realizado con WordPress\",\"potentialAction\":[{\"@type\":\"SearchAction\",\"target\":{\"@type\":\"EntryPoint\",\"urlTemplate\":\"https:\\\/\\\/eurecat.org\\\/es\\\/?s={search_term_string}\"},\"query-input\":{\"@type\":\"PropertyValueSpecification\",\"valueRequired\":true,\"valueName\":\"search_term_string\"}}],\"inLanguage\":\"es\"},{\"@type\":\"Person\",\"@id\":\"https:\\\/\\\/eurecat.org\\\/es\\\/#\\\/schema\\\/person\\\/def9217eded50ee57a9dc4cf0c883f80\",\"name\":\"EurecatEG\",\"image\":{\"@type\":\"ImageObject\",\"inLanguage\":\"es\",\"@id\":\"https:\\\/\\\/secure.gravatar.com\\\/avatar\\\/f40dd9b6ecd3e5c591f3c9b033e495ee0ec9877ba77249fbf268b3889350c824?s=96&d=mm&r=g\",\"url\":\"https:\\\/\\\/secure.gravatar.com\\\/avatar\\\/f40dd9b6ecd3e5c591f3c9b033e495ee0ec9877ba77249fbf268b3889350c824?s=96&d=mm&r=g\",\"contentUrl\":\"https:\\\/\\\/secure.gravatar.com\\\/avatar\\\/f40dd9b6ecd3e5c591f3c9b033e495ee0ec9877ba77249fbf268b3889350c824?s=96&d=mm&r=g\",\"caption\":\"EurecatEG\"}}]}<\/script>\n<!-- \/ Yoast SEO plugin. -->","yoast_head_json":{"title":"Editorial: Doble premio a las soluciones tecnol\u00f3gicas de Eurecat - Eurecat","description":"Este mes de mayo hemos recogido dos premios que nos hacen especial ilusi\u00f3n y que son un reconocimiento a la capacidad de aportar innovaci\u00f3n de vanguardia a las empresas, para que puedan aumentar su competitividad y niveles de productividad.","robots":{"index":"index","follow":"follow","max-snippet":"max-snippet:-1","max-image-preview":"max-image-preview:large","max-video-preview":"max-video-preview:-1"},"canonical":"https:\/\/eurecat.org\/es\/doble-premio-a-las-soluciones-tecnologicas-de-eurecat\/","og_locale":"es_ES","og_type":"article","og_title":"Editorial: Doble premio a las soluciones tecnol\u00f3gicas de Eurecat - Eurecat","og_description":"Este mes de mayo hemos recogido dos premios que nos hacen especial ilusi\u00f3n y que son un reconocimiento a la capacidad de aportar innovaci\u00f3n de vanguardia a las empresas, para que puedan aumentar su competitividad y niveles de productividad.","og_url":"https:\/\/eurecat.org\/es\/doble-premio-a-las-soluciones-tecnologicas-de-eurecat\/","og_site_name":"Eurecat","article_published_time":"2019-05-27T13:55:46+00:00","article_modified_time":"2021-05-05T14:00:21+00:00","og_image":[{"width":530,"height":293,"url":"https:\/\/eurecat.org\/wp-content\/uploads\/2019\/05\/xavier-torra.jpg","type":"image\/jpeg"}],"author":"EurecatEG","twitter_card":"summary_large_image","twitter_misc":{"Escrito por":"EurecatEG","Tiempo de lectura":"3 minutos"},"schema":{"@context":"https:\/\/schema.org","@graph":[{"@type":"Article","@id":"https:\/\/eurecat.org\/es\/doble-premio-a-las-soluciones-tecnologicas-de-eurecat\/#article","isPartOf":{"@id":"https:\/\/eurecat.org\/es\/doble-premio-a-las-soluciones-tecnologicas-de-eurecat\/"},"author":{"name":"EurecatEG","@id":"https:\/\/eurecat.org\/es\/#\/schema\/person\/def9217eded50ee57a9dc4cf0c883f80"},"headline":"Editorial: Doble premio a las soluciones tecnol\u00f3gicas de Eurecat","datePublished":"2019-05-27T13:55:46+00:00","dateModified":"2021-05-05T14:00:21+00:00","mainEntityOfPage":{"@id":"https:\/\/eurecat.org\/es\/doble-premio-a-las-soluciones-tecnologicas-de-eurecat\/"},"wordCount":530,"commentCount":0,"image":{"@id":"https:\/\/eurecat.org\/es\/doble-premio-a-las-soluciones-tecnologicas-de-eurecat\/#primaryimage"},"thumbnailUrl":"https:\/\/eurecat.org\/wp-content\/uploads\/2019\/05\/xavier-torra.jpg","articleSection":["Blog","Editorial"],"inLanguage":"es","potentialAction":[{"@type":"CommentAction","name":"Comment","target":["https:\/\/eurecat.org\/es\/doble-premio-a-las-soluciones-tecnologicas-de-eurecat\/#respond"]}]},{"@type":"WebPage","@id":"https:\/\/eurecat.org\/es\/doble-premio-a-las-soluciones-tecnologicas-de-eurecat\/","url":"https:\/\/eurecat.org\/es\/doble-premio-a-las-soluciones-tecnologicas-de-eurecat\/","name":"Editorial: Doble premio a las soluciones tecnol\u00f3gicas de Eurecat - Eurecat","isPartOf":{"@id":"https:\/\/eurecat.org\/es\/#website"},"primaryImageOfPage":{"@id":"https:\/\/eurecat.org\/es\/doble-premio-a-las-soluciones-tecnologicas-de-eurecat\/#primaryimage"},"image":{"@id":"https:\/\/eurecat.org\/es\/doble-premio-a-las-soluciones-tecnologicas-de-eurecat\/#primaryimage"},"thumbnailUrl":"https:\/\/eurecat.org\/wp-content\/uploads\/2019\/05\/xavier-torra.jpg","datePublished":"2019-05-27T13:55:46+00:00","dateModified":"2021-05-05T14:00:21+00:00","author":{"@id":"https:\/\/eurecat.org\/es\/#\/schema\/person\/def9217eded50ee57a9dc4cf0c883f80"},"description":"Este mes de mayo hemos recogido dos premios que nos hacen especial ilusi\u00f3n y que son un reconocimiento a la capacidad de aportar innovaci\u00f3n de vanguardia a las empresas, para que puedan aumentar su competitividad y niveles de productividad.","breadcrumb":{"@id":"https:\/\/eurecat.org\/es\/doble-premio-a-las-soluciones-tecnologicas-de-eurecat\/#breadcrumb"},"inLanguage":"es","potentialAction":[{"@type":"ReadAction","target":["https:\/\/eurecat.org\/es\/doble-premio-a-las-soluciones-tecnologicas-de-eurecat\/"]}]},{"@type":"ImageObject","inLanguage":"es","@id":"https:\/\/eurecat.org\/es\/doble-premio-a-las-soluciones-tecnologicas-de-eurecat\/#primaryimage","url":"https:\/\/eurecat.org\/wp-content\/uploads\/2019\/05\/xavier-torra.jpg","contentUrl":"https:\/\/eurecat.org\/wp-content\/uploads\/2019\/05\/xavier-torra.jpg","width":530,"height":293,"caption":"xavier torra eurecat"},{"@type":"BreadcrumbList","@id":"https:\/\/eurecat.org\/es\/doble-premio-a-las-soluciones-tecnologicas-de-eurecat\/#breadcrumb","itemListElement":[{"@type":"ListItem","position":1,"name":"Inici","item":"https:\/\/eurecat.org\/es\/"},{"@type":"ListItem","position":2,"name":"Editorial: Doble premio a las soluciones tecnol\u00f3gicas de Eurecat"}]},{"@type":"WebSite","@id":"https:\/\/eurecat.org\/es\/#website","url":"https:\/\/eurecat.org\/es\/","name":"Eurecat","description":"Otro sitio realizado con WordPress","potentialAction":[{"@type":"SearchAction","target":{"@type":"EntryPoint","urlTemplate":"https:\/\/eurecat.org\/es\/?s={search_term_string}"},"query-input":{"@type":"PropertyValueSpecification","valueRequired":true,"valueName":"search_term_string"}}],"inLanguage":"es"},{"@type":"Person","@id":"https:\/\/eurecat.org\/es\/#\/schema\/person\/def9217eded50ee57a9dc4cf0c883f80","name":"EurecatEG","image":{"@type":"ImageObject","inLanguage":"es","@id":"https:\/\/secure.gravatar.com\/avatar\/f40dd9b6ecd3e5c591f3c9b033e495ee0ec9877ba77249fbf268b3889350c824?s=96&d=mm&r=g","url":"https:\/\/secure.gravatar.com\/avatar\/f40dd9b6ecd3e5c591f3c9b033e495ee0ec9877ba77249fbf268b3889350c824?s=96&d=mm&r=g","contentUrl":"https:\/\/secure.gravatar.com\/avatar\/f40dd9b6ecd3e5c591f3c9b033e495ee0ec9877ba77249fbf268b3889350c824?s=96&d=mm&r=g","caption":"EurecatEG"}}]}},"_links":{"self":[{"href":"https:\/\/eurecat.org\/es\/wp-json\/wp\/v2\/posts\/114062","targetHints":{"allow":["GET"]}}],"collection":[{"href":"https:\/\/eurecat.org\/es\/wp-json\/wp\/v2\/posts"}],"about":[{"href":"https:\/\/eurecat.org\/es\/wp-json\/wp\/v2\/types\/post"}],"author":[{"embeddable":true,"href":"https:\/\/eurecat.org\/es\/wp-json\/wp\/v2\/users\/12"}],"replies":[{"embeddable":true,"href":"https:\/\/eurecat.org\/es\/wp-json\/wp\/v2\/comments?post=114062"}],"version-history":[{"count":0,"href":"https:\/\/eurecat.org\/es\/wp-json\/wp\/v2\/posts\/114062\/revisions"}],"wp:featuredmedia":[{"embeddable":true,"href":"https:\/\/eurecat.org\/es\/wp-json\/wp\/v2\/media\/81576"}],"wp:attachment":[{"href":"https:\/\/eurecat.org\/es\/wp-json\/wp\/v2\/media?parent=114062"}],"wp:term":[{"taxonomy":"category","embeddable":true,"href":"https:\/\/eurecat.org\/es\/wp-json\/wp\/v2\/categories?post=114062"},{"taxonomy":"post_tag","embeddable":true,"href":"https:\/\/eurecat.org\/es\/wp-json\/wp\/v2\/tags?post=114062"}],"curies":[{"name":"wp","href":"https:\/\/api.w.org\/{rel}","templated":true}]}}