{"id":114074,"date":"2019-01-29T14:08:55","date_gmt":"2019-01-29T14:08:55","guid":{"rendered":"https:\/\/eurecat.org\/?p=114074"},"modified":"2021-05-05T14:12:28","modified_gmt":"2021-05-05T14:12:28","slug":"editorial-radar-innovacion-tecnologica","status":"publish","type":"post","link":"https:\/\/eurecat.org\/es\/editorial-radar-innovacion-tecnologica\/","title":{"rendered":"Editorial: El radar de la innovaci\u00f3n tecnol\u00f3gica"},"content":{"rendered":"<p><img decoding=\"async\" class=\"wp-image-75868 size-medium alignleft\" src=\"https:\/\/eurecat.org\/wp-content\/uploads\/2019\/01\/editorial-300x166.jpg\" alt=\"editorial\" width=\"300\" height=\"166\" srcset=\"https:\/\/eurecat.org\/wp-content\/uploads\/2019\/01\/editorial-200x111.jpg 200w, https:\/\/eurecat.org\/wp-content\/uploads\/2019\/01\/editorial-300x166.jpg 300w, https:\/\/eurecat.org\/wp-content\/uploads\/2019\/01\/editorial-400x221.jpg 400w, https:\/\/eurecat.org\/wp-content\/uploads\/2019\/01\/editorial-600x332.jpg 600w, https:\/\/eurecat.org\/wp-content\/uploads\/2019\/01\/editorial-768x424.jpg 768w, https:\/\/eurecat.org\/wp-content\/uploads\/2019\/01\/editorial.jpg 800w\" sizes=\"(max-width: 300px) 100vw, 300px\" \/><\/p>\n<p>La prioridad de Eurecat es poner la innovaci\u00f3n tecnol\u00f3gica al alcance de las empresas y de las organizaciones, con soluciones transversales que les permitan incrementar su competitividad. Con este objetivo, hemos establecido un radar permanentemente para identificar y anticipar cu\u00e1les son las tecnolog\u00edas de vanguardia que pueden contribuir a generar nuevos productos y servicios y ayudar tambi\u00e9n a optimizar los procesos de fabricaci\u00f3n. Dentro de esta tarea de vigilancia tecnol\u00f3gica continua, anualmente hacemos p\u00fablicas las grandes tendencias que marcar\u00e1n la pauta en los \u00e1mbitos digital, industrial y biotecnol\u00f3gico.<\/p>\n<p>Este a\u00f1o, hemos empezado por el \u00e1mbito digital, donde prevemos que ser\u00e1 clave la combinaci\u00f3n de la inteligencia artificial, la anal\u00edtica de datos y los objetos inteligentes. Tambi\u00e9n continuar\u00e1 la creciente aparici\u00f3n de objetos dotados de sensores, de capacidad de procesamiento, de grados de autonom\u00eda y de conectividad.<\/p>\n<p>Adem\u00e1s de la evoluci\u00f3n de los artefactos dom\u00e9sticos, veh\u00edculos o equipos industriales, tambi\u00e9n veremos el lanzamiento de nuevos robots, o m\u00e1s refinados, de wearables y de sensores inteligentes. En este contexto, el aumento de objetos inteligentes ir\u00e1 de la mano del 5G y de su capacidad para potenciar el desarrollo de la Internet de las Cosas. Uno de los sectores donde se notar\u00e1 especialmente ser\u00e1 el de la fabricaci\u00f3n industrial, que seguir\u00e1 volvi\u00e9ndose m\u00e1s automatizada, conectada e inteligente.<\/p>\n<p>Pod\u00e9is ampliar los detalles en una informaci\u00f3n monogr\u00e1fica que hemos incluido en el newsletter, donde encontrar\u00e9is tambi\u00e9n ejemplos de la innovaci\u00f3n que desarrollamos en el mundo de la salud, con un nuevo producto m\u00e9dico desarrollado con el Hospital de Matar\u00f3 que ofrece una protecci\u00f3n integral del pie, gracias al uso de tejido 3D. Tambi\u00e9n os compartimos los detalles del proyecto 6MWT+, que acaba de empezar con el objetivo de mejorar el sistema que se utiliza para monitorizar la evoluci\u00f3n de enfermedades neuromusculares cr\u00f3nicas, mediante la integraci\u00f3n de sensores biomec\u00e1nicos.<\/p>\n<p>En este primer n\u00famero del a\u00f1o tambi\u00e9n os acercamos la tarea que llevamos a cabo desde nuestro departamento de Valorizaci\u00f3n, que se centra en implantar en el mercado los resultados de la investigaci\u00f3n que desarrollamos desde las diferentes unidades tecnol\u00f3gicas. Y encontrar\u00e1, adem\u00e1s, informaciones sobre el proyecto Sharework, que impulsar\u00e1 la implantaci\u00f3n de la rob\u00f3tica colaborativa en la industria; sobre la constituci\u00f3n de un consorcio con la empresa Mec\u00e1nica Comercial Meco, que supondr\u00e1 la implementaci\u00f3n de un innovador centro de conformado de chapa, y una noticia que habla de la demostraci\u00f3n de la viabilidad t\u00e9cnica, ambiental, social y econ\u00f3mica de la valorizaci\u00f3n de las arenas de fundici\u00f3n como materia prima para la elaboraci\u00f3n de baldosas cer\u00e1micas en sustituci\u00f3n de materias primas naturales.<\/p>\n<p>Tambi\u00e9n os hablamos de una aplicaci\u00f3n que hemos desarrollado para realizar inspecciones de aislamiento ac\u00fastico de edificios desde el m\u00f3vil y sobre la aplicaci\u00f3n de la <em>gamificaci\u00f3n<\/em> en el sector del turismo que lleva adelante el Parque Cient\u00edfico y Tecnol\u00f3gico de Turismo y Ocio de Catalu\u00f1a (PCTTO), que pr\u00f3ximamente se integrar\u00e1 en Eurecat. Esperamos que los contenidos os parezcan interesantes y os animamos a compartirlos.<\/p>\n<p class=\"p1\"><span class=\"s1\">Xavier Torra,\u00a0<\/span><span class=\"s1\">Presidente de Eurecat<\/span><\/p>\n","protected":false},"excerpt":{"rendered":"<p>La prioridad de Eurecat es poner la innovaci\u00f3n tecnol\u00f3gica al alcance de las empresas y de las organizaciones, con soluciones transversales que les permitan incrementar su competitividad. Con este objetivo, hemos establecido un radar permanentemente para identificar y anticipar cu\u00e1les son las tecnolog\u00edas de vanguardia que pueden contribuir a generar nuevos productos y servicios y  [&#8230;]<\/p>\n","protected":false},"author":12,"featured_media":75870,"comment_status":"open","ping_status":"closed","sticky":false,"template":"","format":"standard","meta":{"footnotes":""},"categories":[133,2217],"tags":[],"class_list":["post-114074","post","type-post","status-publish","format-standard","has-post-thumbnail","hentry","category-blog","category-editorial"],"yoast_head":"<!-- This site is optimized with the Yoast SEO plugin v27.4 - https:\/\/yoast.com\/product\/yoast-seo-wordpress\/ -->\n<title>editorial<\/title>\n<meta name=\"description\" content=\"La prioridad de Eurecat es poner la innovaci\u00f3n tecnol\u00f3gica al alcance de las empresas y de las organizaciones, con soluciones transversales que les permitan incrementar su competitividad.\" \/>\n<meta name=\"robots\" content=\"index, follow, max-snippet:-1, max-image-preview:large, max-video-preview:-1\" \/>\n<link rel=\"canonical\" href=\"https:\/\/eurecat.org\/es\/editorial-radar-innovacion-tecnologica\/\" \/>\n<meta property=\"og:locale\" content=\"es_ES\" \/>\n<meta property=\"og:type\" content=\"article\" \/>\n<meta property=\"og:title\" content=\"editorial\" \/>\n<meta property=\"og:description\" content=\"La prioridad de Eurecat es poner la innovaci\u00f3n tecnol\u00f3gica al alcance de las empresas y de las organizaciones, con soluciones transversales que les permitan incrementar su competitividad.\" \/>\n<meta property=\"og:url\" content=\"https:\/\/eurecat.org\/es\/editorial-radar-innovacion-tecnologica\/\" \/>\n<meta property=\"og:site_name\" content=\"Eurecat\" \/>\n<meta property=\"article:published_time\" content=\"2019-01-29T14:08:55+00:00\" \/>\n<meta property=\"article:modified_time\" content=\"2021-05-05T14:12:28+00:00\" \/>\n<meta property=\"og:image\" content=\"https:\/\/eurecat.org\/wp-content\/uploads\/2019\/01\/editorial.jpg\" \/>\n\t<meta property=\"og:image:width\" content=\"800\" \/>\n\t<meta property=\"og:image:height\" content=\"442\" \/>\n\t<meta property=\"og:image:type\" content=\"image\/jpeg\" \/>\n<meta name=\"author\" content=\"EurecatEG\" \/>\n<meta name=\"twitter:card\" content=\"summary_large_image\" \/>\n<meta name=\"twitter:label1\" content=\"Escrito por\" \/>\n\t<meta name=\"twitter:data1\" content=\"EurecatEG\" \/>\n\t<meta name=\"twitter:label2\" content=\"Tiempo de lectura\" \/>\n\t<meta name=\"twitter:data2\" content=\"3 minutos\" \/>\n<script type=\"application\/ld+json\" class=\"yoast-schema-graph\">{\"@context\":\"https:\\\/\\\/schema.org\",\"@graph\":[{\"@type\":\"Article\",\"@id\":\"https:\\\/\\\/eurecat.org\\\/es\\\/editorial-radar-innovacion-tecnologica\\\/#article\",\"isPartOf\":{\"@id\":\"https:\\\/\\\/eurecat.org\\\/es\\\/editorial-radar-innovacion-tecnologica\\\/\"},\"author\":{\"name\":\"EurecatEG\",\"@id\":\"https:\\\/\\\/eurecat.org\\\/es\\\/#\\\/schema\\\/person\\\/def9217eded50ee57a9dc4cf0c883f80\"},\"headline\":\"Editorial: El radar de la innovaci\u00f3n tecnol\u00f3gica\",\"datePublished\":\"2019-01-29T14:08:55+00:00\",\"dateModified\":\"2021-05-05T14:12:28+00:00\",\"mainEntityOfPage\":{\"@id\":\"https:\\\/\\\/eurecat.org\\\/es\\\/editorial-radar-innovacion-tecnologica\\\/\"},\"wordCount\":572,\"commentCount\":0,\"image\":{\"@id\":\"https:\\\/\\\/eurecat.org\\\/es\\\/editorial-radar-innovacion-tecnologica\\\/#primaryimage\"},\"thumbnailUrl\":\"https:\\\/\\\/eurecat.org\\\/wp-content\\\/uploads\\\/2019\\\/01\\\/editorial.jpg\",\"articleSection\":[\"Blog\",\"Editorial\"],\"inLanguage\":\"es\",\"potentialAction\":[{\"@type\":\"CommentAction\",\"name\":\"Comment\",\"target\":[\"https:\\\/\\\/eurecat.org\\\/es\\\/editorial-radar-innovacion-tecnologica\\\/#respond\"]}]},{\"@type\":\"WebPage\",\"@id\":\"https:\\\/\\\/eurecat.org\\\/es\\\/editorial-radar-innovacion-tecnologica\\\/\",\"url\":\"https:\\\/\\\/eurecat.org\\\/es\\\/editorial-radar-innovacion-tecnologica\\\/\",\"name\":\"editorial\",\"isPartOf\":{\"@id\":\"https:\\\/\\\/eurecat.org\\\/es\\\/#website\"},\"primaryImageOfPage\":{\"@id\":\"https:\\\/\\\/eurecat.org\\\/es\\\/editorial-radar-innovacion-tecnologica\\\/#primaryimage\"},\"image\":{\"@id\":\"https:\\\/\\\/eurecat.org\\\/es\\\/editorial-radar-innovacion-tecnologica\\\/#primaryimage\"},\"thumbnailUrl\":\"https:\\\/\\\/eurecat.org\\\/wp-content\\\/uploads\\\/2019\\\/01\\\/editorial.jpg\",\"datePublished\":\"2019-01-29T14:08:55+00:00\",\"dateModified\":\"2021-05-05T14:12:28+00:00\",\"author\":{\"@id\":\"https:\\\/\\\/eurecat.org\\\/es\\\/#\\\/schema\\\/person\\\/def9217eded50ee57a9dc4cf0c883f80\"},\"description\":\"La prioridad de Eurecat es poner la innovaci\u00f3n tecnol\u00f3gica al alcance de las empresas y de las organizaciones, con soluciones transversales que les permitan incrementar su competitividad.\",\"breadcrumb\":{\"@id\":\"https:\\\/\\\/eurecat.org\\\/es\\\/editorial-radar-innovacion-tecnologica\\\/#breadcrumb\"},\"inLanguage\":\"es\",\"potentialAction\":[{\"@type\":\"ReadAction\",\"target\":[\"https:\\\/\\\/eurecat.org\\\/es\\\/editorial-radar-innovacion-tecnologica\\\/\"]}]},{\"@type\":\"ImageObject\",\"inLanguage\":\"es\",\"@id\":\"https:\\\/\\\/eurecat.org\\\/es\\\/editorial-radar-innovacion-tecnologica\\\/#primaryimage\",\"url\":\"https:\\\/\\\/eurecat.org\\\/wp-content\\\/uploads\\\/2019\\\/01\\\/editorial.jpg\",\"contentUrl\":\"https:\\\/\\\/eurecat.org\\\/wp-content\\\/uploads\\\/2019\\\/01\\\/editorial.jpg\",\"width\":800,\"height\":442,\"caption\":\"editorial\"},{\"@type\":\"BreadcrumbList\",\"@id\":\"https:\\\/\\\/eurecat.org\\\/es\\\/editorial-radar-innovacion-tecnologica\\\/#breadcrumb\",\"itemListElement\":[{\"@type\":\"ListItem\",\"position\":1,\"name\":\"Inici\",\"item\":\"https:\\\/\\\/eurecat.org\\\/es\\\/\"},{\"@type\":\"ListItem\",\"position\":2,\"name\":\"Editorial: El radar de la innovaci\u00f3n tecnol\u00f3gica\"}]},{\"@type\":\"WebSite\",\"@id\":\"https:\\\/\\\/eurecat.org\\\/es\\\/#website\",\"url\":\"https:\\\/\\\/eurecat.org\\\/es\\\/\",\"name\":\"Eurecat\",\"description\":\"Otro sitio realizado con WordPress\",\"potentialAction\":[{\"@type\":\"SearchAction\",\"target\":{\"@type\":\"EntryPoint\",\"urlTemplate\":\"https:\\\/\\\/eurecat.org\\\/es\\\/?s={search_term_string}\"},\"query-input\":{\"@type\":\"PropertyValueSpecification\",\"valueRequired\":true,\"valueName\":\"search_term_string\"}}],\"inLanguage\":\"es\"},{\"@type\":\"Person\",\"@id\":\"https:\\\/\\\/eurecat.org\\\/es\\\/#\\\/schema\\\/person\\\/def9217eded50ee57a9dc4cf0c883f80\",\"name\":\"EurecatEG\",\"image\":{\"@type\":\"ImageObject\",\"inLanguage\":\"es\",\"@id\":\"https:\\\/\\\/secure.gravatar.com\\\/avatar\\\/f40dd9b6ecd3e5c591f3c9b033e495ee0ec9877ba77249fbf268b3889350c824?s=96&d=mm&r=g\",\"url\":\"https:\\\/\\\/secure.gravatar.com\\\/avatar\\\/f40dd9b6ecd3e5c591f3c9b033e495ee0ec9877ba77249fbf268b3889350c824?s=96&d=mm&r=g\",\"contentUrl\":\"https:\\\/\\\/secure.gravatar.com\\\/avatar\\\/f40dd9b6ecd3e5c591f3c9b033e495ee0ec9877ba77249fbf268b3889350c824?s=96&d=mm&r=g\",\"caption\":\"EurecatEG\"}}]}<\/script>\n<!-- \/ Yoast SEO plugin. -->","yoast_head_json":{"title":"editorial","description":"La prioridad de Eurecat es poner la innovaci\u00f3n tecnol\u00f3gica al alcance de las empresas y de las organizaciones, con soluciones transversales que les permitan incrementar su competitividad.","robots":{"index":"index","follow":"follow","max-snippet":"max-snippet:-1","max-image-preview":"max-image-preview:large","max-video-preview":"max-video-preview:-1"},"canonical":"https:\/\/eurecat.org\/es\/editorial-radar-innovacion-tecnologica\/","og_locale":"es_ES","og_type":"article","og_title":"editorial","og_description":"La prioridad de Eurecat es poner la innovaci\u00f3n tecnol\u00f3gica al alcance de las empresas y de las organizaciones, con soluciones transversales que les permitan incrementar su competitividad.","og_url":"https:\/\/eurecat.org\/es\/editorial-radar-innovacion-tecnologica\/","og_site_name":"Eurecat","article_published_time":"2019-01-29T14:08:55+00:00","article_modified_time":"2021-05-05T14:12:28+00:00","og_image":[{"width":800,"height":442,"url":"https:\/\/eurecat.org\/wp-content\/uploads\/2019\/01\/editorial.jpg","type":"image\/jpeg"}],"author":"EurecatEG","twitter_card":"summary_large_image","twitter_misc":{"Escrito por":"EurecatEG","Tiempo de lectura":"3 minutos"},"schema":{"@context":"https:\/\/schema.org","@graph":[{"@type":"Article","@id":"https:\/\/eurecat.org\/es\/editorial-radar-innovacion-tecnologica\/#article","isPartOf":{"@id":"https:\/\/eurecat.org\/es\/editorial-radar-innovacion-tecnologica\/"},"author":{"name":"EurecatEG","@id":"https:\/\/eurecat.org\/es\/#\/schema\/person\/def9217eded50ee57a9dc4cf0c883f80"},"headline":"Editorial: El radar de la innovaci\u00f3n tecnol\u00f3gica","datePublished":"2019-01-29T14:08:55+00:00","dateModified":"2021-05-05T14:12:28+00:00","mainEntityOfPage":{"@id":"https:\/\/eurecat.org\/es\/editorial-radar-innovacion-tecnologica\/"},"wordCount":572,"commentCount":0,"image":{"@id":"https:\/\/eurecat.org\/es\/editorial-radar-innovacion-tecnologica\/#primaryimage"},"thumbnailUrl":"https:\/\/eurecat.org\/wp-content\/uploads\/2019\/01\/editorial.jpg","articleSection":["Blog","Editorial"],"inLanguage":"es","potentialAction":[{"@type":"CommentAction","name":"Comment","target":["https:\/\/eurecat.org\/es\/editorial-radar-innovacion-tecnologica\/#respond"]}]},{"@type":"WebPage","@id":"https:\/\/eurecat.org\/es\/editorial-radar-innovacion-tecnologica\/","url":"https:\/\/eurecat.org\/es\/editorial-radar-innovacion-tecnologica\/","name":"editorial","isPartOf":{"@id":"https:\/\/eurecat.org\/es\/#website"},"primaryImageOfPage":{"@id":"https:\/\/eurecat.org\/es\/editorial-radar-innovacion-tecnologica\/#primaryimage"},"image":{"@id":"https:\/\/eurecat.org\/es\/editorial-radar-innovacion-tecnologica\/#primaryimage"},"thumbnailUrl":"https:\/\/eurecat.org\/wp-content\/uploads\/2019\/01\/editorial.jpg","datePublished":"2019-01-29T14:08:55+00:00","dateModified":"2021-05-05T14:12:28+00:00","author":{"@id":"https:\/\/eurecat.org\/es\/#\/schema\/person\/def9217eded50ee57a9dc4cf0c883f80"},"description":"La prioridad de Eurecat es poner la innovaci\u00f3n tecnol\u00f3gica al alcance de las empresas y de las organizaciones, con soluciones transversales que les permitan incrementar su competitividad.","breadcrumb":{"@id":"https:\/\/eurecat.org\/es\/editorial-radar-innovacion-tecnologica\/#breadcrumb"},"inLanguage":"es","potentialAction":[{"@type":"ReadAction","target":["https:\/\/eurecat.org\/es\/editorial-radar-innovacion-tecnologica\/"]}]},{"@type":"ImageObject","inLanguage":"es","@id":"https:\/\/eurecat.org\/es\/editorial-radar-innovacion-tecnologica\/#primaryimage","url":"https:\/\/eurecat.org\/wp-content\/uploads\/2019\/01\/editorial.jpg","contentUrl":"https:\/\/eurecat.org\/wp-content\/uploads\/2019\/01\/editorial.jpg","width":800,"height":442,"caption":"editorial"},{"@type":"BreadcrumbList","@id":"https:\/\/eurecat.org\/es\/editorial-radar-innovacion-tecnologica\/#breadcrumb","itemListElement":[{"@type":"ListItem","position":1,"name":"Inici","item":"https:\/\/eurecat.org\/es\/"},{"@type":"ListItem","position":2,"name":"Editorial: El radar de la innovaci\u00f3n tecnol\u00f3gica"}]},{"@type":"WebSite","@id":"https:\/\/eurecat.org\/es\/#website","url":"https:\/\/eurecat.org\/es\/","name":"Eurecat","description":"Otro sitio realizado con WordPress","potentialAction":[{"@type":"SearchAction","target":{"@type":"EntryPoint","urlTemplate":"https:\/\/eurecat.org\/es\/?s={search_term_string}"},"query-input":{"@type":"PropertyValueSpecification","valueRequired":true,"valueName":"search_term_string"}}],"inLanguage":"es"},{"@type":"Person","@id":"https:\/\/eurecat.org\/es\/#\/schema\/person\/def9217eded50ee57a9dc4cf0c883f80","name":"EurecatEG","image":{"@type":"ImageObject","inLanguage":"es","@id":"https:\/\/secure.gravatar.com\/avatar\/f40dd9b6ecd3e5c591f3c9b033e495ee0ec9877ba77249fbf268b3889350c824?s=96&d=mm&r=g","url":"https:\/\/secure.gravatar.com\/avatar\/f40dd9b6ecd3e5c591f3c9b033e495ee0ec9877ba77249fbf268b3889350c824?s=96&d=mm&r=g","contentUrl":"https:\/\/secure.gravatar.com\/avatar\/f40dd9b6ecd3e5c591f3c9b033e495ee0ec9877ba77249fbf268b3889350c824?s=96&d=mm&r=g","caption":"EurecatEG"}}]}},"_links":{"self":[{"href":"https:\/\/eurecat.org\/es\/wp-json\/wp\/v2\/posts\/114074","targetHints":{"allow":["GET"]}}],"collection":[{"href":"https:\/\/eurecat.org\/es\/wp-json\/wp\/v2\/posts"}],"about":[{"href":"https:\/\/eurecat.org\/es\/wp-json\/wp\/v2\/types\/post"}],"author":[{"embeddable":true,"href":"https:\/\/eurecat.org\/es\/wp-json\/wp\/v2\/users\/12"}],"replies":[{"embeddable":true,"href":"https:\/\/eurecat.org\/es\/wp-json\/wp\/v2\/comments?post=114074"}],"version-history":[{"count":0,"href":"https:\/\/eurecat.org\/es\/wp-json\/wp\/v2\/posts\/114074\/revisions"}],"wp:featuredmedia":[{"embeddable":true,"href":"https:\/\/eurecat.org\/es\/wp-json\/wp\/v2\/media\/75870"}],"wp:attachment":[{"href":"https:\/\/eurecat.org\/es\/wp-json\/wp\/v2\/media?parent=114074"}],"wp:term":[{"taxonomy":"category","embeddable":true,"href":"https:\/\/eurecat.org\/es\/wp-json\/wp\/v2\/categories?post=114074"},{"taxonomy":"post_tag","embeddable":true,"href":"https:\/\/eurecat.org\/es\/wp-json\/wp\/v2\/tags?post=114074"}],"curies":[{"name":"wp","href":"https:\/\/api.w.org\/{rel}","templated":true}]}}