{"id":114089,"date":"2019-04-26T14:19:34","date_gmt":"2019-04-26T14:19:34","guid":{"rendered":"https:\/\/eurecat.org\/?p=114089"},"modified":"2021-05-05T14:25:26","modified_gmt":"2021-05-05T14:25:26","slug":"eurecat-organizara-la-xxena-conferencia-anual-de-earto","status":"publish","type":"post","link":"https:\/\/eurecat.org\/es\/eurecat-organizara-la-xxena-conferencia-anual-de-earto\/","title":{"rendered":"Editorial: Eurecat organizar\u00e1 la XXena Conferencia Anual de EARTO"},"content":{"rendered":"<p><img decoding=\"async\" class=\"wp-image-79563 size-medium alignleft\" src=\"https:\/\/eurecat.org\/wp-content\/uploads\/2019\/04\/Eurecat-EARTO_930x515px-300x156.jpg\" alt=\"eurecat earto 2020 barcelona\" width=\"300\" height=\"156\" srcset=\"https:\/\/eurecat.org\/wp-content\/uploads\/2019\/04\/Eurecat-EARTO_930x515px-200x104.jpg 200w, https:\/\/eurecat.org\/wp-content\/uploads\/2019\/04\/Eurecat-EARTO_930x515px-300x156.jpg 300w, https:\/\/eurecat.org\/wp-content\/uploads\/2019\/04\/Eurecat-EARTO_930x515px-400x209.jpg 400w, https:\/\/eurecat.org\/wp-content\/uploads\/2019\/04\/Eurecat-EARTO_930x515px-600x313.jpg 600w, https:\/\/eurecat.org\/wp-content\/uploads\/2019\/04\/Eurecat-EARTO_930x515px-768x401.jpg 768w, https:\/\/eurecat.org\/wp-content\/uploads\/2019\/04\/Eurecat-EARTO_930x515px-800x417.jpg 800w, https:\/\/eurecat.org\/wp-content\/uploads\/2019\/04\/Eurecat-EARTO_930x515px.jpg 930w\" sizes=\"(max-width: 300px) 100vw, 300px\" \/><\/p>\n<p>Centrarse en la transferencia de conocimiento tecnol\u00f3gico hacia las empresas y la sociedad. Este es el objetivo que compartimos los centros tecnol\u00f3gicos y el nexo de uni\u00f3n de EARTO (European Association of Research and Technology Organisations), la organizaci\u00f3n europea que nos representa a nivel europeo y que ha confiado en Eurecat para organizar su vig\u00e9sima conferencia anual. La cita ser\u00e1 del 24 al 26 de marzo de 2020, en Barcelona, \u200b\u200by ser\u00e1 un punto de encuentro muy interesante para hablar de los nuevos retos y de las tendencias en materia de innovaci\u00f3n, a las puertas del lanzamiento del noveno programa marco de investigaci\u00f3n e innovaci\u00f3n de la Uni\u00f3n Europea, Horizon Europe.<\/p>\n<p>EARTO aglutina 350 organizaciones procedentes de 20 pa\u00edses, entre las que figuran centros de la dimensi\u00f3n del Fraunhofer (Alemania), el VTT (Finlandia), el TNO (Holanda) o Tecnalia (Pa\u00eds Vasco). Somos entidades con formas jur\u00eddicas y modelos diferentes, pero que compartimos la misi\u00f3n de contribuir a la conversi\u00f3n de la ciencia en tecnolog\u00eda innovadora que sea \u00fatil para generar valor y hacer m\u00e1s competitivas las empresas. Nuestra actividad nos obliga, en este sentido, a equilibrar una cierta actividad de investigaci\u00f3n para generar el conocimiento tecnol\u00f3gico que necesitar\u00e1n las empresas a medio plazo, con una labor continuada y sistem\u00e1tica con la industria. Por lo tanto, formar parte de EARTO nos enriquece y nos permite compartir inquietudes en una visi\u00f3n global del desarrollo y de la innovaci\u00f3n tecnol\u00f3gica, a la vez que nos ayuda a conocer mejor y a incidir en las prioridades tecnol\u00f3gicas que marcar\u00e1n los pr\u00f3ximos a\u00f1os en Europa.<\/p>\n<p>En los ecosistemas de innovaci\u00f3n m\u00e1s avanzados, el papel de los centros tecnol\u00f3gicos es muy importante y complementario al de los agentes m\u00e1s propiamente centrados en la investigaci\u00f3n. Dentro de esta din\u00e1mica, en Eurecat trabajamos para hacer crecer de manera acelerada la transferencia tecnol\u00f3gica y para llegar al m\u00e1ximo de sectores, empresas y territorios. Traccionar de manera m\u00e1s sistem\u00e1tica de las capacidades y del conocimiento de otros agentes del sistema y articular proyectos de anticipaci\u00f3n tecnol\u00f3gica para poder ofrecer a las empresas soluciones m\u00e1s multidisciplinares es otra de nuestras prioridades, as\u00ed como establecer programas espec\u00edficos dirigidos a las peque\u00f1as y medianas empresas y contribuir de forma sistem\u00e1tica a la formaci\u00f3n de talento.<\/p>\n<p>Por este motivo, ser anfitriones de la conferencia anual de EARTO es una oportunidad magn\u00edfica que nos reafirma en la vocaci\u00f3n de proyectarnos a nivel europeo y en nuestra implicaci\u00f3n con el futuro de la innovaci\u00f3n y de la investigaci\u00f3n industrial a escala europea e internacional. Estamos convencidos de que la celebraci\u00f3n del evento ser\u00e1 una excelente ocasi\u00f3n para mostrar nuestras capacidades tecnol\u00f3gicas distintivas en los \u00e1mbitos industrial, digital y biotecnol\u00f3gico y tambi\u00e9n para celebrar el quinto aniversario de la creaci\u00f3n de nuestra entidad.<\/p>\n<p class=\"p1\"><span class=\"s1\">Xavier Torra,\u00a0<\/span><span class=\"s1\">Presidente de Eurecat<\/span><\/p>\n","protected":false},"excerpt":{"rendered":"<p>Centrarse en la transferencia de conocimiento tecnol\u00f3gico hacia las empresas y la sociedad. Este es el objetivo que compartimos los centros tecnol\u00f3gicos y el nexo de uni\u00f3n de EARTO (European Association of Research and Technology Organisations), la organizaci\u00f3n europea que nos representa a nivel europeo y que ha confiado en Eurecat para organizar su vig\u00e9sima  [&#8230;]<\/p>\n","protected":false},"author":12,"featured_media":79563,"comment_status":"open","ping_status":"closed","sticky":false,"template":"","format":"standard","meta":{"footnotes":""},"categories":[133,2217],"tags":[],"class_list":["post-114089","post","type-post","status-publish","format-standard","has-post-thumbnail","hentry","category-blog","category-editorial"],"yoast_head":"<!-- This site is optimized with the Yoast SEO plugin v27.4 - https:\/\/yoast.com\/product\/yoast-seo-wordpress\/ -->\n<title>editorial<\/title>\n<meta name=\"description\" content=\"Centrarse en la transferencia de conocimiento tecnol\u00f3gico hacia las empresas y la sociedad. Este es el objetivo que compartimos los centros tecnol\u00f3gicos y el nexo de uni\u00f3n de EARTO (European Association of Research and Technology Organisations), la organizaci\u00f3n europea que nos representa a nivel europeo y que ha confiado en Eurecat para organizar su vig\u00e9sima conferencia anual.\" \/>\n<meta name=\"robots\" content=\"index, follow, max-snippet:-1, max-image-preview:large, max-video-preview:-1\" \/>\n<link rel=\"canonical\" href=\"https:\/\/eurecat.org\/es\/eurecat-organizara-la-xxena-conferencia-anual-de-earto\/\" \/>\n<meta property=\"og:locale\" content=\"es_ES\" \/>\n<meta property=\"og:type\" content=\"article\" \/>\n<meta property=\"og:title\" content=\"editorial\" \/>\n<meta property=\"og:description\" content=\"Centrarse en la transferencia de conocimiento tecnol\u00f3gico hacia las empresas y la sociedad. Este es el objetivo que compartimos los centros tecnol\u00f3gicos y el nexo de uni\u00f3n de EARTO (European Association of Research and Technology Organisations), la organizaci\u00f3n europea que nos representa a nivel europeo y que ha confiado en Eurecat para organizar su vig\u00e9sima conferencia anual.\" \/>\n<meta property=\"og:url\" content=\"https:\/\/eurecat.org\/es\/eurecat-organizara-la-xxena-conferencia-anual-de-earto\/\" \/>\n<meta property=\"og:site_name\" content=\"Eurecat\" \/>\n<meta property=\"article:published_time\" content=\"2019-04-26T14:19:34+00:00\" \/>\n<meta property=\"article:modified_time\" content=\"2021-05-05T14:25:26+00:00\" \/>\n<meta property=\"og:image\" content=\"https:\/\/eurecat.org\/wp-content\/uploads\/2019\/04\/Eurecat-EARTO_930x515px.jpg\" \/>\n\t<meta property=\"og:image:width\" content=\"930\" \/>\n\t<meta property=\"og:image:height\" content=\"485\" \/>\n\t<meta property=\"og:image:type\" content=\"image\/jpeg\" \/>\n<meta name=\"author\" content=\"EurecatEG\" \/>\n<meta name=\"twitter:card\" content=\"summary_large_image\" \/>\n<meta name=\"twitter:label1\" content=\"Escrito por\" \/>\n\t<meta name=\"twitter:data1\" content=\"EurecatEG\" \/>\n\t<meta name=\"twitter:label2\" content=\"Tiempo de lectura\" \/>\n\t<meta name=\"twitter:data2\" content=\"3 minutos\" \/>\n<script type=\"application\/ld+json\" class=\"yoast-schema-graph\">{\"@context\":\"https:\\\/\\\/schema.org\",\"@graph\":[{\"@type\":\"Article\",\"@id\":\"https:\\\/\\\/eurecat.org\\\/es\\\/eurecat-organizara-la-xxena-conferencia-anual-de-earto\\\/#article\",\"isPartOf\":{\"@id\":\"https:\\\/\\\/eurecat.org\\\/es\\\/eurecat-organizara-la-xxena-conferencia-anual-de-earto\\\/\"},\"author\":{\"name\":\"EurecatEG\",\"@id\":\"https:\\\/\\\/eurecat.org\\\/es\\\/#\\\/schema\\\/person\\\/def9217eded50ee57a9dc4cf0c883f80\"},\"headline\":\"Editorial: Eurecat organizar\u00e1 la XXena Conferencia Anual de EARTO\",\"datePublished\":\"2019-04-26T14:19:34+00:00\",\"dateModified\":\"2021-05-05T14:25:26+00:00\",\"mainEntityOfPage\":{\"@id\":\"https:\\\/\\\/eurecat.org\\\/es\\\/eurecat-organizara-la-xxena-conferencia-anual-de-earto\\\/\"},\"wordCount\":520,\"commentCount\":0,\"image\":{\"@id\":\"https:\\\/\\\/eurecat.org\\\/es\\\/eurecat-organizara-la-xxena-conferencia-anual-de-earto\\\/#primaryimage\"},\"thumbnailUrl\":\"https:\\\/\\\/eurecat.org\\\/wp-content\\\/uploads\\\/2019\\\/04\\\/Eurecat-EARTO_930x515px.jpg\",\"articleSection\":[\"Blog\",\"Editorial\"],\"inLanguage\":\"es\",\"potentialAction\":[{\"@type\":\"CommentAction\",\"name\":\"Comment\",\"target\":[\"https:\\\/\\\/eurecat.org\\\/es\\\/eurecat-organizara-la-xxena-conferencia-anual-de-earto\\\/#respond\"]}]},{\"@type\":\"WebPage\",\"@id\":\"https:\\\/\\\/eurecat.org\\\/es\\\/eurecat-organizara-la-xxena-conferencia-anual-de-earto\\\/\",\"url\":\"https:\\\/\\\/eurecat.org\\\/es\\\/eurecat-organizara-la-xxena-conferencia-anual-de-earto\\\/\",\"name\":\"editorial\",\"isPartOf\":{\"@id\":\"https:\\\/\\\/eurecat.org\\\/es\\\/#website\"},\"primaryImageOfPage\":{\"@id\":\"https:\\\/\\\/eurecat.org\\\/es\\\/eurecat-organizara-la-xxena-conferencia-anual-de-earto\\\/#primaryimage\"},\"image\":{\"@id\":\"https:\\\/\\\/eurecat.org\\\/es\\\/eurecat-organizara-la-xxena-conferencia-anual-de-earto\\\/#primaryimage\"},\"thumbnailUrl\":\"https:\\\/\\\/eurecat.org\\\/wp-content\\\/uploads\\\/2019\\\/04\\\/Eurecat-EARTO_930x515px.jpg\",\"datePublished\":\"2019-04-26T14:19:34+00:00\",\"dateModified\":\"2021-05-05T14:25:26+00:00\",\"author\":{\"@id\":\"https:\\\/\\\/eurecat.org\\\/es\\\/#\\\/schema\\\/person\\\/def9217eded50ee57a9dc4cf0c883f80\"},\"description\":\"Centrarse en la transferencia de conocimiento tecnol\u00f3gico hacia las empresas y la sociedad. Este es el objetivo que compartimos los centros tecnol\u00f3gicos y el nexo de uni\u00f3n de EARTO (European Association of Research and Technology Organisations), la organizaci\u00f3n europea que nos representa a nivel europeo y que ha confiado en Eurecat para organizar su vig\u00e9sima conferencia anual.\",\"breadcrumb\":{\"@id\":\"https:\\\/\\\/eurecat.org\\\/es\\\/eurecat-organizara-la-xxena-conferencia-anual-de-earto\\\/#breadcrumb\"},\"inLanguage\":\"es\",\"potentialAction\":[{\"@type\":\"ReadAction\",\"target\":[\"https:\\\/\\\/eurecat.org\\\/es\\\/eurecat-organizara-la-xxena-conferencia-anual-de-earto\\\/\"]}]},{\"@type\":\"ImageObject\",\"inLanguage\":\"es\",\"@id\":\"https:\\\/\\\/eurecat.org\\\/es\\\/eurecat-organizara-la-xxena-conferencia-anual-de-earto\\\/#primaryimage\",\"url\":\"https:\\\/\\\/eurecat.org\\\/wp-content\\\/uploads\\\/2019\\\/04\\\/Eurecat-EARTO_930x515px.jpg\",\"contentUrl\":\"https:\\\/\\\/eurecat.org\\\/wp-content\\\/uploads\\\/2019\\\/04\\\/Eurecat-EARTO_930x515px.jpg\",\"width\":930,\"height\":485,\"caption\":\"eurecat earto 2020 barcelona\"},{\"@type\":\"BreadcrumbList\",\"@id\":\"https:\\\/\\\/eurecat.org\\\/es\\\/eurecat-organizara-la-xxena-conferencia-anual-de-earto\\\/#breadcrumb\",\"itemListElement\":[{\"@type\":\"ListItem\",\"position\":1,\"name\":\"Inici\",\"item\":\"https:\\\/\\\/eurecat.org\\\/es\\\/\"},{\"@type\":\"ListItem\",\"position\":2,\"name\":\"Editorial: Eurecat organizar\u00e1 la XXena Conferencia Anual de EARTO\"}]},{\"@type\":\"WebSite\",\"@id\":\"https:\\\/\\\/eurecat.org\\\/es\\\/#website\",\"url\":\"https:\\\/\\\/eurecat.org\\\/es\\\/\",\"name\":\"Eurecat\",\"description\":\"Otro sitio realizado con WordPress\",\"potentialAction\":[{\"@type\":\"SearchAction\",\"target\":{\"@type\":\"EntryPoint\",\"urlTemplate\":\"https:\\\/\\\/eurecat.org\\\/es\\\/?s={search_term_string}\"},\"query-input\":{\"@type\":\"PropertyValueSpecification\",\"valueRequired\":true,\"valueName\":\"search_term_string\"}}],\"inLanguage\":\"es\"},{\"@type\":\"Person\",\"@id\":\"https:\\\/\\\/eurecat.org\\\/es\\\/#\\\/schema\\\/person\\\/def9217eded50ee57a9dc4cf0c883f80\",\"name\":\"EurecatEG\",\"image\":{\"@type\":\"ImageObject\",\"inLanguage\":\"es\",\"@id\":\"https:\\\/\\\/secure.gravatar.com\\\/avatar\\\/f40dd9b6ecd3e5c591f3c9b033e495ee0ec9877ba77249fbf268b3889350c824?s=96&d=mm&r=g\",\"url\":\"https:\\\/\\\/secure.gravatar.com\\\/avatar\\\/f40dd9b6ecd3e5c591f3c9b033e495ee0ec9877ba77249fbf268b3889350c824?s=96&d=mm&r=g\",\"contentUrl\":\"https:\\\/\\\/secure.gravatar.com\\\/avatar\\\/f40dd9b6ecd3e5c591f3c9b033e495ee0ec9877ba77249fbf268b3889350c824?s=96&d=mm&r=g\",\"caption\":\"EurecatEG\"}}]}<\/script>\n<!-- \/ Yoast SEO plugin. -->","yoast_head_json":{"title":"editorial","description":"Centrarse en la transferencia de conocimiento tecnol\u00f3gico hacia las empresas y la sociedad. Este es el objetivo que compartimos los centros tecnol\u00f3gicos y el nexo de uni\u00f3n de EARTO (European Association of Research and Technology Organisations), la organizaci\u00f3n europea que nos representa a nivel europeo y que ha confiado en Eurecat para organizar su vig\u00e9sima conferencia anual.","robots":{"index":"index","follow":"follow","max-snippet":"max-snippet:-1","max-image-preview":"max-image-preview:large","max-video-preview":"max-video-preview:-1"},"canonical":"https:\/\/eurecat.org\/es\/eurecat-organizara-la-xxena-conferencia-anual-de-earto\/","og_locale":"es_ES","og_type":"article","og_title":"editorial","og_description":"Centrarse en la transferencia de conocimiento tecnol\u00f3gico hacia las empresas y la sociedad. Este es el objetivo que compartimos los centros tecnol\u00f3gicos y el nexo de uni\u00f3n de EARTO (European Association of Research and Technology Organisations), la organizaci\u00f3n europea que nos representa a nivel europeo y que ha confiado en Eurecat para organizar su vig\u00e9sima conferencia anual.","og_url":"https:\/\/eurecat.org\/es\/eurecat-organizara-la-xxena-conferencia-anual-de-earto\/","og_site_name":"Eurecat","article_published_time":"2019-04-26T14:19:34+00:00","article_modified_time":"2021-05-05T14:25:26+00:00","og_image":[{"width":930,"height":485,"url":"https:\/\/eurecat.org\/wp-content\/uploads\/2019\/04\/Eurecat-EARTO_930x515px.jpg","type":"image\/jpeg"}],"author":"EurecatEG","twitter_card":"summary_large_image","twitter_misc":{"Escrito por":"EurecatEG","Tiempo de lectura":"3 minutos"},"schema":{"@context":"https:\/\/schema.org","@graph":[{"@type":"Article","@id":"https:\/\/eurecat.org\/es\/eurecat-organizara-la-xxena-conferencia-anual-de-earto\/#article","isPartOf":{"@id":"https:\/\/eurecat.org\/es\/eurecat-organizara-la-xxena-conferencia-anual-de-earto\/"},"author":{"name":"EurecatEG","@id":"https:\/\/eurecat.org\/es\/#\/schema\/person\/def9217eded50ee57a9dc4cf0c883f80"},"headline":"Editorial: Eurecat organizar\u00e1 la XXena Conferencia Anual de EARTO","datePublished":"2019-04-26T14:19:34+00:00","dateModified":"2021-05-05T14:25:26+00:00","mainEntityOfPage":{"@id":"https:\/\/eurecat.org\/es\/eurecat-organizara-la-xxena-conferencia-anual-de-earto\/"},"wordCount":520,"commentCount":0,"image":{"@id":"https:\/\/eurecat.org\/es\/eurecat-organizara-la-xxena-conferencia-anual-de-earto\/#primaryimage"},"thumbnailUrl":"https:\/\/eurecat.org\/wp-content\/uploads\/2019\/04\/Eurecat-EARTO_930x515px.jpg","articleSection":["Blog","Editorial"],"inLanguage":"es","potentialAction":[{"@type":"CommentAction","name":"Comment","target":["https:\/\/eurecat.org\/es\/eurecat-organizara-la-xxena-conferencia-anual-de-earto\/#respond"]}]},{"@type":"WebPage","@id":"https:\/\/eurecat.org\/es\/eurecat-organizara-la-xxena-conferencia-anual-de-earto\/","url":"https:\/\/eurecat.org\/es\/eurecat-organizara-la-xxena-conferencia-anual-de-earto\/","name":"editorial","isPartOf":{"@id":"https:\/\/eurecat.org\/es\/#website"},"primaryImageOfPage":{"@id":"https:\/\/eurecat.org\/es\/eurecat-organizara-la-xxena-conferencia-anual-de-earto\/#primaryimage"},"image":{"@id":"https:\/\/eurecat.org\/es\/eurecat-organizara-la-xxena-conferencia-anual-de-earto\/#primaryimage"},"thumbnailUrl":"https:\/\/eurecat.org\/wp-content\/uploads\/2019\/04\/Eurecat-EARTO_930x515px.jpg","datePublished":"2019-04-26T14:19:34+00:00","dateModified":"2021-05-05T14:25:26+00:00","author":{"@id":"https:\/\/eurecat.org\/es\/#\/schema\/person\/def9217eded50ee57a9dc4cf0c883f80"},"description":"Centrarse en la transferencia de conocimiento tecnol\u00f3gico hacia las empresas y la sociedad. Este es el objetivo que compartimos los centros tecnol\u00f3gicos y el nexo de uni\u00f3n de EARTO (European Association of Research and Technology Organisations), la organizaci\u00f3n europea que nos representa a nivel europeo y que ha confiado en Eurecat para organizar su vig\u00e9sima conferencia anual.","breadcrumb":{"@id":"https:\/\/eurecat.org\/es\/eurecat-organizara-la-xxena-conferencia-anual-de-earto\/#breadcrumb"},"inLanguage":"es","potentialAction":[{"@type":"ReadAction","target":["https:\/\/eurecat.org\/es\/eurecat-organizara-la-xxena-conferencia-anual-de-earto\/"]}]},{"@type":"ImageObject","inLanguage":"es","@id":"https:\/\/eurecat.org\/es\/eurecat-organizara-la-xxena-conferencia-anual-de-earto\/#primaryimage","url":"https:\/\/eurecat.org\/wp-content\/uploads\/2019\/04\/Eurecat-EARTO_930x515px.jpg","contentUrl":"https:\/\/eurecat.org\/wp-content\/uploads\/2019\/04\/Eurecat-EARTO_930x515px.jpg","width":930,"height":485,"caption":"eurecat earto 2020 barcelona"},{"@type":"BreadcrumbList","@id":"https:\/\/eurecat.org\/es\/eurecat-organizara-la-xxena-conferencia-anual-de-earto\/#breadcrumb","itemListElement":[{"@type":"ListItem","position":1,"name":"Inici","item":"https:\/\/eurecat.org\/es\/"},{"@type":"ListItem","position":2,"name":"Editorial: Eurecat organizar\u00e1 la XXena Conferencia Anual de EARTO"}]},{"@type":"WebSite","@id":"https:\/\/eurecat.org\/es\/#website","url":"https:\/\/eurecat.org\/es\/","name":"Eurecat","description":"Otro sitio realizado con WordPress","potentialAction":[{"@type":"SearchAction","target":{"@type":"EntryPoint","urlTemplate":"https:\/\/eurecat.org\/es\/?s={search_term_string}"},"query-input":{"@type":"PropertyValueSpecification","valueRequired":true,"valueName":"search_term_string"}}],"inLanguage":"es"},{"@type":"Person","@id":"https:\/\/eurecat.org\/es\/#\/schema\/person\/def9217eded50ee57a9dc4cf0c883f80","name":"EurecatEG","image":{"@type":"ImageObject","inLanguage":"es","@id":"https:\/\/secure.gravatar.com\/avatar\/f40dd9b6ecd3e5c591f3c9b033e495ee0ec9877ba77249fbf268b3889350c824?s=96&d=mm&r=g","url":"https:\/\/secure.gravatar.com\/avatar\/f40dd9b6ecd3e5c591f3c9b033e495ee0ec9877ba77249fbf268b3889350c824?s=96&d=mm&r=g","contentUrl":"https:\/\/secure.gravatar.com\/avatar\/f40dd9b6ecd3e5c591f3c9b033e495ee0ec9877ba77249fbf268b3889350c824?s=96&d=mm&r=g","caption":"EurecatEG"}}]}},"_links":{"self":[{"href":"https:\/\/eurecat.org\/es\/wp-json\/wp\/v2\/posts\/114089","targetHints":{"allow":["GET"]}}],"collection":[{"href":"https:\/\/eurecat.org\/es\/wp-json\/wp\/v2\/posts"}],"about":[{"href":"https:\/\/eurecat.org\/es\/wp-json\/wp\/v2\/types\/post"}],"author":[{"embeddable":true,"href":"https:\/\/eurecat.org\/es\/wp-json\/wp\/v2\/users\/12"}],"replies":[{"embeddable":true,"href":"https:\/\/eurecat.org\/es\/wp-json\/wp\/v2\/comments?post=114089"}],"version-history":[{"count":0,"href":"https:\/\/eurecat.org\/es\/wp-json\/wp\/v2\/posts\/114089\/revisions"}],"wp:featuredmedia":[{"embeddable":true,"href":"https:\/\/eurecat.org\/es\/wp-json\/wp\/v2\/media\/79563"}],"wp:attachment":[{"href":"https:\/\/eurecat.org\/es\/wp-json\/wp\/v2\/media?parent=114089"}],"wp:term":[{"taxonomy":"category","embeddable":true,"href":"https:\/\/eurecat.org\/es\/wp-json\/wp\/v2\/categories?post=114089"},{"taxonomy":"post_tag","embeddable":true,"href":"https:\/\/eurecat.org\/es\/wp-json\/wp\/v2\/tags?post=114089"}],"curies":[{"name":"wp","href":"https:\/\/api.w.org\/{rel}","templated":true}]}}