{"id":114097,"date":"2020-03-26T14:29:41","date_gmt":"2020-03-26T14:29:41","guid":{"rendered":"https:\/\/eurecat.org\/?p=114097"},"modified":"2021-05-05T14:32:02","modified_gmt":"2021-05-05T14:32:02","slug":"editorial-eurecat-al-servicio-de-la-sociedad-y-las-empresas-ahora-mas-que-nunca","status":"publish","type":"post","link":"https:\/\/eurecat.org\/es\/editorial-eurecat-al-servicio-de-la-sociedad-y-las-empresas-ahora-mas-que-nunca\/","title":{"rendered":"Editorial: Eurecat, al servicio de la sociedad y las empresas ahora m\u00e1s que nunca"},"content":{"rendered":"<p><img decoding=\"async\" class=\"wp-image-93308 size-medium alignleft\" src=\"https:\/\/eurecat.org\/wp-content\/uploads\/2019\/11\/Xavier_Torra_600-X-400-300x200.jpg\" alt=\"\" width=\"300\" height=\"200\" srcset=\"https:\/\/eurecat.org\/wp-content\/uploads\/2019\/11\/Xavier_Torra_600-X-400-200x133.jpg 200w, https:\/\/eurecat.org\/wp-content\/uploads\/2019\/11\/Xavier_Torra_600-X-400-300x200.jpg 300w, https:\/\/eurecat.org\/wp-content\/uploads\/2019\/11\/Xavier_Torra_600-X-400-400x267.jpg 400w, https:\/\/eurecat.org\/wp-content\/uploads\/2019\/11\/Xavier_Torra_600-X-400.jpg 600w\" sizes=\"(max-width: 300px) 100vw, 300px\" \/><\/p>\n<p>En Eurecat estamos, ahora m\u00e1s que nunca, al servicio de la sociedad para aportar soluciones ante los desaf\u00edos que ha generado la epidemia del coronavirus, poniendo nuestras capacidades, conocimientos, infraestructuras, contactos y experiencia a disposici\u00f3n y trabajando juntos con administraciones, centros de investigaci\u00f3n, hospitales, empresas y organizaciones para identificar y llevar adelante acciones que contribuyan a combatir la emergencia sanitaria y social.<\/p>\n<p>Con este objetivo, hemos empezado a facilitar la realizaci\u00f3n de ensayos de las mascarillas que se est\u00e1n produciendo para suplir la falta de este material sanitario, as\u00ed como de los componentes necesarios para su fabricaci\u00f3n, mediante la validaci\u00f3n de su eficacia a nivel de filtraci\u00f3n bacteriana, de transpirabilidad y de limpieza microbiana.<\/p>\n<p>Los ensayos, que ser\u00e1n coordinados en nuestra sede de Cerdanyola, se llevar\u00e1n a cabo inicialmente en los laboratorios de Sostenibilidad, en Manresa, y de Biotecnolog\u00eda, en Reus, y en el centro tecnol\u00f3gico de Applus +, en Bellaterra, en respuesta al gran n\u00famero de iniciativas de empresas, entidades y particulares, que se encuentran con la imposibilidad, hasta el momento, de garantizar su eficacia y nivel de adecuaci\u00f3n.<\/p>\n<p>Dado el escenario actual, hemos movilizado tambi\u00e9n otras tecnolog\u00edas punteras como la impresi\u00f3n 3D, la Inteligencia Artificial, el Big Data y las ciencias \u00f3micas, con la idea de aportar soluciones e integrar recursos trabajando en red en m\u00faltiples proyectos. En todos los casos, nuestra filosof\u00eda es sumar para conseguir los m\u00e1ximos resultados, para ayudar a paliar y superar esta situaci\u00f3n excepcional.<\/p>\n<p>Y en el momento que retomemos toda la actividad econ\u00f3mica y social, la innovaci\u00f3n tecnol\u00f3gica ser\u00e1 tambi\u00e9n estrat\u00e9gica para superar este reto sin precedentes. Pueden estar seguros de que los m\u00e1s de 650 profesionales que integramos Eurecat nos volcaremos en apoyar tanto a las grandes como a las peque\u00f1as y medianas empresas, desde nuestras instalaciones en Barcelona, \u200b\u200bCanet de Mar, Cerdanyola del Vall\u00e8s, Girona, Lleida , Manresa, Matar\u00f3, Reus, Tarragona, Amposta y Vila-seca, con propuestas y f\u00f3rmulas a medida de cada sector para poder desplegar toda su fuerza en el mercado.<\/p>\n<p>Este newsletter ser\u00e1 un veh\u00edculo para compartir con vosotros los pasos que vamos logrando en este sentido, tal como lo hemos hecho en este n\u00famero de marzo, donde os contamos que hemos inaugurado una sede en Chile, la primera que abrimos en Latinoam\u00e9rica, con el objetivo de aumentar la proximidad con el ecosistema de innovaci\u00f3n del pa\u00eds. Tambi\u00e9n encontrar\u00e1 informaciones sobre un proyecto con Grupo Carinsa, para dise\u00f1ar unos nuevos tipos de desinfectantes en microc\u00e1psulas dirigidos a minimizar el riesgo de infecciones en lugares con alta concentraci\u00f3n de usuarios.<\/p>\n<p>Tambi\u00e9n hemos recopilado innovaciones que suponen pasos adelante desde el punto de vista industrial, digital y biotecnol\u00f3gico, as\u00ed como desde el \u00e1ngulo de la sostenibilidad, a partir de tecnolog\u00edas pioneras, como la rob\u00f3tica, el Internet de las Cosas o la Inteligencia Artificial.<\/p>\n<p>Recuerde que nuestros canales de comunicaci\u00f3n permanecen abiertos en todo momento, para atender las demandas y propuestas que tenga y para ayudar a transformar el escenario actual con nuevos recursos al servicio del bienestar y del progreso de toda la sociedad.<\/p>\n<p><strong>Xavier Torra<br \/>\n<\/strong><strong>Presidente de Eurecat, Centro Tecnol\u00f3gico de Catalu\u00f1a<\/strong><\/p>\n","protected":false},"excerpt":{"rendered":"<p>En Eurecat estamos, ahora m\u00e1s que nunca, al servicio de la sociedad para aportar soluciones ante los desaf\u00edos que ha generado la epidemia del coronavirus, poniendo nuestras capacidades, conocimientos, infraestructuras, contactos y experiencia a disposici\u00f3n y trabajando juntos con administraciones, centros de investigaci\u00f3n, hospitales, empresas y organizaciones para identificar y llevar adelante acciones que contribuyan  [&#8230;]<\/p>\n","protected":false},"author":12,"featured_media":93310,"comment_status":"open","ping_status":"closed","sticky":false,"template":"","format":"standard","meta":{"footnotes":""},"categories":[133,2217],"tags":[],"class_list":["post-114097","post","type-post","status-publish","format-standard","has-post-thumbnail","hentry","category-blog","category-editorial"],"yoast_head":"<!-- This site is optimized with the Yoast SEO plugin v27.4 - https:\/\/yoast.com\/product\/yoast-seo-wordpress\/ -->\n<title>Editorial: Eurecat, al servicio de la sociedad y las empresas ahora m\u00e1s que nunca - Eurecat<\/title>\n<meta name=\"description\" content=\"En Eurecat estamos, ahora m\u00e1s que nunca, al servicio de la sociedad para aportar soluciones ante los desaf\u00edos que ha generado la epidemia del coronavirus, poniendo nuestras capacidades, conocimientos, infraestructuras, contactos y experiencia a disposici\u00f3n y trabajando juntos con administraciones, centros de investigaci\u00f3n, hospitales, empresas y organizaciones para identificar y llevar adelante acciones que contribuyan a combatir la emergencia sanitaria y social.\" \/>\n<meta name=\"robots\" content=\"index, follow, max-snippet:-1, max-image-preview:large, max-video-preview:-1\" \/>\n<link rel=\"canonical\" href=\"https:\/\/eurecat.org\/es\/editorial-eurecat-al-servicio-de-la-sociedad-y-las-empresas-ahora-mas-que-nunca\/\" \/>\n<meta property=\"og:locale\" content=\"es_ES\" \/>\n<meta property=\"og:type\" content=\"article\" \/>\n<meta property=\"og:title\" content=\"Editorial: Eurecat, al servicio de la sociedad y las empresas ahora m\u00e1s que nunca - Eurecat\" \/>\n<meta property=\"og:description\" content=\"En Eurecat estamos, ahora m\u00e1s que nunca, al servicio de la sociedad para aportar soluciones ante los desaf\u00edos que ha generado la epidemia del coronavirus, poniendo nuestras capacidades, conocimientos, infraestructuras, contactos y experiencia a disposici\u00f3n y trabajando juntos con administraciones, centros de investigaci\u00f3n, hospitales, empresas y organizaciones para identificar y llevar adelante acciones que contribuyan a combatir la emergencia sanitaria y social.\" \/>\n<meta property=\"og:url\" content=\"https:\/\/eurecat.org\/es\/editorial-eurecat-al-servicio-de-la-sociedad-y-las-empresas-ahora-mas-que-nunca\/\" \/>\n<meta property=\"og:site_name\" content=\"Eurecat\" \/>\n<meta property=\"article:published_time\" content=\"2020-03-26T14:29:41+00:00\" \/>\n<meta property=\"article:modified_time\" content=\"2021-05-05T14:32:02+00:00\" \/>\n<meta property=\"og:image\" content=\"https:\/\/eurecat.org\/wp-content\/uploads\/2019\/11\/Xavier_Torra_600-X-400.jpg\" \/>\n\t<meta property=\"og:image:width\" content=\"600\" \/>\n\t<meta property=\"og:image:height\" content=\"400\" \/>\n\t<meta property=\"og:image:type\" content=\"image\/jpeg\" \/>\n<meta name=\"author\" content=\"EurecatEG\" \/>\n<meta name=\"twitter:card\" content=\"summary_large_image\" \/>\n<meta name=\"twitter:label1\" content=\"Escrito por\" \/>\n\t<meta name=\"twitter:data1\" content=\"EurecatEG\" \/>\n\t<meta name=\"twitter:label2\" content=\"Tiempo de lectura\" \/>\n\t<meta name=\"twitter:data2\" content=\"3 minutos\" \/>\n<script type=\"application\/ld+json\" class=\"yoast-schema-graph\">{\"@context\":\"https:\\\/\\\/schema.org\",\"@graph\":[{\"@type\":\"Article\",\"@id\":\"https:\\\/\\\/eurecat.org\\\/es\\\/editorial-eurecat-al-servicio-de-la-sociedad-y-las-empresas-ahora-mas-que-nunca\\\/#article\",\"isPartOf\":{\"@id\":\"https:\\\/\\\/eurecat.org\\\/es\\\/editorial-eurecat-al-servicio-de-la-sociedad-y-las-empresas-ahora-mas-que-nunca\\\/\"},\"author\":{\"name\":\"EurecatEG\",\"@id\":\"https:\\\/\\\/eurecat.org\\\/es\\\/#\\\/schema\\\/person\\\/def9217eded50ee57a9dc4cf0c883f80\"},\"headline\":\"Editorial: Eurecat, al servicio de la sociedad y las empresas ahora m\u00e1s que nunca\",\"datePublished\":\"2020-03-26T14:29:41+00:00\",\"dateModified\":\"2021-05-05T14:32:02+00:00\",\"mainEntityOfPage\":{\"@id\":\"https:\\\/\\\/eurecat.org\\\/es\\\/editorial-eurecat-al-servicio-de-la-sociedad-y-las-empresas-ahora-mas-que-nunca\\\/\"},\"wordCount\":572,\"commentCount\":0,\"image\":{\"@id\":\"https:\\\/\\\/eurecat.org\\\/es\\\/editorial-eurecat-al-servicio-de-la-sociedad-y-las-empresas-ahora-mas-que-nunca\\\/#primaryimage\"},\"thumbnailUrl\":\"https:\\\/\\\/eurecat.org\\\/wp-content\\\/uploads\\\/2019\\\/11\\\/Xavier_Torra_600-X-400.jpg\",\"articleSection\":[\"Blog\",\"Editorial\"],\"inLanguage\":\"es\",\"potentialAction\":[{\"@type\":\"CommentAction\",\"name\":\"Comment\",\"target\":[\"https:\\\/\\\/eurecat.org\\\/es\\\/editorial-eurecat-al-servicio-de-la-sociedad-y-las-empresas-ahora-mas-que-nunca\\\/#respond\"]}]},{\"@type\":\"WebPage\",\"@id\":\"https:\\\/\\\/eurecat.org\\\/es\\\/editorial-eurecat-al-servicio-de-la-sociedad-y-las-empresas-ahora-mas-que-nunca\\\/\",\"url\":\"https:\\\/\\\/eurecat.org\\\/es\\\/editorial-eurecat-al-servicio-de-la-sociedad-y-las-empresas-ahora-mas-que-nunca\\\/\",\"name\":\"Editorial: Eurecat, al servicio de la sociedad y las empresas ahora m\u00e1s que nunca - Eurecat\",\"isPartOf\":{\"@id\":\"https:\\\/\\\/eurecat.org\\\/es\\\/#website\"},\"primaryImageOfPage\":{\"@id\":\"https:\\\/\\\/eurecat.org\\\/es\\\/editorial-eurecat-al-servicio-de-la-sociedad-y-las-empresas-ahora-mas-que-nunca\\\/#primaryimage\"},\"image\":{\"@id\":\"https:\\\/\\\/eurecat.org\\\/es\\\/editorial-eurecat-al-servicio-de-la-sociedad-y-las-empresas-ahora-mas-que-nunca\\\/#primaryimage\"},\"thumbnailUrl\":\"https:\\\/\\\/eurecat.org\\\/wp-content\\\/uploads\\\/2019\\\/11\\\/Xavier_Torra_600-X-400.jpg\",\"datePublished\":\"2020-03-26T14:29:41+00:00\",\"dateModified\":\"2021-05-05T14:32:02+00:00\",\"author\":{\"@id\":\"https:\\\/\\\/eurecat.org\\\/es\\\/#\\\/schema\\\/person\\\/def9217eded50ee57a9dc4cf0c883f80\"},\"description\":\"En Eurecat estamos, ahora m\u00e1s que nunca, al servicio de la sociedad para aportar soluciones ante los desaf\u00edos que ha generado la epidemia del coronavirus, poniendo nuestras capacidades, conocimientos, infraestructuras, contactos y experiencia a disposici\u00f3n y trabajando juntos con administraciones, centros de investigaci\u00f3n, hospitales, empresas y organizaciones para identificar y llevar adelante acciones que contribuyan a combatir la emergencia sanitaria y social.\",\"breadcrumb\":{\"@id\":\"https:\\\/\\\/eurecat.org\\\/es\\\/editorial-eurecat-al-servicio-de-la-sociedad-y-las-empresas-ahora-mas-que-nunca\\\/#breadcrumb\"},\"inLanguage\":\"es\",\"potentialAction\":[{\"@type\":\"ReadAction\",\"target\":[\"https:\\\/\\\/eurecat.org\\\/es\\\/editorial-eurecat-al-servicio-de-la-sociedad-y-las-empresas-ahora-mas-que-nunca\\\/\"]}]},{\"@type\":\"ImageObject\",\"inLanguage\":\"es\",\"@id\":\"https:\\\/\\\/eurecat.org\\\/es\\\/editorial-eurecat-al-servicio-de-la-sociedad-y-las-empresas-ahora-mas-que-nunca\\\/#primaryimage\",\"url\":\"https:\\\/\\\/eurecat.org\\\/wp-content\\\/uploads\\\/2019\\\/11\\\/Xavier_Torra_600-X-400.jpg\",\"contentUrl\":\"https:\\\/\\\/eurecat.org\\\/wp-content\\\/uploads\\\/2019\\\/11\\\/Xavier_Torra_600-X-400.jpg\",\"width\":600,\"height\":400,\"caption\":\"xavier torra eurecat\"},{\"@type\":\"BreadcrumbList\",\"@id\":\"https:\\\/\\\/eurecat.org\\\/es\\\/editorial-eurecat-al-servicio-de-la-sociedad-y-las-empresas-ahora-mas-que-nunca\\\/#breadcrumb\",\"itemListElement\":[{\"@type\":\"ListItem\",\"position\":1,\"name\":\"Inici\",\"item\":\"https:\\\/\\\/eurecat.org\\\/es\\\/\"},{\"@type\":\"ListItem\",\"position\":2,\"name\":\"Editorial: Eurecat, al servicio de la sociedad y las empresas ahora m\u00e1s que nunca\"}]},{\"@type\":\"WebSite\",\"@id\":\"https:\\\/\\\/eurecat.org\\\/es\\\/#website\",\"url\":\"https:\\\/\\\/eurecat.org\\\/es\\\/\",\"name\":\"Eurecat\",\"description\":\"Otro sitio realizado con WordPress\",\"potentialAction\":[{\"@type\":\"SearchAction\",\"target\":{\"@type\":\"EntryPoint\",\"urlTemplate\":\"https:\\\/\\\/eurecat.org\\\/es\\\/?s={search_term_string}\"},\"query-input\":{\"@type\":\"PropertyValueSpecification\",\"valueRequired\":true,\"valueName\":\"search_term_string\"}}],\"inLanguage\":\"es\"},{\"@type\":\"Person\",\"@id\":\"https:\\\/\\\/eurecat.org\\\/es\\\/#\\\/schema\\\/person\\\/def9217eded50ee57a9dc4cf0c883f80\",\"name\":\"EurecatEG\",\"image\":{\"@type\":\"ImageObject\",\"inLanguage\":\"es\",\"@id\":\"https:\\\/\\\/secure.gravatar.com\\\/avatar\\\/f40dd9b6ecd3e5c591f3c9b033e495ee0ec9877ba77249fbf268b3889350c824?s=96&d=mm&r=g\",\"url\":\"https:\\\/\\\/secure.gravatar.com\\\/avatar\\\/f40dd9b6ecd3e5c591f3c9b033e495ee0ec9877ba77249fbf268b3889350c824?s=96&d=mm&r=g\",\"contentUrl\":\"https:\\\/\\\/secure.gravatar.com\\\/avatar\\\/f40dd9b6ecd3e5c591f3c9b033e495ee0ec9877ba77249fbf268b3889350c824?s=96&d=mm&r=g\",\"caption\":\"EurecatEG\"}}]}<\/script>\n<!-- \/ Yoast SEO plugin. -->","yoast_head_json":{"title":"Editorial: Eurecat, al servicio de la sociedad y las empresas ahora m\u00e1s que nunca - Eurecat","description":"En Eurecat estamos, ahora m\u00e1s que nunca, al servicio de la sociedad para aportar soluciones ante los desaf\u00edos que ha generado la epidemia del coronavirus, poniendo nuestras capacidades, conocimientos, infraestructuras, contactos y experiencia a disposici\u00f3n y trabajando juntos con administraciones, centros de investigaci\u00f3n, hospitales, empresas y organizaciones para identificar y llevar adelante acciones que contribuyan a combatir la emergencia sanitaria y social.","robots":{"index":"index","follow":"follow","max-snippet":"max-snippet:-1","max-image-preview":"max-image-preview:large","max-video-preview":"max-video-preview:-1"},"canonical":"https:\/\/eurecat.org\/es\/editorial-eurecat-al-servicio-de-la-sociedad-y-las-empresas-ahora-mas-que-nunca\/","og_locale":"es_ES","og_type":"article","og_title":"Editorial: Eurecat, al servicio de la sociedad y las empresas ahora m\u00e1s que nunca - Eurecat","og_description":"En Eurecat estamos, ahora m\u00e1s que nunca, al servicio de la sociedad para aportar soluciones ante los desaf\u00edos que ha generado la epidemia del coronavirus, poniendo nuestras capacidades, conocimientos, infraestructuras, contactos y experiencia a disposici\u00f3n y trabajando juntos con administraciones, centros de investigaci\u00f3n, hospitales, empresas y organizaciones para identificar y llevar adelante acciones que contribuyan a combatir la emergencia sanitaria y social.","og_url":"https:\/\/eurecat.org\/es\/editorial-eurecat-al-servicio-de-la-sociedad-y-las-empresas-ahora-mas-que-nunca\/","og_site_name":"Eurecat","article_published_time":"2020-03-26T14:29:41+00:00","article_modified_time":"2021-05-05T14:32:02+00:00","og_image":[{"width":600,"height":400,"url":"https:\/\/eurecat.org\/wp-content\/uploads\/2019\/11\/Xavier_Torra_600-X-400.jpg","type":"image\/jpeg"}],"author":"EurecatEG","twitter_card":"summary_large_image","twitter_misc":{"Escrito por":"EurecatEG","Tiempo de lectura":"3 minutos"},"schema":{"@context":"https:\/\/schema.org","@graph":[{"@type":"Article","@id":"https:\/\/eurecat.org\/es\/editorial-eurecat-al-servicio-de-la-sociedad-y-las-empresas-ahora-mas-que-nunca\/#article","isPartOf":{"@id":"https:\/\/eurecat.org\/es\/editorial-eurecat-al-servicio-de-la-sociedad-y-las-empresas-ahora-mas-que-nunca\/"},"author":{"name":"EurecatEG","@id":"https:\/\/eurecat.org\/es\/#\/schema\/person\/def9217eded50ee57a9dc4cf0c883f80"},"headline":"Editorial: Eurecat, al servicio de la sociedad y las empresas ahora m\u00e1s que nunca","datePublished":"2020-03-26T14:29:41+00:00","dateModified":"2021-05-05T14:32:02+00:00","mainEntityOfPage":{"@id":"https:\/\/eurecat.org\/es\/editorial-eurecat-al-servicio-de-la-sociedad-y-las-empresas-ahora-mas-que-nunca\/"},"wordCount":572,"commentCount":0,"image":{"@id":"https:\/\/eurecat.org\/es\/editorial-eurecat-al-servicio-de-la-sociedad-y-las-empresas-ahora-mas-que-nunca\/#primaryimage"},"thumbnailUrl":"https:\/\/eurecat.org\/wp-content\/uploads\/2019\/11\/Xavier_Torra_600-X-400.jpg","articleSection":["Blog","Editorial"],"inLanguage":"es","potentialAction":[{"@type":"CommentAction","name":"Comment","target":["https:\/\/eurecat.org\/es\/editorial-eurecat-al-servicio-de-la-sociedad-y-las-empresas-ahora-mas-que-nunca\/#respond"]}]},{"@type":"WebPage","@id":"https:\/\/eurecat.org\/es\/editorial-eurecat-al-servicio-de-la-sociedad-y-las-empresas-ahora-mas-que-nunca\/","url":"https:\/\/eurecat.org\/es\/editorial-eurecat-al-servicio-de-la-sociedad-y-las-empresas-ahora-mas-que-nunca\/","name":"Editorial: Eurecat, al servicio de la sociedad y las empresas ahora m\u00e1s que nunca - Eurecat","isPartOf":{"@id":"https:\/\/eurecat.org\/es\/#website"},"primaryImageOfPage":{"@id":"https:\/\/eurecat.org\/es\/editorial-eurecat-al-servicio-de-la-sociedad-y-las-empresas-ahora-mas-que-nunca\/#primaryimage"},"image":{"@id":"https:\/\/eurecat.org\/es\/editorial-eurecat-al-servicio-de-la-sociedad-y-las-empresas-ahora-mas-que-nunca\/#primaryimage"},"thumbnailUrl":"https:\/\/eurecat.org\/wp-content\/uploads\/2019\/11\/Xavier_Torra_600-X-400.jpg","datePublished":"2020-03-26T14:29:41+00:00","dateModified":"2021-05-05T14:32:02+00:00","author":{"@id":"https:\/\/eurecat.org\/es\/#\/schema\/person\/def9217eded50ee57a9dc4cf0c883f80"},"description":"En Eurecat estamos, ahora m\u00e1s que nunca, al servicio de la sociedad para aportar soluciones ante los desaf\u00edos que ha generado la epidemia del coronavirus, poniendo nuestras capacidades, conocimientos, infraestructuras, contactos y experiencia a disposici\u00f3n y trabajando juntos con administraciones, centros de investigaci\u00f3n, hospitales, empresas y organizaciones para identificar y llevar adelante acciones que contribuyan a combatir la emergencia sanitaria y social.","breadcrumb":{"@id":"https:\/\/eurecat.org\/es\/editorial-eurecat-al-servicio-de-la-sociedad-y-las-empresas-ahora-mas-que-nunca\/#breadcrumb"},"inLanguage":"es","potentialAction":[{"@type":"ReadAction","target":["https:\/\/eurecat.org\/es\/editorial-eurecat-al-servicio-de-la-sociedad-y-las-empresas-ahora-mas-que-nunca\/"]}]},{"@type":"ImageObject","inLanguage":"es","@id":"https:\/\/eurecat.org\/es\/editorial-eurecat-al-servicio-de-la-sociedad-y-las-empresas-ahora-mas-que-nunca\/#primaryimage","url":"https:\/\/eurecat.org\/wp-content\/uploads\/2019\/11\/Xavier_Torra_600-X-400.jpg","contentUrl":"https:\/\/eurecat.org\/wp-content\/uploads\/2019\/11\/Xavier_Torra_600-X-400.jpg","width":600,"height":400,"caption":"xavier torra eurecat"},{"@type":"BreadcrumbList","@id":"https:\/\/eurecat.org\/es\/editorial-eurecat-al-servicio-de-la-sociedad-y-las-empresas-ahora-mas-que-nunca\/#breadcrumb","itemListElement":[{"@type":"ListItem","position":1,"name":"Inici","item":"https:\/\/eurecat.org\/es\/"},{"@type":"ListItem","position":2,"name":"Editorial: Eurecat, al servicio de la sociedad y las empresas ahora m\u00e1s que nunca"}]},{"@type":"WebSite","@id":"https:\/\/eurecat.org\/es\/#website","url":"https:\/\/eurecat.org\/es\/","name":"Eurecat","description":"Otro sitio realizado con WordPress","potentialAction":[{"@type":"SearchAction","target":{"@type":"EntryPoint","urlTemplate":"https:\/\/eurecat.org\/es\/?s={search_term_string}"},"query-input":{"@type":"PropertyValueSpecification","valueRequired":true,"valueName":"search_term_string"}}],"inLanguage":"es"},{"@type":"Person","@id":"https:\/\/eurecat.org\/es\/#\/schema\/person\/def9217eded50ee57a9dc4cf0c883f80","name":"EurecatEG","image":{"@type":"ImageObject","inLanguage":"es","@id":"https:\/\/secure.gravatar.com\/avatar\/f40dd9b6ecd3e5c591f3c9b033e495ee0ec9877ba77249fbf268b3889350c824?s=96&d=mm&r=g","url":"https:\/\/secure.gravatar.com\/avatar\/f40dd9b6ecd3e5c591f3c9b033e495ee0ec9877ba77249fbf268b3889350c824?s=96&d=mm&r=g","contentUrl":"https:\/\/secure.gravatar.com\/avatar\/f40dd9b6ecd3e5c591f3c9b033e495ee0ec9877ba77249fbf268b3889350c824?s=96&d=mm&r=g","caption":"EurecatEG"}}]}},"_links":{"self":[{"href":"https:\/\/eurecat.org\/es\/wp-json\/wp\/v2\/posts\/114097","targetHints":{"allow":["GET"]}}],"collection":[{"href":"https:\/\/eurecat.org\/es\/wp-json\/wp\/v2\/posts"}],"about":[{"href":"https:\/\/eurecat.org\/es\/wp-json\/wp\/v2\/types\/post"}],"author":[{"embeddable":true,"href":"https:\/\/eurecat.org\/es\/wp-json\/wp\/v2\/users\/12"}],"replies":[{"embeddable":true,"href":"https:\/\/eurecat.org\/es\/wp-json\/wp\/v2\/comments?post=114097"}],"version-history":[{"count":0,"href":"https:\/\/eurecat.org\/es\/wp-json\/wp\/v2\/posts\/114097\/revisions"}],"wp:featuredmedia":[{"embeddable":true,"href":"https:\/\/eurecat.org\/es\/wp-json\/wp\/v2\/media\/93310"}],"wp:attachment":[{"href":"https:\/\/eurecat.org\/es\/wp-json\/wp\/v2\/media?parent=114097"}],"wp:term":[{"taxonomy":"category","embeddable":true,"href":"https:\/\/eurecat.org\/es\/wp-json\/wp\/v2\/categories?post=114097"},{"taxonomy":"post_tag","embeddable":true,"href":"https:\/\/eurecat.org\/es\/wp-json\/wp\/v2\/tags?post=114097"}],"curies":[{"name":"wp","href":"https:\/\/api.w.org\/{rel}","templated":true}]}}