{"id":114136,"date":"2020-12-18T14:55:57","date_gmt":"2020-12-18T14:55:57","guid":{"rendered":"https:\/\/eurecat.org\/?p=114136"},"modified":"2021-05-05T14:58:41","modified_gmt":"2021-05-05T14:58:41","slug":"editorial-innovar-para-avanzar","status":"publish","type":"post","link":"https:\/\/eurecat.org\/es\/editorial-innovar-para-avanzar\/","title":{"rendered":"Editorial: Innovar para avanzar"},"content":{"rendered":"<p><img decoding=\"async\" class=\"wp-image-93308 size-medium alignleft\" src=\"https:\/\/eurecat.org\/wp-content\/uploads\/2019\/11\/Xavier_Torra_600-X-400-300x200.jpg\" alt=\"\" width=\"300\" height=\"200\" srcset=\"https:\/\/eurecat.org\/wp-content\/uploads\/2019\/11\/Xavier_Torra_600-X-400-200x133.jpg 200w, https:\/\/eurecat.org\/wp-content\/uploads\/2019\/11\/Xavier_Torra_600-X-400-300x200.jpg 300w, https:\/\/eurecat.org\/wp-content\/uploads\/2019\/11\/Xavier_Torra_600-X-400-400x267.jpg 400w, https:\/\/eurecat.org\/wp-content\/uploads\/2019\/11\/Xavier_Torra_600-X-400.jpg 600w\" sizes=\"(max-width: 300px) 100vw, 300px\" \/><\/p>\n<p><strong>La pandemia de la COVID-19 ha acelerado en pocos meses cambios que se esperaban en un lustro<\/strong>, dibujando un entorno en el que el tejido productivo necesita apuntalar unas nuevas bases que sostengan un crecimiento basado en la generaci\u00f3n de valor a\u00f1adido y en la preservaci\u00f3n del planeta. La innovaci\u00f3n tecnol\u00f3gica es uno de los ejes que debe contribuir decisivamente a este objetivo y la recuperaci\u00f3n de la actividad econ\u00f3mica y empresarial. Para ello, <strong>las empresas necesitan avanzar hacia el futuro con m\u00e1s potencia que nunca en aspectos claves, como son la digitalizaci\u00f3n, la implantaci\u00f3n de la industria 4.0 y la econom\u00eda circular<\/strong>.<\/p>\n<p>Este planteamiento se fundamenta en <strong>la tecnolog\u00eda como palanca indispensable para la innovaci\u00f3n<\/strong> y en su traducci\u00f3n en nuevos productos, servicios o procesos con alto impacto para las empresas, en t\u00e9rminos de impulso del aumento de la facturaci\u00f3n, de la capacidad de ampliar cuota de mercado o de internacionalizarse, entre otros objetivos.<\/p>\n<p>Enfocarnos hacia una innovaci\u00f3n de impacto supone tambi\u00e9n el establecimiento de una interrelaci\u00f3n con los clientes, los proveedores y toda la cadena de valor, dentro de un ecosistema que exige inmediatez y velocidad. Innovar requiere tambi\u00e9n de una buena gesti\u00f3n de todos los indicadores, de los datos y de los recursos disponibles, as\u00ed como de la realizaci\u00f3n del m\u00e1ximo de pruebas para reducir el grado de incertidumbre que conlleva.<\/p>\n<p>Se trata de un proceso que tambi\u00e9n significa abordar conceptos integrales, que abarquen todas las fases que supone generar o mejorar un servicio o desarrollar un producto m\u00e1s avanzando desde la idea hasta la industrializaci\u00f3n, una din\u00e1mica que hoy en d\u00eda no se entiende sin la hibridaci\u00f3n tecnol\u00f3gica. <strong>Cuando una empresa innova abre la puerta a nuevas complicidades, rendimientos y oportunidades, entre las que destacan las vinculadas a la generaci\u00f3n de empleo de calidad<\/strong>, una perspectiva que es fundamental desde el punto de vista de aprovechar todo el talento que tenemos .<\/p>\n<p>Pero, sobre todo, innovar implica reflexionar y explorar nuevas ideas para poder dar respuestas verdaderamente \u00fatiles a los nuevos desaf\u00edos que nos hemos encontrado este 2020 en casi todos los sectores de actividad. Desde Eurecat, estamos comprometidos con esta visi\u00f3n, con la convicci\u00f3n de que trabajando juntos podemos generar propuestas de valor y avanzar hacia la prosperidad y el bienestar que todos queremos recuperar para el a\u00f1o que estamos a punto de comenzar.<\/p>\n<p><strong>Xavier Torra<br \/>\n<\/strong><strong>Presidente de Eurecat, Centro Tecnol\u00f3gico de Catalu\u00f1a<\/strong><\/p>\n","protected":false},"excerpt":{"rendered":"<p>La pandemia de la COVID-19 ha acelerado en pocos meses cambios que se esperaban en un lustro, dibujando un entorno en el que el tejido productivo necesita apuntalar unas nuevas bases que sostengan un crecimiento basado en la generaci\u00f3n de valor a\u00f1adido y en la preservaci\u00f3n del planeta. La innovaci\u00f3n tecnol\u00f3gica es uno de los  [&#8230;]<\/p>\n","protected":false},"author":12,"featured_media":93310,"comment_status":"open","ping_status":"closed","sticky":false,"template":"","format":"standard","meta":{"footnotes":""},"categories":[133,2217],"tags":[],"class_list":["post-114136","post","type-post","status-publish","format-standard","has-post-thumbnail","hentry","category-blog","category-editorial"],"yoast_head":"<!-- This site is optimized with the Yoast SEO plugin v27.4 - https:\/\/yoast.com\/product\/yoast-seo-wordpress\/ -->\n<title>innovar<\/title>\n<meta name=\"description\" content=\"La pandemia de la COVID-19 ha acelerado en pocos meses cambios que se esperaban en un lustro, dibujando un entorno en el que el tejido productivo necesita apuntalar unas nuevas bases que sostengan un crecimiento basado en la generaci\u00f3n de valor a\u00f1adido y en la preservaci\u00f3n del planeta.\" \/>\n<meta name=\"robots\" content=\"index, follow, max-snippet:-1, max-image-preview:large, max-video-preview:-1\" \/>\n<link rel=\"canonical\" href=\"https:\/\/eurecat.org\/es\/editorial-innovar-para-avanzar\/\" \/>\n<meta property=\"og:locale\" content=\"es_ES\" \/>\n<meta property=\"og:type\" content=\"article\" \/>\n<meta property=\"og:title\" content=\"innovar\" \/>\n<meta property=\"og:description\" content=\"La pandemia de la COVID-19 ha acelerado en pocos meses cambios que se esperaban en un lustro, dibujando un entorno en el que el tejido productivo necesita apuntalar unas nuevas bases que sostengan un crecimiento basado en la generaci\u00f3n de valor a\u00f1adido y en la preservaci\u00f3n del planeta.\" \/>\n<meta property=\"og:url\" content=\"https:\/\/eurecat.org\/es\/editorial-innovar-para-avanzar\/\" \/>\n<meta property=\"og:site_name\" content=\"Eurecat\" \/>\n<meta property=\"article:published_time\" content=\"2020-12-18T14:55:57+00:00\" \/>\n<meta property=\"article:modified_time\" content=\"2021-05-05T14:58:41+00:00\" \/>\n<meta property=\"og:image\" content=\"https:\/\/eurecat.org\/wp-content\/uploads\/2019\/11\/Xavier_Torra_600-X-400.jpg\" \/>\n\t<meta property=\"og:image:width\" content=\"600\" \/>\n\t<meta property=\"og:image:height\" content=\"400\" \/>\n\t<meta property=\"og:image:type\" content=\"image\/jpeg\" \/>\n<meta name=\"author\" content=\"EurecatEG\" \/>\n<meta name=\"twitter:card\" content=\"summary_large_image\" \/>\n<meta name=\"twitter:label1\" content=\"Escrito por\" \/>\n\t<meta name=\"twitter:data1\" content=\"EurecatEG\" \/>\n\t<meta name=\"twitter:label2\" content=\"Tiempo de lectura\" \/>\n\t<meta name=\"twitter:data2\" content=\"2 minutos\" \/>\n<script type=\"application\/ld+json\" class=\"yoast-schema-graph\">{\"@context\":\"https:\\\/\\\/schema.org\",\"@graph\":[{\"@type\":\"Article\",\"@id\":\"https:\\\/\\\/eurecat.org\\\/es\\\/editorial-innovar-para-avanzar\\\/#article\",\"isPartOf\":{\"@id\":\"https:\\\/\\\/eurecat.org\\\/es\\\/editorial-innovar-para-avanzar\\\/\"},\"author\":{\"name\":\"EurecatEG\",\"@id\":\"https:\\\/\\\/eurecat.org\\\/es\\\/#\\\/schema\\\/person\\\/def9217eded50ee57a9dc4cf0c883f80\"},\"headline\":\"Editorial: Innovar para avanzar\",\"datePublished\":\"2020-12-18T14:55:57+00:00\",\"dateModified\":\"2021-05-05T14:58:41+00:00\",\"mainEntityOfPage\":{\"@id\":\"https:\\\/\\\/eurecat.org\\\/es\\\/editorial-innovar-para-avanzar\\\/\"},\"wordCount\":436,\"commentCount\":0,\"image\":{\"@id\":\"https:\\\/\\\/eurecat.org\\\/es\\\/editorial-innovar-para-avanzar\\\/#primaryimage\"},\"thumbnailUrl\":\"https:\\\/\\\/eurecat.org\\\/wp-content\\\/uploads\\\/2019\\\/11\\\/Xavier_Torra_600-X-400.jpg\",\"articleSection\":[\"Blog\",\"Editorial\"],\"inLanguage\":\"es\",\"potentialAction\":[{\"@type\":\"CommentAction\",\"name\":\"Comment\",\"target\":[\"https:\\\/\\\/eurecat.org\\\/es\\\/editorial-innovar-para-avanzar\\\/#respond\"]}]},{\"@type\":\"WebPage\",\"@id\":\"https:\\\/\\\/eurecat.org\\\/es\\\/editorial-innovar-para-avanzar\\\/\",\"url\":\"https:\\\/\\\/eurecat.org\\\/es\\\/editorial-innovar-para-avanzar\\\/\",\"name\":\"innovar\",\"isPartOf\":{\"@id\":\"https:\\\/\\\/eurecat.org\\\/es\\\/#website\"},\"primaryImageOfPage\":{\"@id\":\"https:\\\/\\\/eurecat.org\\\/es\\\/editorial-innovar-para-avanzar\\\/#primaryimage\"},\"image\":{\"@id\":\"https:\\\/\\\/eurecat.org\\\/es\\\/editorial-innovar-para-avanzar\\\/#primaryimage\"},\"thumbnailUrl\":\"https:\\\/\\\/eurecat.org\\\/wp-content\\\/uploads\\\/2019\\\/11\\\/Xavier_Torra_600-X-400.jpg\",\"datePublished\":\"2020-12-18T14:55:57+00:00\",\"dateModified\":\"2021-05-05T14:58:41+00:00\",\"author\":{\"@id\":\"https:\\\/\\\/eurecat.org\\\/es\\\/#\\\/schema\\\/person\\\/def9217eded50ee57a9dc4cf0c883f80\"},\"description\":\"La pandemia de la COVID-19 ha acelerado en pocos meses cambios que se esperaban en un lustro, dibujando un entorno en el que el tejido productivo necesita apuntalar unas nuevas bases que sostengan un crecimiento basado en la generaci\u00f3n de valor a\u00f1adido y en la preservaci\u00f3n del planeta.\",\"breadcrumb\":{\"@id\":\"https:\\\/\\\/eurecat.org\\\/es\\\/editorial-innovar-para-avanzar\\\/#breadcrumb\"},\"inLanguage\":\"es\",\"potentialAction\":[{\"@type\":\"ReadAction\",\"target\":[\"https:\\\/\\\/eurecat.org\\\/es\\\/editorial-innovar-para-avanzar\\\/\"]}]},{\"@type\":\"ImageObject\",\"inLanguage\":\"es\",\"@id\":\"https:\\\/\\\/eurecat.org\\\/es\\\/editorial-innovar-para-avanzar\\\/#primaryimage\",\"url\":\"https:\\\/\\\/eurecat.org\\\/wp-content\\\/uploads\\\/2019\\\/11\\\/Xavier_Torra_600-X-400.jpg\",\"contentUrl\":\"https:\\\/\\\/eurecat.org\\\/wp-content\\\/uploads\\\/2019\\\/11\\\/Xavier_Torra_600-X-400.jpg\",\"width\":600,\"height\":400,\"caption\":\"xavier torra eurecat\"},{\"@type\":\"BreadcrumbList\",\"@id\":\"https:\\\/\\\/eurecat.org\\\/es\\\/editorial-innovar-para-avanzar\\\/#breadcrumb\",\"itemListElement\":[{\"@type\":\"ListItem\",\"position\":1,\"name\":\"Inici\",\"item\":\"https:\\\/\\\/eurecat.org\\\/es\\\/\"},{\"@type\":\"ListItem\",\"position\":2,\"name\":\"Editorial: Innovar para avanzar\"}]},{\"@type\":\"WebSite\",\"@id\":\"https:\\\/\\\/eurecat.org\\\/es\\\/#website\",\"url\":\"https:\\\/\\\/eurecat.org\\\/es\\\/\",\"name\":\"Eurecat\",\"description\":\"Otro sitio realizado con WordPress\",\"potentialAction\":[{\"@type\":\"SearchAction\",\"target\":{\"@type\":\"EntryPoint\",\"urlTemplate\":\"https:\\\/\\\/eurecat.org\\\/es\\\/?s={search_term_string}\"},\"query-input\":{\"@type\":\"PropertyValueSpecification\",\"valueRequired\":true,\"valueName\":\"search_term_string\"}}],\"inLanguage\":\"es\"},{\"@type\":\"Person\",\"@id\":\"https:\\\/\\\/eurecat.org\\\/es\\\/#\\\/schema\\\/person\\\/def9217eded50ee57a9dc4cf0c883f80\",\"name\":\"EurecatEG\",\"image\":{\"@type\":\"ImageObject\",\"inLanguage\":\"es\",\"@id\":\"https:\\\/\\\/secure.gravatar.com\\\/avatar\\\/f40dd9b6ecd3e5c591f3c9b033e495ee0ec9877ba77249fbf268b3889350c824?s=96&d=mm&r=g\",\"url\":\"https:\\\/\\\/secure.gravatar.com\\\/avatar\\\/f40dd9b6ecd3e5c591f3c9b033e495ee0ec9877ba77249fbf268b3889350c824?s=96&d=mm&r=g\",\"contentUrl\":\"https:\\\/\\\/secure.gravatar.com\\\/avatar\\\/f40dd9b6ecd3e5c591f3c9b033e495ee0ec9877ba77249fbf268b3889350c824?s=96&d=mm&r=g\",\"caption\":\"EurecatEG\"}}]}<\/script>\n<!-- \/ Yoast SEO plugin. -->","yoast_head_json":{"title":"innovar","description":"La pandemia de la COVID-19 ha acelerado en pocos meses cambios que se esperaban en un lustro, dibujando un entorno en el que el tejido productivo necesita apuntalar unas nuevas bases que sostengan un crecimiento basado en la generaci\u00f3n de valor a\u00f1adido y en la preservaci\u00f3n del planeta.","robots":{"index":"index","follow":"follow","max-snippet":"max-snippet:-1","max-image-preview":"max-image-preview:large","max-video-preview":"max-video-preview:-1"},"canonical":"https:\/\/eurecat.org\/es\/editorial-innovar-para-avanzar\/","og_locale":"es_ES","og_type":"article","og_title":"innovar","og_description":"La pandemia de la COVID-19 ha acelerado en pocos meses cambios que se esperaban en un lustro, dibujando un entorno en el que el tejido productivo necesita apuntalar unas nuevas bases que sostengan un crecimiento basado en la generaci\u00f3n de valor a\u00f1adido y en la preservaci\u00f3n del planeta.","og_url":"https:\/\/eurecat.org\/es\/editorial-innovar-para-avanzar\/","og_site_name":"Eurecat","article_published_time":"2020-12-18T14:55:57+00:00","article_modified_time":"2021-05-05T14:58:41+00:00","og_image":[{"width":600,"height":400,"url":"https:\/\/eurecat.org\/wp-content\/uploads\/2019\/11\/Xavier_Torra_600-X-400.jpg","type":"image\/jpeg"}],"author":"EurecatEG","twitter_card":"summary_large_image","twitter_misc":{"Escrito por":"EurecatEG","Tiempo de lectura":"2 minutos"},"schema":{"@context":"https:\/\/schema.org","@graph":[{"@type":"Article","@id":"https:\/\/eurecat.org\/es\/editorial-innovar-para-avanzar\/#article","isPartOf":{"@id":"https:\/\/eurecat.org\/es\/editorial-innovar-para-avanzar\/"},"author":{"name":"EurecatEG","@id":"https:\/\/eurecat.org\/es\/#\/schema\/person\/def9217eded50ee57a9dc4cf0c883f80"},"headline":"Editorial: Innovar para avanzar","datePublished":"2020-12-18T14:55:57+00:00","dateModified":"2021-05-05T14:58:41+00:00","mainEntityOfPage":{"@id":"https:\/\/eurecat.org\/es\/editorial-innovar-para-avanzar\/"},"wordCount":436,"commentCount":0,"image":{"@id":"https:\/\/eurecat.org\/es\/editorial-innovar-para-avanzar\/#primaryimage"},"thumbnailUrl":"https:\/\/eurecat.org\/wp-content\/uploads\/2019\/11\/Xavier_Torra_600-X-400.jpg","articleSection":["Blog","Editorial"],"inLanguage":"es","potentialAction":[{"@type":"CommentAction","name":"Comment","target":["https:\/\/eurecat.org\/es\/editorial-innovar-para-avanzar\/#respond"]}]},{"@type":"WebPage","@id":"https:\/\/eurecat.org\/es\/editorial-innovar-para-avanzar\/","url":"https:\/\/eurecat.org\/es\/editorial-innovar-para-avanzar\/","name":"innovar","isPartOf":{"@id":"https:\/\/eurecat.org\/es\/#website"},"primaryImageOfPage":{"@id":"https:\/\/eurecat.org\/es\/editorial-innovar-para-avanzar\/#primaryimage"},"image":{"@id":"https:\/\/eurecat.org\/es\/editorial-innovar-para-avanzar\/#primaryimage"},"thumbnailUrl":"https:\/\/eurecat.org\/wp-content\/uploads\/2019\/11\/Xavier_Torra_600-X-400.jpg","datePublished":"2020-12-18T14:55:57+00:00","dateModified":"2021-05-05T14:58:41+00:00","author":{"@id":"https:\/\/eurecat.org\/es\/#\/schema\/person\/def9217eded50ee57a9dc4cf0c883f80"},"description":"La pandemia de la COVID-19 ha acelerado en pocos meses cambios que se esperaban en un lustro, dibujando un entorno en el que el tejido productivo necesita apuntalar unas nuevas bases que sostengan un crecimiento basado en la generaci\u00f3n de valor a\u00f1adido y en la preservaci\u00f3n del planeta.","breadcrumb":{"@id":"https:\/\/eurecat.org\/es\/editorial-innovar-para-avanzar\/#breadcrumb"},"inLanguage":"es","potentialAction":[{"@type":"ReadAction","target":["https:\/\/eurecat.org\/es\/editorial-innovar-para-avanzar\/"]}]},{"@type":"ImageObject","inLanguage":"es","@id":"https:\/\/eurecat.org\/es\/editorial-innovar-para-avanzar\/#primaryimage","url":"https:\/\/eurecat.org\/wp-content\/uploads\/2019\/11\/Xavier_Torra_600-X-400.jpg","contentUrl":"https:\/\/eurecat.org\/wp-content\/uploads\/2019\/11\/Xavier_Torra_600-X-400.jpg","width":600,"height":400,"caption":"xavier torra eurecat"},{"@type":"BreadcrumbList","@id":"https:\/\/eurecat.org\/es\/editorial-innovar-para-avanzar\/#breadcrumb","itemListElement":[{"@type":"ListItem","position":1,"name":"Inici","item":"https:\/\/eurecat.org\/es\/"},{"@type":"ListItem","position":2,"name":"Editorial: Innovar para avanzar"}]},{"@type":"WebSite","@id":"https:\/\/eurecat.org\/es\/#website","url":"https:\/\/eurecat.org\/es\/","name":"Eurecat","description":"Otro sitio realizado con WordPress","potentialAction":[{"@type":"SearchAction","target":{"@type":"EntryPoint","urlTemplate":"https:\/\/eurecat.org\/es\/?s={search_term_string}"},"query-input":{"@type":"PropertyValueSpecification","valueRequired":true,"valueName":"search_term_string"}}],"inLanguage":"es"},{"@type":"Person","@id":"https:\/\/eurecat.org\/es\/#\/schema\/person\/def9217eded50ee57a9dc4cf0c883f80","name":"EurecatEG","image":{"@type":"ImageObject","inLanguage":"es","@id":"https:\/\/secure.gravatar.com\/avatar\/f40dd9b6ecd3e5c591f3c9b033e495ee0ec9877ba77249fbf268b3889350c824?s=96&d=mm&r=g","url":"https:\/\/secure.gravatar.com\/avatar\/f40dd9b6ecd3e5c591f3c9b033e495ee0ec9877ba77249fbf268b3889350c824?s=96&d=mm&r=g","contentUrl":"https:\/\/secure.gravatar.com\/avatar\/f40dd9b6ecd3e5c591f3c9b033e495ee0ec9877ba77249fbf268b3889350c824?s=96&d=mm&r=g","caption":"EurecatEG"}}]}},"_links":{"self":[{"href":"https:\/\/eurecat.org\/es\/wp-json\/wp\/v2\/posts\/114136","targetHints":{"allow":["GET"]}}],"collection":[{"href":"https:\/\/eurecat.org\/es\/wp-json\/wp\/v2\/posts"}],"about":[{"href":"https:\/\/eurecat.org\/es\/wp-json\/wp\/v2\/types\/post"}],"author":[{"embeddable":true,"href":"https:\/\/eurecat.org\/es\/wp-json\/wp\/v2\/users\/12"}],"replies":[{"embeddable":true,"href":"https:\/\/eurecat.org\/es\/wp-json\/wp\/v2\/comments?post=114136"}],"version-history":[{"count":0,"href":"https:\/\/eurecat.org\/es\/wp-json\/wp\/v2\/posts\/114136\/revisions"}],"wp:featuredmedia":[{"embeddable":true,"href":"https:\/\/eurecat.org\/es\/wp-json\/wp\/v2\/media\/93310"}],"wp:attachment":[{"href":"https:\/\/eurecat.org\/es\/wp-json\/wp\/v2\/media?parent=114136"}],"wp:term":[{"taxonomy":"category","embeddable":true,"href":"https:\/\/eurecat.org\/es\/wp-json\/wp\/v2\/categories?post=114136"},{"taxonomy":"post_tag","embeddable":true,"href":"https:\/\/eurecat.org\/es\/wp-json\/wp\/v2\/tags?post=114136"}],"curies":[{"name":"wp","href":"https:\/\/api.w.org\/{rel}","templated":true}]}}