{"id":114141,"date":"2020-11-24T15:00:10","date_gmt":"2020-11-24T15:00:10","guid":{"rendered":"https:\/\/eurecat.org\/?p=114141"},"modified":"2021-05-05T15:02:37","modified_gmt":"2021-05-05T15:02:37","slug":"editorial-la-hora-de-acelerar-la-transicion-circular","status":"publish","type":"post","link":"https:\/\/eurecat.org\/es\/editorial-la-hora-de-acelerar-la-transicion-circular\/","title":{"rendered":"Editorial: La hora de acelerar la transici\u00f3n circular"},"content":{"rendered":"<p><img decoding=\"async\" class=\"wp-image-99544 size-medium alignleft\" src=\"https:\/\/eurecat.org\/wp-content\/uploads\/2020\/04\/xavier-torra-600-X-400-300x200.jpg\" alt=\"\" width=\"300\" height=\"200\" srcset=\"https:\/\/eurecat.org\/wp-content\/uploads\/2020\/04\/xavier-torra-600-X-400-200x133.jpg 200w, https:\/\/eurecat.org\/wp-content\/uploads\/2020\/04\/xavier-torra-600-X-400-300x200.jpg 300w, https:\/\/eurecat.org\/wp-content\/uploads\/2020\/04\/xavier-torra-600-X-400-400x267.jpg 400w, https:\/\/eurecat.org\/wp-content\/uploads\/2020\/04\/xavier-torra-600-X-400.jpg 600w\" sizes=\"(max-width: 300px) 100vw, 300px\" \/><\/p>\n<p>La <strong>circularidad de los recursos<\/strong> para conservar el m\u00e1ximo valor a lo largo de todo su ciclo de vida <strong>es una gran oportunidad para poner la innovaci\u00f3n tecnol\u00f3gica al servicio del desarrollo de cadenas de producci\u00f3n y de consumo m\u00e1s sostenibles<\/strong>. Con la innovaci\u00f3n, contribuiremos a la escalabilidad de las tecnolog\u00edas y al efecto multiplicador de los cambios que implica la <strong>econom\u00eda verde<\/strong>.<\/p>\n<p>As\u00ed ha quedado de manifiesto en la jornada virtual <strong>A Taste of Circular Economy Hotspot Catalonia<\/strong>, celebrada hace unos d\u00edas como previa a la celebraci\u00f3n del Circular Economy Hotspot, el principal evento sobre econom\u00eda circular en el \u00e1mbito europeo que el a\u00f1o 2021 tendr\u00e1 lugar en Barcelona, \u200b\u200bdonde hemos tenido la ocasi\u00f3n de compartir perspectivas muy inspiradoras y estimulantes, que tienen m\u00e1s sentido que nunca dado el escenario actual marcado por el impacto de la COVID-19.<\/p>\n<p>La <strong>creaci\u00f3n de una econom\u00eda circular y la revoluci\u00f3n digital son dos transiciones claves a nivel europeo y mundial<\/strong> y que tienen el poder de transformar nuestra econom\u00eda y sociedad. Por ello, <strong>desde Eurecat vemos las tecnolog\u00edas verdes y la digitalizaci\u00f3n como los principales facilitadores de una econom\u00eda circular inteligente<\/strong> en la mayor\u00eda de nuestros proyectos.<\/p>\n<p>Dada la inexistencia de grandes recursos naturales en el territorio, este enfoque es estrat\u00e9gico en el caso de Catalu\u00f1a y explica el peso que han tenido siempre el emprendimiento, la innovaci\u00f3n creativa y las conexiones con otros pa\u00edses. En paralelo, el \u00e1rea mediterr\u00e1nea es una de las regiones m\u00e1s vulnerables del mundo a los impactos del calentamiento global, por lo que el impulso de la econom\u00eda verde est\u00e1 m\u00e1s que justificado ya que contribuye a mitigar la emisi\u00f3n de gases de efecto invernadero.<\/p>\n<p>La<strong> diversificaci\u00f3n de la econom\u00eda catalana hace que las tecnolog\u00edas disruptivas de Eurecat sean susceptibles de aplicarse a un amplio abanico de sectores empresariales<\/strong>, donde vemos un escenario excelente para la simbiosis industrial y el desarrollo de la econom\u00eda circular , as\u00ed como para la transferencia de tecnolog\u00eda entre sectores y la implementaci\u00f3n de cadenas de suministro sostenibles.<\/p>\n<p>Tenemos ejemplos de proyectos de \u00e9xito en \u00e1mbitos que van desde el procesamiento de residuos, el agua y la energ\u00eda, la miner\u00eda, la qu\u00edmica y los pl\u00e1sticos hasta el textil, la construcci\u00f3n, el agroalimentario, la movilidad y la fabricaci\u00f3n, entre otros. A partir de estas experiencias, hemos comprobado que nuestra perspectiva hol\u00edstica y las capacidades multi-tecnol\u00f3gicas que aglutinamos, junto con el Life Cycle Thinking, ayudan a nuestros clientes a llegar a los nuevos mercados de la econom\u00eda circular. En este respecto, hemos constatado que los avances en una tecnolog\u00eda favorecen el progreso en otros, en el sentido de que las tecnolog\u00edas disruptivas son interdependientes, interconectadas y se refuerzan mutuamente.<\/p>\n<p>Desde esta \u00f3ptica, estamos convencidos tambi\u00e9n que <strong>el conocimiento de la econom\u00eda circular debe incorporarse a la formaci\u00f3n acad\u00e9mica y profesional<\/strong>, porque la transici\u00f3n s\u00f3lo ser\u00e1 posible si las empresas pueden contratar profesionales que tengan el conocimiento tecnol\u00f3gico y econ\u00f3mico para dise\u00f1ar e implementar nuevos modelos de negocio. Encontrar\u00e9is un ejemplo interesante en este mismo newsletter, donde tambi\u00e9n os acercamos iniciativas punteras relacionadas con la aplicaci\u00f3n de soluciones avanzadas para mejorar productos y procesos en las \u00e1reas industrial, digital y biotecnol\u00f3gica. \u00a1Esperamos que os gusten!<\/p>\n<p><strong>Xavier Torra<br \/>\n<\/strong><strong>Presidente de Eurecat, Centro Tecnol\u00f3gico de Catalu\u00f1a<\/strong><\/p>\n","protected":false},"excerpt":{"rendered":"<p>La circularidad de los recursos para conservar el m\u00e1ximo valor a lo largo de todo su ciclo de vida es una gran oportunidad para poner la innovaci\u00f3n tecnol\u00f3gica al servicio del desarrollo de cadenas de producci\u00f3n y de consumo m\u00e1s sostenibles. Con la innovaci\u00f3n, contribuiremos a la escalabilidad de las tecnolog\u00edas y al efecto multiplicador  [&#8230;]<\/p>\n","protected":false},"author":12,"featured_media":99546,"comment_status":"open","ping_status":"closed","sticky":false,"template":"","format":"standard","meta":{"footnotes":""},"categories":[133,2217],"tags":[],"class_list":["post-114141","post","type-post","status-publish","format-standard","has-post-thumbnail","hentry","category-blog","category-editorial"],"yoast_head":"<!-- This site is optimized with the Yoast SEO plugin v27.5 - https:\/\/yoast.com\/product\/yoast-seo-wordpress\/ -->\n<title>Editorial: La hora de acelerar la transici\u00f3n circular - Eurecat<\/title>\n<meta name=\"description\" content=\"La circularidad de los recursos para conservar el m\u00e1ximo valor a lo largo de todo su ciclo de vida es una gran oportunidad para poner la innovaci\u00f3n tecnol\u00f3gica al servicio del desarrollo de cadenas de producci\u00f3n y de consumo m\u00e1s sostenibles.\" \/>\n<meta name=\"robots\" content=\"index, follow, max-snippet:-1, max-image-preview:large, max-video-preview:-1\" \/>\n<link rel=\"canonical\" href=\"https:\/\/eurecat.org\/es\/editorial-la-hora-de-acelerar-la-transicion-circular\/\" \/>\n<meta property=\"og:locale\" content=\"es_ES\" \/>\n<meta property=\"og:type\" content=\"article\" \/>\n<meta property=\"og:title\" content=\"Editorial: La hora de acelerar la transici\u00f3n circular - Eurecat\" \/>\n<meta property=\"og:description\" content=\"La circularidad de los recursos para conservar el m\u00e1ximo valor a lo largo de todo su ciclo de vida es una gran oportunidad para poner la innovaci\u00f3n tecnol\u00f3gica al servicio del desarrollo de cadenas de producci\u00f3n y de consumo m\u00e1s sostenibles.\" \/>\n<meta property=\"og:url\" content=\"https:\/\/eurecat.org\/es\/editorial-la-hora-de-acelerar-la-transicion-circular\/\" \/>\n<meta property=\"og:site_name\" content=\"Eurecat\" \/>\n<meta property=\"article:published_time\" content=\"2020-11-24T15:00:10+00:00\" \/>\n<meta property=\"article:modified_time\" content=\"2021-05-05T15:02:37+00:00\" \/>\n<meta property=\"og:image\" content=\"https:\/\/eurecat.org\/wp-content\/uploads\/2020\/04\/xavier-torra-600-X-400.jpg\" \/>\n\t<meta property=\"og:image:width\" content=\"600\" \/>\n\t<meta property=\"og:image:height\" content=\"400\" \/>\n\t<meta property=\"og:image:type\" content=\"image\/jpeg\" \/>\n<meta name=\"author\" content=\"EurecatEG\" \/>\n<meta name=\"twitter:card\" content=\"summary_large_image\" \/>\n<meta name=\"twitter:label1\" content=\"Escrito por\" \/>\n\t<meta name=\"twitter:data1\" content=\"EurecatEG\" \/>\n\t<meta name=\"twitter:label2\" content=\"Tiempo de lectura\" \/>\n\t<meta name=\"twitter:data2\" content=\"3 minutos\" \/>\n<script type=\"application\/ld+json\" class=\"yoast-schema-graph\">{\"@context\":\"https:\\\/\\\/schema.org\",\"@graph\":[{\"@type\":\"Article\",\"@id\":\"https:\\\/\\\/eurecat.org\\\/es\\\/editorial-la-hora-de-acelerar-la-transicion-circular\\\/#article\",\"isPartOf\":{\"@id\":\"https:\\\/\\\/eurecat.org\\\/es\\\/editorial-la-hora-de-acelerar-la-transicion-circular\\\/\"},\"author\":{\"name\":\"EurecatEG\",\"@id\":\"https:\\\/\\\/eurecat.org\\\/es\\\/#\\\/schema\\\/person\\\/def9217eded50ee57a9dc4cf0c883f80\"},\"headline\":\"Editorial: La hora de acelerar la transici\u00f3n circular\",\"datePublished\":\"2020-11-24T15:00:10+00:00\",\"dateModified\":\"2021-05-05T15:02:37+00:00\",\"mainEntityOfPage\":{\"@id\":\"https:\\\/\\\/eurecat.org\\\/es\\\/editorial-la-hora-de-acelerar-la-transicion-circular\\\/\"},\"wordCount\":609,\"commentCount\":0,\"image\":{\"@id\":\"https:\\\/\\\/eurecat.org\\\/es\\\/editorial-la-hora-de-acelerar-la-transicion-circular\\\/#primaryimage\"},\"thumbnailUrl\":\"https:\\\/\\\/eurecat.org\\\/wp-content\\\/uploads\\\/2020\\\/04\\\/xavier-torra-600-X-400.jpg\",\"articleSection\":[\"Blog\",\"Editorial\"],\"inLanguage\":\"es\",\"potentialAction\":[{\"@type\":\"CommentAction\",\"name\":\"Comment\",\"target\":[\"https:\\\/\\\/eurecat.org\\\/es\\\/editorial-la-hora-de-acelerar-la-transicion-circular\\\/#respond\"]}]},{\"@type\":\"WebPage\",\"@id\":\"https:\\\/\\\/eurecat.org\\\/es\\\/editorial-la-hora-de-acelerar-la-transicion-circular\\\/\",\"url\":\"https:\\\/\\\/eurecat.org\\\/es\\\/editorial-la-hora-de-acelerar-la-transicion-circular\\\/\",\"name\":\"Editorial: La hora de acelerar la transici\u00f3n circular - Eurecat\",\"isPartOf\":{\"@id\":\"https:\\\/\\\/eurecat.org\\\/es\\\/#website\"},\"primaryImageOfPage\":{\"@id\":\"https:\\\/\\\/eurecat.org\\\/es\\\/editorial-la-hora-de-acelerar-la-transicion-circular\\\/#primaryimage\"},\"image\":{\"@id\":\"https:\\\/\\\/eurecat.org\\\/es\\\/editorial-la-hora-de-acelerar-la-transicion-circular\\\/#primaryimage\"},\"thumbnailUrl\":\"https:\\\/\\\/eurecat.org\\\/wp-content\\\/uploads\\\/2020\\\/04\\\/xavier-torra-600-X-400.jpg\",\"datePublished\":\"2020-11-24T15:00:10+00:00\",\"dateModified\":\"2021-05-05T15:02:37+00:00\",\"author\":{\"@id\":\"https:\\\/\\\/eurecat.org\\\/es\\\/#\\\/schema\\\/person\\\/def9217eded50ee57a9dc4cf0c883f80\"},\"description\":\"La circularidad de los recursos para conservar el m\u00e1ximo valor a lo largo de todo su ciclo de vida es una gran oportunidad para poner la innovaci\u00f3n tecnol\u00f3gica al servicio del desarrollo de cadenas de producci\u00f3n y de consumo m\u00e1s sostenibles.\",\"breadcrumb\":{\"@id\":\"https:\\\/\\\/eurecat.org\\\/es\\\/editorial-la-hora-de-acelerar-la-transicion-circular\\\/#breadcrumb\"},\"inLanguage\":\"es\",\"potentialAction\":[{\"@type\":\"ReadAction\",\"target\":[\"https:\\\/\\\/eurecat.org\\\/es\\\/editorial-la-hora-de-acelerar-la-transicion-circular\\\/\"]}]},{\"@type\":\"ImageObject\",\"inLanguage\":\"es\",\"@id\":\"https:\\\/\\\/eurecat.org\\\/es\\\/editorial-la-hora-de-acelerar-la-transicion-circular\\\/#primaryimage\",\"url\":\"https:\\\/\\\/eurecat.org\\\/wp-content\\\/uploads\\\/2020\\\/04\\\/xavier-torra-600-X-400.jpg\",\"contentUrl\":\"https:\\\/\\\/eurecat.org\\\/wp-content\\\/uploads\\\/2020\\\/04\\\/xavier-torra-600-X-400.jpg\",\"width\":600,\"height\":400},{\"@type\":\"BreadcrumbList\",\"@id\":\"https:\\\/\\\/eurecat.org\\\/es\\\/editorial-la-hora-de-acelerar-la-transicion-circular\\\/#breadcrumb\",\"itemListElement\":[{\"@type\":\"ListItem\",\"position\":1,\"name\":\"Inici\",\"item\":\"https:\\\/\\\/eurecat.org\\\/es\\\/\"},{\"@type\":\"ListItem\",\"position\":2,\"name\":\"Editorial: La hora de acelerar la transici\u00f3n circular\"}]},{\"@type\":\"WebSite\",\"@id\":\"https:\\\/\\\/eurecat.org\\\/es\\\/#website\",\"url\":\"https:\\\/\\\/eurecat.org\\\/es\\\/\",\"name\":\"Eurecat\",\"description\":\"Otro sitio realizado con WordPress\",\"potentialAction\":[{\"@type\":\"SearchAction\",\"target\":{\"@type\":\"EntryPoint\",\"urlTemplate\":\"https:\\\/\\\/eurecat.org\\\/es\\\/?s={search_term_string}\"},\"query-input\":{\"@type\":\"PropertyValueSpecification\",\"valueRequired\":true,\"valueName\":\"search_term_string\"}}],\"inLanguage\":\"es\"},{\"@type\":\"Person\",\"@id\":\"https:\\\/\\\/eurecat.org\\\/es\\\/#\\\/schema\\\/person\\\/def9217eded50ee57a9dc4cf0c883f80\",\"name\":\"EurecatEG\",\"image\":{\"@type\":\"ImageObject\",\"inLanguage\":\"es\",\"@id\":\"https:\\\/\\\/secure.gravatar.com\\\/avatar\\\/f40dd9b6ecd3e5c591f3c9b033e495ee0ec9877ba77249fbf268b3889350c824?s=96&d=mm&r=g\",\"url\":\"https:\\\/\\\/secure.gravatar.com\\\/avatar\\\/f40dd9b6ecd3e5c591f3c9b033e495ee0ec9877ba77249fbf268b3889350c824?s=96&d=mm&r=g\",\"contentUrl\":\"https:\\\/\\\/secure.gravatar.com\\\/avatar\\\/f40dd9b6ecd3e5c591f3c9b033e495ee0ec9877ba77249fbf268b3889350c824?s=96&d=mm&r=g\",\"caption\":\"EurecatEG\"}}]}<\/script>\n<!-- \/ Yoast SEO plugin. -->","yoast_head_json":{"title":"Editorial: La hora de acelerar la transici\u00f3n circular - Eurecat","description":"La circularidad de los recursos para conservar el m\u00e1ximo valor a lo largo de todo su ciclo de vida es una gran oportunidad para poner la innovaci\u00f3n tecnol\u00f3gica al servicio del desarrollo de cadenas de producci\u00f3n y de consumo m\u00e1s sostenibles.","robots":{"index":"index","follow":"follow","max-snippet":"max-snippet:-1","max-image-preview":"max-image-preview:large","max-video-preview":"max-video-preview:-1"},"canonical":"https:\/\/eurecat.org\/es\/editorial-la-hora-de-acelerar-la-transicion-circular\/","og_locale":"es_ES","og_type":"article","og_title":"Editorial: La hora de acelerar la transici\u00f3n circular - Eurecat","og_description":"La circularidad de los recursos para conservar el m\u00e1ximo valor a lo largo de todo su ciclo de vida es una gran oportunidad para poner la innovaci\u00f3n tecnol\u00f3gica al servicio del desarrollo de cadenas de producci\u00f3n y de consumo m\u00e1s sostenibles.","og_url":"https:\/\/eurecat.org\/es\/editorial-la-hora-de-acelerar-la-transicion-circular\/","og_site_name":"Eurecat","article_published_time":"2020-11-24T15:00:10+00:00","article_modified_time":"2021-05-05T15:02:37+00:00","og_image":[{"width":600,"height":400,"url":"https:\/\/eurecat.org\/wp-content\/uploads\/2020\/04\/xavier-torra-600-X-400.jpg","type":"image\/jpeg"}],"author":"EurecatEG","twitter_card":"summary_large_image","twitter_misc":{"Escrito por":"EurecatEG","Tiempo de lectura":"3 minutos"},"schema":{"@context":"https:\/\/schema.org","@graph":[{"@type":"Article","@id":"https:\/\/eurecat.org\/es\/editorial-la-hora-de-acelerar-la-transicion-circular\/#article","isPartOf":{"@id":"https:\/\/eurecat.org\/es\/editorial-la-hora-de-acelerar-la-transicion-circular\/"},"author":{"name":"EurecatEG","@id":"https:\/\/eurecat.org\/es\/#\/schema\/person\/def9217eded50ee57a9dc4cf0c883f80"},"headline":"Editorial: La hora de acelerar la transici\u00f3n circular","datePublished":"2020-11-24T15:00:10+00:00","dateModified":"2021-05-05T15:02:37+00:00","mainEntityOfPage":{"@id":"https:\/\/eurecat.org\/es\/editorial-la-hora-de-acelerar-la-transicion-circular\/"},"wordCount":609,"commentCount":0,"image":{"@id":"https:\/\/eurecat.org\/es\/editorial-la-hora-de-acelerar-la-transicion-circular\/#primaryimage"},"thumbnailUrl":"https:\/\/eurecat.org\/wp-content\/uploads\/2020\/04\/xavier-torra-600-X-400.jpg","articleSection":["Blog","Editorial"],"inLanguage":"es","potentialAction":[{"@type":"CommentAction","name":"Comment","target":["https:\/\/eurecat.org\/es\/editorial-la-hora-de-acelerar-la-transicion-circular\/#respond"]}]},{"@type":"WebPage","@id":"https:\/\/eurecat.org\/es\/editorial-la-hora-de-acelerar-la-transicion-circular\/","url":"https:\/\/eurecat.org\/es\/editorial-la-hora-de-acelerar-la-transicion-circular\/","name":"Editorial: La hora de acelerar la transici\u00f3n circular - Eurecat","isPartOf":{"@id":"https:\/\/eurecat.org\/es\/#website"},"primaryImageOfPage":{"@id":"https:\/\/eurecat.org\/es\/editorial-la-hora-de-acelerar-la-transicion-circular\/#primaryimage"},"image":{"@id":"https:\/\/eurecat.org\/es\/editorial-la-hora-de-acelerar-la-transicion-circular\/#primaryimage"},"thumbnailUrl":"https:\/\/eurecat.org\/wp-content\/uploads\/2020\/04\/xavier-torra-600-X-400.jpg","datePublished":"2020-11-24T15:00:10+00:00","dateModified":"2021-05-05T15:02:37+00:00","author":{"@id":"https:\/\/eurecat.org\/es\/#\/schema\/person\/def9217eded50ee57a9dc4cf0c883f80"},"description":"La circularidad de los recursos para conservar el m\u00e1ximo valor a lo largo de todo su ciclo de vida es una gran oportunidad para poner la innovaci\u00f3n tecnol\u00f3gica al servicio del desarrollo de cadenas de producci\u00f3n y de consumo m\u00e1s sostenibles.","breadcrumb":{"@id":"https:\/\/eurecat.org\/es\/editorial-la-hora-de-acelerar-la-transicion-circular\/#breadcrumb"},"inLanguage":"es","potentialAction":[{"@type":"ReadAction","target":["https:\/\/eurecat.org\/es\/editorial-la-hora-de-acelerar-la-transicion-circular\/"]}]},{"@type":"ImageObject","inLanguage":"es","@id":"https:\/\/eurecat.org\/es\/editorial-la-hora-de-acelerar-la-transicion-circular\/#primaryimage","url":"https:\/\/eurecat.org\/wp-content\/uploads\/2020\/04\/xavier-torra-600-X-400.jpg","contentUrl":"https:\/\/eurecat.org\/wp-content\/uploads\/2020\/04\/xavier-torra-600-X-400.jpg","width":600,"height":400},{"@type":"BreadcrumbList","@id":"https:\/\/eurecat.org\/es\/editorial-la-hora-de-acelerar-la-transicion-circular\/#breadcrumb","itemListElement":[{"@type":"ListItem","position":1,"name":"Inici","item":"https:\/\/eurecat.org\/es\/"},{"@type":"ListItem","position":2,"name":"Editorial: La hora de acelerar la transici\u00f3n circular"}]},{"@type":"WebSite","@id":"https:\/\/eurecat.org\/es\/#website","url":"https:\/\/eurecat.org\/es\/","name":"Eurecat","description":"Otro sitio realizado con WordPress","potentialAction":[{"@type":"SearchAction","target":{"@type":"EntryPoint","urlTemplate":"https:\/\/eurecat.org\/es\/?s={search_term_string}"},"query-input":{"@type":"PropertyValueSpecification","valueRequired":true,"valueName":"search_term_string"}}],"inLanguage":"es"},{"@type":"Person","@id":"https:\/\/eurecat.org\/es\/#\/schema\/person\/def9217eded50ee57a9dc4cf0c883f80","name":"EurecatEG","image":{"@type":"ImageObject","inLanguage":"es","@id":"https:\/\/secure.gravatar.com\/avatar\/f40dd9b6ecd3e5c591f3c9b033e495ee0ec9877ba77249fbf268b3889350c824?s=96&d=mm&r=g","url":"https:\/\/secure.gravatar.com\/avatar\/f40dd9b6ecd3e5c591f3c9b033e495ee0ec9877ba77249fbf268b3889350c824?s=96&d=mm&r=g","contentUrl":"https:\/\/secure.gravatar.com\/avatar\/f40dd9b6ecd3e5c591f3c9b033e495ee0ec9877ba77249fbf268b3889350c824?s=96&d=mm&r=g","caption":"EurecatEG"}}]}},"_links":{"self":[{"href":"https:\/\/eurecat.org\/es\/wp-json\/wp\/v2\/posts\/114141","targetHints":{"allow":["GET"]}}],"collection":[{"href":"https:\/\/eurecat.org\/es\/wp-json\/wp\/v2\/posts"}],"about":[{"href":"https:\/\/eurecat.org\/es\/wp-json\/wp\/v2\/types\/post"}],"author":[{"embeddable":true,"href":"https:\/\/eurecat.org\/es\/wp-json\/wp\/v2\/users\/12"}],"replies":[{"embeddable":true,"href":"https:\/\/eurecat.org\/es\/wp-json\/wp\/v2\/comments?post=114141"}],"version-history":[{"count":0,"href":"https:\/\/eurecat.org\/es\/wp-json\/wp\/v2\/posts\/114141\/revisions"}],"wp:featuredmedia":[{"embeddable":true,"href":"https:\/\/eurecat.org\/es\/wp-json\/wp\/v2\/media\/99546"}],"wp:attachment":[{"href":"https:\/\/eurecat.org\/es\/wp-json\/wp\/v2\/media?parent=114141"}],"wp:term":[{"taxonomy":"category","embeddable":true,"href":"https:\/\/eurecat.org\/es\/wp-json\/wp\/v2\/categories?post=114141"},{"taxonomy":"post_tag","embeddable":true,"href":"https:\/\/eurecat.org\/es\/wp-json\/wp\/v2\/tags?post=114141"}],"curies":[{"name":"wp","href":"https:\/\/api.w.org\/{rel}","templated":true}]}}