{"id":114145,"date":"2020-04-28T15:03:25","date_gmt":"2020-04-28T14:03:25","guid":{"rendered":"https:\/\/eurecat.org\/?p=114145"},"modified":"2021-05-05T15:06:54","modified_gmt":"2021-05-05T15:06:54","slug":"editorial-la-innovacion-tecnologica-clave-para-la-recuperacion","status":"publish","type":"post","link":"https:\/\/eurecat.org\/es\/editorial-la-innovacion-tecnologica-clave-para-la-recuperacion\/","title":{"rendered":"Editorial: La innovaci\u00f3n tecnol\u00f3gica, clave para la recuperaci\u00f3n"},"content":{"rendered":"<p><img decoding=\"async\" class=\"wp-image-99544 size-medium alignleft\" src=\"https:\/\/eurecat.org\/wp-content\/uploads\/2020\/04\/xavier-torra-600-X-400-300x200.jpg\" alt=\"\" width=\"300\" height=\"200\" srcset=\"https:\/\/eurecat.org\/wp-content\/uploads\/2020\/04\/xavier-torra-600-X-400-200x133.jpg 200w, https:\/\/eurecat.org\/wp-content\/uploads\/2020\/04\/xavier-torra-600-X-400-300x200.jpg 300w, https:\/\/eurecat.org\/wp-content\/uploads\/2020\/04\/xavier-torra-600-X-400-400x267.jpg 400w, https:\/\/eurecat.org\/wp-content\/uploads\/2020\/04\/xavier-torra-600-X-400.jpg 600w\" sizes=\"(max-width: 300px) 100vw, 300px\" \/><\/p>\n<p>La innovaci\u00f3n tecnol\u00f3gica ser\u00e1 clave para la recuperaci\u00f3n ante el nuevo paisaje que est\u00e1 dejando la COVID-19, con desaf\u00edos sanitarios, sociales, econ\u00f3micos y empresariales sin precedentes. Por ello, combinando un intenso teletrabajo con actuaciones presenciales cuando han sido necesarias, especialmente en nuestros laboratorios, hemos continuado desde el primer minuto con nuestra actividad, siempre cumpliendo con todos los requerimientos de prevenci\u00f3n. Toda esta preparaci\u00f3n nos permite ofrecer servicios y aportar valor, tanto a las pymes como a las grandes compa\u00f1\u00edas, para que puedan afrontar con \u00e9xito la nueva realidad que viene. Nuestras capacidades, experiencia e infraestructuras est\u00e1n, por tanto, plenamente operativas y a disposici\u00f3n de las empresas en todo momento, para poder resolver los interrogantes y hacer propuestas innovadoras desde una perspectiva hol\u00edstica y multitecnol\u00f3gica, con el objetivo de ayudar a convertir los retos derivados de esta crisis en oportunidades.<\/p>\n<p>Estas semanas de confinamiento, hemos puesto nuestro equipo e instalaciones al servicio del desarrollo de soluciones innovadoras para sumar a la hora de combatir las urgencias derivadas del coronavirus, tanto con las autoridades sanitarias como con empresas de diferentes sectores. Un ejemplo es el ensayo con \u00e9xito en nuestros laboratorios de Manresa del funcionamiento del sistema que ha desarrollado la empresa E. Vila Projects, para la desinfecci\u00f3n de las mascarillas quir\u00fargicas FFP2 y FFP3, que son las que ofrecen el nivel m\u00e1s alto de protecci\u00f3n contra la COVID-19, mediante tecnolog\u00eda de radiaci\u00f3n infrarroja y ultravioleta, con un alto potencial de aplicaci\u00f3n en muchos sectores y actividades.<\/p>\n<p>Con el Hospital de Sant Pau, Nissan y QEV Tecnologies, hemos desarrollado el respirador Q-VENT, a partir de un dise\u00f1o pensado para ayudar al abastecimiento de pa\u00edses con falta de estos equipos en todo el mundo. Y con el Parc Sanitari Sant Joan de D\u00e9u de Sant Boi hemos implementado la herramienta de telemonitorizaci\u00f3n ekenku, para hacer el seguimiento de las plazas del programa de los hogares con apoyo de salud mental gestionadas por la instituci\u00f3n sanitaria.<\/p>\n<p>Tambi\u00e9n participamos en el Programa Orfeu de la Generalidad de Catalu\u00f1a para la detecci\u00f3n masiva de la COVID-19, con la t\u00e9cnica de PCR, con el objetivo de complementar la capacidad del sistema de salud de disponer de tests diagn\u00f3stico del coronavirus, mediante el centro de Ciencias \u00d3micas y la unidad de Nutrici\u00f3n y Salud.<\/p>\n<p>En paralelo, nuestros t\u00e9cnicos han tomado parte en la redacci\u00f3n de la Especificaci\u00f3n de la norma UNE 0065 de la Asociaci\u00f3n Espa\u00f1ola de Normalizaci\u00f3n, que establece los requisitos m\u00ednimos que deben cumplir las mascarillas higi\u00e9nicas reutilizables para ni\u00f1os y adultos, as\u00ed como de las Especificaciones UNE 0064-1 y UNE 0064-2, que fijan los requisitos de las mascarillas higi\u00e9nicas desechables para adultos y ni\u00f1os, respectivamente.<\/p>\n<p>En Chile, donde acabamos de abrir nuestra primera sede internacional, llevaremos a cabo el proyecto FreeBreath, junto con la empresa Comberplast, para el desarrollo de una mascarilla de protecci\u00f3n individual de material pl\u00e1stico reutilizable y esterilizable con filtros intercambiables para lograr diferentes grados de protecci\u00f3n frente al coronavirus.<\/p>\n<p>Estos avances, junto con los que os anticip\u00e1bamos en la anterior newsletter, como los cinturones fetales desechables para evitar contagios en mujeres embarazadas o la validaci\u00f3n de mascarillas para garantizar su eficacia contra la COVID-19, se apoyan en nuestro conocimiento en el campo de los materiales y desarrollo de dispositivos, en el tratamiento de datos, Inteligencia Artificial y en desarrollo de plataformas de eHealth, as\u00ed como en el \u00e1mbito de la biotecnolog\u00eda y en la formaci\u00f3n del talento, entre otras pericias. Una de ellas es la telemedicina, una disciplina que dar\u00e1 un gran salto adelante en mucho en poco tiempo, tal como lo explica el director de eHealth de Eurecat en la entrevista de este mes.<\/p>\n<p>Seguro que iremos sumando muchas iniciativas inspiradoras y disruptivas, junto con el tejido productivo, que nos permitir\u00e1n ir avanzando en esta transici\u00f3n hacia la nueva normalidad que estamos iniciando y donde la innovaci\u00f3n tecnol\u00f3gica ser\u00e1 una aliada para transformar los desaf\u00edos en nuevos horizontes.<\/p>\n<p><strong>Xavier Torra<br \/>\n<\/strong><strong>Presidente de Eurecat, Centro Tecnol\u00f3gico de Catalu\u00f1a<\/strong><\/p>\n","protected":false},"excerpt":{"rendered":"<p>La innovaci\u00f3n tecnol\u00f3gica ser\u00e1 clave para la recuperaci\u00f3n ante el nuevo paisaje que est\u00e1 dejando la COVID-19, con desaf\u00edos sanitarios, sociales, econ\u00f3micos y empresariales sin precedentes. Por ello, combinando un intenso teletrabajo con actuaciones presenciales cuando han sido necesarias, especialmente en nuestros laboratorios, hemos continuado desde el primer minuto con nuestra actividad, siempre cumpliendo con  [&#8230;]<\/p>\n","protected":false},"author":12,"featured_media":99546,"comment_status":"open","ping_status":"closed","sticky":false,"template":"","format":"standard","meta":{"footnotes":""},"categories":[133,2217],"tags":[],"class_list":["post-114145","post","type-post","status-publish","format-standard","has-post-thumbnail","hentry","category-blog","category-editorial"],"yoast_head":"<!-- This site is optimized with the Yoast SEO plugin v27.5 - https:\/\/yoast.com\/product\/yoast-seo-wordpress\/ -->\n<title>Editorial: La innovaci\u00f3n tecnol\u00f3gica, clave para la recuperaci\u00f3n - Eurecat<\/title>\n<meta name=\"description\" content=\"La innovaci\u00f3n tecnol\u00f3gica ser\u00e1 clave para la recuperaci\u00f3n ante el nuevo paisaje que est\u00e1 dejando la Covid-19, con desaf\u00edos sanitarios, sociales, econ\u00f3micos y empresariales sin precedentes.\" \/>\n<meta name=\"robots\" content=\"index, follow, max-snippet:-1, max-image-preview:large, max-video-preview:-1\" \/>\n<link rel=\"canonical\" href=\"https:\/\/eurecat.org\/es\/editorial-la-innovacion-tecnologica-clave-para-la-recuperacion\/\" \/>\n<meta property=\"og:locale\" content=\"es_ES\" \/>\n<meta property=\"og:type\" content=\"article\" \/>\n<meta property=\"og:title\" content=\"Editorial: La innovaci\u00f3n tecnol\u00f3gica, clave para la recuperaci\u00f3n - Eurecat\" \/>\n<meta property=\"og:description\" content=\"La innovaci\u00f3n tecnol\u00f3gica ser\u00e1 clave para la recuperaci\u00f3n ante el nuevo paisaje que est\u00e1 dejando la Covid-19, con desaf\u00edos sanitarios, sociales, econ\u00f3micos y empresariales sin precedentes.\" \/>\n<meta property=\"og:url\" content=\"https:\/\/eurecat.org\/es\/editorial-la-innovacion-tecnologica-clave-para-la-recuperacion\/\" \/>\n<meta property=\"og:site_name\" content=\"Eurecat\" \/>\n<meta property=\"article:published_time\" content=\"2020-04-28T14:03:25+00:00\" \/>\n<meta property=\"article:modified_time\" content=\"2021-05-05T15:06:54+00:00\" \/>\n<meta property=\"og:image\" content=\"https:\/\/eurecat.org\/wp-content\/uploads\/2020\/04\/xavier-torra-600-X-400.jpg\" \/>\n\t<meta property=\"og:image:width\" content=\"600\" \/>\n\t<meta property=\"og:image:height\" content=\"400\" \/>\n\t<meta property=\"og:image:type\" content=\"image\/jpeg\" \/>\n<meta name=\"author\" content=\"EurecatEG\" \/>\n<meta name=\"twitter:card\" content=\"summary_large_image\" \/>\n<meta name=\"twitter:label1\" content=\"Escrito por\" \/>\n\t<meta name=\"twitter:data1\" content=\"EurecatEG\" \/>\n\t<meta name=\"twitter:label2\" content=\"Tiempo de lectura\" \/>\n\t<meta name=\"twitter:data2\" content=\"4 minutos\" \/>\n<script type=\"application\/ld+json\" class=\"yoast-schema-graph\">{\"@context\":\"https:\\\/\\\/schema.org\",\"@graph\":[{\"@type\":\"Article\",\"@id\":\"https:\\\/\\\/eurecat.org\\\/es\\\/editorial-la-innovacion-tecnologica-clave-para-la-recuperacion\\\/#article\",\"isPartOf\":{\"@id\":\"https:\\\/\\\/eurecat.org\\\/es\\\/editorial-la-innovacion-tecnologica-clave-para-la-recuperacion\\\/\"},\"author\":{\"name\":\"EurecatEG\",\"@id\":\"https:\\\/\\\/eurecat.org\\\/es\\\/#\\\/schema\\\/person\\\/def9217eded50ee57a9dc4cf0c883f80\"},\"headline\":\"Editorial: La innovaci\u00f3n tecnol\u00f3gica, clave para la recuperaci\u00f3n\",\"datePublished\":\"2020-04-28T14:03:25+00:00\",\"dateModified\":\"2021-05-05T15:06:54+00:00\",\"mainEntityOfPage\":{\"@id\":\"https:\\\/\\\/eurecat.org\\\/es\\\/editorial-la-innovacion-tecnologica-clave-para-la-recuperacion\\\/\"},\"wordCount\":722,\"commentCount\":0,\"image\":{\"@id\":\"https:\\\/\\\/eurecat.org\\\/es\\\/editorial-la-innovacion-tecnologica-clave-para-la-recuperacion\\\/#primaryimage\"},\"thumbnailUrl\":\"https:\\\/\\\/eurecat.org\\\/wp-content\\\/uploads\\\/2020\\\/04\\\/xavier-torra-600-X-400.jpg\",\"articleSection\":[\"Blog\",\"Editorial\"],\"inLanguage\":\"es\",\"potentialAction\":[{\"@type\":\"CommentAction\",\"name\":\"Comment\",\"target\":[\"https:\\\/\\\/eurecat.org\\\/es\\\/editorial-la-innovacion-tecnologica-clave-para-la-recuperacion\\\/#respond\"]}]},{\"@type\":\"WebPage\",\"@id\":\"https:\\\/\\\/eurecat.org\\\/es\\\/editorial-la-innovacion-tecnologica-clave-para-la-recuperacion\\\/\",\"url\":\"https:\\\/\\\/eurecat.org\\\/es\\\/editorial-la-innovacion-tecnologica-clave-para-la-recuperacion\\\/\",\"name\":\"Editorial: La innovaci\u00f3n tecnol\u00f3gica, clave para la recuperaci\u00f3n - Eurecat\",\"isPartOf\":{\"@id\":\"https:\\\/\\\/eurecat.org\\\/es\\\/#website\"},\"primaryImageOfPage\":{\"@id\":\"https:\\\/\\\/eurecat.org\\\/es\\\/editorial-la-innovacion-tecnologica-clave-para-la-recuperacion\\\/#primaryimage\"},\"image\":{\"@id\":\"https:\\\/\\\/eurecat.org\\\/es\\\/editorial-la-innovacion-tecnologica-clave-para-la-recuperacion\\\/#primaryimage\"},\"thumbnailUrl\":\"https:\\\/\\\/eurecat.org\\\/wp-content\\\/uploads\\\/2020\\\/04\\\/xavier-torra-600-X-400.jpg\",\"datePublished\":\"2020-04-28T14:03:25+00:00\",\"dateModified\":\"2021-05-05T15:06:54+00:00\",\"author\":{\"@id\":\"https:\\\/\\\/eurecat.org\\\/es\\\/#\\\/schema\\\/person\\\/def9217eded50ee57a9dc4cf0c883f80\"},\"description\":\"La innovaci\u00f3n tecnol\u00f3gica ser\u00e1 clave para la recuperaci\u00f3n ante el nuevo paisaje que est\u00e1 dejando la Covid-19, con desaf\u00edos sanitarios, sociales, econ\u00f3micos y empresariales sin precedentes.\",\"breadcrumb\":{\"@id\":\"https:\\\/\\\/eurecat.org\\\/es\\\/editorial-la-innovacion-tecnologica-clave-para-la-recuperacion\\\/#breadcrumb\"},\"inLanguage\":\"es\",\"potentialAction\":[{\"@type\":\"ReadAction\",\"target\":[\"https:\\\/\\\/eurecat.org\\\/es\\\/editorial-la-innovacion-tecnologica-clave-para-la-recuperacion\\\/\"]}]},{\"@type\":\"ImageObject\",\"inLanguage\":\"es\",\"@id\":\"https:\\\/\\\/eurecat.org\\\/es\\\/editorial-la-innovacion-tecnologica-clave-para-la-recuperacion\\\/#primaryimage\",\"url\":\"https:\\\/\\\/eurecat.org\\\/wp-content\\\/uploads\\\/2020\\\/04\\\/xavier-torra-600-X-400.jpg\",\"contentUrl\":\"https:\\\/\\\/eurecat.org\\\/wp-content\\\/uploads\\\/2020\\\/04\\\/xavier-torra-600-X-400.jpg\",\"width\":600,\"height\":400},{\"@type\":\"BreadcrumbList\",\"@id\":\"https:\\\/\\\/eurecat.org\\\/es\\\/editorial-la-innovacion-tecnologica-clave-para-la-recuperacion\\\/#breadcrumb\",\"itemListElement\":[{\"@type\":\"ListItem\",\"position\":1,\"name\":\"Inici\",\"item\":\"https:\\\/\\\/eurecat.org\\\/es\\\/\"},{\"@type\":\"ListItem\",\"position\":2,\"name\":\"Editorial: La innovaci\u00f3n tecnol\u00f3gica, clave para la recuperaci\u00f3n\"}]},{\"@type\":\"WebSite\",\"@id\":\"https:\\\/\\\/eurecat.org\\\/es\\\/#website\",\"url\":\"https:\\\/\\\/eurecat.org\\\/es\\\/\",\"name\":\"Eurecat\",\"description\":\"Otro sitio realizado con WordPress\",\"potentialAction\":[{\"@type\":\"SearchAction\",\"target\":{\"@type\":\"EntryPoint\",\"urlTemplate\":\"https:\\\/\\\/eurecat.org\\\/es\\\/?s={search_term_string}\"},\"query-input\":{\"@type\":\"PropertyValueSpecification\",\"valueRequired\":true,\"valueName\":\"search_term_string\"}}],\"inLanguage\":\"es\"},{\"@type\":\"Person\",\"@id\":\"https:\\\/\\\/eurecat.org\\\/es\\\/#\\\/schema\\\/person\\\/def9217eded50ee57a9dc4cf0c883f80\",\"name\":\"EurecatEG\",\"image\":{\"@type\":\"ImageObject\",\"inLanguage\":\"es\",\"@id\":\"https:\\\/\\\/secure.gravatar.com\\\/avatar\\\/f40dd9b6ecd3e5c591f3c9b033e495ee0ec9877ba77249fbf268b3889350c824?s=96&d=mm&r=g\",\"url\":\"https:\\\/\\\/secure.gravatar.com\\\/avatar\\\/f40dd9b6ecd3e5c591f3c9b033e495ee0ec9877ba77249fbf268b3889350c824?s=96&d=mm&r=g\",\"contentUrl\":\"https:\\\/\\\/secure.gravatar.com\\\/avatar\\\/f40dd9b6ecd3e5c591f3c9b033e495ee0ec9877ba77249fbf268b3889350c824?s=96&d=mm&r=g\",\"caption\":\"EurecatEG\"}}]}<\/script>\n<!-- \/ Yoast SEO plugin. -->","yoast_head_json":{"title":"Editorial: La innovaci\u00f3n tecnol\u00f3gica, clave para la recuperaci\u00f3n - Eurecat","description":"La innovaci\u00f3n tecnol\u00f3gica ser\u00e1 clave para la recuperaci\u00f3n ante el nuevo paisaje que est\u00e1 dejando la Covid-19, con desaf\u00edos sanitarios, sociales, econ\u00f3micos y empresariales sin precedentes.","robots":{"index":"index","follow":"follow","max-snippet":"max-snippet:-1","max-image-preview":"max-image-preview:large","max-video-preview":"max-video-preview:-1"},"canonical":"https:\/\/eurecat.org\/es\/editorial-la-innovacion-tecnologica-clave-para-la-recuperacion\/","og_locale":"es_ES","og_type":"article","og_title":"Editorial: La innovaci\u00f3n tecnol\u00f3gica, clave para la recuperaci\u00f3n - Eurecat","og_description":"La innovaci\u00f3n tecnol\u00f3gica ser\u00e1 clave para la recuperaci\u00f3n ante el nuevo paisaje que est\u00e1 dejando la Covid-19, con desaf\u00edos sanitarios, sociales, econ\u00f3micos y empresariales sin precedentes.","og_url":"https:\/\/eurecat.org\/es\/editorial-la-innovacion-tecnologica-clave-para-la-recuperacion\/","og_site_name":"Eurecat","article_published_time":"2020-04-28T14:03:25+00:00","article_modified_time":"2021-05-05T15:06:54+00:00","og_image":[{"width":600,"height":400,"url":"https:\/\/eurecat.org\/wp-content\/uploads\/2020\/04\/xavier-torra-600-X-400.jpg","type":"image\/jpeg"}],"author":"EurecatEG","twitter_card":"summary_large_image","twitter_misc":{"Escrito por":"EurecatEG","Tiempo de lectura":"4 minutos"},"schema":{"@context":"https:\/\/schema.org","@graph":[{"@type":"Article","@id":"https:\/\/eurecat.org\/es\/editorial-la-innovacion-tecnologica-clave-para-la-recuperacion\/#article","isPartOf":{"@id":"https:\/\/eurecat.org\/es\/editorial-la-innovacion-tecnologica-clave-para-la-recuperacion\/"},"author":{"name":"EurecatEG","@id":"https:\/\/eurecat.org\/es\/#\/schema\/person\/def9217eded50ee57a9dc4cf0c883f80"},"headline":"Editorial: La innovaci\u00f3n tecnol\u00f3gica, clave para la recuperaci\u00f3n","datePublished":"2020-04-28T14:03:25+00:00","dateModified":"2021-05-05T15:06:54+00:00","mainEntityOfPage":{"@id":"https:\/\/eurecat.org\/es\/editorial-la-innovacion-tecnologica-clave-para-la-recuperacion\/"},"wordCount":722,"commentCount":0,"image":{"@id":"https:\/\/eurecat.org\/es\/editorial-la-innovacion-tecnologica-clave-para-la-recuperacion\/#primaryimage"},"thumbnailUrl":"https:\/\/eurecat.org\/wp-content\/uploads\/2020\/04\/xavier-torra-600-X-400.jpg","articleSection":["Blog","Editorial"],"inLanguage":"es","potentialAction":[{"@type":"CommentAction","name":"Comment","target":["https:\/\/eurecat.org\/es\/editorial-la-innovacion-tecnologica-clave-para-la-recuperacion\/#respond"]}]},{"@type":"WebPage","@id":"https:\/\/eurecat.org\/es\/editorial-la-innovacion-tecnologica-clave-para-la-recuperacion\/","url":"https:\/\/eurecat.org\/es\/editorial-la-innovacion-tecnologica-clave-para-la-recuperacion\/","name":"Editorial: La innovaci\u00f3n tecnol\u00f3gica, clave para la recuperaci\u00f3n - Eurecat","isPartOf":{"@id":"https:\/\/eurecat.org\/es\/#website"},"primaryImageOfPage":{"@id":"https:\/\/eurecat.org\/es\/editorial-la-innovacion-tecnologica-clave-para-la-recuperacion\/#primaryimage"},"image":{"@id":"https:\/\/eurecat.org\/es\/editorial-la-innovacion-tecnologica-clave-para-la-recuperacion\/#primaryimage"},"thumbnailUrl":"https:\/\/eurecat.org\/wp-content\/uploads\/2020\/04\/xavier-torra-600-X-400.jpg","datePublished":"2020-04-28T14:03:25+00:00","dateModified":"2021-05-05T15:06:54+00:00","author":{"@id":"https:\/\/eurecat.org\/es\/#\/schema\/person\/def9217eded50ee57a9dc4cf0c883f80"},"description":"La innovaci\u00f3n tecnol\u00f3gica ser\u00e1 clave para la recuperaci\u00f3n ante el nuevo paisaje que est\u00e1 dejando la Covid-19, con desaf\u00edos sanitarios, sociales, econ\u00f3micos y empresariales sin precedentes.","breadcrumb":{"@id":"https:\/\/eurecat.org\/es\/editorial-la-innovacion-tecnologica-clave-para-la-recuperacion\/#breadcrumb"},"inLanguage":"es","potentialAction":[{"@type":"ReadAction","target":["https:\/\/eurecat.org\/es\/editorial-la-innovacion-tecnologica-clave-para-la-recuperacion\/"]}]},{"@type":"ImageObject","inLanguage":"es","@id":"https:\/\/eurecat.org\/es\/editorial-la-innovacion-tecnologica-clave-para-la-recuperacion\/#primaryimage","url":"https:\/\/eurecat.org\/wp-content\/uploads\/2020\/04\/xavier-torra-600-X-400.jpg","contentUrl":"https:\/\/eurecat.org\/wp-content\/uploads\/2020\/04\/xavier-torra-600-X-400.jpg","width":600,"height":400},{"@type":"BreadcrumbList","@id":"https:\/\/eurecat.org\/es\/editorial-la-innovacion-tecnologica-clave-para-la-recuperacion\/#breadcrumb","itemListElement":[{"@type":"ListItem","position":1,"name":"Inici","item":"https:\/\/eurecat.org\/es\/"},{"@type":"ListItem","position":2,"name":"Editorial: La innovaci\u00f3n tecnol\u00f3gica, clave para la recuperaci\u00f3n"}]},{"@type":"WebSite","@id":"https:\/\/eurecat.org\/es\/#website","url":"https:\/\/eurecat.org\/es\/","name":"Eurecat","description":"Otro sitio realizado con WordPress","potentialAction":[{"@type":"SearchAction","target":{"@type":"EntryPoint","urlTemplate":"https:\/\/eurecat.org\/es\/?s={search_term_string}"},"query-input":{"@type":"PropertyValueSpecification","valueRequired":true,"valueName":"search_term_string"}}],"inLanguage":"es"},{"@type":"Person","@id":"https:\/\/eurecat.org\/es\/#\/schema\/person\/def9217eded50ee57a9dc4cf0c883f80","name":"EurecatEG","image":{"@type":"ImageObject","inLanguage":"es","@id":"https:\/\/secure.gravatar.com\/avatar\/f40dd9b6ecd3e5c591f3c9b033e495ee0ec9877ba77249fbf268b3889350c824?s=96&d=mm&r=g","url":"https:\/\/secure.gravatar.com\/avatar\/f40dd9b6ecd3e5c591f3c9b033e495ee0ec9877ba77249fbf268b3889350c824?s=96&d=mm&r=g","contentUrl":"https:\/\/secure.gravatar.com\/avatar\/f40dd9b6ecd3e5c591f3c9b033e495ee0ec9877ba77249fbf268b3889350c824?s=96&d=mm&r=g","caption":"EurecatEG"}}]}},"_links":{"self":[{"href":"https:\/\/eurecat.org\/es\/wp-json\/wp\/v2\/posts\/114145","targetHints":{"allow":["GET"]}}],"collection":[{"href":"https:\/\/eurecat.org\/es\/wp-json\/wp\/v2\/posts"}],"about":[{"href":"https:\/\/eurecat.org\/es\/wp-json\/wp\/v2\/types\/post"}],"author":[{"embeddable":true,"href":"https:\/\/eurecat.org\/es\/wp-json\/wp\/v2\/users\/12"}],"replies":[{"embeddable":true,"href":"https:\/\/eurecat.org\/es\/wp-json\/wp\/v2\/comments?post=114145"}],"version-history":[{"count":0,"href":"https:\/\/eurecat.org\/es\/wp-json\/wp\/v2\/posts\/114145\/revisions"}],"wp:featuredmedia":[{"embeddable":true,"href":"https:\/\/eurecat.org\/es\/wp-json\/wp\/v2\/media\/99546"}],"wp:attachment":[{"href":"https:\/\/eurecat.org\/es\/wp-json\/wp\/v2\/media?parent=114145"}],"wp:term":[{"taxonomy":"category","embeddable":true,"href":"https:\/\/eurecat.org\/es\/wp-json\/wp\/v2\/categories?post=114145"},{"taxonomy":"post_tag","embeddable":true,"href":"https:\/\/eurecat.org\/es\/wp-json\/wp\/v2\/tags?post=114145"}],"curies":[{"name":"wp","href":"https:\/\/api.w.org\/{rel}","templated":true}]}}