{"id":114149,"date":"2019-11-27T15:08:24","date_gmt":"2019-11-27T15:08:24","guid":{"rendered":"https:\/\/eurecat.org\/?p=114149"},"modified":"2021-05-05T15:11:28","modified_gmt":"2021-05-05T15:11:28","slug":"editorial-la-plastronica-una-revolucion-de-alto-valor-anadido","status":"publish","type":"post","link":"https:\/\/eurecat.org\/es\/editorial-la-plastronica-una-revolucion-de-alto-valor-anadido\/","title":{"rendered":"La Plastr\u00f3nica, una revoluci\u00f3n de alto valor a\u00f1adido"},"content":{"rendered":"<p><img decoding=\"async\" class=\"wp-image-93308 size-medium alignleft\" src=\"https:\/\/eurecat.org\/wp-content\/uploads\/2019\/11\/Xavier_Torra_600-X-400-300x200.jpg\" alt=\"\" width=\"300\" height=\"200\" srcset=\"https:\/\/eurecat.org\/wp-content\/uploads\/2019\/11\/Xavier_Torra_600-X-400-200x133.jpg 200w, https:\/\/eurecat.org\/wp-content\/uploads\/2019\/11\/Xavier_Torra_600-X-400-300x200.jpg 300w, https:\/\/eurecat.org\/wp-content\/uploads\/2019\/11\/Xavier_Torra_600-X-400-400x267.jpg 400w, https:\/\/eurecat.org\/wp-content\/uploads\/2019\/11\/Xavier_Torra_600-X-400.jpg 600w\" sizes=\"(max-width: 300px) 100vw, 300px\" \/><\/p>\n<p>Eurecat acaba de inaugurar una planta piloto de Plastr\u00f3nica, la primera de estas caracter\u00edsticas a nivel de un centro tecnol\u00f3gico en Europa, donde las empresas podr\u00e1n ensayar y producir nuevos productos mediante esta tecnolog\u00eda emergente que une la electr\u00f3nica y los materiales pl\u00e1sticos para la fabricaci\u00f3n de alto valor a\u00f1adido.<\/p>\n<p>Situada en Cerdanyola del Vall\u00e8s, la planta piloto supone una inversi\u00f3n superior a los 1,5 millones de euros y est\u00e1 previsto que genere puestos de trabajo de muy alta calificaci\u00f3n en los pr\u00f3ximos a\u00f1os. Su creaci\u00f3n es fruto de la integraci\u00f3n de los conocimientos y de la experiencia previa en electr\u00f3nica impresa y en transformaci\u00f3n de pl\u00e1stico, en l\u00ednea con la creciente multiplicaci\u00f3n de las capacidades de Eurecat.<\/p>\n<p>La apuesta por la Plastr\u00f3nica por parte de Eurecat apoya claramente la necesidad cada vez mayor por parte de las empresas en t\u00e9rminos de optimizaci\u00f3n de procesos, nuevas tecnolog\u00edas de transformaci\u00f3n y manufactura, as\u00ed como la obtenci\u00f3n de productos de mayor valor a\u00f1adido que incorporen nuevas funciones y sistemas m\u00e1s complejos, personalizables e inteligentes.<\/p>\n<p>En este sentido, la Plastr\u00f3nica permite desarrollar productos con costes de manufactura inferiores, fabricados en base a multitecnolog\u00eda y multiproceso, dado que integra la electr\u00f3nica y los materiales avanzados. Con esta nueva plataforma, Eurecat facilita a las empresas el ciclo completo de producci\u00f3n, desde la conceptualizaci\u00f3n hasta la industrializaci\u00f3n, con el objetivo de atender los nuevos horizontes que abren la digitalizaci\u00f3n y la industria 4.0.<\/p>\n<p>Desde la perspectiva de la sostenibilidad, los procesos de fabricaci\u00f3n de los componentes electr\u00f3nicos convencionales generan unos residuos que en la impresi\u00f3n electr\u00f3nica no se producen, por lo que la huella de carbono de los procesos comparativamente en peso espec\u00edfico es inferior. Adicionalmente, la Plastr\u00f3nica aporta una considerable reducci\u00f3n de los consumos energ\u00e9ticos, siendo este otro argumento de peso para la competitividad y sostenibilidad de la industria.<\/p>\n<p>En este newsletter os compartimos tambi\u00e9n otros dos ejemplos de innovaci\u00f3n tecnol\u00f3gica altamente diferencial. Por un lado, encontrareis los detalles del Joint Innovation Lab que estamos desarrollando con Nissan, que se traducir\u00e1 en hasta 45 soluciones tecnol\u00f3gicas que incidir\u00e1n en la fuerza de trabajo conectada, el ahorro energ\u00e9tico y la producci\u00f3n flexible y el montaje, la inspecci\u00f3n y el mantenimiento inteligentes, dentro del contexto de la digitalizaci\u00f3n y la industria 4.0. Y encontrareis tambi\u00e9n una investigaci\u00f3n que estamos haciendo con el Grupo Hartmann para la creaci\u00f3n de un nuevo ap\u00f3sito inteligente para monitorizar heridas de la piel a partir de biotintas, con el objetivo de ofrecer un monitoreo continuo de la lesi\u00f3n. Se trata de iniciativas que se inscriben en nuestra aspiraci\u00f3n de dar forma a nuevas soluciones tecnol\u00f3gicas que ayuden a las empresas a avanzar en sus retos y llegar m\u00e1s lejos, una ambici\u00f3n que est\u00e1 detr\u00e1s de otros casos de \u00e9xito que hemos seleccionado en este n\u00famero vinculados a los \u00e1mbitos industrial, digital y biotecnol\u00f3gico.<\/p>\n<p><strong>Xavier Torra<\/strong><\/p>\n<p><strong>Presidente de Eurecat, Centro Tecnol\u00f3gico de Catalu\u00f1a<\/strong><\/p>\n","protected":false},"excerpt":{"rendered":"<p>Eurecat acaba de inaugurar una planta piloto de Plastr\u00f3nica, la primera de estas caracter\u00edsticas a nivel de un centro tecnol\u00f3gico en Europa, donde las empresas podr\u00e1n ensayar y producir nuevos productos mediante esta tecnolog\u00eda emergente que une la electr\u00f3nica y los materiales pl\u00e1sticos para la fabricaci\u00f3n de alto valor a\u00f1adido. Situada en Cerdanyola del Vall\u00e8s,  [&#8230;]<\/p>\n","protected":false},"author":12,"featured_media":93310,"comment_status":"open","ping_status":"closed","sticky":false,"template":"","format":"standard","meta":{"footnotes":""},"categories":[133,2217],"tags":[],"class_list":["post-114149","post","type-post","status-publish","format-standard","has-post-thumbnail","hentry","category-blog","category-editorial"],"yoast_head":"<!-- This site is optimized with the Yoast SEO plugin v27.5 - https:\/\/yoast.com\/product\/yoast-seo-wordpress\/ -->\n<title>La Plastr\u00f3nica, una revoluci\u00f3n de alto valor a\u00f1adido - Eurecat<\/title>\n<meta name=\"description\" content=\"Eurecat acaba de inaugurar una planta piloto de Plastr\u00f3nica, la primera de estas caracter\u00edsticas a nivel de un centro tecnol\u00f3gico en Europa, donde las empresas podr\u00e1n ensayar y producir nuevos productos mediante esta tecnolog\u00eda emergente que une la electr\u00f3nica y los materiales pl\u00e1sticos para la fabricaci\u00f3n de alto valor a\u00f1adido.\" \/>\n<meta name=\"robots\" content=\"index, follow, max-snippet:-1, max-image-preview:large, max-video-preview:-1\" \/>\n<link rel=\"canonical\" href=\"https:\/\/eurecat.org\/es\/editorial-la-plastronica-una-revolucion-de-alto-valor-anadido\/\" \/>\n<meta property=\"og:locale\" content=\"es_ES\" \/>\n<meta property=\"og:type\" content=\"article\" \/>\n<meta property=\"og:title\" content=\"La Plastr\u00f3nica, una revoluci\u00f3n de alto valor a\u00f1adido - Eurecat\" \/>\n<meta property=\"og:description\" content=\"Eurecat acaba de inaugurar una planta piloto de Plastr\u00f3nica, la primera de estas caracter\u00edsticas a nivel de un centro tecnol\u00f3gico en Europa, donde las empresas podr\u00e1n ensayar y producir nuevos productos mediante esta tecnolog\u00eda emergente que une la electr\u00f3nica y los materiales pl\u00e1sticos para la fabricaci\u00f3n de alto valor a\u00f1adido.\" \/>\n<meta property=\"og:url\" content=\"https:\/\/eurecat.org\/es\/editorial-la-plastronica-una-revolucion-de-alto-valor-anadido\/\" \/>\n<meta property=\"og:site_name\" content=\"Eurecat\" \/>\n<meta property=\"article:published_time\" content=\"2019-11-27T15:08:24+00:00\" \/>\n<meta property=\"article:modified_time\" content=\"2021-05-05T15:11:28+00:00\" \/>\n<meta property=\"og:image\" content=\"https:\/\/eurecat.org\/wp-content\/uploads\/2019\/11\/Xavier_Torra_600-X-400.jpg\" \/>\n\t<meta property=\"og:image:width\" content=\"600\" \/>\n\t<meta property=\"og:image:height\" content=\"400\" \/>\n\t<meta property=\"og:image:type\" content=\"image\/jpeg\" \/>\n<meta name=\"author\" content=\"EurecatEG\" \/>\n<meta name=\"twitter:card\" content=\"summary_large_image\" \/>\n<meta name=\"twitter:label1\" content=\"Escrito por\" \/>\n\t<meta name=\"twitter:data1\" content=\"EurecatEG\" \/>\n\t<meta name=\"twitter:label2\" content=\"Tiempo de lectura\" \/>\n\t<meta name=\"twitter:data2\" content=\"3 minutos\" \/>\n<script type=\"application\/ld+json\" class=\"yoast-schema-graph\">{\"@context\":\"https:\\\/\\\/schema.org\",\"@graph\":[{\"@type\":\"Article\",\"@id\":\"https:\\\/\\\/eurecat.org\\\/es\\\/editorial-la-plastronica-una-revolucion-de-alto-valor-anadido\\\/#article\",\"isPartOf\":{\"@id\":\"https:\\\/\\\/eurecat.org\\\/es\\\/editorial-la-plastronica-una-revolucion-de-alto-valor-anadido\\\/\"},\"author\":{\"name\":\"EurecatEG\",\"@id\":\"https:\\\/\\\/eurecat.org\\\/es\\\/#\\\/schema\\\/person\\\/def9217eded50ee57a9dc4cf0c883f80\"},\"headline\":\"La Plastr\u00f3nica, una revoluci\u00f3n de alto valor a\u00f1adido\",\"datePublished\":\"2019-11-27T15:08:24+00:00\",\"dateModified\":\"2021-05-05T15:11:28+00:00\",\"mainEntityOfPage\":{\"@id\":\"https:\\\/\\\/eurecat.org\\\/es\\\/editorial-la-plastronica-una-revolucion-de-alto-valor-anadido\\\/\"},\"wordCount\":554,\"commentCount\":0,\"image\":{\"@id\":\"https:\\\/\\\/eurecat.org\\\/es\\\/editorial-la-plastronica-una-revolucion-de-alto-valor-anadido\\\/#primaryimage\"},\"thumbnailUrl\":\"https:\\\/\\\/eurecat.org\\\/wp-content\\\/uploads\\\/2019\\\/11\\\/Xavier_Torra_600-X-400.jpg\",\"articleSection\":[\"Blog\",\"Editorial\"],\"inLanguage\":\"es\",\"potentialAction\":[{\"@type\":\"CommentAction\",\"name\":\"Comment\",\"target\":[\"https:\\\/\\\/eurecat.org\\\/es\\\/editorial-la-plastronica-una-revolucion-de-alto-valor-anadido\\\/#respond\"]}]},{\"@type\":\"WebPage\",\"@id\":\"https:\\\/\\\/eurecat.org\\\/es\\\/editorial-la-plastronica-una-revolucion-de-alto-valor-anadido\\\/\",\"url\":\"https:\\\/\\\/eurecat.org\\\/es\\\/editorial-la-plastronica-una-revolucion-de-alto-valor-anadido\\\/\",\"name\":\"La Plastr\u00f3nica, una revoluci\u00f3n de alto valor a\u00f1adido - Eurecat\",\"isPartOf\":{\"@id\":\"https:\\\/\\\/eurecat.org\\\/es\\\/#website\"},\"primaryImageOfPage\":{\"@id\":\"https:\\\/\\\/eurecat.org\\\/es\\\/editorial-la-plastronica-una-revolucion-de-alto-valor-anadido\\\/#primaryimage\"},\"image\":{\"@id\":\"https:\\\/\\\/eurecat.org\\\/es\\\/editorial-la-plastronica-una-revolucion-de-alto-valor-anadido\\\/#primaryimage\"},\"thumbnailUrl\":\"https:\\\/\\\/eurecat.org\\\/wp-content\\\/uploads\\\/2019\\\/11\\\/Xavier_Torra_600-X-400.jpg\",\"datePublished\":\"2019-11-27T15:08:24+00:00\",\"dateModified\":\"2021-05-05T15:11:28+00:00\",\"author\":{\"@id\":\"https:\\\/\\\/eurecat.org\\\/es\\\/#\\\/schema\\\/person\\\/def9217eded50ee57a9dc4cf0c883f80\"},\"description\":\"Eurecat acaba de inaugurar una planta piloto de Plastr\u00f3nica, la primera de estas caracter\u00edsticas a nivel de un centro tecnol\u00f3gico en Europa, donde las empresas podr\u00e1n ensayar y producir nuevos productos mediante esta tecnolog\u00eda emergente que une la electr\u00f3nica y los materiales pl\u00e1sticos para la fabricaci\u00f3n de alto valor a\u00f1adido.\",\"breadcrumb\":{\"@id\":\"https:\\\/\\\/eurecat.org\\\/es\\\/editorial-la-plastronica-una-revolucion-de-alto-valor-anadido\\\/#breadcrumb\"},\"inLanguage\":\"es\",\"potentialAction\":[{\"@type\":\"ReadAction\",\"target\":[\"https:\\\/\\\/eurecat.org\\\/es\\\/editorial-la-plastronica-una-revolucion-de-alto-valor-anadido\\\/\"]}]},{\"@type\":\"ImageObject\",\"inLanguage\":\"es\",\"@id\":\"https:\\\/\\\/eurecat.org\\\/es\\\/editorial-la-plastronica-una-revolucion-de-alto-valor-anadido\\\/#primaryimage\",\"url\":\"https:\\\/\\\/eurecat.org\\\/wp-content\\\/uploads\\\/2019\\\/11\\\/Xavier_Torra_600-X-400.jpg\",\"contentUrl\":\"https:\\\/\\\/eurecat.org\\\/wp-content\\\/uploads\\\/2019\\\/11\\\/Xavier_Torra_600-X-400.jpg\",\"width\":600,\"height\":400,\"caption\":\"xavier torra eurecat\"},{\"@type\":\"BreadcrumbList\",\"@id\":\"https:\\\/\\\/eurecat.org\\\/es\\\/editorial-la-plastronica-una-revolucion-de-alto-valor-anadido\\\/#breadcrumb\",\"itemListElement\":[{\"@type\":\"ListItem\",\"position\":1,\"name\":\"Inici\",\"item\":\"https:\\\/\\\/eurecat.org\\\/es\\\/\"},{\"@type\":\"ListItem\",\"position\":2,\"name\":\"La Plastr\u00f3nica, una revoluci\u00f3n de alto valor a\u00f1adido\"}]},{\"@type\":\"WebSite\",\"@id\":\"https:\\\/\\\/eurecat.org\\\/es\\\/#website\",\"url\":\"https:\\\/\\\/eurecat.org\\\/es\\\/\",\"name\":\"Eurecat\",\"description\":\"Otro sitio realizado con WordPress\",\"potentialAction\":[{\"@type\":\"SearchAction\",\"target\":{\"@type\":\"EntryPoint\",\"urlTemplate\":\"https:\\\/\\\/eurecat.org\\\/es\\\/?s={search_term_string}\"},\"query-input\":{\"@type\":\"PropertyValueSpecification\",\"valueRequired\":true,\"valueName\":\"search_term_string\"}}],\"inLanguage\":\"es\"},{\"@type\":\"Person\",\"@id\":\"https:\\\/\\\/eurecat.org\\\/es\\\/#\\\/schema\\\/person\\\/def9217eded50ee57a9dc4cf0c883f80\",\"name\":\"EurecatEG\",\"image\":{\"@type\":\"ImageObject\",\"inLanguage\":\"es\",\"@id\":\"https:\\\/\\\/secure.gravatar.com\\\/avatar\\\/f40dd9b6ecd3e5c591f3c9b033e495ee0ec9877ba77249fbf268b3889350c824?s=96&d=mm&r=g\",\"url\":\"https:\\\/\\\/secure.gravatar.com\\\/avatar\\\/f40dd9b6ecd3e5c591f3c9b033e495ee0ec9877ba77249fbf268b3889350c824?s=96&d=mm&r=g\",\"contentUrl\":\"https:\\\/\\\/secure.gravatar.com\\\/avatar\\\/f40dd9b6ecd3e5c591f3c9b033e495ee0ec9877ba77249fbf268b3889350c824?s=96&d=mm&r=g\",\"caption\":\"EurecatEG\"}}]}<\/script>\n<!-- \/ Yoast SEO plugin. -->","yoast_head_json":{"title":"La Plastr\u00f3nica, una revoluci\u00f3n de alto valor a\u00f1adido - Eurecat","description":"Eurecat acaba de inaugurar una planta piloto de Plastr\u00f3nica, la primera de estas caracter\u00edsticas a nivel de un centro tecnol\u00f3gico en Europa, donde las empresas podr\u00e1n ensayar y producir nuevos productos mediante esta tecnolog\u00eda emergente que une la electr\u00f3nica y los materiales pl\u00e1sticos para la fabricaci\u00f3n de alto valor a\u00f1adido.","robots":{"index":"index","follow":"follow","max-snippet":"max-snippet:-1","max-image-preview":"max-image-preview:large","max-video-preview":"max-video-preview:-1"},"canonical":"https:\/\/eurecat.org\/es\/editorial-la-plastronica-una-revolucion-de-alto-valor-anadido\/","og_locale":"es_ES","og_type":"article","og_title":"La Plastr\u00f3nica, una revoluci\u00f3n de alto valor a\u00f1adido - Eurecat","og_description":"Eurecat acaba de inaugurar una planta piloto de Plastr\u00f3nica, la primera de estas caracter\u00edsticas a nivel de un centro tecnol\u00f3gico en Europa, donde las empresas podr\u00e1n ensayar y producir nuevos productos mediante esta tecnolog\u00eda emergente que une la electr\u00f3nica y los materiales pl\u00e1sticos para la fabricaci\u00f3n de alto valor a\u00f1adido.","og_url":"https:\/\/eurecat.org\/es\/editorial-la-plastronica-una-revolucion-de-alto-valor-anadido\/","og_site_name":"Eurecat","article_published_time":"2019-11-27T15:08:24+00:00","article_modified_time":"2021-05-05T15:11:28+00:00","og_image":[{"width":600,"height":400,"url":"https:\/\/eurecat.org\/wp-content\/uploads\/2019\/11\/Xavier_Torra_600-X-400.jpg","type":"image\/jpeg"}],"author":"EurecatEG","twitter_card":"summary_large_image","twitter_misc":{"Escrito por":"EurecatEG","Tiempo de lectura":"3 minutos"},"schema":{"@context":"https:\/\/schema.org","@graph":[{"@type":"Article","@id":"https:\/\/eurecat.org\/es\/editorial-la-plastronica-una-revolucion-de-alto-valor-anadido\/#article","isPartOf":{"@id":"https:\/\/eurecat.org\/es\/editorial-la-plastronica-una-revolucion-de-alto-valor-anadido\/"},"author":{"name":"EurecatEG","@id":"https:\/\/eurecat.org\/es\/#\/schema\/person\/def9217eded50ee57a9dc4cf0c883f80"},"headline":"La Plastr\u00f3nica, una revoluci\u00f3n de alto valor a\u00f1adido","datePublished":"2019-11-27T15:08:24+00:00","dateModified":"2021-05-05T15:11:28+00:00","mainEntityOfPage":{"@id":"https:\/\/eurecat.org\/es\/editorial-la-plastronica-una-revolucion-de-alto-valor-anadido\/"},"wordCount":554,"commentCount":0,"image":{"@id":"https:\/\/eurecat.org\/es\/editorial-la-plastronica-una-revolucion-de-alto-valor-anadido\/#primaryimage"},"thumbnailUrl":"https:\/\/eurecat.org\/wp-content\/uploads\/2019\/11\/Xavier_Torra_600-X-400.jpg","articleSection":["Blog","Editorial"],"inLanguage":"es","potentialAction":[{"@type":"CommentAction","name":"Comment","target":["https:\/\/eurecat.org\/es\/editorial-la-plastronica-una-revolucion-de-alto-valor-anadido\/#respond"]}]},{"@type":"WebPage","@id":"https:\/\/eurecat.org\/es\/editorial-la-plastronica-una-revolucion-de-alto-valor-anadido\/","url":"https:\/\/eurecat.org\/es\/editorial-la-plastronica-una-revolucion-de-alto-valor-anadido\/","name":"La Plastr\u00f3nica, una revoluci\u00f3n de alto valor a\u00f1adido - Eurecat","isPartOf":{"@id":"https:\/\/eurecat.org\/es\/#website"},"primaryImageOfPage":{"@id":"https:\/\/eurecat.org\/es\/editorial-la-plastronica-una-revolucion-de-alto-valor-anadido\/#primaryimage"},"image":{"@id":"https:\/\/eurecat.org\/es\/editorial-la-plastronica-una-revolucion-de-alto-valor-anadido\/#primaryimage"},"thumbnailUrl":"https:\/\/eurecat.org\/wp-content\/uploads\/2019\/11\/Xavier_Torra_600-X-400.jpg","datePublished":"2019-11-27T15:08:24+00:00","dateModified":"2021-05-05T15:11:28+00:00","author":{"@id":"https:\/\/eurecat.org\/es\/#\/schema\/person\/def9217eded50ee57a9dc4cf0c883f80"},"description":"Eurecat acaba de inaugurar una planta piloto de Plastr\u00f3nica, la primera de estas caracter\u00edsticas a nivel de un centro tecnol\u00f3gico en Europa, donde las empresas podr\u00e1n ensayar y producir nuevos productos mediante esta tecnolog\u00eda emergente que une la electr\u00f3nica y los materiales pl\u00e1sticos para la fabricaci\u00f3n de alto valor a\u00f1adido.","breadcrumb":{"@id":"https:\/\/eurecat.org\/es\/editorial-la-plastronica-una-revolucion-de-alto-valor-anadido\/#breadcrumb"},"inLanguage":"es","potentialAction":[{"@type":"ReadAction","target":["https:\/\/eurecat.org\/es\/editorial-la-plastronica-una-revolucion-de-alto-valor-anadido\/"]}]},{"@type":"ImageObject","inLanguage":"es","@id":"https:\/\/eurecat.org\/es\/editorial-la-plastronica-una-revolucion-de-alto-valor-anadido\/#primaryimage","url":"https:\/\/eurecat.org\/wp-content\/uploads\/2019\/11\/Xavier_Torra_600-X-400.jpg","contentUrl":"https:\/\/eurecat.org\/wp-content\/uploads\/2019\/11\/Xavier_Torra_600-X-400.jpg","width":600,"height":400,"caption":"xavier torra eurecat"},{"@type":"BreadcrumbList","@id":"https:\/\/eurecat.org\/es\/editorial-la-plastronica-una-revolucion-de-alto-valor-anadido\/#breadcrumb","itemListElement":[{"@type":"ListItem","position":1,"name":"Inici","item":"https:\/\/eurecat.org\/es\/"},{"@type":"ListItem","position":2,"name":"La Plastr\u00f3nica, una revoluci\u00f3n de alto valor a\u00f1adido"}]},{"@type":"WebSite","@id":"https:\/\/eurecat.org\/es\/#website","url":"https:\/\/eurecat.org\/es\/","name":"Eurecat","description":"Otro sitio realizado con WordPress","potentialAction":[{"@type":"SearchAction","target":{"@type":"EntryPoint","urlTemplate":"https:\/\/eurecat.org\/es\/?s={search_term_string}"},"query-input":{"@type":"PropertyValueSpecification","valueRequired":true,"valueName":"search_term_string"}}],"inLanguage":"es"},{"@type":"Person","@id":"https:\/\/eurecat.org\/es\/#\/schema\/person\/def9217eded50ee57a9dc4cf0c883f80","name":"EurecatEG","image":{"@type":"ImageObject","inLanguage":"es","@id":"https:\/\/secure.gravatar.com\/avatar\/f40dd9b6ecd3e5c591f3c9b033e495ee0ec9877ba77249fbf268b3889350c824?s=96&d=mm&r=g","url":"https:\/\/secure.gravatar.com\/avatar\/f40dd9b6ecd3e5c591f3c9b033e495ee0ec9877ba77249fbf268b3889350c824?s=96&d=mm&r=g","contentUrl":"https:\/\/secure.gravatar.com\/avatar\/f40dd9b6ecd3e5c591f3c9b033e495ee0ec9877ba77249fbf268b3889350c824?s=96&d=mm&r=g","caption":"EurecatEG"}}]}},"_links":{"self":[{"href":"https:\/\/eurecat.org\/es\/wp-json\/wp\/v2\/posts\/114149","targetHints":{"allow":["GET"]}}],"collection":[{"href":"https:\/\/eurecat.org\/es\/wp-json\/wp\/v2\/posts"}],"about":[{"href":"https:\/\/eurecat.org\/es\/wp-json\/wp\/v2\/types\/post"}],"author":[{"embeddable":true,"href":"https:\/\/eurecat.org\/es\/wp-json\/wp\/v2\/users\/12"}],"replies":[{"embeddable":true,"href":"https:\/\/eurecat.org\/es\/wp-json\/wp\/v2\/comments?post=114149"}],"version-history":[{"count":0,"href":"https:\/\/eurecat.org\/es\/wp-json\/wp\/v2\/posts\/114149\/revisions"}],"wp:featuredmedia":[{"embeddable":true,"href":"https:\/\/eurecat.org\/es\/wp-json\/wp\/v2\/media\/93310"}],"wp:attachment":[{"href":"https:\/\/eurecat.org\/es\/wp-json\/wp\/v2\/media?parent=114149"}],"wp:term":[{"taxonomy":"category","embeddable":true,"href":"https:\/\/eurecat.org\/es\/wp-json\/wp\/v2\/categories?post=114149"},{"taxonomy":"post_tag","embeddable":true,"href":"https:\/\/eurecat.org\/es\/wp-json\/wp\/v2\/tags?post=114149"}],"curies":[{"name":"wp","href":"https:\/\/api.w.org\/{rel}","templated":true}]}}