{"id":114157,"date":"2018-10-29T15:16:47","date_gmt":"2018-10-29T15:16:47","guid":{"rendered":"https:\/\/eurecat.org\/?p=114157"},"modified":"2021-05-05T15:21:56","modified_gmt":"2021-05-05T15:21:56","slug":"editorial-manresa-se-refuerza-como-centro-neuralgico-de-la-innovacion","status":"publish","type":"post","link":"https:\/\/eurecat.org\/es\/editorial-manresa-se-refuerza-como-centro-neuralgico-de-la-innovacion\/","title":{"rendered":"Editorial: Manresa se refuerza como centro neur\u00e1lgico de la innovaci\u00f3n"},"content":{"rendered":"<p><img decoding=\"async\" class=\"wp-image-72842 size-medium alignleft\" src=\"https:\/\/eurecat.org\/wp-content\/uploads\/2018\/10\/ctm_manresa-300x206.jpg\" alt=\"ctm manresa\" width=\"300\" height=\"206\" srcset=\"https:\/\/eurecat.org\/wp-content\/uploads\/2018\/10\/ctm_manresa-200x137.jpg 200w, https:\/\/eurecat.org\/wp-content\/uploads\/2018\/10\/ctm_manresa-300x206.jpg 300w, https:\/\/eurecat.org\/wp-content\/uploads\/2018\/10\/ctm_manresa-400x274.jpg 400w, https:\/\/eurecat.org\/wp-content\/uploads\/2018\/10\/ctm_manresa-474x324.jpg 474w, https:\/\/eurecat.org\/wp-content\/uploads\/2018\/10\/ctm_manresa.jpg 600w\" sizes=\"(max-width: 300px) 100vw, 300px\" \/><\/p>\n<p>Las empresas son el principal motor de la innovaci\u00f3n, que todo convirtiendo nuevas ideas en productos, procesos y modelos de negocio innovadores, generan riqueza y empleo.<\/p>\n<p>Sin embargo, un hecho que marca la diferencia es que puedan contar con un sistema de innovaci\u00f3n potente que impulse su competitividad y es aqu\u00ed donde Eurecat puede aportar mucho, sumando esfuerzos para configurar un ecosistema robusto, junto con universidades, centros de investigaci\u00f3n, administraciones, parques cient\u00edficos, asociaciones empresariales, business angels, capital riesgo y asociaciones empresariales, entre otros.<\/p>\n<p>Un paso fundamental en esta direcci\u00f3n es la que hemos dado recientemente con la <strong>fusi\u00f3n de la Fundaci\u00f3n CTM con Eurecat<\/strong>, <strong>una operaci\u00f3n que sit\u00faa Manresa como centro neur\u00e1lgico de las competencias tecnol\u00f3gicas de sostenibilidad, de materiales met\u00e1licos y modelizaci\u00f3n y simulaci\u00f3n de procesos y que aglutina pericias y conocimientos que mejoran la capacidad de innovaci\u00f3n en sectores estrat\u00e9gicos para la econom\u00eda catalana<\/strong>.<\/p>\n<p>La operaci\u00f3n ha culminado una etapa de integraci\u00f3n funcional que nos ha vinculado a ambos centros desde 2015, un per\u00edodo que ha sido muy positivo y que ha permitido poner las bases para que ahora la fusi\u00f3n se consolide de forma muy natural, abriendo un cambio pensado para mejorar y crecer, tanto en recursos como en capacidades y en el alcance y la proyecci\u00f3n en \u00e1reas de fuerte crecimiento, como la econom\u00eda circular y los nuevos materiales, \u00edntimamente ligados al nuevo paradigma de la industria 4.0.<\/p>\n<p>Adem\u00e1s de ganar masa cr\u00edtica y eficiencia, la integraci\u00f3n aportar\u00e1 m\u00e1s clientes, m\u00e1s l\u00edneas de investigaci\u00f3n y m\u00e1s facturaci\u00f3n y, sobre todo, beneficiar\u00e1 el tejido industrial del todo Catalu\u00f1a y del Bages, en particular. La industria ha cambiado mucho en los \u00faltimos a\u00f1os y las empresas requieren soluciones cada vez m\u00e1s transversales y multitecnol\u00f3gicas para afrontar sus desaf\u00edos.<\/p>\n<p>Dentro de esta din\u00e1mica, nos tienen al lado para poder dar forma a nuevos proyectos de futuro basados \u200b\u200ben tecnolog\u00edas avanzadas, talento e infraestructuras y laboratorios altamente especializados. Son ejemplos algunas innovaciones en impresi\u00f3n 3D que hemos presentado en la Barcelona Industry Week, junto con nuevos wearables que incorporan la tecnolog\u00eda del Internet de las Cosas con aplicaci\u00f3n al mundo del deporte y de la salud.<\/p>\n<p>De todas ellas ten\u00e9is informaci\u00f3n en este newsletter de octubre, donde encontrar\u00e9is tambi\u00e9n innovaciones vinculadas a la econom\u00eda circular, la construcci\u00f3n, la econom\u00eda de los datos y del reconocimiento que hemos recibido por parte de la Eurorregi\u00f3n Pirineo Mediterr\u00e1neo por mejorar la atenci\u00f3n a los enfermos cr\u00f3nicos con medicina preventiva y personalizada, entre otras novedades.<\/p>\n","protected":false},"excerpt":{"rendered":"<p>Las empresas son el principal motor de la innovaci\u00f3n, que todo convirtiendo nuevas ideas en productos, procesos y modelos de negocio innovadores, generan riqueza y empleo. Sin embargo, un hecho que marca la diferencia es que puedan contar con un sistema de innovaci\u00f3n potente que impulse su competitividad y es aqu\u00ed donde Eurecat puede aportar  [&#8230;]<\/p>\n","protected":false},"author":12,"featured_media":72844,"comment_status":"open","ping_status":"closed","sticky":false,"template":"","format":"standard","meta":{"footnotes":""},"categories":[133,2217],"tags":[],"class_list":["post-114157","post","type-post","status-publish","format-standard","has-post-thumbnail","hentry","category-blog","category-editorial"],"yoast_head":"<!-- This site is optimized with the Yoast SEO plugin v27.5 - https:\/\/yoast.com\/product\/yoast-seo-wordpress\/ -->\n<title>Editorial: Manresa se refuerza como centro neur\u00e1lgico de la innovaci\u00f3n - Eurecat<\/title>\n<meta name=\"robots\" content=\"index, follow, max-snippet:-1, max-image-preview:large, max-video-preview:-1\" \/>\n<link rel=\"canonical\" href=\"https:\/\/eurecat.org\/es\/editorial-manresa-se-refuerza-como-centro-neuralgico-de-la-innovacion\/\" \/>\n<meta property=\"og:locale\" content=\"es_ES\" \/>\n<meta property=\"og:type\" content=\"article\" \/>\n<meta property=\"og:title\" content=\"Editorial: Manresa se refuerza como centro neur\u00e1lgico de la innovaci\u00f3n - Eurecat\" \/>\n<meta property=\"og:description\" content=\"Las empresas son el principal motor de la innovaci\u00f3n, que todo convirtiendo nuevas ideas en productos, procesos y modelos de negocio innovadores, generan riqueza y empleo. Sin embargo, un hecho que marca la diferencia es que puedan contar con un sistema de innovaci\u00f3n potente que impulse su competitividad y es aqu\u00ed donde Eurecat puede aportar [...]\" \/>\n<meta property=\"og:url\" content=\"https:\/\/eurecat.org\/es\/editorial-manresa-se-refuerza-como-centro-neuralgico-de-la-innovacion\/\" \/>\n<meta property=\"og:site_name\" content=\"Eurecat\" \/>\n<meta property=\"article:published_time\" content=\"2018-10-29T15:16:47+00:00\" \/>\n<meta property=\"article:modified_time\" content=\"2021-05-05T15:21:56+00:00\" \/>\n<meta property=\"og:image\" content=\"https:\/\/eurecat.org\/wp-content\/uploads\/2018\/10\/ctm_manresa.jpg\" \/>\n\t<meta property=\"og:image:width\" content=\"600\" \/>\n\t<meta property=\"og:image:height\" content=\"411\" \/>\n\t<meta property=\"og:image:type\" content=\"image\/jpeg\" \/>\n<meta name=\"author\" content=\"EurecatEG\" \/>\n<meta name=\"twitter:card\" content=\"summary_large_image\" \/>\n<meta name=\"twitter:label1\" content=\"Escrito por\" \/>\n\t<meta name=\"twitter:data1\" content=\"EurecatEG\" \/>\n\t<meta name=\"twitter:label2\" content=\"Tiempo de lectura\" \/>\n\t<meta name=\"twitter:data2\" content=\"3 minutos\" \/>\n<script type=\"application\/ld+json\" class=\"yoast-schema-graph\">{\"@context\":\"https:\\\/\\\/schema.org\",\"@graph\":[{\"@type\":\"Article\",\"@id\":\"https:\\\/\\\/eurecat.org\\\/es\\\/editorial-manresa-se-refuerza-como-centro-neuralgico-de-la-innovacion\\\/#article\",\"isPartOf\":{\"@id\":\"https:\\\/\\\/eurecat.org\\\/es\\\/editorial-manresa-se-refuerza-como-centro-neuralgico-de-la-innovacion\\\/\"},\"author\":{\"name\":\"EurecatEG\",\"@id\":\"https:\\\/\\\/eurecat.org\\\/es\\\/#\\\/schema\\\/person\\\/def9217eded50ee57a9dc4cf0c883f80\"},\"headline\":\"Editorial: Manresa se refuerza como centro neur\u00e1lgico de la innovaci\u00f3n\",\"datePublished\":\"2018-10-29T15:16:47+00:00\",\"dateModified\":\"2021-05-05T15:21:56+00:00\",\"mainEntityOfPage\":{\"@id\":\"https:\\\/\\\/eurecat.org\\\/es\\\/editorial-manresa-se-refuerza-como-centro-neuralgico-de-la-innovacion\\\/\"},\"wordCount\":474,\"commentCount\":0,\"image\":{\"@id\":\"https:\\\/\\\/eurecat.org\\\/es\\\/editorial-manresa-se-refuerza-como-centro-neuralgico-de-la-innovacion\\\/#primaryimage\"},\"thumbnailUrl\":\"https:\\\/\\\/eurecat.org\\\/wp-content\\\/uploads\\\/2018\\\/10\\\/ctm_manresa.jpg\",\"articleSection\":[\"Blog\",\"Editorial\"],\"inLanguage\":\"es\",\"potentialAction\":[{\"@type\":\"CommentAction\",\"name\":\"Comment\",\"target\":[\"https:\\\/\\\/eurecat.org\\\/es\\\/editorial-manresa-se-refuerza-como-centro-neuralgico-de-la-innovacion\\\/#respond\"]}]},{\"@type\":\"WebPage\",\"@id\":\"https:\\\/\\\/eurecat.org\\\/es\\\/editorial-manresa-se-refuerza-como-centro-neuralgico-de-la-innovacion\\\/\",\"url\":\"https:\\\/\\\/eurecat.org\\\/es\\\/editorial-manresa-se-refuerza-como-centro-neuralgico-de-la-innovacion\\\/\",\"name\":\"Editorial: Manresa se refuerza como centro neur\u00e1lgico de la innovaci\u00f3n - Eurecat\",\"isPartOf\":{\"@id\":\"https:\\\/\\\/eurecat.org\\\/es\\\/#website\"},\"primaryImageOfPage\":{\"@id\":\"https:\\\/\\\/eurecat.org\\\/es\\\/editorial-manresa-se-refuerza-como-centro-neuralgico-de-la-innovacion\\\/#primaryimage\"},\"image\":{\"@id\":\"https:\\\/\\\/eurecat.org\\\/es\\\/editorial-manresa-se-refuerza-como-centro-neuralgico-de-la-innovacion\\\/#primaryimage\"},\"thumbnailUrl\":\"https:\\\/\\\/eurecat.org\\\/wp-content\\\/uploads\\\/2018\\\/10\\\/ctm_manresa.jpg\",\"datePublished\":\"2018-10-29T15:16:47+00:00\",\"dateModified\":\"2021-05-05T15:21:56+00:00\",\"author\":{\"@id\":\"https:\\\/\\\/eurecat.org\\\/es\\\/#\\\/schema\\\/person\\\/def9217eded50ee57a9dc4cf0c883f80\"},\"breadcrumb\":{\"@id\":\"https:\\\/\\\/eurecat.org\\\/es\\\/editorial-manresa-se-refuerza-como-centro-neuralgico-de-la-innovacion\\\/#breadcrumb\"},\"inLanguage\":\"es\",\"potentialAction\":[{\"@type\":\"ReadAction\",\"target\":[\"https:\\\/\\\/eurecat.org\\\/es\\\/editorial-manresa-se-refuerza-como-centro-neuralgico-de-la-innovacion\\\/\"]}]},{\"@type\":\"ImageObject\",\"inLanguage\":\"es\",\"@id\":\"https:\\\/\\\/eurecat.org\\\/es\\\/editorial-manresa-se-refuerza-como-centro-neuralgico-de-la-innovacion\\\/#primaryimage\",\"url\":\"https:\\\/\\\/eurecat.org\\\/wp-content\\\/uploads\\\/2018\\\/10\\\/ctm_manresa.jpg\",\"contentUrl\":\"https:\\\/\\\/eurecat.org\\\/wp-content\\\/uploads\\\/2018\\\/10\\\/ctm_manresa.jpg\",\"width\":600,\"height\":411,\"caption\":\"ctm manresa\"},{\"@type\":\"BreadcrumbList\",\"@id\":\"https:\\\/\\\/eurecat.org\\\/es\\\/editorial-manresa-se-refuerza-como-centro-neuralgico-de-la-innovacion\\\/#breadcrumb\",\"itemListElement\":[{\"@type\":\"ListItem\",\"position\":1,\"name\":\"Inici\",\"item\":\"https:\\\/\\\/eurecat.org\\\/es\\\/\"},{\"@type\":\"ListItem\",\"position\":2,\"name\":\"Editorial: Manresa se refuerza como centro neur\u00e1lgico de la innovaci\u00f3n\"}]},{\"@type\":\"WebSite\",\"@id\":\"https:\\\/\\\/eurecat.org\\\/es\\\/#website\",\"url\":\"https:\\\/\\\/eurecat.org\\\/es\\\/\",\"name\":\"Eurecat\",\"description\":\"Otro sitio realizado con WordPress\",\"potentialAction\":[{\"@type\":\"SearchAction\",\"target\":{\"@type\":\"EntryPoint\",\"urlTemplate\":\"https:\\\/\\\/eurecat.org\\\/es\\\/?s={search_term_string}\"},\"query-input\":{\"@type\":\"PropertyValueSpecification\",\"valueRequired\":true,\"valueName\":\"search_term_string\"}}],\"inLanguage\":\"es\"},{\"@type\":\"Person\",\"@id\":\"https:\\\/\\\/eurecat.org\\\/es\\\/#\\\/schema\\\/person\\\/def9217eded50ee57a9dc4cf0c883f80\",\"name\":\"EurecatEG\",\"image\":{\"@type\":\"ImageObject\",\"inLanguage\":\"es\",\"@id\":\"https:\\\/\\\/secure.gravatar.com\\\/avatar\\\/f40dd9b6ecd3e5c591f3c9b033e495ee0ec9877ba77249fbf268b3889350c824?s=96&d=mm&r=g\",\"url\":\"https:\\\/\\\/secure.gravatar.com\\\/avatar\\\/f40dd9b6ecd3e5c591f3c9b033e495ee0ec9877ba77249fbf268b3889350c824?s=96&d=mm&r=g\",\"contentUrl\":\"https:\\\/\\\/secure.gravatar.com\\\/avatar\\\/f40dd9b6ecd3e5c591f3c9b033e495ee0ec9877ba77249fbf268b3889350c824?s=96&d=mm&r=g\",\"caption\":\"EurecatEG\"}}]}<\/script>\n<!-- \/ Yoast SEO plugin. -->","yoast_head_json":{"title":"Editorial: Manresa se refuerza como centro neur\u00e1lgico de la innovaci\u00f3n - Eurecat","robots":{"index":"index","follow":"follow","max-snippet":"max-snippet:-1","max-image-preview":"max-image-preview:large","max-video-preview":"max-video-preview:-1"},"canonical":"https:\/\/eurecat.org\/es\/editorial-manresa-se-refuerza-como-centro-neuralgico-de-la-innovacion\/","og_locale":"es_ES","og_type":"article","og_title":"Editorial: Manresa se refuerza como centro neur\u00e1lgico de la innovaci\u00f3n - Eurecat","og_description":"Las empresas son el principal motor de la innovaci\u00f3n, que todo convirtiendo nuevas ideas en productos, procesos y modelos de negocio innovadores, generan riqueza y empleo. Sin embargo, un hecho que marca la diferencia es que puedan contar con un sistema de innovaci\u00f3n potente que impulse su competitividad y es aqu\u00ed donde Eurecat puede aportar [...]","og_url":"https:\/\/eurecat.org\/es\/editorial-manresa-se-refuerza-como-centro-neuralgico-de-la-innovacion\/","og_site_name":"Eurecat","article_published_time":"2018-10-29T15:16:47+00:00","article_modified_time":"2021-05-05T15:21:56+00:00","og_image":[{"width":600,"height":411,"url":"https:\/\/eurecat.org\/wp-content\/uploads\/2018\/10\/ctm_manresa.jpg","type":"image\/jpeg"}],"author":"EurecatEG","twitter_card":"summary_large_image","twitter_misc":{"Escrito por":"EurecatEG","Tiempo de lectura":"3 minutos"},"schema":{"@context":"https:\/\/schema.org","@graph":[{"@type":"Article","@id":"https:\/\/eurecat.org\/es\/editorial-manresa-se-refuerza-como-centro-neuralgico-de-la-innovacion\/#article","isPartOf":{"@id":"https:\/\/eurecat.org\/es\/editorial-manresa-se-refuerza-como-centro-neuralgico-de-la-innovacion\/"},"author":{"name":"EurecatEG","@id":"https:\/\/eurecat.org\/es\/#\/schema\/person\/def9217eded50ee57a9dc4cf0c883f80"},"headline":"Editorial: Manresa se refuerza como centro neur\u00e1lgico de la innovaci\u00f3n","datePublished":"2018-10-29T15:16:47+00:00","dateModified":"2021-05-05T15:21:56+00:00","mainEntityOfPage":{"@id":"https:\/\/eurecat.org\/es\/editorial-manresa-se-refuerza-como-centro-neuralgico-de-la-innovacion\/"},"wordCount":474,"commentCount":0,"image":{"@id":"https:\/\/eurecat.org\/es\/editorial-manresa-se-refuerza-como-centro-neuralgico-de-la-innovacion\/#primaryimage"},"thumbnailUrl":"https:\/\/eurecat.org\/wp-content\/uploads\/2018\/10\/ctm_manresa.jpg","articleSection":["Blog","Editorial"],"inLanguage":"es","potentialAction":[{"@type":"CommentAction","name":"Comment","target":["https:\/\/eurecat.org\/es\/editorial-manresa-se-refuerza-como-centro-neuralgico-de-la-innovacion\/#respond"]}]},{"@type":"WebPage","@id":"https:\/\/eurecat.org\/es\/editorial-manresa-se-refuerza-como-centro-neuralgico-de-la-innovacion\/","url":"https:\/\/eurecat.org\/es\/editorial-manresa-se-refuerza-como-centro-neuralgico-de-la-innovacion\/","name":"Editorial: Manresa se refuerza como centro neur\u00e1lgico de la innovaci\u00f3n - Eurecat","isPartOf":{"@id":"https:\/\/eurecat.org\/es\/#website"},"primaryImageOfPage":{"@id":"https:\/\/eurecat.org\/es\/editorial-manresa-se-refuerza-como-centro-neuralgico-de-la-innovacion\/#primaryimage"},"image":{"@id":"https:\/\/eurecat.org\/es\/editorial-manresa-se-refuerza-como-centro-neuralgico-de-la-innovacion\/#primaryimage"},"thumbnailUrl":"https:\/\/eurecat.org\/wp-content\/uploads\/2018\/10\/ctm_manresa.jpg","datePublished":"2018-10-29T15:16:47+00:00","dateModified":"2021-05-05T15:21:56+00:00","author":{"@id":"https:\/\/eurecat.org\/es\/#\/schema\/person\/def9217eded50ee57a9dc4cf0c883f80"},"breadcrumb":{"@id":"https:\/\/eurecat.org\/es\/editorial-manresa-se-refuerza-como-centro-neuralgico-de-la-innovacion\/#breadcrumb"},"inLanguage":"es","potentialAction":[{"@type":"ReadAction","target":["https:\/\/eurecat.org\/es\/editorial-manresa-se-refuerza-como-centro-neuralgico-de-la-innovacion\/"]}]},{"@type":"ImageObject","inLanguage":"es","@id":"https:\/\/eurecat.org\/es\/editorial-manresa-se-refuerza-como-centro-neuralgico-de-la-innovacion\/#primaryimage","url":"https:\/\/eurecat.org\/wp-content\/uploads\/2018\/10\/ctm_manresa.jpg","contentUrl":"https:\/\/eurecat.org\/wp-content\/uploads\/2018\/10\/ctm_manresa.jpg","width":600,"height":411,"caption":"ctm manresa"},{"@type":"BreadcrumbList","@id":"https:\/\/eurecat.org\/es\/editorial-manresa-se-refuerza-como-centro-neuralgico-de-la-innovacion\/#breadcrumb","itemListElement":[{"@type":"ListItem","position":1,"name":"Inici","item":"https:\/\/eurecat.org\/es\/"},{"@type":"ListItem","position":2,"name":"Editorial: Manresa se refuerza como centro neur\u00e1lgico de la innovaci\u00f3n"}]},{"@type":"WebSite","@id":"https:\/\/eurecat.org\/es\/#website","url":"https:\/\/eurecat.org\/es\/","name":"Eurecat","description":"Otro sitio realizado con WordPress","potentialAction":[{"@type":"SearchAction","target":{"@type":"EntryPoint","urlTemplate":"https:\/\/eurecat.org\/es\/?s={search_term_string}"},"query-input":{"@type":"PropertyValueSpecification","valueRequired":true,"valueName":"search_term_string"}}],"inLanguage":"es"},{"@type":"Person","@id":"https:\/\/eurecat.org\/es\/#\/schema\/person\/def9217eded50ee57a9dc4cf0c883f80","name":"EurecatEG","image":{"@type":"ImageObject","inLanguage":"es","@id":"https:\/\/secure.gravatar.com\/avatar\/f40dd9b6ecd3e5c591f3c9b033e495ee0ec9877ba77249fbf268b3889350c824?s=96&d=mm&r=g","url":"https:\/\/secure.gravatar.com\/avatar\/f40dd9b6ecd3e5c591f3c9b033e495ee0ec9877ba77249fbf268b3889350c824?s=96&d=mm&r=g","contentUrl":"https:\/\/secure.gravatar.com\/avatar\/f40dd9b6ecd3e5c591f3c9b033e495ee0ec9877ba77249fbf268b3889350c824?s=96&d=mm&r=g","caption":"EurecatEG"}}]}},"_links":{"self":[{"href":"https:\/\/eurecat.org\/es\/wp-json\/wp\/v2\/posts\/114157","targetHints":{"allow":["GET"]}}],"collection":[{"href":"https:\/\/eurecat.org\/es\/wp-json\/wp\/v2\/posts"}],"about":[{"href":"https:\/\/eurecat.org\/es\/wp-json\/wp\/v2\/types\/post"}],"author":[{"embeddable":true,"href":"https:\/\/eurecat.org\/es\/wp-json\/wp\/v2\/users\/12"}],"replies":[{"embeddable":true,"href":"https:\/\/eurecat.org\/es\/wp-json\/wp\/v2\/comments?post=114157"}],"version-history":[{"count":0,"href":"https:\/\/eurecat.org\/es\/wp-json\/wp\/v2\/posts\/114157\/revisions"}],"wp:featuredmedia":[{"embeddable":true,"href":"https:\/\/eurecat.org\/es\/wp-json\/wp\/v2\/media\/72844"}],"wp:attachment":[{"href":"https:\/\/eurecat.org\/es\/wp-json\/wp\/v2\/media?parent=114157"}],"wp:term":[{"taxonomy":"category","embeddable":true,"href":"https:\/\/eurecat.org\/es\/wp-json\/wp\/v2\/categories?post=114157"},{"taxonomy":"post_tag","embeddable":true,"href":"https:\/\/eurecat.org\/es\/wp-json\/wp\/v2\/tags?post=114157"}],"curies":[{"name":"wp","href":"https:\/\/api.w.org\/{rel}","templated":true}]}}