{"id":114168,"date":"2019-12-20T15:25:58","date_gmt":"2019-12-20T15:25:58","guid":{"rendered":"https:\/\/eurecat.org\/?p=114168"},"modified":"2021-05-05T15:29:00","modified_gmt":"2021-05-05T15:29:00","slug":"editorial-mas-alla-del-horizonte-2020","status":"publish","type":"post","link":"https:\/\/eurecat.org\/es\/editorial-mas-alla-del-horizonte-2020\/","title":{"rendered":"Editorial: M\u00e1s all\u00e1 del horizonte 2020"},"content":{"rendered":"<p><strong><img decoding=\"async\" class=\"wp-image-113831 size-medium alignleft\" src=\"https:\/\/eurecat.org\/wp-content\/uploads\/2021\/04\/XAVIER-TORRA-1200X800-1-300x200.jpg\" alt=\"\" width=\"300\" height=\"200\" srcset=\"https:\/\/eurecat.org\/wp-content\/uploads\/2021\/04\/XAVIER-TORRA-1200X800-1-200x133.jpg 200w, https:\/\/eurecat.org\/wp-content\/uploads\/2021\/04\/XAVIER-TORRA-1200X800-1-300x200.jpg 300w, https:\/\/eurecat.org\/wp-content\/uploads\/2021\/04\/XAVIER-TORRA-1200X800-1-391x260.jpg 391w, https:\/\/eurecat.org\/wp-content\/uploads\/2021\/04\/XAVIER-TORRA-1200X800-1-400x267.jpg 400w, https:\/\/eurecat.org\/wp-content\/uploads\/2021\/04\/XAVIER-TORRA-1200X800-1-600x400.jpg 600w, https:\/\/eurecat.org\/wp-content\/uploads\/2021\/04\/XAVIER-TORRA-1200X800-1-768x512.jpg 768w, https:\/\/eurecat.org\/wp-content\/uploads\/2021\/04\/XAVIER-TORRA-1200X800-1-800x533.jpg 800w, https:\/\/eurecat.org\/wp-content\/uploads\/2021\/04\/XAVIER-TORRA-1200X800-1-1160x773.jpg 1160w, https:\/\/eurecat.org\/wp-content\/uploads\/2021\/04\/XAVIER-TORRA-1200X800-1.jpg 1200w\" sizes=\"(max-width: 300px) 100vw, 300px\" \/><\/strong><\/p>\n<p>El nuevo a\u00f1o que estamos a punto de empezar abre el inicio de una nueva d\u00e9cada, en plena efervescencia tecnol\u00f3gica. En el caso de Eurecat, en 2020 coincide con nuestro quinto aniversario, un hito que enfocamos con una capacidad cada vez mayor de aportar conocimiento multitecnol\u00f2gic y alto valor a\u00f1adido a las empresas. Esta din\u00e1mica es fruto del impulso que hemos sido capaces de conseguir sumando pericias y talento en el transcurso de estos \u00faltimos cinco a\u00f1os, a fin de favorecer la competitividad del tejido econ\u00f3mico e industrial mediante la investigaci\u00f3n y la innovaci\u00f3n tecnol\u00f3gica.<\/p>\n<p>Otra cita importante del 2020 es el encargo que tenemos de organizar la veintena conferencia anual de Eart (European Association of Research and Technology Organisations), la entidad que nos representa a nivel europeo. El evento, que tendr\u00e1 lugar del 24 al 26 de marzo, en Barcelona, \u200b\u200bser\u00e1 un punto de encuentro muy interesante para hablar de los nuevos retos y de las tendencias en materia de innovaci\u00f3n, a las puertas del lanzamiento del noveno programa marco de investigaci\u00f3n e innovaci\u00f3n de la Uni\u00f3n Europea, Horizon Europe.<\/p>\n<p>Haciendo un poco de retrospectiva de los \u00faltimos doce meses, hay que subrayar la consolidaci\u00f3n de la integraci\u00f3n de la Fundaci\u00f3n del Parque Cient\u00edfico y Tecnol\u00f3gico de Turismo y Ocio de Catalu\u00f1a, con sede en Vila-seca, dirigida a impulsar la innovaci\u00f3n y la competitividad de los destinos y de las empresas tur\u00edsticas. Asimismo, el Registro de Fundaciones de la Generalitat de Catalu\u00f1a inscribi\u00f3 en septiembre la fusi\u00f3n del Centro Tecnol\u00f3gico de la Qu\u00edmica de Catalu\u00f1a (CTQC), una operaci\u00f3n que supone la potenciaci\u00f3n de la Unidad de Tecnolog\u00edas Qu\u00edmicas, dentro del \u00c1rea de Tecnolog\u00edas Industriales de Eurecat.<\/p>\n<p>Desde la perspectiva de los proyectos de innovaci\u00f3n tecnol\u00f3gica, destaca la reciente inauguraci\u00f3n de una planta piloto de plastr\u00f2nica l\u00edder en Europa en nuestras instalaciones de Cerdanyola. Durante el a\u00f1o, hemos seguido tambi\u00e9n incidiendo en el desarrollo de tecnolog\u00edas vinculadas a la fabricaci\u00f3n avanzada en \u00e1mbitos que van desde la eficiencia, los nuevos productos, el negocio y el talento, con innovaciones punteras para la fabricaci\u00f3n inteligente, conectada y aut\u00f3noma orientadas a facilitar su traducci\u00f3n en nuevos productos o en procesos industriales m\u00e1s competitivos. Tambi\u00e9n ha sido muy importante el paso que hemos dado para impulsar la transferencia de conocimiento con la creaci\u00f3n de Eurecat Academy, una nueva plataforma para resolver las necesidades m\u00e1s inmediatas que tienen tanto las grandes como las peque\u00f1as y medianas empresas relativas a la formaci\u00f3n tecnol\u00f3gica de los sus equipos, desde una \u00f3ptica muy pr\u00e1ctica y con un alto rigor acad\u00e9mico.<\/p>\n<p>Tambi\u00e9n hay que hacer hincapi\u00e9 en la labor que llevamos a cabo para ayudar a generar nuevos procesos productos y servicios m\u00e1s sostenibles, en sinton\u00eda con las demandas de una sociedad cada vez m\u00e1s sensibilizada hacia el futuro del planeta y que han dado pie a la creaci\u00f3n del \u00c1rea de Sostenibilidad de Eurecat. En paralelo, nuestra misi\u00f3n de aportar soluciones diferenciales y tecnolog\u00eda para contribuir a la cadena de valor se ha plasmado en importantes iniciativas que suman innovaci\u00f3n y empresa para multiplicar capacidades, optimizar recursos y generar rentabilidad. Todos estos logros se basan en un horizonte ambicioso y en un pilar fundamental, que es el talento y la dedicaci\u00f3n de nuestro equipo, nuestro activo m\u00e1s valioso. En su nombre, os traslado el deseo de unas muy buenas fiestas y de un 2020 cargado de alegr\u00edas y de prosperidad.<\/p>\n<p><strong>Xavier Torra<\/strong><\/p>\n<p><strong>Presidente de Eurecat, Centro Tecnol\u00f3gico de Catalu\u00f1a<\/strong><\/p>\n","protected":false},"excerpt":{"rendered":"<p>El nuevo a\u00f1o que estamos a punto de empezar abre el inicio de una nueva d\u00e9cada, en plena efervescencia tecnol\u00f3gica. En el caso de Eurecat, en 2020 coincide con nuestro quinto aniversario, un hito que enfocamos con una capacidad cada vez mayor de aportar conocimiento multitecnol\u00f2gic y alto valor a\u00f1adido a las empresas. Esta din\u00e1mica  [&#8230;]<\/p>\n","protected":false},"author":12,"featured_media":113814,"comment_status":"closed","ping_status":"closed","sticky":false,"template":"","format":"standard","meta":{"footnotes":""},"categories":[133,2217],"tags":[],"class_list":["post-114168","post","type-post","status-publish","format-standard","has-post-thumbnail","hentry","category-blog","category-editorial"],"yoast_head":"<!-- This site is optimized with the Yoast SEO plugin v27.4 - https:\/\/yoast.com\/product\/yoast-seo-wordpress\/ -->\n<title>Editorial: M\u00e1s all\u00e1 del horizonte 2020 - Eurecat<\/title>\n<meta name=\"description\" content=\"El nuevo a\u00f1o que estamos a punto de empezar abre el inicio de una nueva d\u00e9cada, en plena efervescencia tecnol\u00f3gica. En el caso de Eurecat, en 2020 coincide con nuestro quinto aniversario, un hito que enfocamos con una capacidad cada vez mayor de aportar conocimiento multitecnol\u00f2gic y alto valor a\u00f1adido a las empresas.\" \/>\n<meta name=\"robots\" content=\"index, follow, max-snippet:-1, max-image-preview:large, max-video-preview:-1\" \/>\n<link rel=\"canonical\" href=\"https:\/\/eurecat.org\/es\/editorial-mas-alla-del-horizonte-2020\/\" \/>\n<meta property=\"og:locale\" content=\"es_ES\" \/>\n<meta property=\"og:type\" content=\"article\" \/>\n<meta property=\"og:title\" content=\"Editorial: M\u00e1s all\u00e1 del horizonte 2020 - Eurecat\" \/>\n<meta property=\"og:description\" content=\"El nuevo a\u00f1o que estamos a punto de empezar abre el inicio de una nueva d\u00e9cada, en plena efervescencia tecnol\u00f3gica. En el caso de Eurecat, en 2020 coincide con nuestro quinto aniversario, un hito que enfocamos con una capacidad cada vez mayor de aportar conocimiento multitecnol\u00f2gic y alto valor a\u00f1adido a las empresas.\" \/>\n<meta property=\"og:url\" content=\"https:\/\/eurecat.org\/es\/editorial-mas-alla-del-horizonte-2020\/\" \/>\n<meta property=\"og:site_name\" content=\"Eurecat\" \/>\n<meta property=\"article:published_time\" content=\"2019-12-20T15:25:58+00:00\" \/>\n<meta property=\"article:modified_time\" content=\"2021-05-05T15:29:00+00:00\" \/>\n<meta property=\"og:image\" content=\"https:\/\/eurecat.org\/wp-content\/uploads\/2021\/04\/XAVIER-TORRA-1200X800.jpg\" \/>\n\t<meta property=\"og:image:width\" content=\"1200\" \/>\n\t<meta property=\"og:image:height\" content=\"800\" \/>\n\t<meta property=\"og:image:type\" content=\"image\/jpeg\" \/>\n<meta name=\"author\" content=\"EurecatEG\" \/>\n<meta name=\"twitter:card\" content=\"summary_large_image\" \/>\n<meta name=\"twitter:label1\" content=\"Escrito por\" \/>\n\t<meta name=\"twitter:data1\" content=\"EurecatEG\" \/>\n\t<meta name=\"twitter:label2\" content=\"Tiempo de lectura\" \/>\n\t<meta name=\"twitter:data2\" content=\"3 minutos\" \/>\n<script type=\"application\/ld+json\" class=\"yoast-schema-graph\">{\"@context\":\"https:\\\/\\\/schema.org\",\"@graph\":[{\"@type\":\"Article\",\"@id\":\"https:\\\/\\\/eurecat.org\\\/es\\\/editorial-mas-alla-del-horizonte-2020\\\/#article\",\"isPartOf\":{\"@id\":\"https:\\\/\\\/eurecat.org\\\/es\\\/editorial-mas-alla-del-horizonte-2020\\\/\"},\"author\":{\"name\":\"EurecatEG\",\"@id\":\"https:\\\/\\\/eurecat.org\\\/es\\\/#\\\/schema\\\/person\\\/def9217eded50ee57a9dc4cf0c883f80\"},\"headline\":\"Editorial: M\u00e1s all\u00e1 del horizonte 2020\",\"datePublished\":\"2019-12-20T15:25:58+00:00\",\"dateModified\":\"2021-05-05T15:29:00+00:00\",\"mainEntityOfPage\":{\"@id\":\"https:\\\/\\\/eurecat.org\\\/es\\\/editorial-mas-alla-del-horizonte-2020\\\/\"},\"wordCount\":639,\"image\":{\"@id\":\"https:\\\/\\\/eurecat.org\\\/es\\\/editorial-mas-alla-del-horizonte-2020\\\/#primaryimage\"},\"thumbnailUrl\":\"https:\\\/\\\/eurecat.org\\\/wp-content\\\/uploads\\\/2021\\\/04\\\/XAVIER-TORRA-1200X800.jpg\",\"articleSection\":[\"Blog\",\"Editorial\"],\"inLanguage\":\"es\"},{\"@type\":\"WebPage\",\"@id\":\"https:\\\/\\\/eurecat.org\\\/es\\\/editorial-mas-alla-del-horizonte-2020\\\/\",\"url\":\"https:\\\/\\\/eurecat.org\\\/es\\\/editorial-mas-alla-del-horizonte-2020\\\/\",\"name\":\"Editorial: M\u00e1s all\u00e1 del horizonte 2020 - Eurecat\",\"isPartOf\":{\"@id\":\"https:\\\/\\\/eurecat.org\\\/es\\\/#website\"},\"primaryImageOfPage\":{\"@id\":\"https:\\\/\\\/eurecat.org\\\/es\\\/editorial-mas-alla-del-horizonte-2020\\\/#primaryimage\"},\"image\":{\"@id\":\"https:\\\/\\\/eurecat.org\\\/es\\\/editorial-mas-alla-del-horizonte-2020\\\/#primaryimage\"},\"thumbnailUrl\":\"https:\\\/\\\/eurecat.org\\\/wp-content\\\/uploads\\\/2021\\\/04\\\/XAVIER-TORRA-1200X800.jpg\",\"datePublished\":\"2019-12-20T15:25:58+00:00\",\"dateModified\":\"2021-05-05T15:29:00+00:00\",\"author\":{\"@id\":\"https:\\\/\\\/eurecat.org\\\/es\\\/#\\\/schema\\\/person\\\/def9217eded50ee57a9dc4cf0c883f80\"},\"description\":\"El nuevo a\u00f1o que estamos a punto de empezar abre el inicio de una nueva d\u00e9cada, en plena efervescencia tecnol\u00f3gica. En el caso de Eurecat, en 2020 coincide con nuestro quinto aniversario, un hito que enfocamos con una capacidad cada vez mayor de aportar conocimiento multitecnol\u00f2gic y alto valor a\u00f1adido a las empresas.\",\"breadcrumb\":{\"@id\":\"https:\\\/\\\/eurecat.org\\\/es\\\/editorial-mas-alla-del-horizonte-2020\\\/#breadcrumb\"},\"inLanguage\":\"es\",\"potentialAction\":[{\"@type\":\"ReadAction\",\"target\":[\"https:\\\/\\\/eurecat.org\\\/es\\\/editorial-mas-alla-del-horizonte-2020\\\/\"]}]},{\"@type\":\"ImageObject\",\"inLanguage\":\"es\",\"@id\":\"https:\\\/\\\/eurecat.org\\\/es\\\/editorial-mas-alla-del-horizonte-2020\\\/#primaryimage\",\"url\":\"https:\\\/\\\/eurecat.org\\\/wp-content\\\/uploads\\\/2021\\\/04\\\/XAVIER-TORRA-1200X800.jpg\",\"contentUrl\":\"https:\\\/\\\/eurecat.org\\\/wp-content\\\/uploads\\\/2021\\\/04\\\/XAVIER-TORRA-1200X800.jpg\",\"width\":1200,\"height\":800},{\"@type\":\"BreadcrumbList\",\"@id\":\"https:\\\/\\\/eurecat.org\\\/es\\\/editorial-mas-alla-del-horizonte-2020\\\/#breadcrumb\",\"itemListElement\":[{\"@type\":\"ListItem\",\"position\":1,\"name\":\"Inici\",\"item\":\"https:\\\/\\\/eurecat.org\\\/es\\\/\"},{\"@type\":\"ListItem\",\"position\":2,\"name\":\"Editorial: M\u00e1s all\u00e1 del horizonte 2020\"}]},{\"@type\":\"WebSite\",\"@id\":\"https:\\\/\\\/eurecat.org\\\/es\\\/#website\",\"url\":\"https:\\\/\\\/eurecat.org\\\/es\\\/\",\"name\":\"Eurecat\",\"description\":\"Otro sitio realizado con WordPress\",\"potentialAction\":[{\"@type\":\"SearchAction\",\"target\":{\"@type\":\"EntryPoint\",\"urlTemplate\":\"https:\\\/\\\/eurecat.org\\\/es\\\/?s={search_term_string}\"},\"query-input\":{\"@type\":\"PropertyValueSpecification\",\"valueRequired\":true,\"valueName\":\"search_term_string\"}}],\"inLanguage\":\"es\"},{\"@type\":\"Person\",\"@id\":\"https:\\\/\\\/eurecat.org\\\/es\\\/#\\\/schema\\\/person\\\/def9217eded50ee57a9dc4cf0c883f80\",\"name\":\"EurecatEG\",\"image\":{\"@type\":\"ImageObject\",\"inLanguage\":\"es\",\"@id\":\"https:\\\/\\\/secure.gravatar.com\\\/avatar\\\/f40dd9b6ecd3e5c591f3c9b033e495ee0ec9877ba77249fbf268b3889350c824?s=96&d=mm&r=g\",\"url\":\"https:\\\/\\\/secure.gravatar.com\\\/avatar\\\/f40dd9b6ecd3e5c591f3c9b033e495ee0ec9877ba77249fbf268b3889350c824?s=96&d=mm&r=g\",\"contentUrl\":\"https:\\\/\\\/secure.gravatar.com\\\/avatar\\\/f40dd9b6ecd3e5c591f3c9b033e495ee0ec9877ba77249fbf268b3889350c824?s=96&d=mm&r=g\",\"caption\":\"EurecatEG\"}}]}<\/script>\n<!-- \/ Yoast SEO plugin. -->","yoast_head_json":{"title":"Editorial: M\u00e1s all\u00e1 del horizonte 2020 - Eurecat","description":"El nuevo a\u00f1o que estamos a punto de empezar abre el inicio de una nueva d\u00e9cada, en plena efervescencia tecnol\u00f3gica. En el caso de Eurecat, en 2020 coincide con nuestro quinto aniversario, un hito que enfocamos con una capacidad cada vez mayor de aportar conocimiento multitecnol\u00f2gic y alto valor a\u00f1adido a las empresas.","robots":{"index":"index","follow":"follow","max-snippet":"max-snippet:-1","max-image-preview":"max-image-preview:large","max-video-preview":"max-video-preview:-1"},"canonical":"https:\/\/eurecat.org\/es\/editorial-mas-alla-del-horizonte-2020\/","og_locale":"es_ES","og_type":"article","og_title":"Editorial: M\u00e1s all\u00e1 del horizonte 2020 - Eurecat","og_description":"El nuevo a\u00f1o que estamos a punto de empezar abre el inicio de una nueva d\u00e9cada, en plena efervescencia tecnol\u00f3gica. En el caso de Eurecat, en 2020 coincide con nuestro quinto aniversario, un hito que enfocamos con una capacidad cada vez mayor de aportar conocimiento multitecnol\u00f2gic y alto valor a\u00f1adido a las empresas.","og_url":"https:\/\/eurecat.org\/es\/editorial-mas-alla-del-horizonte-2020\/","og_site_name":"Eurecat","article_published_time":"2019-12-20T15:25:58+00:00","article_modified_time":"2021-05-05T15:29:00+00:00","og_image":[{"width":1200,"height":800,"url":"https:\/\/eurecat.org\/wp-content\/uploads\/2021\/04\/XAVIER-TORRA-1200X800.jpg","type":"image\/jpeg"}],"author":"EurecatEG","twitter_card":"summary_large_image","twitter_misc":{"Escrito por":"EurecatEG","Tiempo de lectura":"3 minutos"},"schema":{"@context":"https:\/\/schema.org","@graph":[{"@type":"Article","@id":"https:\/\/eurecat.org\/es\/editorial-mas-alla-del-horizonte-2020\/#article","isPartOf":{"@id":"https:\/\/eurecat.org\/es\/editorial-mas-alla-del-horizonte-2020\/"},"author":{"name":"EurecatEG","@id":"https:\/\/eurecat.org\/es\/#\/schema\/person\/def9217eded50ee57a9dc4cf0c883f80"},"headline":"Editorial: M\u00e1s all\u00e1 del horizonte 2020","datePublished":"2019-12-20T15:25:58+00:00","dateModified":"2021-05-05T15:29:00+00:00","mainEntityOfPage":{"@id":"https:\/\/eurecat.org\/es\/editorial-mas-alla-del-horizonte-2020\/"},"wordCount":639,"image":{"@id":"https:\/\/eurecat.org\/es\/editorial-mas-alla-del-horizonte-2020\/#primaryimage"},"thumbnailUrl":"https:\/\/eurecat.org\/wp-content\/uploads\/2021\/04\/XAVIER-TORRA-1200X800.jpg","articleSection":["Blog","Editorial"],"inLanguage":"es"},{"@type":"WebPage","@id":"https:\/\/eurecat.org\/es\/editorial-mas-alla-del-horizonte-2020\/","url":"https:\/\/eurecat.org\/es\/editorial-mas-alla-del-horizonte-2020\/","name":"Editorial: M\u00e1s all\u00e1 del horizonte 2020 - Eurecat","isPartOf":{"@id":"https:\/\/eurecat.org\/es\/#website"},"primaryImageOfPage":{"@id":"https:\/\/eurecat.org\/es\/editorial-mas-alla-del-horizonte-2020\/#primaryimage"},"image":{"@id":"https:\/\/eurecat.org\/es\/editorial-mas-alla-del-horizonte-2020\/#primaryimage"},"thumbnailUrl":"https:\/\/eurecat.org\/wp-content\/uploads\/2021\/04\/XAVIER-TORRA-1200X800.jpg","datePublished":"2019-12-20T15:25:58+00:00","dateModified":"2021-05-05T15:29:00+00:00","author":{"@id":"https:\/\/eurecat.org\/es\/#\/schema\/person\/def9217eded50ee57a9dc4cf0c883f80"},"description":"El nuevo a\u00f1o que estamos a punto de empezar abre el inicio de una nueva d\u00e9cada, en plena efervescencia tecnol\u00f3gica. En el caso de Eurecat, en 2020 coincide con nuestro quinto aniversario, un hito que enfocamos con una capacidad cada vez mayor de aportar conocimiento multitecnol\u00f2gic y alto valor a\u00f1adido a las empresas.","breadcrumb":{"@id":"https:\/\/eurecat.org\/es\/editorial-mas-alla-del-horizonte-2020\/#breadcrumb"},"inLanguage":"es","potentialAction":[{"@type":"ReadAction","target":["https:\/\/eurecat.org\/es\/editorial-mas-alla-del-horizonte-2020\/"]}]},{"@type":"ImageObject","inLanguage":"es","@id":"https:\/\/eurecat.org\/es\/editorial-mas-alla-del-horizonte-2020\/#primaryimage","url":"https:\/\/eurecat.org\/wp-content\/uploads\/2021\/04\/XAVIER-TORRA-1200X800.jpg","contentUrl":"https:\/\/eurecat.org\/wp-content\/uploads\/2021\/04\/XAVIER-TORRA-1200X800.jpg","width":1200,"height":800},{"@type":"BreadcrumbList","@id":"https:\/\/eurecat.org\/es\/editorial-mas-alla-del-horizonte-2020\/#breadcrumb","itemListElement":[{"@type":"ListItem","position":1,"name":"Inici","item":"https:\/\/eurecat.org\/es\/"},{"@type":"ListItem","position":2,"name":"Editorial: M\u00e1s all\u00e1 del horizonte 2020"}]},{"@type":"WebSite","@id":"https:\/\/eurecat.org\/es\/#website","url":"https:\/\/eurecat.org\/es\/","name":"Eurecat","description":"Otro sitio realizado con WordPress","potentialAction":[{"@type":"SearchAction","target":{"@type":"EntryPoint","urlTemplate":"https:\/\/eurecat.org\/es\/?s={search_term_string}"},"query-input":{"@type":"PropertyValueSpecification","valueRequired":true,"valueName":"search_term_string"}}],"inLanguage":"es"},{"@type":"Person","@id":"https:\/\/eurecat.org\/es\/#\/schema\/person\/def9217eded50ee57a9dc4cf0c883f80","name":"EurecatEG","image":{"@type":"ImageObject","inLanguage":"es","@id":"https:\/\/secure.gravatar.com\/avatar\/f40dd9b6ecd3e5c591f3c9b033e495ee0ec9877ba77249fbf268b3889350c824?s=96&d=mm&r=g","url":"https:\/\/secure.gravatar.com\/avatar\/f40dd9b6ecd3e5c591f3c9b033e495ee0ec9877ba77249fbf268b3889350c824?s=96&d=mm&r=g","contentUrl":"https:\/\/secure.gravatar.com\/avatar\/f40dd9b6ecd3e5c591f3c9b033e495ee0ec9877ba77249fbf268b3889350c824?s=96&d=mm&r=g","caption":"EurecatEG"}}]}},"_links":{"self":[{"href":"https:\/\/eurecat.org\/es\/wp-json\/wp\/v2\/posts\/114168","targetHints":{"allow":["GET"]}}],"collection":[{"href":"https:\/\/eurecat.org\/es\/wp-json\/wp\/v2\/posts"}],"about":[{"href":"https:\/\/eurecat.org\/es\/wp-json\/wp\/v2\/types\/post"}],"author":[{"embeddable":true,"href":"https:\/\/eurecat.org\/es\/wp-json\/wp\/v2\/users\/12"}],"replies":[{"embeddable":true,"href":"https:\/\/eurecat.org\/es\/wp-json\/wp\/v2\/comments?post=114168"}],"version-history":[{"count":0,"href":"https:\/\/eurecat.org\/es\/wp-json\/wp\/v2\/posts\/114168\/revisions"}],"wp:featuredmedia":[{"embeddable":true,"href":"https:\/\/eurecat.org\/es\/wp-json\/wp\/v2\/media\/113814"}],"wp:attachment":[{"href":"https:\/\/eurecat.org\/es\/wp-json\/wp\/v2\/media?parent=114168"}],"wp:term":[{"taxonomy":"category","embeddable":true,"href":"https:\/\/eurecat.org\/es\/wp-json\/wp\/v2\/categories?post=114168"},{"taxonomy":"post_tag","embeddable":true,"href":"https:\/\/eurecat.org\/es\/wp-json\/wp\/v2\/tags?post=114168"}],"curies":[{"name":"wp","href":"https:\/\/api.w.org\/{rel}","templated":true}]}}