{"id":114174,"date":"2020-06-29T15:36:00","date_gmt":"2020-06-29T15:36:00","guid":{"rendered":"https:\/\/eurecat.org\/?p=114174"},"modified":"2021-05-05T15:38:47","modified_gmt":"2021-05-05T15:38:47","slug":"editorial-mas-innovacion-que-nunca-para-transformar-los-retos-en-oportunidades","status":"publish","type":"post","link":"https:\/\/eurecat.org\/es\/editorial-mas-innovacion-que-nunca-para-transformar-los-retos-en-oportunidades\/","title":{"rendered":"Editorial: M\u00e1s innovaci\u00f3n que nunca para transformar los retos en oportunidades"},"content":{"rendered":"<p><strong><img decoding=\"async\" class=\"wp-image-113831 size-medium alignleft\" src=\"https:\/\/eurecat.org\/wp-content\/uploads\/2021\/04\/XAVIER-TORRA-1200X800-1-300x200.jpg\" alt=\"\" width=\"300\" height=\"200\" srcset=\"https:\/\/eurecat.org\/wp-content\/uploads\/2021\/04\/XAVIER-TORRA-1200X800-1-200x133.jpg 200w, https:\/\/eurecat.org\/wp-content\/uploads\/2021\/04\/XAVIER-TORRA-1200X800-1-300x200.jpg 300w, https:\/\/eurecat.org\/wp-content\/uploads\/2021\/04\/XAVIER-TORRA-1200X800-1-391x260.jpg 391w, https:\/\/eurecat.org\/wp-content\/uploads\/2021\/04\/XAVIER-TORRA-1200X800-1-400x267.jpg 400w, https:\/\/eurecat.org\/wp-content\/uploads\/2021\/04\/XAVIER-TORRA-1200X800-1-600x400.jpg 600w, https:\/\/eurecat.org\/wp-content\/uploads\/2021\/04\/XAVIER-TORRA-1200X800-1-768x512.jpg 768w, https:\/\/eurecat.org\/wp-content\/uploads\/2021\/04\/XAVIER-TORRA-1200X800-1-800x533.jpg 800w, https:\/\/eurecat.org\/wp-content\/uploads\/2021\/04\/XAVIER-TORRA-1200X800-1-1160x773.jpg 1160w, https:\/\/eurecat.org\/wp-content\/uploads\/2021\/04\/XAVIER-TORRA-1200X800-1.jpg 1200w\" sizes=\"(max-width: 300px) 100vw, 300px\" \/><\/strong><\/p>\n<p>La nueva normalidad que estamos iniciando requiere de un <strong>importante proceso de adaptaci\u00f3n<\/strong> por parte de todos para poder gestionar el nuevo escenario que ha abierto el COVID-19 <strong>evitando los riesgos y aprovechando al m\u00e1ximo las oportunidades.<\/strong> Ahora m\u00e1s que nunca <strong>es primordial ser \u00e1giles ante los cambios que vienen y la tecnolog\u00eda juega un papel fundamental<\/strong>, en t\u00e9rminos de supervivencia y de competitividad. Para facilitarlo, estamos aqu\u00ed, para ayudar a identificar las nuevas necesidades y tendencias, a fin de transformarlas en proyectos de innovaci\u00f3n.<\/p>\n<p>Estos \u00faltimos meses muchas innovaciones han estado vinculadas a dar respuesta a las nuevas necesidades dirigidas a la protecci\u00f3n de las personas, como primera prioridad. En este \u00e1mbito, un ejemplo paradigm\u00e1tico es <strong>la mascarilla ALEU<\/strong> desarrollada en Catalu\u00f1a junto con el Colegio de M\u00e9dicos de Girona y diferentes empresas, para garantizar la seguridad de los profesionales ante posibles rebrotes. Llamada ALEU en honor a la Dra. Dolors Aleu Riera, que fue la primera mujer licenciada en medicina en todo el Estado espa\u00f1ol, la mascarilla es reutilizable y reconfigurable y est\u00e1 basada, adem\u00e1s, en un dise\u00f1o colaborativo que permite ofrecer una soluci\u00f3n econ\u00f3micamente competitiva y m\u00e1s sostenible medioambientalmente, aprovechando la capacidad productiva de la industria local.<\/p>\n<p>La mascarilla ALEU ha sido uno de los elementos que <strong>el presidente de la Generalitat de Catalu\u00f1a ha podido conocer de primera mano<\/strong>, en la visita que realiz\u00f3 este mes de junio en nuestra sede en Cerdanyola del Vall\u00e8s, donde ha recorrido las instalaciones y hemos tenido ocasi\u00f3n de mostrarle las iniciativas y los proyectos de innovaci\u00f3n que hemos desarrollado al servicio de la sociedad y del tejido industrial y empresarial frente al coronavirus.<\/p>\n<p>Junto con la seguridad y la responsabilidad, la sostenibilidad es un factor clave para el futuro de la actividad tur\u00edstica ante la nueva normalidad, donde ser\u00e1 necesario adoptar estrategias y acciones promocionales basadas en la aplicaci\u00f3n de estos criterios e indicadores, seg\u00fan han puesto de relieve los expertos que han tomado parte en una jornada espec\u00edfica en la que hemos participado, de la que encontrar\u00e1 tambi\u00e9n todos los detalles en este newsletter.<\/p>\n<p>Otros proyectos relevantes que presentamos hablan del inicio de una <strong>colaboraci\u00f3n con la Universidad de las Islas Baleares<\/strong> para poner en marcha iniciativas conjuntas para grupos de investigaci\u00f3n y empresas de todo el mundo puedan llevar a cabo una investigaci\u00f3n cient\u00edfica de alto valor con hurones, que podr\u00eda contribuir a acelerar la obtenci\u00f3n de vacunas y f\u00e1rmacos, para combatir virus como el coronavirus SARS-CoV-2.<\/p>\n<p>Tambi\u00e9n os hablamos de las posibilidades que ofrece <strong>la Plastr\u00f3nica para el sector automovil\u00edstico<\/strong>, mediante la integraci\u00f3n de la electr\u00f3nica a los materiales pl\u00e1sticos para la producci\u00f3n de productos de alto valor a\u00f1adido. Y os contamos como <strong>la m\u00fasica 3D<\/strong>, tambi\u00e9n conocida como 8D, se ha posicionado como una tendencia al alza en la industria musical, ya que permite la creaci\u00f3n de nuevos efectos sonoros e inmersivos, jugando con las posiciones del sonido en el espacio y con sus movimientos, en un contexto marcado por la dificultad de acceder a experiencias en directo a ra\u00edz de las medidas establecidas para frenar el COVID-19.<\/p>\n<p>Completan los contenidos los <strong>proyectos Water-Mining<\/strong>, que tiene el objetivo de demostrar sistemas de gesti\u00f3n eficiente e inteligente del agua para avanzar hacia una econom\u00eda circular, y <strong>MED4Youth<\/strong>, que desarrollar\u00e1 un estudio sobre los beneficios de la dieta mediterr\u00e1nea para reducir la obesidad juvenil, as\u00ed como los detalles de una t\u00e9cnica pionera que permite preservar las propiedades anticancer\u00edgenas de polifenoles y flavonoides en tratamientos oncol\u00f3gicos y <strong>la convocatoria de los Premios Ruralapps<\/strong>.<\/p>\n<p>Todos ellos son ejemplos de c\u00f3mo la innovaci\u00f3n tecnol\u00f3gica se traduce en nuevas soluciones. Para hacerlo posible, es necesario encontrar primero ventanas estrat\u00e9gicas y transformarlas en proyectos de innovaci\u00f3n, que se traduzcan despu\u00e9s en nuevos procesos, nuevos productos y nuevos servicios destinados a ofrecer m\u00e1s valor a\u00f1adido. Ahora hay desaf\u00edos que no pueden esperar, as\u00ed que m\u00e1s que nunca es el momento de apostar por este camino.<\/p>\n<p><strong>Xavier Torra<br \/>\n<\/strong><strong>Presidente de Eurecat, Centro Tecnol\u00f3gico de Catalu\u00f1a<\/strong><\/p>\n","protected":false},"excerpt":{"rendered":"<p>La nueva normalidad que estamos iniciando requiere de un importante proceso de adaptaci\u00f3n por parte de todos para poder gestionar el nuevo escenario que ha abierto el COVID-19 evitando los riesgos y aprovechando al m\u00e1ximo las oportunidades. Ahora m\u00e1s que nunca es primordial ser \u00e1giles ante los cambios que vienen y la tecnolog\u00eda juega un  [&#8230;]<\/p>\n","protected":false},"author":12,"featured_media":113814,"comment_status":"closed","ping_status":"closed","sticky":false,"template":"","format":"standard","meta":{"footnotes":""},"categories":[133,2217],"tags":[],"class_list":["post-114174","post","type-post","status-publish","format-standard","has-post-thumbnail","hentry","category-blog","category-editorial"],"yoast_head":"<!-- This site is optimized with the Yoast SEO plugin v27.5 - https:\/\/yoast.com\/product\/yoast-seo-wordpress\/ -->\n<title>Editorial: M\u00e1s innovaci\u00f3n que nunca para transformar los retos en oportunidades - Eurecat<\/title>\n<meta name=\"description\" content=\"La nueva normalidad que estamos iniciando requiere de un importante proceso de adaptaci\u00f3n por parte de todos para poder gestionar el nuevo escenario que ha abierto el Covid-19 evitando los riesgos y aprovechando al m\u00e1ximo las oportunidades.\" \/>\n<meta name=\"robots\" content=\"index, follow, max-snippet:-1, max-image-preview:large, max-video-preview:-1\" \/>\n<link rel=\"canonical\" href=\"https:\/\/eurecat.org\/es\/editorial-mas-innovacion-que-nunca-para-transformar-los-retos-en-oportunidades\/\" \/>\n<meta property=\"og:locale\" content=\"es_ES\" \/>\n<meta property=\"og:type\" content=\"article\" \/>\n<meta property=\"og:title\" content=\"Editorial: M\u00e1s innovaci\u00f3n que nunca para transformar los retos en oportunidades - Eurecat\" \/>\n<meta property=\"og:description\" content=\"La nueva normalidad que estamos iniciando requiere de un importante proceso de adaptaci\u00f3n por parte de todos para poder gestionar el nuevo escenario que ha abierto el Covid-19 evitando los riesgos y aprovechando al m\u00e1ximo las oportunidades.\" \/>\n<meta property=\"og:url\" content=\"https:\/\/eurecat.org\/es\/editorial-mas-innovacion-que-nunca-para-transformar-los-retos-en-oportunidades\/\" \/>\n<meta property=\"og:site_name\" content=\"Eurecat\" \/>\n<meta property=\"article:published_time\" content=\"2020-06-29T15:36:00+00:00\" \/>\n<meta property=\"article:modified_time\" content=\"2021-05-05T15:38:47+00:00\" \/>\n<meta property=\"og:image\" content=\"https:\/\/eurecat.org\/wp-content\/uploads\/2021\/04\/XAVIER-TORRA-1200X800.jpg\" \/>\n\t<meta property=\"og:image:width\" content=\"1200\" \/>\n\t<meta property=\"og:image:height\" content=\"800\" \/>\n\t<meta property=\"og:image:type\" content=\"image\/jpeg\" \/>\n<meta name=\"author\" content=\"EurecatEG\" \/>\n<meta name=\"twitter:card\" content=\"summary_large_image\" \/>\n<meta name=\"twitter:label1\" content=\"Escrito por\" \/>\n\t<meta name=\"twitter:data1\" content=\"EurecatEG\" \/>\n\t<meta name=\"twitter:label2\" content=\"Tiempo de lectura\" \/>\n\t<meta name=\"twitter:data2\" content=\"4 minutos\" \/>\n<script type=\"application\/ld+json\" class=\"yoast-schema-graph\">{\"@context\":\"https:\\\/\\\/schema.org\",\"@graph\":[{\"@type\":\"Article\",\"@id\":\"https:\\\/\\\/eurecat.org\\\/es\\\/editorial-mas-innovacion-que-nunca-para-transformar-los-retos-en-oportunidades\\\/#article\",\"isPartOf\":{\"@id\":\"https:\\\/\\\/eurecat.org\\\/es\\\/editorial-mas-innovacion-que-nunca-para-transformar-los-retos-en-oportunidades\\\/\"},\"author\":{\"name\":\"EurecatEG\",\"@id\":\"https:\\\/\\\/eurecat.org\\\/es\\\/#\\\/schema\\\/person\\\/def9217eded50ee57a9dc4cf0c883f80\"},\"headline\":\"Editorial: M\u00e1s innovaci\u00f3n que nunca para transformar los retos en oportunidades\",\"datePublished\":\"2020-06-29T15:36:00+00:00\",\"dateModified\":\"2021-05-05T15:38:47+00:00\",\"mainEntityOfPage\":{\"@id\":\"https:\\\/\\\/eurecat.org\\\/es\\\/editorial-mas-innovacion-que-nunca-para-transformar-los-retos-en-oportunidades\\\/\"},\"wordCount\":737,\"image\":{\"@id\":\"https:\\\/\\\/eurecat.org\\\/es\\\/editorial-mas-innovacion-que-nunca-para-transformar-los-retos-en-oportunidades\\\/#primaryimage\"},\"thumbnailUrl\":\"https:\\\/\\\/eurecat.org\\\/wp-content\\\/uploads\\\/2021\\\/04\\\/XAVIER-TORRA-1200X800.jpg\",\"articleSection\":[\"Blog\",\"Editorial\"],\"inLanguage\":\"es\"},{\"@type\":\"WebPage\",\"@id\":\"https:\\\/\\\/eurecat.org\\\/es\\\/editorial-mas-innovacion-que-nunca-para-transformar-los-retos-en-oportunidades\\\/\",\"url\":\"https:\\\/\\\/eurecat.org\\\/es\\\/editorial-mas-innovacion-que-nunca-para-transformar-los-retos-en-oportunidades\\\/\",\"name\":\"Editorial: M\u00e1s innovaci\u00f3n que nunca para transformar los retos en oportunidades - Eurecat\",\"isPartOf\":{\"@id\":\"https:\\\/\\\/eurecat.org\\\/es\\\/#website\"},\"primaryImageOfPage\":{\"@id\":\"https:\\\/\\\/eurecat.org\\\/es\\\/editorial-mas-innovacion-que-nunca-para-transformar-los-retos-en-oportunidades\\\/#primaryimage\"},\"image\":{\"@id\":\"https:\\\/\\\/eurecat.org\\\/es\\\/editorial-mas-innovacion-que-nunca-para-transformar-los-retos-en-oportunidades\\\/#primaryimage\"},\"thumbnailUrl\":\"https:\\\/\\\/eurecat.org\\\/wp-content\\\/uploads\\\/2021\\\/04\\\/XAVIER-TORRA-1200X800.jpg\",\"datePublished\":\"2020-06-29T15:36:00+00:00\",\"dateModified\":\"2021-05-05T15:38:47+00:00\",\"author\":{\"@id\":\"https:\\\/\\\/eurecat.org\\\/es\\\/#\\\/schema\\\/person\\\/def9217eded50ee57a9dc4cf0c883f80\"},\"description\":\"La nueva normalidad que estamos iniciando requiere de un importante proceso de adaptaci\u00f3n por parte de todos para poder gestionar el nuevo escenario que ha abierto el Covid-19 evitando los riesgos y aprovechando al m\u00e1ximo las oportunidades.\",\"breadcrumb\":{\"@id\":\"https:\\\/\\\/eurecat.org\\\/es\\\/editorial-mas-innovacion-que-nunca-para-transformar-los-retos-en-oportunidades\\\/#breadcrumb\"},\"inLanguage\":\"es\",\"potentialAction\":[{\"@type\":\"ReadAction\",\"target\":[\"https:\\\/\\\/eurecat.org\\\/es\\\/editorial-mas-innovacion-que-nunca-para-transformar-los-retos-en-oportunidades\\\/\"]}]},{\"@type\":\"ImageObject\",\"inLanguage\":\"es\",\"@id\":\"https:\\\/\\\/eurecat.org\\\/es\\\/editorial-mas-innovacion-que-nunca-para-transformar-los-retos-en-oportunidades\\\/#primaryimage\",\"url\":\"https:\\\/\\\/eurecat.org\\\/wp-content\\\/uploads\\\/2021\\\/04\\\/XAVIER-TORRA-1200X800.jpg\",\"contentUrl\":\"https:\\\/\\\/eurecat.org\\\/wp-content\\\/uploads\\\/2021\\\/04\\\/XAVIER-TORRA-1200X800.jpg\",\"width\":1200,\"height\":800},{\"@type\":\"BreadcrumbList\",\"@id\":\"https:\\\/\\\/eurecat.org\\\/es\\\/editorial-mas-innovacion-que-nunca-para-transformar-los-retos-en-oportunidades\\\/#breadcrumb\",\"itemListElement\":[{\"@type\":\"ListItem\",\"position\":1,\"name\":\"Inici\",\"item\":\"https:\\\/\\\/eurecat.org\\\/es\\\/\"},{\"@type\":\"ListItem\",\"position\":2,\"name\":\"Editorial: M\u00e1s innovaci\u00f3n que nunca para transformar los retos en oportunidades\"}]},{\"@type\":\"WebSite\",\"@id\":\"https:\\\/\\\/eurecat.org\\\/es\\\/#website\",\"url\":\"https:\\\/\\\/eurecat.org\\\/es\\\/\",\"name\":\"Eurecat\",\"description\":\"Otro sitio realizado con WordPress\",\"potentialAction\":[{\"@type\":\"SearchAction\",\"target\":{\"@type\":\"EntryPoint\",\"urlTemplate\":\"https:\\\/\\\/eurecat.org\\\/es\\\/?s={search_term_string}\"},\"query-input\":{\"@type\":\"PropertyValueSpecification\",\"valueRequired\":true,\"valueName\":\"search_term_string\"}}],\"inLanguage\":\"es\"},{\"@type\":\"Person\",\"@id\":\"https:\\\/\\\/eurecat.org\\\/es\\\/#\\\/schema\\\/person\\\/def9217eded50ee57a9dc4cf0c883f80\",\"name\":\"EurecatEG\",\"image\":{\"@type\":\"ImageObject\",\"inLanguage\":\"es\",\"@id\":\"https:\\\/\\\/secure.gravatar.com\\\/avatar\\\/f40dd9b6ecd3e5c591f3c9b033e495ee0ec9877ba77249fbf268b3889350c824?s=96&d=mm&r=g\",\"url\":\"https:\\\/\\\/secure.gravatar.com\\\/avatar\\\/f40dd9b6ecd3e5c591f3c9b033e495ee0ec9877ba77249fbf268b3889350c824?s=96&d=mm&r=g\",\"contentUrl\":\"https:\\\/\\\/secure.gravatar.com\\\/avatar\\\/f40dd9b6ecd3e5c591f3c9b033e495ee0ec9877ba77249fbf268b3889350c824?s=96&d=mm&r=g\",\"caption\":\"EurecatEG\"}}]}<\/script>\n<!-- \/ Yoast SEO plugin. -->","yoast_head_json":{"title":"Editorial: M\u00e1s innovaci\u00f3n que nunca para transformar los retos en oportunidades - Eurecat","description":"La nueva normalidad que estamos iniciando requiere de un importante proceso de adaptaci\u00f3n por parte de todos para poder gestionar el nuevo escenario que ha abierto el Covid-19 evitando los riesgos y aprovechando al m\u00e1ximo las oportunidades.","robots":{"index":"index","follow":"follow","max-snippet":"max-snippet:-1","max-image-preview":"max-image-preview:large","max-video-preview":"max-video-preview:-1"},"canonical":"https:\/\/eurecat.org\/es\/editorial-mas-innovacion-que-nunca-para-transformar-los-retos-en-oportunidades\/","og_locale":"es_ES","og_type":"article","og_title":"Editorial: M\u00e1s innovaci\u00f3n que nunca para transformar los retos en oportunidades - Eurecat","og_description":"La nueva normalidad que estamos iniciando requiere de un importante proceso de adaptaci\u00f3n por parte de todos para poder gestionar el nuevo escenario que ha abierto el Covid-19 evitando los riesgos y aprovechando al m\u00e1ximo las oportunidades.","og_url":"https:\/\/eurecat.org\/es\/editorial-mas-innovacion-que-nunca-para-transformar-los-retos-en-oportunidades\/","og_site_name":"Eurecat","article_published_time":"2020-06-29T15:36:00+00:00","article_modified_time":"2021-05-05T15:38:47+00:00","og_image":[{"width":1200,"height":800,"url":"https:\/\/eurecat.org\/wp-content\/uploads\/2021\/04\/XAVIER-TORRA-1200X800.jpg","type":"image\/jpeg"}],"author":"EurecatEG","twitter_card":"summary_large_image","twitter_misc":{"Escrito por":"EurecatEG","Tiempo de lectura":"4 minutos"},"schema":{"@context":"https:\/\/schema.org","@graph":[{"@type":"Article","@id":"https:\/\/eurecat.org\/es\/editorial-mas-innovacion-que-nunca-para-transformar-los-retos-en-oportunidades\/#article","isPartOf":{"@id":"https:\/\/eurecat.org\/es\/editorial-mas-innovacion-que-nunca-para-transformar-los-retos-en-oportunidades\/"},"author":{"name":"EurecatEG","@id":"https:\/\/eurecat.org\/es\/#\/schema\/person\/def9217eded50ee57a9dc4cf0c883f80"},"headline":"Editorial: M\u00e1s innovaci\u00f3n que nunca para transformar los retos en oportunidades","datePublished":"2020-06-29T15:36:00+00:00","dateModified":"2021-05-05T15:38:47+00:00","mainEntityOfPage":{"@id":"https:\/\/eurecat.org\/es\/editorial-mas-innovacion-que-nunca-para-transformar-los-retos-en-oportunidades\/"},"wordCount":737,"image":{"@id":"https:\/\/eurecat.org\/es\/editorial-mas-innovacion-que-nunca-para-transformar-los-retos-en-oportunidades\/#primaryimage"},"thumbnailUrl":"https:\/\/eurecat.org\/wp-content\/uploads\/2021\/04\/XAVIER-TORRA-1200X800.jpg","articleSection":["Blog","Editorial"],"inLanguage":"es"},{"@type":"WebPage","@id":"https:\/\/eurecat.org\/es\/editorial-mas-innovacion-que-nunca-para-transformar-los-retos-en-oportunidades\/","url":"https:\/\/eurecat.org\/es\/editorial-mas-innovacion-que-nunca-para-transformar-los-retos-en-oportunidades\/","name":"Editorial: M\u00e1s innovaci\u00f3n que nunca para transformar los retos en oportunidades - Eurecat","isPartOf":{"@id":"https:\/\/eurecat.org\/es\/#website"},"primaryImageOfPage":{"@id":"https:\/\/eurecat.org\/es\/editorial-mas-innovacion-que-nunca-para-transformar-los-retos-en-oportunidades\/#primaryimage"},"image":{"@id":"https:\/\/eurecat.org\/es\/editorial-mas-innovacion-que-nunca-para-transformar-los-retos-en-oportunidades\/#primaryimage"},"thumbnailUrl":"https:\/\/eurecat.org\/wp-content\/uploads\/2021\/04\/XAVIER-TORRA-1200X800.jpg","datePublished":"2020-06-29T15:36:00+00:00","dateModified":"2021-05-05T15:38:47+00:00","author":{"@id":"https:\/\/eurecat.org\/es\/#\/schema\/person\/def9217eded50ee57a9dc4cf0c883f80"},"description":"La nueva normalidad que estamos iniciando requiere de un importante proceso de adaptaci\u00f3n por parte de todos para poder gestionar el nuevo escenario que ha abierto el Covid-19 evitando los riesgos y aprovechando al m\u00e1ximo las oportunidades.","breadcrumb":{"@id":"https:\/\/eurecat.org\/es\/editorial-mas-innovacion-que-nunca-para-transformar-los-retos-en-oportunidades\/#breadcrumb"},"inLanguage":"es","potentialAction":[{"@type":"ReadAction","target":["https:\/\/eurecat.org\/es\/editorial-mas-innovacion-que-nunca-para-transformar-los-retos-en-oportunidades\/"]}]},{"@type":"ImageObject","inLanguage":"es","@id":"https:\/\/eurecat.org\/es\/editorial-mas-innovacion-que-nunca-para-transformar-los-retos-en-oportunidades\/#primaryimage","url":"https:\/\/eurecat.org\/wp-content\/uploads\/2021\/04\/XAVIER-TORRA-1200X800.jpg","contentUrl":"https:\/\/eurecat.org\/wp-content\/uploads\/2021\/04\/XAVIER-TORRA-1200X800.jpg","width":1200,"height":800},{"@type":"BreadcrumbList","@id":"https:\/\/eurecat.org\/es\/editorial-mas-innovacion-que-nunca-para-transformar-los-retos-en-oportunidades\/#breadcrumb","itemListElement":[{"@type":"ListItem","position":1,"name":"Inici","item":"https:\/\/eurecat.org\/es\/"},{"@type":"ListItem","position":2,"name":"Editorial: M\u00e1s innovaci\u00f3n que nunca para transformar los retos en oportunidades"}]},{"@type":"WebSite","@id":"https:\/\/eurecat.org\/es\/#website","url":"https:\/\/eurecat.org\/es\/","name":"Eurecat","description":"Otro sitio realizado con WordPress","potentialAction":[{"@type":"SearchAction","target":{"@type":"EntryPoint","urlTemplate":"https:\/\/eurecat.org\/es\/?s={search_term_string}"},"query-input":{"@type":"PropertyValueSpecification","valueRequired":true,"valueName":"search_term_string"}}],"inLanguage":"es"},{"@type":"Person","@id":"https:\/\/eurecat.org\/es\/#\/schema\/person\/def9217eded50ee57a9dc4cf0c883f80","name":"EurecatEG","image":{"@type":"ImageObject","inLanguage":"es","@id":"https:\/\/secure.gravatar.com\/avatar\/f40dd9b6ecd3e5c591f3c9b033e495ee0ec9877ba77249fbf268b3889350c824?s=96&d=mm&r=g","url":"https:\/\/secure.gravatar.com\/avatar\/f40dd9b6ecd3e5c591f3c9b033e495ee0ec9877ba77249fbf268b3889350c824?s=96&d=mm&r=g","contentUrl":"https:\/\/secure.gravatar.com\/avatar\/f40dd9b6ecd3e5c591f3c9b033e495ee0ec9877ba77249fbf268b3889350c824?s=96&d=mm&r=g","caption":"EurecatEG"}}]}},"_links":{"self":[{"href":"https:\/\/eurecat.org\/es\/wp-json\/wp\/v2\/posts\/114174","targetHints":{"allow":["GET"]}}],"collection":[{"href":"https:\/\/eurecat.org\/es\/wp-json\/wp\/v2\/posts"}],"about":[{"href":"https:\/\/eurecat.org\/es\/wp-json\/wp\/v2\/types\/post"}],"author":[{"embeddable":true,"href":"https:\/\/eurecat.org\/es\/wp-json\/wp\/v2\/users\/12"}],"replies":[{"embeddable":true,"href":"https:\/\/eurecat.org\/es\/wp-json\/wp\/v2\/comments?post=114174"}],"version-history":[{"count":0,"href":"https:\/\/eurecat.org\/es\/wp-json\/wp\/v2\/posts\/114174\/revisions"}],"wp:featuredmedia":[{"embeddable":true,"href":"https:\/\/eurecat.org\/es\/wp-json\/wp\/v2\/media\/113814"}],"wp:attachment":[{"href":"https:\/\/eurecat.org\/es\/wp-json\/wp\/v2\/media?parent=114174"}],"wp:term":[{"taxonomy":"category","embeddable":true,"href":"https:\/\/eurecat.org\/es\/wp-json\/wp\/v2\/categories?post=114174"},{"taxonomy":"post_tag","embeddable":true,"href":"https:\/\/eurecat.org\/es\/wp-json\/wp\/v2\/tags?post=114174"}],"curies":[{"name":"wp","href":"https:\/\/api.w.org\/{rel}","templated":true}]}}