{"id":114188,"date":"2020-10-28T15:50:57","date_gmt":"2020-10-28T15:50:57","guid":{"rendered":"https:\/\/eurecat.org\/?p=114188"},"modified":"2021-05-05T15:53:48","modified_gmt":"2021-05-05T15:53:48","slug":"editorial-oportunidades-de-futuro","status":"publish","type":"post","link":"https:\/\/eurecat.org\/es\/editorial-oportunidades-de-futuro\/","title":{"rendered":"Editorial: Oportunidades de futuro"},"content":{"rendered":"<p><img decoding=\"async\" class=\"wp-image-99544 size-medium alignleft\" src=\"https:\/\/eurecat.org\/wp-content\/uploads\/2020\/04\/xavier-torra-600-X-400-300x200.jpg\" alt=\"\" width=\"300\" height=\"200\" srcset=\"https:\/\/eurecat.org\/wp-content\/uploads\/2020\/04\/xavier-torra-600-X-400-200x133.jpg 200w, https:\/\/eurecat.org\/wp-content\/uploads\/2020\/04\/xavier-torra-600-X-400-300x200.jpg 300w, https:\/\/eurecat.org\/wp-content\/uploads\/2020\/04\/xavier-torra-600-X-400-400x267.jpg 400w, https:\/\/eurecat.org\/wp-content\/uploads\/2020\/04\/xavier-torra-600-X-400.jpg 600w\" sizes=\"(max-width: 300px) 100vw, 300px\" \/><\/p>\n<p>La <strong>transici\u00f3n ecol\u00f3gica, la digitalizaci\u00f3n y la reindustrializaci\u00f3n son puntales de los fondos europeos de recuperaci\u00f3n<\/strong> que deben contribuir a establecer las l\u00edneas que marcar\u00e1n el futuro escenario econ\u00f3mico y social. Desde Eurecat, <strong>estamos preparados para aportar soluciones tecnol\u00f3gicas punteras para sumar con todos los agentes p\u00fablicos y privados y dar forma a los proyectos tractores que deben marcar la diferencia<\/strong>, incidiendo en las \u00e1reas y sectores donde hay realmente oportunidades estrat\u00e9gicas y diferenciales.<\/p>\n<p>La implementaci\u00f3n de <strong>herramientas de inteligencia y la transici\u00f3n digital son vertientes claves<\/strong>,<strong> junto con la biotecnolog\u00eda y la agroalimentaci\u00f3n, la salud inteligente, la nueva movilidad y las nuevas fuentes energ\u00e9ticas<\/strong>, por citar ejemplos de actividades con un gran potencial en todo tipo de entornos industriales y de servicios, con gran recorrido en \u00e1reas tan interesantes para nuestra econom\u00eda como la fabricaci\u00f3n avanzada y el turismo, por mencionat dos casos muy diferentes e importantes a la vez.<\/p>\n<p>Dentro de este marco, es fundamental partir de una reflexi\u00f3n previa profunda que permita abrir <strong>nuevas perspectivas con una mirada ambiciosa, con el fin de generar v\u00edas de valor orientadas a asegurar el bienestar, la sostenibilidad y la prosperidad del pa\u00eds<\/strong>, en forma de propuestas excelentemente enfocadas, planteadas y ejecutadas.<\/p>\n<p>Iremos compartiendo todos los avances que hacemos en esta l\u00ednea en este newsletter mensual, donde este mes os acercamos algunas claves para la reactivaci\u00f3n del sector tur\u00edstico que se pusieron de manifiesto en la \u00faltima edici\u00f3n del <strong>Forum TurisTIC<\/strong>, as\u00ed como las conclusiones del <strong>AI&amp;Big Data Congress<\/strong>, que ha subrayado la capacidad de predicci\u00f3n que ofrece la Inteligencia Artificial como ventaja competitiva para las empresas, en un contexto como el actual.<\/p>\n<p>Entre los contenidos que hemos preparado, encontrar\u00e1 tambi\u00e9n los detalles de una nueva plataforma m\u00e9dica para diagnosticar problemas en pacientes cr\u00f3nicos y del <strong>proyecto europeo MADRAS<\/strong>, que desarrollar\u00e1 nuevos materiales y procesos de fabricaci\u00f3n para la producci\u00f3n escalable a nivel industrial de dispositivos electr\u00f3nicos org\u00e1nicos, tambi\u00e9n conocidos como dispositivos OLAE.<\/p>\n<p>Desde Eurecat Reus, lideramos el <strong>consorcio Red TecnomiFood<\/strong>, que dedicar\u00e1 cerca de 4 millones de euros en los pr\u00f3ximos tres a\u00f1os a establecer una estrategia coordinada para optimizar el desarrollo industrial de alimentos, ingredientes funcionales y nutrac\u00e9uticos mediante el uso de las tecnolog\u00edas \u00f3micas, que engloban campos de investigaci\u00f3n con un gran potencial en la esfera de la nutrici\u00f3n personalizada.<\/p>\n<p>En el \u00e1rea biotecnol\u00f3gica, Eurecat Reus ha lanzado tambi\u00e9n <strong>una llamada con el objetivo de encontrar voluntarios que ayuden a probar una nueva aplicaci\u00f3n<\/strong> que les aportar\u00e1 consejos personalizados de nutrici\u00f3n y de estilo de vida saludable, teniendo en cuenta los rasgos f\u00edsicos y conductuales de cada persona y sus preferencias, condici\u00f3n y metabolismo.<\/p>\n<p>Adem\u00e1s, hemos sido elegidos, junto con la empresa catalana <strong>8wires<\/strong>, para participar en un proyecto europeo, con el objetivo de mejorar la preparaci\u00f3n de los pacientes antes de someterse a una intervenci\u00f3n quir\u00fargica.<\/p>\n<p>Otras informaciones que hemos recogido hablan de la <strong>adopci\u00f3n de los Objetivos de Desarrollo Sostenible de la Agenda 2030<\/strong> como v\u00eda para avanzar hacia destinos tur\u00edsticos m\u00e1s responsables. Tambi\u00e9n os anticipamos que Eurecat organiza, junto con la Universidad Tecnol\u00f3gica de Lule\u00e5, Suecia, la pr\u00f3xima edici\u00f3n de la conferencia internacional <a href=\"http:\/\/www.chs2.eu\/\"><strong>CHS2<\/strong><\/a>, el principal evento sobre estampaci\u00f3n en caliente de aceros de alta resistencia, que tendr\u00e1 lugar por primera vez en Barcelona.<\/p>\n<p><strong>Xavier Torra<br \/>\n<\/strong><strong>Presidente de Eurecat, Centro Tecnol\u00f3gico de Catalu\u00f1a<\/strong><\/p>\n","protected":false},"excerpt":{"rendered":"<p>La transici\u00f3n ecol\u00f3gica, la digitalizaci\u00f3n y la reindustrializaci\u00f3n son puntales de los fondos europeos de recuperaci\u00f3n que deben contribuir a establecer las l\u00edneas que marcar\u00e1n el futuro escenario econ\u00f3mico y social. Desde Eurecat, estamos preparados para aportar soluciones tecnol\u00f3gicas punteras para sumar con todos los agentes p\u00fablicos y privados y dar forma a los proyectos  [&#8230;]<\/p>\n","protected":false},"author":12,"featured_media":99546,"comment_status":"open","ping_status":"closed","sticky":false,"template":"","format":"standard","meta":{"footnotes":""},"categories":[133,2217],"tags":[],"class_list":["post-114188","post","type-post","status-publish","format-standard","has-post-thumbnail","hentry","category-blog","category-editorial"],"yoast_head":"<!-- This site is optimized with the Yoast SEO plugin v27.4 - https:\/\/yoast.com\/product\/yoast-seo-wordpress\/ -->\n<title>Editorial: Oportunidades de futuro - Eurecat<\/title>\n<meta name=\"description\" content=\"La transici\u00f3n ecol\u00f3gica, la digitalizaci\u00f3n y la reindustrializaci\u00f3n son puntales de los fondos europeos de recuperaci\u00f3n que deben contribuir a establecer las l\u00edneas que marcar\u00e1n el futuro escenario econ\u00f3mico y social. Desde Eurecat, estamos preparados para aportar soluciones tecnol\u00f3gicas punteras para sumar con todos los agentes p\u00fablicos y privados y dar forma a los proyectos tractores que deben marcar la diferencia, incidiendo en las \u00e1reas y sectores donde hay realmente oportunidades estrat\u00e9gicas y diferenciales.\" \/>\n<meta name=\"robots\" content=\"index, follow, max-snippet:-1, max-image-preview:large, max-video-preview:-1\" \/>\n<link rel=\"canonical\" href=\"https:\/\/eurecat.org\/es\/editorial-oportunidades-de-futuro\/\" \/>\n<meta property=\"og:locale\" content=\"es_ES\" \/>\n<meta property=\"og:type\" content=\"article\" \/>\n<meta property=\"og:title\" content=\"Editorial: Oportunidades de futuro - Eurecat\" \/>\n<meta property=\"og:description\" content=\"La transici\u00f3n ecol\u00f3gica, la digitalizaci\u00f3n y la reindustrializaci\u00f3n son puntales de los fondos europeos de recuperaci\u00f3n que deben contribuir a establecer las l\u00edneas que marcar\u00e1n el futuro escenario econ\u00f3mico y social. Desde Eurecat, estamos preparados para aportar soluciones tecnol\u00f3gicas punteras para sumar con todos los agentes p\u00fablicos y privados y dar forma a los proyectos tractores que deben marcar la diferencia, incidiendo en las \u00e1reas y sectores donde hay realmente oportunidades estrat\u00e9gicas y diferenciales.\" \/>\n<meta property=\"og:url\" content=\"https:\/\/eurecat.org\/es\/editorial-oportunidades-de-futuro\/\" \/>\n<meta property=\"og:site_name\" content=\"Eurecat\" \/>\n<meta property=\"article:published_time\" content=\"2020-10-28T15:50:57+00:00\" \/>\n<meta property=\"article:modified_time\" content=\"2021-05-05T15:53:48+00:00\" \/>\n<meta property=\"og:image\" content=\"https:\/\/eurecat.org\/wp-content\/uploads\/2020\/04\/xavier-torra-600-X-400.jpg\" \/>\n\t<meta property=\"og:image:width\" content=\"600\" \/>\n\t<meta property=\"og:image:height\" content=\"400\" \/>\n\t<meta property=\"og:image:type\" content=\"image\/jpeg\" \/>\n<meta name=\"author\" content=\"EurecatEG\" \/>\n<meta name=\"twitter:card\" content=\"summary_large_image\" \/>\n<meta name=\"twitter:label1\" content=\"Escrito por\" \/>\n\t<meta name=\"twitter:data1\" content=\"EurecatEG\" \/>\n\t<meta name=\"twitter:label2\" content=\"Tiempo de lectura\" \/>\n\t<meta name=\"twitter:data2\" content=\"3 minutos\" \/>\n<script type=\"application\/ld+json\" class=\"yoast-schema-graph\">{\"@context\":\"https:\\\/\\\/schema.org\",\"@graph\":[{\"@type\":\"Article\",\"@id\":\"https:\\\/\\\/eurecat.org\\\/es\\\/editorial-oportunidades-de-futuro\\\/#article\",\"isPartOf\":{\"@id\":\"https:\\\/\\\/eurecat.org\\\/es\\\/editorial-oportunidades-de-futuro\\\/\"},\"author\":{\"name\":\"EurecatEG\",\"@id\":\"https:\\\/\\\/eurecat.org\\\/es\\\/#\\\/schema\\\/person\\\/def9217eded50ee57a9dc4cf0c883f80\"},\"headline\":\"Editorial: Oportunidades de futuro\",\"datePublished\":\"2020-10-28T15:50:57+00:00\",\"dateModified\":\"2021-05-05T15:53:48+00:00\",\"mainEntityOfPage\":{\"@id\":\"https:\\\/\\\/eurecat.org\\\/es\\\/editorial-oportunidades-de-futuro\\\/\"},\"wordCount\":613,\"commentCount\":0,\"image\":{\"@id\":\"https:\\\/\\\/eurecat.org\\\/es\\\/editorial-oportunidades-de-futuro\\\/#primaryimage\"},\"thumbnailUrl\":\"https:\\\/\\\/eurecat.org\\\/wp-content\\\/uploads\\\/2020\\\/04\\\/xavier-torra-600-X-400.jpg\",\"articleSection\":[\"Blog\",\"Editorial\"],\"inLanguage\":\"es\",\"potentialAction\":[{\"@type\":\"CommentAction\",\"name\":\"Comment\",\"target\":[\"https:\\\/\\\/eurecat.org\\\/es\\\/editorial-oportunidades-de-futuro\\\/#respond\"]}]},{\"@type\":\"WebPage\",\"@id\":\"https:\\\/\\\/eurecat.org\\\/es\\\/editorial-oportunidades-de-futuro\\\/\",\"url\":\"https:\\\/\\\/eurecat.org\\\/es\\\/editorial-oportunidades-de-futuro\\\/\",\"name\":\"Editorial: Oportunidades de futuro - Eurecat\",\"isPartOf\":{\"@id\":\"https:\\\/\\\/eurecat.org\\\/es\\\/#website\"},\"primaryImageOfPage\":{\"@id\":\"https:\\\/\\\/eurecat.org\\\/es\\\/editorial-oportunidades-de-futuro\\\/#primaryimage\"},\"image\":{\"@id\":\"https:\\\/\\\/eurecat.org\\\/es\\\/editorial-oportunidades-de-futuro\\\/#primaryimage\"},\"thumbnailUrl\":\"https:\\\/\\\/eurecat.org\\\/wp-content\\\/uploads\\\/2020\\\/04\\\/xavier-torra-600-X-400.jpg\",\"datePublished\":\"2020-10-28T15:50:57+00:00\",\"dateModified\":\"2021-05-05T15:53:48+00:00\",\"author\":{\"@id\":\"https:\\\/\\\/eurecat.org\\\/es\\\/#\\\/schema\\\/person\\\/def9217eded50ee57a9dc4cf0c883f80\"},\"description\":\"La transici\u00f3n ecol\u00f3gica, la digitalizaci\u00f3n y la reindustrializaci\u00f3n son puntales de los fondos europeos de recuperaci\u00f3n que deben contribuir a establecer las l\u00edneas que marcar\u00e1n el futuro escenario econ\u00f3mico y social. Desde Eurecat, estamos preparados para aportar soluciones tecnol\u00f3gicas punteras para sumar con todos los agentes p\u00fablicos y privados y dar forma a los proyectos tractores que deben marcar la diferencia, incidiendo en las \u00e1reas y sectores donde hay realmente oportunidades estrat\u00e9gicas y diferenciales.\",\"breadcrumb\":{\"@id\":\"https:\\\/\\\/eurecat.org\\\/es\\\/editorial-oportunidades-de-futuro\\\/#breadcrumb\"},\"inLanguage\":\"es\",\"potentialAction\":[{\"@type\":\"ReadAction\",\"target\":[\"https:\\\/\\\/eurecat.org\\\/es\\\/editorial-oportunidades-de-futuro\\\/\"]}]},{\"@type\":\"ImageObject\",\"inLanguage\":\"es\",\"@id\":\"https:\\\/\\\/eurecat.org\\\/es\\\/editorial-oportunidades-de-futuro\\\/#primaryimage\",\"url\":\"https:\\\/\\\/eurecat.org\\\/wp-content\\\/uploads\\\/2020\\\/04\\\/xavier-torra-600-X-400.jpg\",\"contentUrl\":\"https:\\\/\\\/eurecat.org\\\/wp-content\\\/uploads\\\/2020\\\/04\\\/xavier-torra-600-X-400.jpg\",\"width\":600,\"height\":400},{\"@type\":\"BreadcrumbList\",\"@id\":\"https:\\\/\\\/eurecat.org\\\/es\\\/editorial-oportunidades-de-futuro\\\/#breadcrumb\",\"itemListElement\":[{\"@type\":\"ListItem\",\"position\":1,\"name\":\"Inici\",\"item\":\"https:\\\/\\\/eurecat.org\\\/es\\\/\"},{\"@type\":\"ListItem\",\"position\":2,\"name\":\"Editorial: Oportunidades de futuro\"}]},{\"@type\":\"WebSite\",\"@id\":\"https:\\\/\\\/eurecat.org\\\/es\\\/#website\",\"url\":\"https:\\\/\\\/eurecat.org\\\/es\\\/\",\"name\":\"Eurecat\",\"description\":\"Otro sitio realizado con WordPress\",\"potentialAction\":[{\"@type\":\"SearchAction\",\"target\":{\"@type\":\"EntryPoint\",\"urlTemplate\":\"https:\\\/\\\/eurecat.org\\\/es\\\/?s={search_term_string}\"},\"query-input\":{\"@type\":\"PropertyValueSpecification\",\"valueRequired\":true,\"valueName\":\"search_term_string\"}}],\"inLanguage\":\"es\"},{\"@type\":\"Person\",\"@id\":\"https:\\\/\\\/eurecat.org\\\/es\\\/#\\\/schema\\\/person\\\/def9217eded50ee57a9dc4cf0c883f80\",\"name\":\"EurecatEG\",\"image\":{\"@type\":\"ImageObject\",\"inLanguage\":\"es\",\"@id\":\"https:\\\/\\\/secure.gravatar.com\\\/avatar\\\/f40dd9b6ecd3e5c591f3c9b033e495ee0ec9877ba77249fbf268b3889350c824?s=96&d=mm&r=g\",\"url\":\"https:\\\/\\\/secure.gravatar.com\\\/avatar\\\/f40dd9b6ecd3e5c591f3c9b033e495ee0ec9877ba77249fbf268b3889350c824?s=96&d=mm&r=g\",\"contentUrl\":\"https:\\\/\\\/secure.gravatar.com\\\/avatar\\\/f40dd9b6ecd3e5c591f3c9b033e495ee0ec9877ba77249fbf268b3889350c824?s=96&d=mm&r=g\",\"caption\":\"EurecatEG\"}}]}<\/script>\n<!-- \/ Yoast SEO plugin. -->","yoast_head_json":{"title":"Editorial: Oportunidades de futuro - Eurecat","description":"La transici\u00f3n ecol\u00f3gica, la digitalizaci\u00f3n y la reindustrializaci\u00f3n son puntales de los fondos europeos de recuperaci\u00f3n que deben contribuir a establecer las l\u00edneas que marcar\u00e1n el futuro escenario econ\u00f3mico y social. Desde Eurecat, estamos preparados para aportar soluciones tecnol\u00f3gicas punteras para sumar con todos los agentes p\u00fablicos y privados y dar forma a los proyectos tractores que deben marcar la diferencia, incidiendo en las \u00e1reas y sectores donde hay realmente oportunidades estrat\u00e9gicas y diferenciales.","robots":{"index":"index","follow":"follow","max-snippet":"max-snippet:-1","max-image-preview":"max-image-preview:large","max-video-preview":"max-video-preview:-1"},"canonical":"https:\/\/eurecat.org\/es\/editorial-oportunidades-de-futuro\/","og_locale":"es_ES","og_type":"article","og_title":"Editorial: Oportunidades de futuro - Eurecat","og_description":"La transici\u00f3n ecol\u00f3gica, la digitalizaci\u00f3n y la reindustrializaci\u00f3n son puntales de los fondos europeos de recuperaci\u00f3n que deben contribuir a establecer las l\u00edneas que marcar\u00e1n el futuro escenario econ\u00f3mico y social. Desde Eurecat, estamos preparados para aportar soluciones tecnol\u00f3gicas punteras para sumar con todos los agentes p\u00fablicos y privados y dar forma a los proyectos tractores que deben marcar la diferencia, incidiendo en las \u00e1reas y sectores donde hay realmente oportunidades estrat\u00e9gicas y diferenciales.","og_url":"https:\/\/eurecat.org\/es\/editorial-oportunidades-de-futuro\/","og_site_name":"Eurecat","article_published_time":"2020-10-28T15:50:57+00:00","article_modified_time":"2021-05-05T15:53:48+00:00","og_image":[{"width":600,"height":400,"url":"https:\/\/eurecat.org\/wp-content\/uploads\/2020\/04\/xavier-torra-600-X-400.jpg","type":"image\/jpeg"}],"author":"EurecatEG","twitter_card":"summary_large_image","twitter_misc":{"Escrito por":"EurecatEG","Tiempo de lectura":"3 minutos"},"schema":{"@context":"https:\/\/schema.org","@graph":[{"@type":"Article","@id":"https:\/\/eurecat.org\/es\/editorial-oportunidades-de-futuro\/#article","isPartOf":{"@id":"https:\/\/eurecat.org\/es\/editorial-oportunidades-de-futuro\/"},"author":{"name":"EurecatEG","@id":"https:\/\/eurecat.org\/es\/#\/schema\/person\/def9217eded50ee57a9dc4cf0c883f80"},"headline":"Editorial: Oportunidades de futuro","datePublished":"2020-10-28T15:50:57+00:00","dateModified":"2021-05-05T15:53:48+00:00","mainEntityOfPage":{"@id":"https:\/\/eurecat.org\/es\/editorial-oportunidades-de-futuro\/"},"wordCount":613,"commentCount":0,"image":{"@id":"https:\/\/eurecat.org\/es\/editorial-oportunidades-de-futuro\/#primaryimage"},"thumbnailUrl":"https:\/\/eurecat.org\/wp-content\/uploads\/2020\/04\/xavier-torra-600-X-400.jpg","articleSection":["Blog","Editorial"],"inLanguage":"es","potentialAction":[{"@type":"CommentAction","name":"Comment","target":["https:\/\/eurecat.org\/es\/editorial-oportunidades-de-futuro\/#respond"]}]},{"@type":"WebPage","@id":"https:\/\/eurecat.org\/es\/editorial-oportunidades-de-futuro\/","url":"https:\/\/eurecat.org\/es\/editorial-oportunidades-de-futuro\/","name":"Editorial: Oportunidades de futuro - Eurecat","isPartOf":{"@id":"https:\/\/eurecat.org\/es\/#website"},"primaryImageOfPage":{"@id":"https:\/\/eurecat.org\/es\/editorial-oportunidades-de-futuro\/#primaryimage"},"image":{"@id":"https:\/\/eurecat.org\/es\/editorial-oportunidades-de-futuro\/#primaryimage"},"thumbnailUrl":"https:\/\/eurecat.org\/wp-content\/uploads\/2020\/04\/xavier-torra-600-X-400.jpg","datePublished":"2020-10-28T15:50:57+00:00","dateModified":"2021-05-05T15:53:48+00:00","author":{"@id":"https:\/\/eurecat.org\/es\/#\/schema\/person\/def9217eded50ee57a9dc4cf0c883f80"},"description":"La transici\u00f3n ecol\u00f3gica, la digitalizaci\u00f3n y la reindustrializaci\u00f3n son puntales de los fondos europeos de recuperaci\u00f3n que deben contribuir a establecer las l\u00edneas que marcar\u00e1n el futuro escenario econ\u00f3mico y social. Desde Eurecat, estamos preparados para aportar soluciones tecnol\u00f3gicas punteras para sumar con todos los agentes p\u00fablicos y privados y dar forma a los proyectos tractores que deben marcar la diferencia, incidiendo en las \u00e1reas y sectores donde hay realmente oportunidades estrat\u00e9gicas y diferenciales.","breadcrumb":{"@id":"https:\/\/eurecat.org\/es\/editorial-oportunidades-de-futuro\/#breadcrumb"},"inLanguage":"es","potentialAction":[{"@type":"ReadAction","target":["https:\/\/eurecat.org\/es\/editorial-oportunidades-de-futuro\/"]}]},{"@type":"ImageObject","inLanguage":"es","@id":"https:\/\/eurecat.org\/es\/editorial-oportunidades-de-futuro\/#primaryimage","url":"https:\/\/eurecat.org\/wp-content\/uploads\/2020\/04\/xavier-torra-600-X-400.jpg","contentUrl":"https:\/\/eurecat.org\/wp-content\/uploads\/2020\/04\/xavier-torra-600-X-400.jpg","width":600,"height":400},{"@type":"BreadcrumbList","@id":"https:\/\/eurecat.org\/es\/editorial-oportunidades-de-futuro\/#breadcrumb","itemListElement":[{"@type":"ListItem","position":1,"name":"Inici","item":"https:\/\/eurecat.org\/es\/"},{"@type":"ListItem","position":2,"name":"Editorial: Oportunidades de futuro"}]},{"@type":"WebSite","@id":"https:\/\/eurecat.org\/es\/#website","url":"https:\/\/eurecat.org\/es\/","name":"Eurecat","description":"Otro sitio realizado con WordPress","potentialAction":[{"@type":"SearchAction","target":{"@type":"EntryPoint","urlTemplate":"https:\/\/eurecat.org\/es\/?s={search_term_string}"},"query-input":{"@type":"PropertyValueSpecification","valueRequired":true,"valueName":"search_term_string"}}],"inLanguage":"es"},{"@type":"Person","@id":"https:\/\/eurecat.org\/es\/#\/schema\/person\/def9217eded50ee57a9dc4cf0c883f80","name":"EurecatEG","image":{"@type":"ImageObject","inLanguage":"es","@id":"https:\/\/secure.gravatar.com\/avatar\/f40dd9b6ecd3e5c591f3c9b033e495ee0ec9877ba77249fbf268b3889350c824?s=96&d=mm&r=g","url":"https:\/\/secure.gravatar.com\/avatar\/f40dd9b6ecd3e5c591f3c9b033e495ee0ec9877ba77249fbf268b3889350c824?s=96&d=mm&r=g","contentUrl":"https:\/\/secure.gravatar.com\/avatar\/f40dd9b6ecd3e5c591f3c9b033e495ee0ec9877ba77249fbf268b3889350c824?s=96&d=mm&r=g","caption":"EurecatEG"}}]}},"_links":{"self":[{"href":"https:\/\/eurecat.org\/es\/wp-json\/wp\/v2\/posts\/114188","targetHints":{"allow":["GET"]}}],"collection":[{"href":"https:\/\/eurecat.org\/es\/wp-json\/wp\/v2\/posts"}],"about":[{"href":"https:\/\/eurecat.org\/es\/wp-json\/wp\/v2\/types\/post"}],"author":[{"embeddable":true,"href":"https:\/\/eurecat.org\/es\/wp-json\/wp\/v2\/users\/12"}],"replies":[{"embeddable":true,"href":"https:\/\/eurecat.org\/es\/wp-json\/wp\/v2\/comments?post=114188"}],"version-history":[{"count":0,"href":"https:\/\/eurecat.org\/es\/wp-json\/wp\/v2\/posts\/114188\/revisions"}],"wp:featuredmedia":[{"embeddable":true,"href":"https:\/\/eurecat.org\/es\/wp-json\/wp\/v2\/media\/99546"}],"wp:attachment":[{"href":"https:\/\/eurecat.org\/es\/wp-json\/wp\/v2\/media?parent=114188"}],"wp:term":[{"taxonomy":"category","embeddable":true,"href":"https:\/\/eurecat.org\/es\/wp-json\/wp\/v2\/categories?post=114188"},{"taxonomy":"post_tag","embeddable":true,"href":"https:\/\/eurecat.org\/es\/wp-json\/wp\/v2\/tags?post=114188"}],"curies":[{"name":"wp","href":"https:\/\/api.w.org\/{rel}","templated":true}]}}