{"id":114192,"date":"2021-02-25T15:54:32","date_gmt":"2021-02-25T15:54:32","guid":{"rendered":"https:\/\/eurecat.org\/?p=114192"},"modified":"2021-05-05T15:58:04","modified_gmt":"2021-05-05T15:58:04","slug":"editorial-preparados-para-acompanar-a-las-empresas-en-la-gran-transicion-digital-y-verde","status":"publish","type":"post","link":"https:\/\/eurecat.org\/es\/editorial-preparados-para-acompanar-a-las-empresas-en-la-gran-transicion-digital-y-verde\/","title":{"rendered":"Editorial: Preparados para acompa\u00f1ar a las empresas en la gran transici\u00f3n digital y verde"},"content":{"rendered":"<p><img decoding=\"async\" class=\"wp-image-93308 size-medium alignleft\" src=\"https:\/\/eurecat.org\/wp-content\/uploads\/2019\/11\/Xavier_Torra_600-X-400-300x200.jpg\" alt=\"\" width=\"300\" height=\"200\" srcset=\"https:\/\/eurecat.org\/wp-content\/uploads\/2019\/11\/Xavier_Torra_600-X-400-200x133.jpg 200w, https:\/\/eurecat.org\/wp-content\/uploads\/2019\/11\/Xavier_Torra_600-X-400-300x200.jpg 300w, https:\/\/eurecat.org\/wp-content\/uploads\/2019\/11\/Xavier_Torra_600-X-400-400x267.jpg 400w, https:\/\/eurecat.org\/wp-content\/uploads\/2019\/11\/Xavier_Torra_600-X-400.jpg 600w\" sizes=\"(max-width: 300px) 100vw, 300px\" \/><\/p>\n<p>Los <strong>fondos de recuperaci\u00f3n Next Generation EU tienen la vocaci\u00f3n de transformar la econom\u00eda en clave digital y verde<\/strong>. La propia <strong>Uni\u00f3n Europea ha establecido como prioridad que ese dinero llegue a las empresas para realizar proyectos transformadores<\/strong> en los pr\u00f3ximos a\u00f1os, por lo que ahora es el momento de apostar decididamente en esta direcci\u00f3n.<\/p>\n<p>Desde <strong>Eurecat, estamos plenamente comprometidos<\/strong> con esta perspectiva, tanto desde el punto de vista de <strong>facilitar el acceso a los instrumentos de los fondos de recuperaci\u00f3n en materia de innovaci\u00f3n tecnol\u00f3gica<\/strong> como con nuestra participaci\u00f3n en proyectos emblem\u00e1ticos y verdaderamente tractores de un nuevo modelo m\u00e1s limpio y competitivo.<\/p>\n<p>Las empresas tienen m\u00e1s que nunca a su disposici\u00f3n toda la <strong>especializaci\u00f3n avanzada que hemos adquirido en nuevas tecnolog\u00edas industriales, digitales, biotecnol\u00f3gicas y sostenibles<\/strong>, para integrarlas en la cadena de valor o de forma individual, seg\u00fan cada necesidad concreta. Y tambi\u00e9n, nuestras capacidades y conocimientos para llevar a cabo con \u00e9xito nuevos proyectos altamente competitivos, diferenciales y sostenibles.<\/p>\n<p>Nuestra <strong>metodolog\u00eda de trabajo est\u00e1 basada en una aproximaci\u00f3n multitecnol\u00f2gica, transectorial y colaborativa<\/strong> y permite abordar retos individuales y tambi\u00e9n colectivos con soluciones de alto impacto. Adem\u00e1s, contamos con una amplia experiencia en la captaci\u00f3n y gesti\u00f3n de fondos p\u00fablicos de innovaci\u00f3n para posibilitar la financiaci\u00f3n de proyectos de gran valor a nivel empresarial, industrial y tambi\u00e9n interregional.<\/p>\n<p>La adecuada identificaci\u00f3n de las necesidades u oportunidades y la buena conceptualizaci\u00f3n, organizaci\u00f3n, gesti\u00f3n y ejecuci\u00f3n de los proyectos son factores esenciales a la hora de transformar buenas ideas en proyectos verdaderamente transformadores y de alto impacto. Por nuestra experiencia en todos estos aspectos y por la aportaci\u00f3n de tecnolog\u00eda innovadora y diferencial, <strong>Eurecat aspira a ser el socio tecnol\u00f3gico de referencia de muchas empresas en sus proyectos en el marco de los fondos de recuperaci\u00f3n Next Generation EU<\/strong>.<\/p>\n<p>Desde la convicci\u00f3n de que <strong>la innovaci\u00f3n es absolutamente necesaria para la competitividad de las empresas, ahora m\u00e1s que nunca<\/strong> es el momento de mirar al futuro con decisi\u00f3n y trabajar con inspiraci\u00f3n y una visi\u00f3n ganadora para salir reforzados.<\/p>\n<p><strong>Xavier Torra<br \/>\n<\/strong><strong>Presidente de Eurecat, Centro Tecnol\u00f3gico de Catalu\u00f1a<\/strong><\/p>\n","protected":false},"excerpt":{"rendered":"<p>Los fondos de recuperaci\u00f3n Next Generation EU tienen la vocaci\u00f3n de transformar la econom\u00eda en clave digital y verde. La propia Uni\u00f3n Europea ha establecido como prioridad que ese dinero llegue a las empresas para realizar proyectos transformadores en los pr\u00f3ximos a\u00f1os, por lo que ahora es el momento de apostar decididamente en esta direcci\u00f3n.  [&#8230;]<\/p>\n","protected":false},"author":12,"featured_media":93310,"comment_status":"open","ping_status":"closed","sticky":false,"template":"","format":"standard","meta":{"footnotes":""},"categories":[133,2217],"tags":[],"class_list":["post-114192","post","type-post","status-publish","format-standard","has-post-thumbnail","hentry","category-blog","category-editorial"],"yoast_head":"<!-- This site is optimized with the Yoast SEO plugin v27.4 - https:\/\/yoast.com\/product\/yoast-seo-wordpress\/ -->\n<title>innovar<\/title>\n<meta name=\"description\" content=\"Los fondos de recuperaci\u00f3n Next Generation EU tienen la vocaci\u00f3n de transformar la econom\u00eda en clave digital y verde.\" \/>\n<meta name=\"robots\" content=\"index, follow, max-snippet:-1, max-image-preview:large, max-video-preview:-1\" \/>\n<link rel=\"canonical\" href=\"https:\/\/eurecat.org\/es\/editorial-preparados-para-acompanar-a-las-empresas-en-la-gran-transicion-digital-y-verde\/\" \/>\n<meta property=\"og:locale\" content=\"es_ES\" \/>\n<meta property=\"og:type\" content=\"article\" \/>\n<meta property=\"og:title\" content=\"innovar\" \/>\n<meta property=\"og:description\" content=\"Los fondos de recuperaci\u00f3n Next Generation EU tienen la vocaci\u00f3n de transformar la econom\u00eda en clave digital y verde.\" \/>\n<meta property=\"og:url\" content=\"https:\/\/eurecat.org\/es\/editorial-preparados-para-acompanar-a-las-empresas-en-la-gran-transicion-digital-y-verde\/\" \/>\n<meta property=\"og:site_name\" content=\"Eurecat\" \/>\n<meta property=\"article:published_time\" content=\"2021-02-25T15:54:32+00:00\" \/>\n<meta property=\"article:modified_time\" content=\"2021-05-05T15:58:04+00:00\" \/>\n<meta property=\"og:image\" content=\"https:\/\/eurecat.org\/wp-content\/uploads\/2019\/11\/Xavier_Torra_600-X-400.jpg\" \/>\n\t<meta property=\"og:image:width\" content=\"600\" \/>\n\t<meta property=\"og:image:height\" content=\"400\" \/>\n\t<meta property=\"og:image:type\" content=\"image\/jpeg\" \/>\n<meta name=\"author\" content=\"EurecatEG\" \/>\n<meta name=\"twitter:card\" content=\"summary_large_image\" \/>\n<meta name=\"twitter:label1\" content=\"Escrito por\" \/>\n\t<meta name=\"twitter:data1\" content=\"EurecatEG\" \/>\n\t<meta name=\"twitter:label2\" content=\"Tiempo de lectura\" \/>\n\t<meta name=\"twitter:data2\" content=\"2 minutos\" \/>\n<script type=\"application\/ld+json\" class=\"yoast-schema-graph\">{\"@context\":\"https:\\\/\\\/schema.org\",\"@graph\":[{\"@type\":\"Article\",\"@id\":\"https:\\\/\\\/eurecat.org\\\/es\\\/editorial-preparados-para-acompanar-a-las-empresas-en-la-gran-transicion-digital-y-verde\\\/#article\",\"isPartOf\":{\"@id\":\"https:\\\/\\\/eurecat.org\\\/es\\\/editorial-preparados-para-acompanar-a-las-empresas-en-la-gran-transicion-digital-y-verde\\\/\"},\"author\":{\"name\":\"EurecatEG\",\"@id\":\"https:\\\/\\\/eurecat.org\\\/es\\\/#\\\/schema\\\/person\\\/def9217eded50ee57a9dc4cf0c883f80\"},\"headline\":\"Editorial: Preparados para acompa\u00f1ar a las empresas en la gran transici\u00f3n digital y verde\",\"datePublished\":\"2021-02-25T15:54:32+00:00\",\"dateModified\":\"2021-05-05T15:58:04+00:00\",\"mainEntityOfPage\":{\"@id\":\"https:\\\/\\\/eurecat.org\\\/es\\\/editorial-preparados-para-acompanar-a-las-empresas-en-la-gran-transicion-digital-y-verde\\\/\"},\"wordCount\":412,\"commentCount\":0,\"image\":{\"@id\":\"https:\\\/\\\/eurecat.org\\\/es\\\/editorial-preparados-para-acompanar-a-las-empresas-en-la-gran-transicion-digital-y-verde\\\/#primaryimage\"},\"thumbnailUrl\":\"https:\\\/\\\/eurecat.org\\\/wp-content\\\/uploads\\\/2019\\\/11\\\/Xavier_Torra_600-X-400.jpg\",\"articleSection\":[\"Blog\",\"Editorial\"],\"inLanguage\":\"es\",\"potentialAction\":[{\"@type\":\"CommentAction\",\"name\":\"Comment\",\"target\":[\"https:\\\/\\\/eurecat.org\\\/es\\\/editorial-preparados-para-acompanar-a-las-empresas-en-la-gran-transicion-digital-y-verde\\\/#respond\"]}]},{\"@type\":\"WebPage\",\"@id\":\"https:\\\/\\\/eurecat.org\\\/es\\\/editorial-preparados-para-acompanar-a-las-empresas-en-la-gran-transicion-digital-y-verde\\\/\",\"url\":\"https:\\\/\\\/eurecat.org\\\/es\\\/editorial-preparados-para-acompanar-a-las-empresas-en-la-gran-transicion-digital-y-verde\\\/\",\"name\":\"innovar\",\"isPartOf\":{\"@id\":\"https:\\\/\\\/eurecat.org\\\/es\\\/#website\"},\"primaryImageOfPage\":{\"@id\":\"https:\\\/\\\/eurecat.org\\\/es\\\/editorial-preparados-para-acompanar-a-las-empresas-en-la-gran-transicion-digital-y-verde\\\/#primaryimage\"},\"image\":{\"@id\":\"https:\\\/\\\/eurecat.org\\\/es\\\/editorial-preparados-para-acompanar-a-las-empresas-en-la-gran-transicion-digital-y-verde\\\/#primaryimage\"},\"thumbnailUrl\":\"https:\\\/\\\/eurecat.org\\\/wp-content\\\/uploads\\\/2019\\\/11\\\/Xavier_Torra_600-X-400.jpg\",\"datePublished\":\"2021-02-25T15:54:32+00:00\",\"dateModified\":\"2021-05-05T15:58:04+00:00\",\"author\":{\"@id\":\"https:\\\/\\\/eurecat.org\\\/es\\\/#\\\/schema\\\/person\\\/def9217eded50ee57a9dc4cf0c883f80\"},\"description\":\"Los fondos de recuperaci\u00f3n Next Generation EU tienen la vocaci\u00f3n de transformar la econom\u00eda en clave digital y verde.\",\"breadcrumb\":{\"@id\":\"https:\\\/\\\/eurecat.org\\\/es\\\/editorial-preparados-para-acompanar-a-las-empresas-en-la-gran-transicion-digital-y-verde\\\/#breadcrumb\"},\"inLanguage\":\"es\",\"potentialAction\":[{\"@type\":\"ReadAction\",\"target\":[\"https:\\\/\\\/eurecat.org\\\/es\\\/editorial-preparados-para-acompanar-a-las-empresas-en-la-gran-transicion-digital-y-verde\\\/\"]}]},{\"@type\":\"ImageObject\",\"inLanguage\":\"es\",\"@id\":\"https:\\\/\\\/eurecat.org\\\/es\\\/editorial-preparados-para-acompanar-a-las-empresas-en-la-gran-transicion-digital-y-verde\\\/#primaryimage\",\"url\":\"https:\\\/\\\/eurecat.org\\\/wp-content\\\/uploads\\\/2019\\\/11\\\/Xavier_Torra_600-X-400.jpg\",\"contentUrl\":\"https:\\\/\\\/eurecat.org\\\/wp-content\\\/uploads\\\/2019\\\/11\\\/Xavier_Torra_600-X-400.jpg\",\"width\":600,\"height\":400,\"caption\":\"xavier torra eurecat\"},{\"@type\":\"BreadcrumbList\",\"@id\":\"https:\\\/\\\/eurecat.org\\\/es\\\/editorial-preparados-para-acompanar-a-las-empresas-en-la-gran-transicion-digital-y-verde\\\/#breadcrumb\",\"itemListElement\":[{\"@type\":\"ListItem\",\"position\":1,\"name\":\"Inici\",\"item\":\"https:\\\/\\\/eurecat.org\\\/es\\\/\"},{\"@type\":\"ListItem\",\"position\":2,\"name\":\"Editorial: Preparados para acompa\u00f1ar a las empresas en la gran transici\u00f3n digital y verde\"}]},{\"@type\":\"WebSite\",\"@id\":\"https:\\\/\\\/eurecat.org\\\/es\\\/#website\",\"url\":\"https:\\\/\\\/eurecat.org\\\/es\\\/\",\"name\":\"Eurecat\",\"description\":\"Otro sitio realizado con WordPress\",\"potentialAction\":[{\"@type\":\"SearchAction\",\"target\":{\"@type\":\"EntryPoint\",\"urlTemplate\":\"https:\\\/\\\/eurecat.org\\\/es\\\/?s={search_term_string}\"},\"query-input\":{\"@type\":\"PropertyValueSpecification\",\"valueRequired\":true,\"valueName\":\"search_term_string\"}}],\"inLanguage\":\"es\"},{\"@type\":\"Person\",\"@id\":\"https:\\\/\\\/eurecat.org\\\/es\\\/#\\\/schema\\\/person\\\/def9217eded50ee57a9dc4cf0c883f80\",\"name\":\"EurecatEG\",\"image\":{\"@type\":\"ImageObject\",\"inLanguage\":\"es\",\"@id\":\"https:\\\/\\\/secure.gravatar.com\\\/avatar\\\/f40dd9b6ecd3e5c591f3c9b033e495ee0ec9877ba77249fbf268b3889350c824?s=96&d=mm&r=g\",\"url\":\"https:\\\/\\\/secure.gravatar.com\\\/avatar\\\/f40dd9b6ecd3e5c591f3c9b033e495ee0ec9877ba77249fbf268b3889350c824?s=96&d=mm&r=g\",\"contentUrl\":\"https:\\\/\\\/secure.gravatar.com\\\/avatar\\\/f40dd9b6ecd3e5c591f3c9b033e495ee0ec9877ba77249fbf268b3889350c824?s=96&d=mm&r=g\",\"caption\":\"EurecatEG\"}}]}<\/script>\n<!-- \/ Yoast SEO plugin. -->","yoast_head_json":{"title":"innovar","description":"Los fondos de recuperaci\u00f3n Next Generation EU tienen la vocaci\u00f3n de transformar la econom\u00eda en clave digital y verde.","robots":{"index":"index","follow":"follow","max-snippet":"max-snippet:-1","max-image-preview":"max-image-preview:large","max-video-preview":"max-video-preview:-1"},"canonical":"https:\/\/eurecat.org\/es\/editorial-preparados-para-acompanar-a-las-empresas-en-la-gran-transicion-digital-y-verde\/","og_locale":"es_ES","og_type":"article","og_title":"innovar","og_description":"Los fondos de recuperaci\u00f3n Next Generation EU tienen la vocaci\u00f3n de transformar la econom\u00eda en clave digital y verde.","og_url":"https:\/\/eurecat.org\/es\/editorial-preparados-para-acompanar-a-las-empresas-en-la-gran-transicion-digital-y-verde\/","og_site_name":"Eurecat","article_published_time":"2021-02-25T15:54:32+00:00","article_modified_time":"2021-05-05T15:58:04+00:00","og_image":[{"width":600,"height":400,"url":"https:\/\/eurecat.org\/wp-content\/uploads\/2019\/11\/Xavier_Torra_600-X-400.jpg","type":"image\/jpeg"}],"author":"EurecatEG","twitter_card":"summary_large_image","twitter_misc":{"Escrito por":"EurecatEG","Tiempo de lectura":"2 minutos"},"schema":{"@context":"https:\/\/schema.org","@graph":[{"@type":"Article","@id":"https:\/\/eurecat.org\/es\/editorial-preparados-para-acompanar-a-las-empresas-en-la-gran-transicion-digital-y-verde\/#article","isPartOf":{"@id":"https:\/\/eurecat.org\/es\/editorial-preparados-para-acompanar-a-las-empresas-en-la-gran-transicion-digital-y-verde\/"},"author":{"name":"EurecatEG","@id":"https:\/\/eurecat.org\/es\/#\/schema\/person\/def9217eded50ee57a9dc4cf0c883f80"},"headline":"Editorial: Preparados para acompa\u00f1ar a las empresas en la gran transici\u00f3n digital y verde","datePublished":"2021-02-25T15:54:32+00:00","dateModified":"2021-05-05T15:58:04+00:00","mainEntityOfPage":{"@id":"https:\/\/eurecat.org\/es\/editorial-preparados-para-acompanar-a-las-empresas-en-la-gran-transicion-digital-y-verde\/"},"wordCount":412,"commentCount":0,"image":{"@id":"https:\/\/eurecat.org\/es\/editorial-preparados-para-acompanar-a-las-empresas-en-la-gran-transicion-digital-y-verde\/#primaryimage"},"thumbnailUrl":"https:\/\/eurecat.org\/wp-content\/uploads\/2019\/11\/Xavier_Torra_600-X-400.jpg","articleSection":["Blog","Editorial"],"inLanguage":"es","potentialAction":[{"@type":"CommentAction","name":"Comment","target":["https:\/\/eurecat.org\/es\/editorial-preparados-para-acompanar-a-las-empresas-en-la-gran-transicion-digital-y-verde\/#respond"]}]},{"@type":"WebPage","@id":"https:\/\/eurecat.org\/es\/editorial-preparados-para-acompanar-a-las-empresas-en-la-gran-transicion-digital-y-verde\/","url":"https:\/\/eurecat.org\/es\/editorial-preparados-para-acompanar-a-las-empresas-en-la-gran-transicion-digital-y-verde\/","name":"innovar","isPartOf":{"@id":"https:\/\/eurecat.org\/es\/#website"},"primaryImageOfPage":{"@id":"https:\/\/eurecat.org\/es\/editorial-preparados-para-acompanar-a-las-empresas-en-la-gran-transicion-digital-y-verde\/#primaryimage"},"image":{"@id":"https:\/\/eurecat.org\/es\/editorial-preparados-para-acompanar-a-las-empresas-en-la-gran-transicion-digital-y-verde\/#primaryimage"},"thumbnailUrl":"https:\/\/eurecat.org\/wp-content\/uploads\/2019\/11\/Xavier_Torra_600-X-400.jpg","datePublished":"2021-02-25T15:54:32+00:00","dateModified":"2021-05-05T15:58:04+00:00","author":{"@id":"https:\/\/eurecat.org\/es\/#\/schema\/person\/def9217eded50ee57a9dc4cf0c883f80"},"description":"Los fondos de recuperaci\u00f3n Next Generation EU tienen la vocaci\u00f3n de transformar la econom\u00eda en clave digital y verde.","breadcrumb":{"@id":"https:\/\/eurecat.org\/es\/editorial-preparados-para-acompanar-a-las-empresas-en-la-gran-transicion-digital-y-verde\/#breadcrumb"},"inLanguage":"es","potentialAction":[{"@type":"ReadAction","target":["https:\/\/eurecat.org\/es\/editorial-preparados-para-acompanar-a-las-empresas-en-la-gran-transicion-digital-y-verde\/"]}]},{"@type":"ImageObject","inLanguage":"es","@id":"https:\/\/eurecat.org\/es\/editorial-preparados-para-acompanar-a-las-empresas-en-la-gran-transicion-digital-y-verde\/#primaryimage","url":"https:\/\/eurecat.org\/wp-content\/uploads\/2019\/11\/Xavier_Torra_600-X-400.jpg","contentUrl":"https:\/\/eurecat.org\/wp-content\/uploads\/2019\/11\/Xavier_Torra_600-X-400.jpg","width":600,"height":400,"caption":"xavier torra eurecat"},{"@type":"BreadcrumbList","@id":"https:\/\/eurecat.org\/es\/editorial-preparados-para-acompanar-a-las-empresas-en-la-gran-transicion-digital-y-verde\/#breadcrumb","itemListElement":[{"@type":"ListItem","position":1,"name":"Inici","item":"https:\/\/eurecat.org\/es\/"},{"@type":"ListItem","position":2,"name":"Editorial: Preparados para acompa\u00f1ar a las empresas en la gran transici\u00f3n digital y verde"}]},{"@type":"WebSite","@id":"https:\/\/eurecat.org\/es\/#website","url":"https:\/\/eurecat.org\/es\/","name":"Eurecat","description":"Otro sitio realizado con WordPress","potentialAction":[{"@type":"SearchAction","target":{"@type":"EntryPoint","urlTemplate":"https:\/\/eurecat.org\/es\/?s={search_term_string}"},"query-input":{"@type":"PropertyValueSpecification","valueRequired":true,"valueName":"search_term_string"}}],"inLanguage":"es"},{"@type":"Person","@id":"https:\/\/eurecat.org\/es\/#\/schema\/person\/def9217eded50ee57a9dc4cf0c883f80","name":"EurecatEG","image":{"@type":"ImageObject","inLanguage":"es","@id":"https:\/\/secure.gravatar.com\/avatar\/f40dd9b6ecd3e5c591f3c9b033e495ee0ec9877ba77249fbf268b3889350c824?s=96&d=mm&r=g","url":"https:\/\/secure.gravatar.com\/avatar\/f40dd9b6ecd3e5c591f3c9b033e495ee0ec9877ba77249fbf268b3889350c824?s=96&d=mm&r=g","contentUrl":"https:\/\/secure.gravatar.com\/avatar\/f40dd9b6ecd3e5c591f3c9b033e495ee0ec9877ba77249fbf268b3889350c824?s=96&d=mm&r=g","caption":"EurecatEG"}}]}},"_links":{"self":[{"href":"https:\/\/eurecat.org\/es\/wp-json\/wp\/v2\/posts\/114192","targetHints":{"allow":["GET"]}}],"collection":[{"href":"https:\/\/eurecat.org\/es\/wp-json\/wp\/v2\/posts"}],"about":[{"href":"https:\/\/eurecat.org\/es\/wp-json\/wp\/v2\/types\/post"}],"author":[{"embeddable":true,"href":"https:\/\/eurecat.org\/es\/wp-json\/wp\/v2\/users\/12"}],"replies":[{"embeddable":true,"href":"https:\/\/eurecat.org\/es\/wp-json\/wp\/v2\/comments?post=114192"}],"version-history":[{"count":0,"href":"https:\/\/eurecat.org\/es\/wp-json\/wp\/v2\/posts\/114192\/revisions"}],"wp:featuredmedia":[{"embeddable":true,"href":"https:\/\/eurecat.org\/es\/wp-json\/wp\/v2\/media\/93310"}],"wp:attachment":[{"href":"https:\/\/eurecat.org\/es\/wp-json\/wp\/v2\/media?parent=114192"}],"wp:term":[{"taxonomy":"category","embeddable":true,"href":"https:\/\/eurecat.org\/es\/wp-json\/wp\/v2\/categories?post=114192"},{"taxonomy":"post_tag","embeddable":true,"href":"https:\/\/eurecat.org\/es\/wp-json\/wp\/v2\/tags?post=114192"}],"curies":[{"name":"wp","href":"https:\/\/api.w.org\/{rel}","templated":true}]}}