{"id":114201,"date":"2018-11-21T06:33:09","date_gmt":"2018-11-21T06:33:09","guid":{"rendered":"https:\/\/eurecat.org\/?p=114201"},"modified":"2021-05-06T06:37:23","modified_gmt":"2021-05-06T06:37:23","slug":"editorial-preparados-para-los-desafios-de-las-nuevas-tecnologias-en-el-siglo-xxi","status":"publish","type":"post","link":"https:\/\/eurecat.org\/es\/editorial-preparados-para-los-desafios-de-las-nuevas-tecnologias-en-el-siglo-xxi\/","title":{"rendered":"Editorial: \u00bfPreparados para los desaf\u00edos de las nuevas tecnolog\u00edas en el siglo XXI?"},"content":{"rendered":"<p><img decoding=\"async\" class=\"size-full wp-image-73334 alignleft\" src=\"https:\/\/eurecat.org\/wp-content\/uploads\/2018\/11\/IMATGE_EDITORIAL_FIC.jpg\" alt=\"Future Industry Congress FIC\" width=\"640\" height=\"427\" srcset=\"https:\/\/eurecat.org\/wp-content\/uploads\/2018\/11\/IMATGE_EDITORIAL_FIC-200x133.jpg 200w, https:\/\/eurecat.org\/wp-content\/uploads\/2018\/11\/IMATGE_EDITORIAL_FIC-300x200.jpg 300w, https:\/\/eurecat.org\/wp-content\/uploads\/2018\/11\/IMATGE_EDITORIAL_FIC-400x267.jpg 400w, https:\/\/eurecat.org\/wp-content\/uploads\/2018\/11\/IMATGE_EDITORIAL_FIC-600x400.jpg 600w, https:\/\/eurecat.org\/wp-content\/uploads\/2018\/11\/IMATGE_EDITORIAL_FIC.jpg 640w\" sizes=\"(max-width: 640px) 100vw, 640px\" \/><\/p>\n<p>El impacto y los desaf\u00edos de las nuevas tecnolog\u00edas en el\u00a0siglo XXI centrar\u00e1 el Future Industry Congress, el congreso sobre industria avanzada, digital y conectada que desde Eurecat organizamos por tercer a\u00f1o consecutivo. El pr\u00f3ximo martes el evento, que se ha consolidado como un escaparate estrat\u00e9gico para conocer las \u00faltimas novedades en este \u00e1mbito, congregar\u00e1 empresas, investigadores y tecn\u00f3logos para debatir sobre tendencias e innovaciones disruptivas e identificar tambi\u00e9n retos tecnol\u00f3gicos para la industria y posibles soluciones.<\/p>\n<p>El keynote speaker es el vicepresidente de Negocios Corporativos y Desarrollo internacional en el Stanford Research Institute, Robert Pearlstein, que compartir\u00e1 algunas historias relevantes vinculadas a la instituci\u00f3n que representa y que durante m\u00e1s de 75 a\u00f1os ha aportado innovaciones disruptivas en el mundo, como el rat\u00f3n para el ordenador, el sistema quir\u00fargico DaVinci, el ultrasonido y el asistente virtual de Apple, SIRI. En su intervenci\u00f3n, Pearlstein dar\u00e1 a conocer su visi\u00f3n sobre las din\u00e1micas que hacen posible que las empresas innoven con \u00e9xito, un hito que, desde su punto de vista, se produce cuando las compa\u00f1\u00edas identifican problemas importantes que tienen sus clientes y les ofrecen nuevas soluciones.<\/p>\n<p>El equipo de profesionales que formamos Eurecat compartimos esta visi\u00f3n y estamos comprometidos en apoyar el tejido industrial y econ\u00f3mico para que pueda aumentar su capacidad de aportar valor a la sociedad. En este sentido, la organizaci\u00f3n de eventos como este congreso, para que puedan servir de inspiraci\u00f3n y de radar para anticipar hacia d\u00f3nde nos movemos en materia de innovaci\u00f3n tecnol\u00f3gica, es una de nuestras funciones m\u00e1s importantes.<\/p>\n<p>Con este fin, el programa de este a\u00f1o incorpora una vertiente pr\u00e1ctica, con cuatro workshops especializados en tendencias tecnol\u00f3gicas emergentes y una mesa redonda sobre innovaci\u00f3n en la industria. Todav\u00eda quedan algunas plazas para participar de las propuestas del Future Industry Congress. Para apuntarse, s\u00f3lo ha de inscribirse gratuitamente en la <strong><a href=\"https:\/\/futureindustrycongress.com\/ca\/\">web del congreso<\/a>.<\/strong><\/p>\n<p>Adem\u00e1s del Future Industry Congress, este mes de noviembre queremos acercaros tambi\u00e9n a trav\u00e9s del newsletter los detalles de dos reconocimientos que nos han hecho especial ilusi\u00f3n. Se trata de los Chemplast Awards por la aplicaci\u00f3n de la nanotecnolog\u00eda para mejorar las caracter\u00edsticas de los materiales pl\u00e1sticos mediante la nano aditivaci\u00f3n utilizando ultrasonidos y de los premios NAOS, por nuestra contribuci\u00f3n a la promoci\u00f3n de una alimentaci\u00f3n saludable en el \u00e1mbito escolar, junto con la Universidad Rovira i Virgili y el hospital Sant Joan de Reus.<\/p>\n<p>Adem\u00e1s, encontrar\u00e1 avances vinculados a la nueva econom\u00eda de los datos, a la presentaci\u00f3n de un nuevo minib\u00fas el\u00e9ctrico para las l\u00edneas de barrio de Barcelona, \u200b\u200bal desarrollo de nuevos tejidos para el interior del autom\u00f3vil y a la creaci\u00f3n de un videojuego para acercar a la sociedad los beneficios de las pol\u00edticas medioambientales, as\u00ed como la realizaci\u00f3n de pruebas piloto l\u00edderes en la reutilizaci\u00f3n del agua residual y a la colaboraci\u00f3n con el Hospital de la Santa Creu y Sant Pau en investigaci\u00f3n cient\u00edfica y desarrollo tecnol\u00f3gico.<\/p>\n<p><strong>\u00a0<\/strong><\/p>\n<p><strong>Xavier Torra<br \/>\n<\/strong><strong>Presidente de Eurecat<\/strong><\/p>\n","protected":false},"excerpt":{"rendered":"<p>El impacto y los desaf\u00edos de las nuevas tecnolog\u00edas en el\u00a0siglo XXI centrar\u00e1 el Future Industry Congress, el congreso sobre industria avanzada, digital y conectada que desde Eurecat organizamos por tercer a\u00f1o consecutivo. El pr\u00f3ximo martes el evento, que se ha consolidado como un escaparate estrat\u00e9gico para conocer las \u00faltimas novedades en este \u00e1mbito, congregar\u00e1  [&#8230;]<\/p>\n","protected":false},"author":12,"featured_media":73334,"comment_status":"open","ping_status":"closed","sticky":false,"template":"","format":"standard","meta":{"footnotes":""},"categories":[133,2217],"tags":[],"class_list":["post-114201","post","type-post","status-publish","format-standard","has-post-thumbnail","hentry","category-blog","category-editorial"],"yoast_head":"<!-- This site is optimized with the Yoast SEO plugin v27.5 - https:\/\/yoast.com\/product\/yoast-seo-wordpress\/ -->\n<title>editorial<\/title>\n<meta name=\"description\" content=\"El impacto y los desaf\u00edos de las nuevas tecnolog\u00edas en el\u00a0siglo XXI centrar\u00e1 el Future Industry Congress, el congreso sobre industria avanzada.\" \/>\n<meta name=\"robots\" content=\"index, follow, max-snippet:-1, max-image-preview:large, max-video-preview:-1\" \/>\n<link rel=\"canonical\" href=\"https:\/\/eurecat.org\/es\/editorial-preparados-para-los-desafios-de-las-nuevas-tecnologias-en-el-siglo-xxi\/\" \/>\n<meta property=\"og:locale\" content=\"es_ES\" \/>\n<meta property=\"og:type\" content=\"article\" \/>\n<meta property=\"og:title\" content=\"editorial\" \/>\n<meta property=\"og:description\" content=\"El impacto y los desaf\u00edos de las nuevas tecnolog\u00edas en el\u00a0siglo XXI centrar\u00e1 el Future Industry Congress, el congreso sobre industria avanzada.\" \/>\n<meta property=\"og:url\" content=\"https:\/\/eurecat.org\/es\/editorial-preparados-para-los-desafios-de-las-nuevas-tecnologias-en-el-siglo-xxi\/\" \/>\n<meta property=\"og:site_name\" content=\"Eurecat\" \/>\n<meta property=\"article:published_time\" content=\"2018-11-21T06:33:09+00:00\" \/>\n<meta property=\"article:modified_time\" content=\"2021-05-06T06:37:23+00:00\" \/>\n<meta property=\"og:image\" content=\"https:\/\/eurecat.org\/wp-content\/uploads\/2018\/11\/IMATGE_EDITORIAL_FIC.jpg\" \/>\n\t<meta property=\"og:image:width\" content=\"640\" \/>\n\t<meta property=\"og:image:height\" content=\"427\" \/>\n\t<meta property=\"og:image:type\" content=\"image\/jpeg\" \/>\n<meta name=\"author\" content=\"EurecatEG\" \/>\n<meta name=\"twitter:card\" content=\"summary_large_image\" \/>\n<meta name=\"twitter:label1\" content=\"Escrito por\" \/>\n\t<meta name=\"twitter:data1\" content=\"EurecatEG\" \/>\n\t<meta name=\"twitter:label2\" content=\"Tiempo de lectura\" \/>\n\t<meta name=\"twitter:data2\" content=\"3 minutos\" \/>\n<script type=\"application\/ld+json\" class=\"yoast-schema-graph\">{\"@context\":\"https:\\\/\\\/schema.org\",\"@graph\":[{\"@type\":\"Article\",\"@id\":\"https:\\\/\\\/eurecat.org\\\/es\\\/editorial-preparados-para-los-desafios-de-las-nuevas-tecnologias-en-el-siglo-xxi\\\/#article\",\"isPartOf\":{\"@id\":\"https:\\\/\\\/eurecat.org\\\/es\\\/editorial-preparados-para-los-desafios-de-las-nuevas-tecnologias-en-el-siglo-xxi\\\/\"},\"author\":{\"name\":\"EurecatEG\",\"@id\":\"https:\\\/\\\/eurecat.org\\\/es\\\/#\\\/schema\\\/person\\\/def9217eded50ee57a9dc4cf0c883f80\"},\"headline\":\"Editorial: \u00bfPreparados para los desaf\u00edos de las nuevas tecnolog\u00edas en el siglo XXI?\",\"datePublished\":\"2018-11-21T06:33:09+00:00\",\"dateModified\":\"2021-05-06T06:37:23+00:00\",\"mainEntityOfPage\":{\"@id\":\"https:\\\/\\\/eurecat.org\\\/es\\\/editorial-preparados-para-los-desafios-de-las-nuevas-tecnologias-en-el-siglo-xxi\\\/\"},\"wordCount\":562,\"commentCount\":0,\"image\":{\"@id\":\"https:\\\/\\\/eurecat.org\\\/es\\\/editorial-preparados-para-los-desafios-de-las-nuevas-tecnologias-en-el-siglo-xxi\\\/#primaryimage\"},\"thumbnailUrl\":\"https:\\\/\\\/eurecat.org\\\/wp-content\\\/uploads\\\/2018\\\/11\\\/IMATGE_EDITORIAL_FIC.jpg\",\"articleSection\":[\"Blog\",\"Editorial\"],\"inLanguage\":\"es\",\"potentialAction\":[{\"@type\":\"CommentAction\",\"name\":\"Comment\",\"target\":[\"https:\\\/\\\/eurecat.org\\\/es\\\/editorial-preparados-para-los-desafios-de-las-nuevas-tecnologias-en-el-siglo-xxi\\\/#respond\"]}]},{\"@type\":\"WebPage\",\"@id\":\"https:\\\/\\\/eurecat.org\\\/es\\\/editorial-preparados-para-los-desafios-de-las-nuevas-tecnologias-en-el-siglo-xxi\\\/\",\"url\":\"https:\\\/\\\/eurecat.org\\\/es\\\/editorial-preparados-para-los-desafios-de-las-nuevas-tecnologias-en-el-siglo-xxi\\\/\",\"name\":\"editorial\",\"isPartOf\":{\"@id\":\"https:\\\/\\\/eurecat.org\\\/es\\\/#website\"},\"primaryImageOfPage\":{\"@id\":\"https:\\\/\\\/eurecat.org\\\/es\\\/editorial-preparados-para-los-desafios-de-las-nuevas-tecnologias-en-el-siglo-xxi\\\/#primaryimage\"},\"image\":{\"@id\":\"https:\\\/\\\/eurecat.org\\\/es\\\/editorial-preparados-para-los-desafios-de-las-nuevas-tecnologias-en-el-siglo-xxi\\\/#primaryimage\"},\"thumbnailUrl\":\"https:\\\/\\\/eurecat.org\\\/wp-content\\\/uploads\\\/2018\\\/11\\\/IMATGE_EDITORIAL_FIC.jpg\",\"datePublished\":\"2018-11-21T06:33:09+00:00\",\"dateModified\":\"2021-05-06T06:37:23+00:00\",\"author\":{\"@id\":\"https:\\\/\\\/eurecat.org\\\/es\\\/#\\\/schema\\\/person\\\/def9217eded50ee57a9dc4cf0c883f80\"},\"description\":\"El impacto y los desaf\u00edos de las nuevas tecnolog\u00edas en el\u00a0siglo XXI centrar\u00e1 el Future Industry Congress, el congreso sobre industria avanzada.\",\"breadcrumb\":{\"@id\":\"https:\\\/\\\/eurecat.org\\\/es\\\/editorial-preparados-para-los-desafios-de-las-nuevas-tecnologias-en-el-siglo-xxi\\\/#breadcrumb\"},\"inLanguage\":\"es\",\"potentialAction\":[{\"@type\":\"ReadAction\",\"target\":[\"https:\\\/\\\/eurecat.org\\\/es\\\/editorial-preparados-para-los-desafios-de-las-nuevas-tecnologias-en-el-siglo-xxi\\\/\"]}]},{\"@type\":\"ImageObject\",\"inLanguage\":\"es\",\"@id\":\"https:\\\/\\\/eurecat.org\\\/es\\\/editorial-preparados-para-los-desafios-de-las-nuevas-tecnologias-en-el-siglo-xxi\\\/#primaryimage\",\"url\":\"https:\\\/\\\/eurecat.org\\\/wp-content\\\/uploads\\\/2018\\\/11\\\/IMATGE_EDITORIAL_FIC.jpg\",\"contentUrl\":\"https:\\\/\\\/eurecat.org\\\/wp-content\\\/uploads\\\/2018\\\/11\\\/IMATGE_EDITORIAL_FIC.jpg\",\"width\":640,\"height\":427,\"caption\":\"Future Industry Congress FIC\"},{\"@type\":\"BreadcrumbList\",\"@id\":\"https:\\\/\\\/eurecat.org\\\/es\\\/editorial-preparados-para-los-desafios-de-las-nuevas-tecnologias-en-el-siglo-xxi\\\/#breadcrumb\",\"itemListElement\":[{\"@type\":\"ListItem\",\"position\":1,\"name\":\"Inici\",\"item\":\"https:\\\/\\\/eurecat.org\\\/es\\\/\"},{\"@type\":\"ListItem\",\"position\":2,\"name\":\"Editorial: \u00bfPreparados para los desaf\u00edos de las nuevas tecnolog\u00edas en el siglo XXI?\"}]},{\"@type\":\"WebSite\",\"@id\":\"https:\\\/\\\/eurecat.org\\\/es\\\/#website\",\"url\":\"https:\\\/\\\/eurecat.org\\\/es\\\/\",\"name\":\"Eurecat\",\"description\":\"Otro sitio realizado con WordPress\",\"potentialAction\":[{\"@type\":\"SearchAction\",\"target\":{\"@type\":\"EntryPoint\",\"urlTemplate\":\"https:\\\/\\\/eurecat.org\\\/es\\\/?s={search_term_string}\"},\"query-input\":{\"@type\":\"PropertyValueSpecification\",\"valueRequired\":true,\"valueName\":\"search_term_string\"}}],\"inLanguage\":\"es\"},{\"@type\":\"Person\",\"@id\":\"https:\\\/\\\/eurecat.org\\\/es\\\/#\\\/schema\\\/person\\\/def9217eded50ee57a9dc4cf0c883f80\",\"name\":\"EurecatEG\",\"image\":{\"@type\":\"ImageObject\",\"inLanguage\":\"es\",\"@id\":\"https:\\\/\\\/secure.gravatar.com\\\/avatar\\\/f40dd9b6ecd3e5c591f3c9b033e495ee0ec9877ba77249fbf268b3889350c824?s=96&d=mm&r=g\",\"url\":\"https:\\\/\\\/secure.gravatar.com\\\/avatar\\\/f40dd9b6ecd3e5c591f3c9b033e495ee0ec9877ba77249fbf268b3889350c824?s=96&d=mm&r=g\",\"contentUrl\":\"https:\\\/\\\/secure.gravatar.com\\\/avatar\\\/f40dd9b6ecd3e5c591f3c9b033e495ee0ec9877ba77249fbf268b3889350c824?s=96&d=mm&r=g\",\"caption\":\"EurecatEG\"}}]}<\/script>\n<!-- \/ Yoast SEO plugin. -->","yoast_head_json":{"title":"editorial","description":"El impacto y los desaf\u00edos de las nuevas tecnolog\u00edas en el\u00a0siglo XXI centrar\u00e1 el Future Industry Congress, el congreso sobre industria avanzada.","robots":{"index":"index","follow":"follow","max-snippet":"max-snippet:-1","max-image-preview":"max-image-preview:large","max-video-preview":"max-video-preview:-1"},"canonical":"https:\/\/eurecat.org\/es\/editorial-preparados-para-los-desafios-de-las-nuevas-tecnologias-en-el-siglo-xxi\/","og_locale":"es_ES","og_type":"article","og_title":"editorial","og_description":"El impacto y los desaf\u00edos de las nuevas tecnolog\u00edas en el\u00a0siglo XXI centrar\u00e1 el Future Industry Congress, el congreso sobre industria avanzada.","og_url":"https:\/\/eurecat.org\/es\/editorial-preparados-para-los-desafios-de-las-nuevas-tecnologias-en-el-siglo-xxi\/","og_site_name":"Eurecat","article_published_time":"2018-11-21T06:33:09+00:00","article_modified_time":"2021-05-06T06:37:23+00:00","og_image":[{"width":640,"height":427,"url":"https:\/\/eurecat.org\/wp-content\/uploads\/2018\/11\/IMATGE_EDITORIAL_FIC.jpg","type":"image\/jpeg"}],"author":"EurecatEG","twitter_card":"summary_large_image","twitter_misc":{"Escrito por":"EurecatEG","Tiempo de lectura":"3 minutos"},"schema":{"@context":"https:\/\/schema.org","@graph":[{"@type":"Article","@id":"https:\/\/eurecat.org\/es\/editorial-preparados-para-los-desafios-de-las-nuevas-tecnologias-en-el-siglo-xxi\/#article","isPartOf":{"@id":"https:\/\/eurecat.org\/es\/editorial-preparados-para-los-desafios-de-las-nuevas-tecnologias-en-el-siglo-xxi\/"},"author":{"name":"EurecatEG","@id":"https:\/\/eurecat.org\/es\/#\/schema\/person\/def9217eded50ee57a9dc4cf0c883f80"},"headline":"Editorial: \u00bfPreparados para los desaf\u00edos de las nuevas tecnolog\u00edas en el siglo XXI?","datePublished":"2018-11-21T06:33:09+00:00","dateModified":"2021-05-06T06:37:23+00:00","mainEntityOfPage":{"@id":"https:\/\/eurecat.org\/es\/editorial-preparados-para-los-desafios-de-las-nuevas-tecnologias-en-el-siglo-xxi\/"},"wordCount":562,"commentCount":0,"image":{"@id":"https:\/\/eurecat.org\/es\/editorial-preparados-para-los-desafios-de-las-nuevas-tecnologias-en-el-siglo-xxi\/#primaryimage"},"thumbnailUrl":"https:\/\/eurecat.org\/wp-content\/uploads\/2018\/11\/IMATGE_EDITORIAL_FIC.jpg","articleSection":["Blog","Editorial"],"inLanguage":"es","potentialAction":[{"@type":"CommentAction","name":"Comment","target":["https:\/\/eurecat.org\/es\/editorial-preparados-para-los-desafios-de-las-nuevas-tecnologias-en-el-siglo-xxi\/#respond"]}]},{"@type":"WebPage","@id":"https:\/\/eurecat.org\/es\/editorial-preparados-para-los-desafios-de-las-nuevas-tecnologias-en-el-siglo-xxi\/","url":"https:\/\/eurecat.org\/es\/editorial-preparados-para-los-desafios-de-las-nuevas-tecnologias-en-el-siglo-xxi\/","name":"editorial","isPartOf":{"@id":"https:\/\/eurecat.org\/es\/#website"},"primaryImageOfPage":{"@id":"https:\/\/eurecat.org\/es\/editorial-preparados-para-los-desafios-de-las-nuevas-tecnologias-en-el-siglo-xxi\/#primaryimage"},"image":{"@id":"https:\/\/eurecat.org\/es\/editorial-preparados-para-los-desafios-de-las-nuevas-tecnologias-en-el-siglo-xxi\/#primaryimage"},"thumbnailUrl":"https:\/\/eurecat.org\/wp-content\/uploads\/2018\/11\/IMATGE_EDITORIAL_FIC.jpg","datePublished":"2018-11-21T06:33:09+00:00","dateModified":"2021-05-06T06:37:23+00:00","author":{"@id":"https:\/\/eurecat.org\/es\/#\/schema\/person\/def9217eded50ee57a9dc4cf0c883f80"},"description":"El impacto y los desaf\u00edos de las nuevas tecnolog\u00edas en el\u00a0siglo XXI centrar\u00e1 el Future Industry Congress, el congreso sobre industria avanzada.","breadcrumb":{"@id":"https:\/\/eurecat.org\/es\/editorial-preparados-para-los-desafios-de-las-nuevas-tecnologias-en-el-siglo-xxi\/#breadcrumb"},"inLanguage":"es","potentialAction":[{"@type":"ReadAction","target":["https:\/\/eurecat.org\/es\/editorial-preparados-para-los-desafios-de-las-nuevas-tecnologias-en-el-siglo-xxi\/"]}]},{"@type":"ImageObject","inLanguage":"es","@id":"https:\/\/eurecat.org\/es\/editorial-preparados-para-los-desafios-de-las-nuevas-tecnologias-en-el-siglo-xxi\/#primaryimage","url":"https:\/\/eurecat.org\/wp-content\/uploads\/2018\/11\/IMATGE_EDITORIAL_FIC.jpg","contentUrl":"https:\/\/eurecat.org\/wp-content\/uploads\/2018\/11\/IMATGE_EDITORIAL_FIC.jpg","width":640,"height":427,"caption":"Future Industry Congress FIC"},{"@type":"BreadcrumbList","@id":"https:\/\/eurecat.org\/es\/editorial-preparados-para-los-desafios-de-las-nuevas-tecnologias-en-el-siglo-xxi\/#breadcrumb","itemListElement":[{"@type":"ListItem","position":1,"name":"Inici","item":"https:\/\/eurecat.org\/es\/"},{"@type":"ListItem","position":2,"name":"Editorial: \u00bfPreparados para los desaf\u00edos de las nuevas tecnolog\u00edas en el siglo XXI?"}]},{"@type":"WebSite","@id":"https:\/\/eurecat.org\/es\/#website","url":"https:\/\/eurecat.org\/es\/","name":"Eurecat","description":"Otro sitio realizado con WordPress","potentialAction":[{"@type":"SearchAction","target":{"@type":"EntryPoint","urlTemplate":"https:\/\/eurecat.org\/es\/?s={search_term_string}"},"query-input":{"@type":"PropertyValueSpecification","valueRequired":true,"valueName":"search_term_string"}}],"inLanguage":"es"},{"@type":"Person","@id":"https:\/\/eurecat.org\/es\/#\/schema\/person\/def9217eded50ee57a9dc4cf0c883f80","name":"EurecatEG","image":{"@type":"ImageObject","inLanguage":"es","@id":"https:\/\/secure.gravatar.com\/avatar\/f40dd9b6ecd3e5c591f3c9b033e495ee0ec9877ba77249fbf268b3889350c824?s=96&d=mm&r=g","url":"https:\/\/secure.gravatar.com\/avatar\/f40dd9b6ecd3e5c591f3c9b033e495ee0ec9877ba77249fbf268b3889350c824?s=96&d=mm&r=g","contentUrl":"https:\/\/secure.gravatar.com\/avatar\/f40dd9b6ecd3e5c591f3c9b033e495ee0ec9877ba77249fbf268b3889350c824?s=96&d=mm&r=g","caption":"EurecatEG"}}]}},"_links":{"self":[{"href":"https:\/\/eurecat.org\/es\/wp-json\/wp\/v2\/posts\/114201","targetHints":{"allow":["GET"]}}],"collection":[{"href":"https:\/\/eurecat.org\/es\/wp-json\/wp\/v2\/posts"}],"about":[{"href":"https:\/\/eurecat.org\/es\/wp-json\/wp\/v2\/types\/post"}],"author":[{"embeddable":true,"href":"https:\/\/eurecat.org\/es\/wp-json\/wp\/v2\/users\/12"}],"replies":[{"embeddable":true,"href":"https:\/\/eurecat.org\/es\/wp-json\/wp\/v2\/comments?post=114201"}],"version-history":[{"count":0,"href":"https:\/\/eurecat.org\/es\/wp-json\/wp\/v2\/posts\/114201\/revisions"}],"wp:featuredmedia":[{"embeddable":true,"href":"https:\/\/eurecat.org\/es\/wp-json\/wp\/v2\/media\/73334"}],"wp:attachment":[{"href":"https:\/\/eurecat.org\/es\/wp-json\/wp\/v2\/media?parent=114201"}],"wp:term":[{"taxonomy":"category","embeddable":true,"href":"https:\/\/eurecat.org\/es\/wp-json\/wp\/v2\/categories?post=114201"},{"taxonomy":"post_tag","embeddable":true,"href":"https:\/\/eurecat.org\/es\/wp-json\/wp\/v2\/tags?post=114201"}],"curies":[{"name":"wp","href":"https:\/\/api.w.org\/{rel}","templated":true}]}}