{"id":114206,"date":"2019-07-31T06:38:54","date_gmt":"2019-07-31T06:38:54","guid":{"rendered":"https:\/\/eurecat.org\/?p=114206"},"modified":"2021-05-06T06:40:55","modified_gmt":"2021-05-06T06:40:55","slug":"editorial-tecnologia-y-talento-un-tandem-imbatible","status":"publish","type":"post","link":"https:\/\/eurecat.org\/es\/editorial-tecnologia-y-talento-un-tandem-imbatible\/","title":{"rendered":"Editorial: Tecnolog\u00eda y talento, un t\u00e1ndem imbatible"},"content":{"rendered":"<p><img decoding=\"async\" class=\"wp-image-93308 size-medium alignleft\" src=\"https:\/\/eurecat.org\/wp-content\/uploads\/2019\/11\/Xavier_Torra_600-X-400-300x200.jpg\" alt=\"\" width=\"300\" height=\"200\" srcset=\"https:\/\/eurecat.org\/wp-content\/uploads\/2019\/11\/Xavier_Torra_600-X-400-200x133.jpg 200w, https:\/\/eurecat.org\/wp-content\/uploads\/2019\/11\/Xavier_Torra_600-X-400-300x200.jpg 300w, https:\/\/eurecat.org\/wp-content\/uploads\/2019\/11\/Xavier_Torra_600-X-400-400x267.jpg 400w, https:\/\/eurecat.org\/wp-content\/uploads\/2019\/11\/Xavier_Torra_600-X-400.jpg 600w\" sizes=\"(max-width: 300px) 100vw, 300px\" \/><\/p>\n<p>El talento, la implicaci\u00f3n y la creatividad de los equipos marca la diferencia a la hora de implantar con \u00e9xito la cultura de la innovaci\u00f3n en las empresas y organizaciones. En el caso de Eurecat, m\u00e1s de 650 personas trabajamos intensamente, desde una perspectiva hol\u00edstica y multitecnol\u00f3gica, para hacer posible la transferencia de conocimiento altamente especializado al tejido industrial y empresarial, en un contexto marcado por el cambio de paradigma que introducen la digitalizaci\u00f3n y la irrupci\u00f3n de la industria 4.0 y otras tecnolog\u00edas con potencial disruptivo. Con este fin, hacemos una b\u00fasqueda constante en las \u00e1reas digital, industrial y biotecnol\u00f3gica, para acercar a las empresas, de todas las dimensiones y sectores, soluciones que hagan crecer su competitividad y ampl\u00eden su posicionamiento en el mercado.<\/p>\n<p>Para ello, trabajamos con todo el ecosistema de innovaci\u00f3n, acad\u00e9mico y de investigaci\u00f3n a fin de impulsar la capacidad diferencial que aporta la tecnolog\u00eda en el lanzamiento de nuevos productos o servicios y en la mejora de los procesos de fabricaci\u00f3n desde el punto de vista de la productividad y de la sostenibilidad. Esta suma de conocimientos y de habilidades nos permite dar servicio a cientos de empresas y participar en el desarrollo de grandes proyectos consorciados de alto componente estrat\u00e9gico, de alcance nacional e internacional. Tambi\u00e9n es el puntal de nuestra misi\u00f3n, orientada a la aceleraci\u00f3n de la innovaci\u00f3n y a la potenciaci\u00f3n de su impacto en la competitividad empresarial. Esta orientaci\u00f3n y filosof\u00eda de trabajo es la que aplicamos al desarrollo de tecnolog\u00edas de futuro como las que encontrar\u00e9is en el presente newsletter, donde os acercamos los resultados de los estudios que llevamos a cabo en el campo de los alimentos funcionales para mejorar la salud o reducir el riesgo de enfermedades o la tecnolog\u00eda de ala laminar BLADE, fabricada por un consorcio europeo liderado por Airbus con la colaboraci\u00f3n de la empresa catalana Aritex y Eurecat, y que permitir\u00e1 rebajar a la mitad la fricci\u00f3n alar en nuevos modelos de avi\u00f3n y reducir las emisiones de di\u00f3xido de carbono.<\/p>\n<p>Tambi\u00e9n podr\u00e9is leer novedades sobre los avances en medicina preventiva y personalizada para enfermos cr\u00f3nicos y sobre el papel de la rob\u00f3tica como aliada de las pymes para innovar en el \u00e1mbito de la salud. El transporte del futuro, la exposici\u00f3n \u00abEl arte de la guerra\u00bb, la aplicaci\u00f3n de la neurociencia para el lanzamiento de nuevos productos, el uso de la tecnolog\u00eda para preservar la calidad del aire, la gesti\u00f3n inteligente del agua y los avances en la impresi\u00f3n de luz, sensores e interruptores sobre aluminio son otras informaciones que recogemos en este n\u00famero de verano \u00a1Os deseamos que os guste la lectura y que disfrut\u00e9is de las vacaciones!<\/p>\n<p><strong>Xavier Torra<\/strong><\/p>\n<p><strong>Presidente de Eurecat, Centro Tecnol\u00f3gico de Catalu\u00f1a<\/strong><\/p>\n","protected":false},"excerpt":{"rendered":"<p>El talento, la implicaci\u00f3n y la creatividad de los equipos marca la diferencia a la hora de implantar con \u00e9xito la cultura de la innovaci\u00f3n en las empresas y organizaciones. En el caso de Eurecat, m\u00e1s de 650 personas trabajamos intensamente, desde una perspectiva hol\u00edstica y multitecnol\u00f3gica, para hacer posible la transferencia de conocimiento altamente  [&#8230;]<\/p>\n","protected":false},"author":12,"featured_media":93310,"comment_status":"open","ping_status":"closed","sticky":false,"template":"","format":"standard","meta":{"footnotes":""},"categories":[133,2217],"tags":[],"class_list":["post-114206","post","type-post","status-publish","format-standard","has-post-thumbnail","hentry","category-blog","category-editorial"],"yoast_head":"<!-- This site is optimized with the Yoast SEO plugin v27.4 - https:\/\/yoast.com\/product\/yoast-seo-wordpress\/ -->\n<title>Editorial: Tecnolog\u00eda y talento, un t\u00e1ndem imbatible - Eurecat<\/title>\n<meta name=\"robots\" content=\"index, follow, max-snippet:-1, max-image-preview:large, max-video-preview:-1\" \/>\n<link rel=\"canonical\" href=\"https:\/\/eurecat.org\/es\/editorial-tecnologia-y-talento-un-tandem-imbatible\/\" \/>\n<meta property=\"og:locale\" content=\"es_ES\" \/>\n<meta property=\"og:type\" content=\"article\" \/>\n<meta property=\"og:title\" content=\"Editorial: Tecnolog\u00eda y talento, un t\u00e1ndem imbatible - Eurecat\" \/>\n<meta property=\"og:description\" content=\"El talento, la implicaci\u00f3n y la creatividad de los equipos marca la diferencia a la hora de implantar con \u00e9xito la cultura de la innovaci\u00f3n en las empresas y organizaciones. En el caso de Eurecat, m\u00e1s de 650 personas trabajamos intensamente, desde una perspectiva hol\u00edstica y multitecnol\u00f3gica, para hacer posible la transferencia de conocimiento altamente [...]\" \/>\n<meta property=\"og:url\" content=\"https:\/\/eurecat.org\/es\/editorial-tecnologia-y-talento-un-tandem-imbatible\/\" \/>\n<meta property=\"og:site_name\" content=\"Eurecat\" \/>\n<meta property=\"article:published_time\" content=\"2019-07-31T06:38:54+00:00\" \/>\n<meta property=\"article:modified_time\" content=\"2021-05-06T06:40:55+00:00\" \/>\n<meta property=\"og:image\" content=\"https:\/\/eurecat.org\/wp-content\/uploads\/2019\/11\/Xavier_Torra_600-X-400.jpg\" \/>\n\t<meta property=\"og:image:width\" content=\"600\" \/>\n\t<meta property=\"og:image:height\" content=\"400\" \/>\n\t<meta property=\"og:image:type\" content=\"image\/jpeg\" \/>\n<meta name=\"author\" content=\"EurecatEG\" \/>\n<meta name=\"twitter:card\" content=\"summary_large_image\" \/>\n<meta name=\"twitter:label1\" content=\"Escrito por\" \/>\n\t<meta name=\"twitter:data1\" content=\"EurecatEG\" \/>\n\t<meta name=\"twitter:label2\" content=\"Tiempo de lectura\" \/>\n\t<meta name=\"twitter:data2\" content=\"3 minutos\" \/>\n<script type=\"application\/ld+json\" class=\"yoast-schema-graph\">{\"@context\":\"https:\\\/\\\/schema.org\",\"@graph\":[{\"@type\":\"Article\",\"@id\":\"https:\\\/\\\/eurecat.org\\\/es\\\/editorial-tecnologia-y-talento-un-tandem-imbatible\\\/#article\",\"isPartOf\":{\"@id\":\"https:\\\/\\\/eurecat.org\\\/es\\\/editorial-tecnologia-y-talento-un-tandem-imbatible\\\/\"},\"author\":{\"name\":\"EurecatEG\",\"@id\":\"https:\\\/\\\/eurecat.org\\\/es\\\/#\\\/schema\\\/person\\\/def9217eded50ee57a9dc4cf0c883f80\"},\"headline\":\"Editorial: Tecnolog\u00eda y talento, un t\u00e1ndem imbatible\",\"datePublished\":\"2019-07-31T06:38:54+00:00\",\"dateModified\":\"2021-05-06T06:40:55+00:00\",\"mainEntityOfPage\":{\"@id\":\"https:\\\/\\\/eurecat.org\\\/es\\\/editorial-tecnologia-y-talento-un-tandem-imbatible\\\/\"},\"wordCount\":506,\"commentCount\":0,\"image\":{\"@id\":\"https:\\\/\\\/eurecat.org\\\/es\\\/editorial-tecnologia-y-talento-un-tandem-imbatible\\\/#primaryimage\"},\"thumbnailUrl\":\"https:\\\/\\\/eurecat.org\\\/wp-content\\\/uploads\\\/2019\\\/11\\\/Xavier_Torra_600-X-400.jpg\",\"articleSection\":[\"Blog\",\"Editorial\"],\"inLanguage\":\"es\",\"potentialAction\":[{\"@type\":\"CommentAction\",\"name\":\"Comment\",\"target\":[\"https:\\\/\\\/eurecat.org\\\/es\\\/editorial-tecnologia-y-talento-un-tandem-imbatible\\\/#respond\"]}]},{\"@type\":\"WebPage\",\"@id\":\"https:\\\/\\\/eurecat.org\\\/es\\\/editorial-tecnologia-y-talento-un-tandem-imbatible\\\/\",\"url\":\"https:\\\/\\\/eurecat.org\\\/es\\\/editorial-tecnologia-y-talento-un-tandem-imbatible\\\/\",\"name\":\"Editorial: Tecnolog\u00eda y talento, un t\u00e1ndem imbatible - Eurecat\",\"isPartOf\":{\"@id\":\"https:\\\/\\\/eurecat.org\\\/es\\\/#website\"},\"primaryImageOfPage\":{\"@id\":\"https:\\\/\\\/eurecat.org\\\/es\\\/editorial-tecnologia-y-talento-un-tandem-imbatible\\\/#primaryimage\"},\"image\":{\"@id\":\"https:\\\/\\\/eurecat.org\\\/es\\\/editorial-tecnologia-y-talento-un-tandem-imbatible\\\/#primaryimage\"},\"thumbnailUrl\":\"https:\\\/\\\/eurecat.org\\\/wp-content\\\/uploads\\\/2019\\\/11\\\/Xavier_Torra_600-X-400.jpg\",\"datePublished\":\"2019-07-31T06:38:54+00:00\",\"dateModified\":\"2021-05-06T06:40:55+00:00\",\"author\":{\"@id\":\"https:\\\/\\\/eurecat.org\\\/es\\\/#\\\/schema\\\/person\\\/def9217eded50ee57a9dc4cf0c883f80\"},\"breadcrumb\":{\"@id\":\"https:\\\/\\\/eurecat.org\\\/es\\\/editorial-tecnologia-y-talento-un-tandem-imbatible\\\/#breadcrumb\"},\"inLanguage\":\"es\",\"potentialAction\":[{\"@type\":\"ReadAction\",\"target\":[\"https:\\\/\\\/eurecat.org\\\/es\\\/editorial-tecnologia-y-talento-un-tandem-imbatible\\\/\"]}]},{\"@type\":\"ImageObject\",\"inLanguage\":\"es\",\"@id\":\"https:\\\/\\\/eurecat.org\\\/es\\\/editorial-tecnologia-y-talento-un-tandem-imbatible\\\/#primaryimage\",\"url\":\"https:\\\/\\\/eurecat.org\\\/wp-content\\\/uploads\\\/2019\\\/11\\\/Xavier_Torra_600-X-400.jpg\",\"contentUrl\":\"https:\\\/\\\/eurecat.org\\\/wp-content\\\/uploads\\\/2019\\\/11\\\/Xavier_Torra_600-X-400.jpg\",\"width\":600,\"height\":400,\"caption\":\"xavier torra eurecat\"},{\"@type\":\"BreadcrumbList\",\"@id\":\"https:\\\/\\\/eurecat.org\\\/es\\\/editorial-tecnologia-y-talento-un-tandem-imbatible\\\/#breadcrumb\",\"itemListElement\":[{\"@type\":\"ListItem\",\"position\":1,\"name\":\"Inici\",\"item\":\"https:\\\/\\\/eurecat.org\\\/es\\\/\"},{\"@type\":\"ListItem\",\"position\":2,\"name\":\"Editorial: Tecnolog\u00eda y talento, un t\u00e1ndem imbatible\"}]},{\"@type\":\"WebSite\",\"@id\":\"https:\\\/\\\/eurecat.org\\\/es\\\/#website\",\"url\":\"https:\\\/\\\/eurecat.org\\\/es\\\/\",\"name\":\"Eurecat\",\"description\":\"Otro sitio realizado con WordPress\",\"potentialAction\":[{\"@type\":\"SearchAction\",\"target\":{\"@type\":\"EntryPoint\",\"urlTemplate\":\"https:\\\/\\\/eurecat.org\\\/es\\\/?s={search_term_string}\"},\"query-input\":{\"@type\":\"PropertyValueSpecification\",\"valueRequired\":true,\"valueName\":\"search_term_string\"}}],\"inLanguage\":\"es\"},{\"@type\":\"Person\",\"@id\":\"https:\\\/\\\/eurecat.org\\\/es\\\/#\\\/schema\\\/person\\\/def9217eded50ee57a9dc4cf0c883f80\",\"name\":\"EurecatEG\",\"image\":{\"@type\":\"ImageObject\",\"inLanguage\":\"es\",\"@id\":\"https:\\\/\\\/secure.gravatar.com\\\/avatar\\\/f40dd9b6ecd3e5c591f3c9b033e495ee0ec9877ba77249fbf268b3889350c824?s=96&d=mm&r=g\",\"url\":\"https:\\\/\\\/secure.gravatar.com\\\/avatar\\\/f40dd9b6ecd3e5c591f3c9b033e495ee0ec9877ba77249fbf268b3889350c824?s=96&d=mm&r=g\",\"contentUrl\":\"https:\\\/\\\/secure.gravatar.com\\\/avatar\\\/f40dd9b6ecd3e5c591f3c9b033e495ee0ec9877ba77249fbf268b3889350c824?s=96&d=mm&r=g\",\"caption\":\"EurecatEG\"}}]}<\/script>\n<!-- \/ Yoast SEO plugin. -->","yoast_head_json":{"title":"Editorial: Tecnolog\u00eda y talento, un t\u00e1ndem imbatible - Eurecat","robots":{"index":"index","follow":"follow","max-snippet":"max-snippet:-1","max-image-preview":"max-image-preview:large","max-video-preview":"max-video-preview:-1"},"canonical":"https:\/\/eurecat.org\/es\/editorial-tecnologia-y-talento-un-tandem-imbatible\/","og_locale":"es_ES","og_type":"article","og_title":"Editorial: Tecnolog\u00eda y talento, un t\u00e1ndem imbatible - Eurecat","og_description":"El talento, la implicaci\u00f3n y la creatividad de los equipos marca la diferencia a la hora de implantar con \u00e9xito la cultura de la innovaci\u00f3n en las empresas y organizaciones. En el caso de Eurecat, m\u00e1s de 650 personas trabajamos intensamente, desde una perspectiva hol\u00edstica y multitecnol\u00f3gica, para hacer posible la transferencia de conocimiento altamente [...]","og_url":"https:\/\/eurecat.org\/es\/editorial-tecnologia-y-talento-un-tandem-imbatible\/","og_site_name":"Eurecat","article_published_time":"2019-07-31T06:38:54+00:00","article_modified_time":"2021-05-06T06:40:55+00:00","og_image":[{"width":600,"height":400,"url":"https:\/\/eurecat.org\/wp-content\/uploads\/2019\/11\/Xavier_Torra_600-X-400.jpg","type":"image\/jpeg"}],"author":"EurecatEG","twitter_card":"summary_large_image","twitter_misc":{"Escrito por":"EurecatEG","Tiempo de lectura":"3 minutos"},"schema":{"@context":"https:\/\/schema.org","@graph":[{"@type":"Article","@id":"https:\/\/eurecat.org\/es\/editorial-tecnologia-y-talento-un-tandem-imbatible\/#article","isPartOf":{"@id":"https:\/\/eurecat.org\/es\/editorial-tecnologia-y-talento-un-tandem-imbatible\/"},"author":{"name":"EurecatEG","@id":"https:\/\/eurecat.org\/es\/#\/schema\/person\/def9217eded50ee57a9dc4cf0c883f80"},"headline":"Editorial: Tecnolog\u00eda y talento, un t\u00e1ndem imbatible","datePublished":"2019-07-31T06:38:54+00:00","dateModified":"2021-05-06T06:40:55+00:00","mainEntityOfPage":{"@id":"https:\/\/eurecat.org\/es\/editorial-tecnologia-y-talento-un-tandem-imbatible\/"},"wordCount":506,"commentCount":0,"image":{"@id":"https:\/\/eurecat.org\/es\/editorial-tecnologia-y-talento-un-tandem-imbatible\/#primaryimage"},"thumbnailUrl":"https:\/\/eurecat.org\/wp-content\/uploads\/2019\/11\/Xavier_Torra_600-X-400.jpg","articleSection":["Blog","Editorial"],"inLanguage":"es","potentialAction":[{"@type":"CommentAction","name":"Comment","target":["https:\/\/eurecat.org\/es\/editorial-tecnologia-y-talento-un-tandem-imbatible\/#respond"]}]},{"@type":"WebPage","@id":"https:\/\/eurecat.org\/es\/editorial-tecnologia-y-talento-un-tandem-imbatible\/","url":"https:\/\/eurecat.org\/es\/editorial-tecnologia-y-talento-un-tandem-imbatible\/","name":"Editorial: Tecnolog\u00eda y talento, un t\u00e1ndem imbatible - Eurecat","isPartOf":{"@id":"https:\/\/eurecat.org\/es\/#website"},"primaryImageOfPage":{"@id":"https:\/\/eurecat.org\/es\/editorial-tecnologia-y-talento-un-tandem-imbatible\/#primaryimage"},"image":{"@id":"https:\/\/eurecat.org\/es\/editorial-tecnologia-y-talento-un-tandem-imbatible\/#primaryimage"},"thumbnailUrl":"https:\/\/eurecat.org\/wp-content\/uploads\/2019\/11\/Xavier_Torra_600-X-400.jpg","datePublished":"2019-07-31T06:38:54+00:00","dateModified":"2021-05-06T06:40:55+00:00","author":{"@id":"https:\/\/eurecat.org\/es\/#\/schema\/person\/def9217eded50ee57a9dc4cf0c883f80"},"breadcrumb":{"@id":"https:\/\/eurecat.org\/es\/editorial-tecnologia-y-talento-un-tandem-imbatible\/#breadcrumb"},"inLanguage":"es","potentialAction":[{"@type":"ReadAction","target":["https:\/\/eurecat.org\/es\/editorial-tecnologia-y-talento-un-tandem-imbatible\/"]}]},{"@type":"ImageObject","inLanguage":"es","@id":"https:\/\/eurecat.org\/es\/editorial-tecnologia-y-talento-un-tandem-imbatible\/#primaryimage","url":"https:\/\/eurecat.org\/wp-content\/uploads\/2019\/11\/Xavier_Torra_600-X-400.jpg","contentUrl":"https:\/\/eurecat.org\/wp-content\/uploads\/2019\/11\/Xavier_Torra_600-X-400.jpg","width":600,"height":400,"caption":"xavier torra eurecat"},{"@type":"BreadcrumbList","@id":"https:\/\/eurecat.org\/es\/editorial-tecnologia-y-talento-un-tandem-imbatible\/#breadcrumb","itemListElement":[{"@type":"ListItem","position":1,"name":"Inici","item":"https:\/\/eurecat.org\/es\/"},{"@type":"ListItem","position":2,"name":"Editorial: Tecnolog\u00eda y talento, un t\u00e1ndem imbatible"}]},{"@type":"WebSite","@id":"https:\/\/eurecat.org\/es\/#website","url":"https:\/\/eurecat.org\/es\/","name":"Eurecat","description":"Otro sitio realizado con WordPress","potentialAction":[{"@type":"SearchAction","target":{"@type":"EntryPoint","urlTemplate":"https:\/\/eurecat.org\/es\/?s={search_term_string}"},"query-input":{"@type":"PropertyValueSpecification","valueRequired":true,"valueName":"search_term_string"}}],"inLanguage":"es"},{"@type":"Person","@id":"https:\/\/eurecat.org\/es\/#\/schema\/person\/def9217eded50ee57a9dc4cf0c883f80","name":"EurecatEG","image":{"@type":"ImageObject","inLanguage":"es","@id":"https:\/\/secure.gravatar.com\/avatar\/f40dd9b6ecd3e5c591f3c9b033e495ee0ec9877ba77249fbf268b3889350c824?s=96&d=mm&r=g","url":"https:\/\/secure.gravatar.com\/avatar\/f40dd9b6ecd3e5c591f3c9b033e495ee0ec9877ba77249fbf268b3889350c824?s=96&d=mm&r=g","contentUrl":"https:\/\/secure.gravatar.com\/avatar\/f40dd9b6ecd3e5c591f3c9b033e495ee0ec9877ba77249fbf268b3889350c824?s=96&d=mm&r=g","caption":"EurecatEG"}}]}},"_links":{"self":[{"href":"https:\/\/eurecat.org\/es\/wp-json\/wp\/v2\/posts\/114206","targetHints":{"allow":["GET"]}}],"collection":[{"href":"https:\/\/eurecat.org\/es\/wp-json\/wp\/v2\/posts"}],"about":[{"href":"https:\/\/eurecat.org\/es\/wp-json\/wp\/v2\/types\/post"}],"author":[{"embeddable":true,"href":"https:\/\/eurecat.org\/es\/wp-json\/wp\/v2\/users\/12"}],"replies":[{"embeddable":true,"href":"https:\/\/eurecat.org\/es\/wp-json\/wp\/v2\/comments?post=114206"}],"version-history":[{"count":0,"href":"https:\/\/eurecat.org\/es\/wp-json\/wp\/v2\/posts\/114206\/revisions"}],"wp:featuredmedia":[{"embeddable":true,"href":"https:\/\/eurecat.org\/es\/wp-json\/wp\/v2\/media\/93310"}],"wp:attachment":[{"href":"https:\/\/eurecat.org\/es\/wp-json\/wp\/v2\/media?parent=114206"}],"wp:term":[{"taxonomy":"category","embeddable":true,"href":"https:\/\/eurecat.org\/es\/wp-json\/wp\/v2\/categories?post=114206"},{"taxonomy":"post_tag","embeddable":true,"href":"https:\/\/eurecat.org\/es\/wp-json\/wp\/v2\/tags?post=114206"}],"curies":[{"name":"wp","href":"https:\/\/api.w.org\/{rel}","templated":true}]}}