{"id":114210,"date":"2019-06-26T06:42:09","date_gmt":"2019-06-26T06:42:09","guid":{"rendered":"https:\/\/eurecat.org\/?p=114210"},"modified":"2021-05-06T06:44:51","modified_gmt":"2021-05-06T06:44:51","slug":"tejidos-funcionales-wearables-e-impresion-3d-la-revolucion-de-la-industria-textil","status":"publish","type":"post","link":"https:\/\/eurecat.org\/es\/tejidos-funcionales-wearables-e-impresion-3d-la-revolucion-de-la-industria-textil\/","title":{"rendered":"Editorial: Tejidos funcionales, wearables e impresi\u00f3n 3D: la revoluci\u00f3n de la industria textil"},"content":{"rendered":"<p><strong><img decoding=\"async\" class=\"wp-image-113831 size-medium alignleft\" src=\"https:\/\/eurecat.org\/wp-content\/uploads\/2021\/04\/XAVIER-TORRA-1200X800-1-300x200.jpg\" alt=\"\" width=\"300\" height=\"200\" srcset=\"https:\/\/eurecat.org\/wp-content\/uploads\/2021\/04\/XAVIER-TORRA-1200X800-1-200x133.jpg 200w, https:\/\/eurecat.org\/wp-content\/uploads\/2021\/04\/XAVIER-TORRA-1200X800-1-300x200.jpg 300w, https:\/\/eurecat.org\/wp-content\/uploads\/2021\/04\/XAVIER-TORRA-1200X800-1-391x260.jpg 391w, https:\/\/eurecat.org\/wp-content\/uploads\/2021\/04\/XAVIER-TORRA-1200X800-1-400x267.jpg 400w, https:\/\/eurecat.org\/wp-content\/uploads\/2021\/04\/XAVIER-TORRA-1200X800-1-600x400.jpg 600w, https:\/\/eurecat.org\/wp-content\/uploads\/2021\/04\/XAVIER-TORRA-1200X800-1-768x512.jpg 768w, https:\/\/eurecat.org\/wp-content\/uploads\/2021\/04\/XAVIER-TORRA-1200X800-1-800x533.jpg 800w, https:\/\/eurecat.org\/wp-content\/uploads\/2021\/04\/XAVIER-TORRA-1200X800-1-1160x773.jpg 1160w, https:\/\/eurecat.org\/wp-content\/uploads\/2021\/04\/XAVIER-TORRA-1200X800-1.jpg 1200w\" sizes=\"(max-width: 300px) 100vw, 300px\" \/><\/strong><\/p>\n<p>Tejidos multifuncionales y wearables, con aplicaci\u00f3n en \u00e1mbitos que van desde la salud y el bienestar hasta el deporte y la reducci\u00f3n de riesgos laborales, y la impresi\u00f3n 3D sobre tejido de forma continuada hasta alcanzar longitudes infinitas son algunas de las soluciones de Eurecat que se han podido ver en la ITMA 2019 y que anticipan la nueva revoluci\u00f3n en la que est\u00e1 inmersa la industria. El inter\u00e9s de los fabricantes por los \u00faltimos avances presentados en la feria, considerada la referencia en innovaci\u00f3n aplicada al sector textil, ha quedado reflejada en la atenci\u00f3n que ha despertado la adaptaci\u00f3n innovadora que hemos hecho de la impresora 3D \u00abBlackbelt 3D-Textil\u00bb, que distribuye en Espa\u00f1a la empresa Uniqo Custom Engineering. El nuevo sistema, que est\u00e1 en tr\u00e1mites de patente, env\u00eda el dise\u00f1o elaborado en tres dimensiones por ordenador a la impresora y \u00e9sta la imprime sobre cualquier tipo de tejido, textura y color.<\/p>\n<p>Esta tecnolog\u00eda se suma a otras soluciones de Eurecat para la industria textil y que ya se han traducido en materiales innovadores, como un nuevo tejido 3D que ha permitido dar forma a un protector integral del pie para pacientes hospitalizados, en colaboraci\u00f3n con el Consorcio Sanitario del Maresme. Tambi\u00e9n hemos contribuido a la implementaci\u00f3n de tejidos calefactables que mejoran los procesos de producci\u00f3n y la creaci\u00f3n de productos con memoria de forma o con caracter\u00edsticas hidrocr\u00f3micas. En paralelo, trabajamos tambi\u00e9n en prototipos de materiales funcionales en estructuras complejas y en combinaciones de diferentes elementos para obtener funcionalidades espec\u00edficas y dar respuesta a requerimientos de usabilidad.<\/p>\n<p>Para conseguir estos desarrollos pioneros, llevamos a cabo desde la conceptualizaci\u00f3n de tejidos funcionales adaptados a las necesidades de cada proyecto hasta la b\u00fasqueda de fibras y la identificaci\u00f3n de compuestos a partir de materias primas naturales o sint\u00e9ticas y la hibridaci\u00f3n de fibras. Tambi\u00e9n generamos nuevos materiales compuestos con propiedades singulares que permiten dise\u00f1ar nuevas estructuras textiles y tejidos funcionales y nos ocupamos de la valoraci\u00f3n de su potencial para implementar nuevas aplicaciones que reviertan en una mayor productividad y competitividad de una industria, donde juegan un papel fundamental la conectividad, la sens\u00f3rica o tecnolog\u00edas como la Inteligencia Artificial y el Big Data. Este dinamismo constituye una oportunidad clave para la industria textil, con un especial impacto en Matar\u00f3 y el Maresme, en sinton\u00eda con el Proyecto de Especializaci\u00f3n y Competitividad Territorial que quiere convertir esta \u00e1rea en un polo de emprendimiento y de innovaci\u00f3n en este campo, mediante acciones como el Reimagine Textile, que llevamos a cabo junto con el TecnoCampus.<\/p>\n<p>Este newsletter recopila tambi\u00e9n otros ejemplos de las capacidades multitecnol\u00f3gicas que ofrecemos a las empresas y que se han traducido en proyectos con un gran potencial, como Formplanet, destinado a las industrias de conformado de chapa, y Scorewater, que aplica Inteligencia Artificial y Big Data para profundizar en el conocimiento sobre la personalidad de los barrios de Barcelona. Adem\u00e1s, encontrar\u00e1 informaci\u00f3n sobre las aplicaciones \u00abMyVent\u00bb y \u00abSeleccionamos\u00bb, centradas en los pacientes con enfermedades respiratorias y con esclerosis m\u00faltiple, respectivamente, y de los \u00faltimos congresos y jornadas que organizamos en torno a la divulgaci\u00f3n cient\u00edfica y tecnol\u00f3gica, entre otras novedades.<\/p>\n<p class=\"p1\"><span class=\"s1\">Xavier Torra,\u00a0<\/span><span class=\"s1\">Presidente de Eurecat<\/span><\/p>\n","protected":false},"excerpt":{"rendered":"<p>Tejidos multifuncionales y wearables, con aplicaci\u00f3n en \u00e1mbitos que van desde la salud y el bienestar hasta el deporte y la reducci\u00f3n de riesgos laborales, y la impresi\u00f3n 3D sobre tejido de forma continuada hasta alcanzar longitudes infinitas son algunas de las soluciones de Eurecat que se han podido ver en la ITMA 2019 y  [&#8230;]<\/p>\n","protected":false},"author":12,"featured_media":113814,"comment_status":"closed","ping_status":"closed","sticky":false,"template":"","format":"standard","meta":{"footnotes":""},"categories":[133,2217],"tags":[],"class_list":["post-114210","post","type-post","status-publish","format-standard","has-post-thumbnail","hentry","category-blog","category-editorial"],"yoast_head":"<!-- This site is optimized with the Yoast SEO plugin v27.4 - https:\/\/yoast.com\/product\/yoast-seo-wordpress\/ -->\n<title>Editorial: Tejidos funcionales, wearables e impresi\u00f3n 3D: la revoluci\u00f3n de la industria textil - Eurecat<\/title>\n<meta name=\"description\" content=\"Este mes de mayo hemos recogido dos premios que nos hacen especial ilusi\u00f3n y que son un reconocimiento a la capacidad de aportar innovaci\u00f3n de vanguardia a las empresas, para que puedan aumentar su competitividad y niveles de productividad.\" \/>\n<meta name=\"robots\" content=\"index, follow, max-snippet:-1, max-image-preview:large, max-video-preview:-1\" \/>\n<link rel=\"canonical\" href=\"https:\/\/eurecat.org\/es\/tejidos-funcionales-wearables-e-impresion-3d-la-revolucion-de-la-industria-textil\/\" \/>\n<meta property=\"og:locale\" content=\"es_ES\" \/>\n<meta property=\"og:type\" content=\"article\" \/>\n<meta property=\"og:title\" content=\"Editorial: Tejidos funcionales, wearables e impresi\u00f3n 3D: la revoluci\u00f3n de la industria textil - Eurecat\" \/>\n<meta property=\"og:description\" content=\"Este mes de mayo hemos recogido dos premios que nos hacen especial ilusi\u00f3n y que son un reconocimiento a la capacidad de aportar innovaci\u00f3n de vanguardia a las empresas, para que puedan aumentar su competitividad y niveles de productividad.\" \/>\n<meta property=\"og:url\" content=\"https:\/\/eurecat.org\/es\/tejidos-funcionales-wearables-e-impresion-3d-la-revolucion-de-la-industria-textil\/\" \/>\n<meta property=\"og:site_name\" content=\"Eurecat\" \/>\n<meta property=\"article:published_time\" content=\"2019-06-26T06:42:09+00:00\" \/>\n<meta property=\"article:modified_time\" content=\"2021-05-06T06:44:51+00:00\" \/>\n<meta property=\"og:image\" content=\"https:\/\/eurecat.org\/wp-content\/uploads\/2021\/04\/XAVIER-TORRA-1200X800.jpg\" \/>\n\t<meta property=\"og:image:width\" content=\"1200\" \/>\n\t<meta property=\"og:image:height\" content=\"800\" \/>\n\t<meta property=\"og:image:type\" content=\"image\/jpeg\" \/>\n<meta name=\"author\" content=\"EurecatEG\" \/>\n<meta name=\"twitter:card\" content=\"summary_large_image\" \/>\n<meta name=\"twitter:label1\" content=\"Escrito por\" \/>\n\t<meta name=\"twitter:data1\" content=\"EurecatEG\" \/>\n\t<meta name=\"twitter:label2\" content=\"Tiempo de lectura\" \/>\n\t<meta name=\"twitter:data2\" content=\"3 minutos\" \/>\n<script type=\"application\/ld+json\" class=\"yoast-schema-graph\">{\"@context\":\"https:\\\/\\\/schema.org\",\"@graph\":[{\"@type\":\"Article\",\"@id\":\"https:\\\/\\\/eurecat.org\\\/es\\\/tejidos-funcionales-wearables-e-impresion-3d-la-revolucion-de-la-industria-textil\\\/#article\",\"isPartOf\":{\"@id\":\"https:\\\/\\\/eurecat.org\\\/es\\\/tejidos-funcionales-wearables-e-impresion-3d-la-revolucion-de-la-industria-textil\\\/\"},\"author\":{\"name\":\"EurecatEG\",\"@id\":\"https:\\\/\\\/eurecat.org\\\/es\\\/#\\\/schema\\\/person\\\/def9217eded50ee57a9dc4cf0c883f80\"},\"headline\":\"Editorial: Tejidos funcionales, wearables e impresi\u00f3n 3D: la revoluci\u00f3n de la industria textil\",\"datePublished\":\"2019-06-26T06:42:09+00:00\",\"dateModified\":\"2021-05-06T06:44:51+00:00\",\"mainEntityOfPage\":{\"@id\":\"https:\\\/\\\/eurecat.org\\\/es\\\/tejidos-funcionales-wearables-e-impresion-3d-la-revolucion-de-la-industria-textil\\\/\"},\"wordCount\":582,\"image\":{\"@id\":\"https:\\\/\\\/eurecat.org\\\/es\\\/tejidos-funcionales-wearables-e-impresion-3d-la-revolucion-de-la-industria-textil\\\/#primaryimage\"},\"thumbnailUrl\":\"https:\\\/\\\/eurecat.org\\\/wp-content\\\/uploads\\\/2021\\\/04\\\/XAVIER-TORRA-1200X800.jpg\",\"articleSection\":[\"Blog\",\"Editorial\"],\"inLanguage\":\"es\"},{\"@type\":\"WebPage\",\"@id\":\"https:\\\/\\\/eurecat.org\\\/es\\\/tejidos-funcionales-wearables-e-impresion-3d-la-revolucion-de-la-industria-textil\\\/\",\"url\":\"https:\\\/\\\/eurecat.org\\\/es\\\/tejidos-funcionales-wearables-e-impresion-3d-la-revolucion-de-la-industria-textil\\\/\",\"name\":\"Editorial: Tejidos funcionales, wearables e impresi\u00f3n 3D: la revoluci\u00f3n de la industria textil - Eurecat\",\"isPartOf\":{\"@id\":\"https:\\\/\\\/eurecat.org\\\/es\\\/#website\"},\"primaryImageOfPage\":{\"@id\":\"https:\\\/\\\/eurecat.org\\\/es\\\/tejidos-funcionales-wearables-e-impresion-3d-la-revolucion-de-la-industria-textil\\\/#primaryimage\"},\"image\":{\"@id\":\"https:\\\/\\\/eurecat.org\\\/es\\\/tejidos-funcionales-wearables-e-impresion-3d-la-revolucion-de-la-industria-textil\\\/#primaryimage\"},\"thumbnailUrl\":\"https:\\\/\\\/eurecat.org\\\/wp-content\\\/uploads\\\/2021\\\/04\\\/XAVIER-TORRA-1200X800.jpg\",\"datePublished\":\"2019-06-26T06:42:09+00:00\",\"dateModified\":\"2021-05-06T06:44:51+00:00\",\"author\":{\"@id\":\"https:\\\/\\\/eurecat.org\\\/es\\\/#\\\/schema\\\/person\\\/def9217eded50ee57a9dc4cf0c883f80\"},\"description\":\"Este mes de mayo hemos recogido dos premios que nos hacen especial ilusi\u00f3n y que son un reconocimiento a la capacidad de aportar innovaci\u00f3n de vanguardia a las empresas, para que puedan aumentar su competitividad y niveles de productividad.\",\"breadcrumb\":{\"@id\":\"https:\\\/\\\/eurecat.org\\\/es\\\/tejidos-funcionales-wearables-e-impresion-3d-la-revolucion-de-la-industria-textil\\\/#breadcrumb\"},\"inLanguage\":\"es\",\"potentialAction\":[{\"@type\":\"ReadAction\",\"target\":[\"https:\\\/\\\/eurecat.org\\\/es\\\/tejidos-funcionales-wearables-e-impresion-3d-la-revolucion-de-la-industria-textil\\\/\"]}]},{\"@type\":\"ImageObject\",\"inLanguage\":\"es\",\"@id\":\"https:\\\/\\\/eurecat.org\\\/es\\\/tejidos-funcionales-wearables-e-impresion-3d-la-revolucion-de-la-industria-textil\\\/#primaryimage\",\"url\":\"https:\\\/\\\/eurecat.org\\\/wp-content\\\/uploads\\\/2021\\\/04\\\/XAVIER-TORRA-1200X800.jpg\",\"contentUrl\":\"https:\\\/\\\/eurecat.org\\\/wp-content\\\/uploads\\\/2021\\\/04\\\/XAVIER-TORRA-1200X800.jpg\",\"width\":1200,\"height\":800},{\"@type\":\"BreadcrumbList\",\"@id\":\"https:\\\/\\\/eurecat.org\\\/es\\\/tejidos-funcionales-wearables-e-impresion-3d-la-revolucion-de-la-industria-textil\\\/#breadcrumb\",\"itemListElement\":[{\"@type\":\"ListItem\",\"position\":1,\"name\":\"Inici\",\"item\":\"https:\\\/\\\/eurecat.org\\\/es\\\/\"},{\"@type\":\"ListItem\",\"position\":2,\"name\":\"Editorial: Tejidos funcionales, wearables e impresi\u00f3n 3D: la revoluci\u00f3n de la industria textil\"}]},{\"@type\":\"WebSite\",\"@id\":\"https:\\\/\\\/eurecat.org\\\/es\\\/#website\",\"url\":\"https:\\\/\\\/eurecat.org\\\/es\\\/\",\"name\":\"Eurecat\",\"description\":\"Otro sitio realizado con WordPress\",\"potentialAction\":[{\"@type\":\"SearchAction\",\"target\":{\"@type\":\"EntryPoint\",\"urlTemplate\":\"https:\\\/\\\/eurecat.org\\\/es\\\/?s={search_term_string}\"},\"query-input\":{\"@type\":\"PropertyValueSpecification\",\"valueRequired\":true,\"valueName\":\"search_term_string\"}}],\"inLanguage\":\"es\"},{\"@type\":\"Person\",\"@id\":\"https:\\\/\\\/eurecat.org\\\/es\\\/#\\\/schema\\\/person\\\/def9217eded50ee57a9dc4cf0c883f80\",\"name\":\"EurecatEG\",\"image\":{\"@type\":\"ImageObject\",\"inLanguage\":\"es\",\"@id\":\"https:\\\/\\\/secure.gravatar.com\\\/avatar\\\/f40dd9b6ecd3e5c591f3c9b033e495ee0ec9877ba77249fbf268b3889350c824?s=96&d=mm&r=g\",\"url\":\"https:\\\/\\\/secure.gravatar.com\\\/avatar\\\/f40dd9b6ecd3e5c591f3c9b033e495ee0ec9877ba77249fbf268b3889350c824?s=96&d=mm&r=g\",\"contentUrl\":\"https:\\\/\\\/secure.gravatar.com\\\/avatar\\\/f40dd9b6ecd3e5c591f3c9b033e495ee0ec9877ba77249fbf268b3889350c824?s=96&d=mm&r=g\",\"caption\":\"EurecatEG\"}}]}<\/script>\n<!-- \/ Yoast SEO plugin. -->","yoast_head_json":{"title":"Editorial: Tejidos funcionales, wearables e impresi\u00f3n 3D: la revoluci\u00f3n de la industria textil - Eurecat","description":"Este mes de mayo hemos recogido dos premios que nos hacen especial ilusi\u00f3n y que son un reconocimiento a la capacidad de aportar innovaci\u00f3n de vanguardia a las empresas, para que puedan aumentar su competitividad y niveles de productividad.","robots":{"index":"index","follow":"follow","max-snippet":"max-snippet:-1","max-image-preview":"max-image-preview:large","max-video-preview":"max-video-preview:-1"},"canonical":"https:\/\/eurecat.org\/es\/tejidos-funcionales-wearables-e-impresion-3d-la-revolucion-de-la-industria-textil\/","og_locale":"es_ES","og_type":"article","og_title":"Editorial: Tejidos funcionales, wearables e impresi\u00f3n 3D: la revoluci\u00f3n de la industria textil - Eurecat","og_description":"Este mes de mayo hemos recogido dos premios que nos hacen especial ilusi\u00f3n y que son un reconocimiento a la capacidad de aportar innovaci\u00f3n de vanguardia a las empresas, para que puedan aumentar su competitividad y niveles de productividad.","og_url":"https:\/\/eurecat.org\/es\/tejidos-funcionales-wearables-e-impresion-3d-la-revolucion-de-la-industria-textil\/","og_site_name":"Eurecat","article_published_time":"2019-06-26T06:42:09+00:00","article_modified_time":"2021-05-06T06:44:51+00:00","og_image":[{"width":1200,"height":800,"url":"https:\/\/eurecat.org\/wp-content\/uploads\/2021\/04\/XAVIER-TORRA-1200X800.jpg","type":"image\/jpeg"}],"author":"EurecatEG","twitter_card":"summary_large_image","twitter_misc":{"Escrito por":"EurecatEG","Tiempo de lectura":"3 minutos"},"schema":{"@context":"https:\/\/schema.org","@graph":[{"@type":"Article","@id":"https:\/\/eurecat.org\/es\/tejidos-funcionales-wearables-e-impresion-3d-la-revolucion-de-la-industria-textil\/#article","isPartOf":{"@id":"https:\/\/eurecat.org\/es\/tejidos-funcionales-wearables-e-impresion-3d-la-revolucion-de-la-industria-textil\/"},"author":{"name":"EurecatEG","@id":"https:\/\/eurecat.org\/es\/#\/schema\/person\/def9217eded50ee57a9dc4cf0c883f80"},"headline":"Editorial: Tejidos funcionales, wearables e impresi\u00f3n 3D: la revoluci\u00f3n de la industria textil","datePublished":"2019-06-26T06:42:09+00:00","dateModified":"2021-05-06T06:44:51+00:00","mainEntityOfPage":{"@id":"https:\/\/eurecat.org\/es\/tejidos-funcionales-wearables-e-impresion-3d-la-revolucion-de-la-industria-textil\/"},"wordCount":582,"image":{"@id":"https:\/\/eurecat.org\/es\/tejidos-funcionales-wearables-e-impresion-3d-la-revolucion-de-la-industria-textil\/#primaryimage"},"thumbnailUrl":"https:\/\/eurecat.org\/wp-content\/uploads\/2021\/04\/XAVIER-TORRA-1200X800.jpg","articleSection":["Blog","Editorial"],"inLanguage":"es"},{"@type":"WebPage","@id":"https:\/\/eurecat.org\/es\/tejidos-funcionales-wearables-e-impresion-3d-la-revolucion-de-la-industria-textil\/","url":"https:\/\/eurecat.org\/es\/tejidos-funcionales-wearables-e-impresion-3d-la-revolucion-de-la-industria-textil\/","name":"Editorial: Tejidos funcionales, wearables e impresi\u00f3n 3D: la revoluci\u00f3n de la industria textil - Eurecat","isPartOf":{"@id":"https:\/\/eurecat.org\/es\/#website"},"primaryImageOfPage":{"@id":"https:\/\/eurecat.org\/es\/tejidos-funcionales-wearables-e-impresion-3d-la-revolucion-de-la-industria-textil\/#primaryimage"},"image":{"@id":"https:\/\/eurecat.org\/es\/tejidos-funcionales-wearables-e-impresion-3d-la-revolucion-de-la-industria-textil\/#primaryimage"},"thumbnailUrl":"https:\/\/eurecat.org\/wp-content\/uploads\/2021\/04\/XAVIER-TORRA-1200X800.jpg","datePublished":"2019-06-26T06:42:09+00:00","dateModified":"2021-05-06T06:44:51+00:00","author":{"@id":"https:\/\/eurecat.org\/es\/#\/schema\/person\/def9217eded50ee57a9dc4cf0c883f80"},"description":"Este mes de mayo hemos recogido dos premios que nos hacen especial ilusi\u00f3n y que son un reconocimiento a la capacidad de aportar innovaci\u00f3n de vanguardia a las empresas, para que puedan aumentar su competitividad y niveles de productividad.","breadcrumb":{"@id":"https:\/\/eurecat.org\/es\/tejidos-funcionales-wearables-e-impresion-3d-la-revolucion-de-la-industria-textil\/#breadcrumb"},"inLanguage":"es","potentialAction":[{"@type":"ReadAction","target":["https:\/\/eurecat.org\/es\/tejidos-funcionales-wearables-e-impresion-3d-la-revolucion-de-la-industria-textil\/"]}]},{"@type":"ImageObject","inLanguage":"es","@id":"https:\/\/eurecat.org\/es\/tejidos-funcionales-wearables-e-impresion-3d-la-revolucion-de-la-industria-textil\/#primaryimage","url":"https:\/\/eurecat.org\/wp-content\/uploads\/2021\/04\/XAVIER-TORRA-1200X800.jpg","contentUrl":"https:\/\/eurecat.org\/wp-content\/uploads\/2021\/04\/XAVIER-TORRA-1200X800.jpg","width":1200,"height":800},{"@type":"BreadcrumbList","@id":"https:\/\/eurecat.org\/es\/tejidos-funcionales-wearables-e-impresion-3d-la-revolucion-de-la-industria-textil\/#breadcrumb","itemListElement":[{"@type":"ListItem","position":1,"name":"Inici","item":"https:\/\/eurecat.org\/es\/"},{"@type":"ListItem","position":2,"name":"Editorial: Tejidos funcionales, wearables e impresi\u00f3n 3D: la revoluci\u00f3n de la industria textil"}]},{"@type":"WebSite","@id":"https:\/\/eurecat.org\/es\/#website","url":"https:\/\/eurecat.org\/es\/","name":"Eurecat","description":"Otro sitio realizado con WordPress","potentialAction":[{"@type":"SearchAction","target":{"@type":"EntryPoint","urlTemplate":"https:\/\/eurecat.org\/es\/?s={search_term_string}"},"query-input":{"@type":"PropertyValueSpecification","valueRequired":true,"valueName":"search_term_string"}}],"inLanguage":"es"},{"@type":"Person","@id":"https:\/\/eurecat.org\/es\/#\/schema\/person\/def9217eded50ee57a9dc4cf0c883f80","name":"EurecatEG","image":{"@type":"ImageObject","inLanguage":"es","@id":"https:\/\/secure.gravatar.com\/avatar\/f40dd9b6ecd3e5c591f3c9b033e495ee0ec9877ba77249fbf268b3889350c824?s=96&d=mm&r=g","url":"https:\/\/secure.gravatar.com\/avatar\/f40dd9b6ecd3e5c591f3c9b033e495ee0ec9877ba77249fbf268b3889350c824?s=96&d=mm&r=g","contentUrl":"https:\/\/secure.gravatar.com\/avatar\/f40dd9b6ecd3e5c591f3c9b033e495ee0ec9877ba77249fbf268b3889350c824?s=96&d=mm&r=g","caption":"EurecatEG"}}]}},"_links":{"self":[{"href":"https:\/\/eurecat.org\/es\/wp-json\/wp\/v2\/posts\/114210","targetHints":{"allow":["GET"]}}],"collection":[{"href":"https:\/\/eurecat.org\/es\/wp-json\/wp\/v2\/posts"}],"about":[{"href":"https:\/\/eurecat.org\/es\/wp-json\/wp\/v2\/types\/post"}],"author":[{"embeddable":true,"href":"https:\/\/eurecat.org\/es\/wp-json\/wp\/v2\/users\/12"}],"replies":[{"embeddable":true,"href":"https:\/\/eurecat.org\/es\/wp-json\/wp\/v2\/comments?post=114210"}],"version-history":[{"count":0,"href":"https:\/\/eurecat.org\/es\/wp-json\/wp\/v2\/posts\/114210\/revisions"}],"wp:featuredmedia":[{"embeddable":true,"href":"https:\/\/eurecat.org\/es\/wp-json\/wp\/v2\/media\/113814"}],"wp:attachment":[{"href":"https:\/\/eurecat.org\/es\/wp-json\/wp\/v2\/media?parent=114210"}],"wp:term":[{"taxonomy":"category","embeddable":true,"href":"https:\/\/eurecat.org\/es\/wp-json\/wp\/v2\/categories?post=114210"},{"taxonomy":"post_tag","embeddable":true,"href":"https:\/\/eurecat.org\/es\/wp-json\/wp\/v2\/tags?post=114210"}],"curies":[{"name":"wp","href":"https:\/\/api.w.org\/{rel}","templated":true}]}}