{"id":114214,"date":"2021-01-29T06:45:46","date_gmt":"2021-01-29T06:45:46","guid":{"rendered":"https:\/\/eurecat.org\/?p=114214"},"modified":"2021-05-06T06:55:03","modified_gmt":"2021-05-06T06:55:03","slug":"editorial-tendencias-tecnologicas-para-2021","status":"publish","type":"post","link":"https:\/\/eurecat.org\/es\/editorial-tendencias-tecnologicas-para-2021\/","title":{"rendered":"Editorial: Tendencias tecnol\u00f3gicas para 2021"},"content":{"rendered":"<p><img decoding=\"async\" class=\"wp-image-93308 size-medium alignleft\" src=\"https:\/\/eurecat.org\/wp-content\/uploads\/2019\/11\/Xavier_Torra_600-X-400-300x200.jpg\" alt=\"\" width=\"300\" height=\"200\" srcset=\"https:\/\/eurecat.org\/wp-content\/uploads\/2019\/11\/Xavier_Torra_600-X-400-200x133.jpg 200w, https:\/\/eurecat.org\/wp-content\/uploads\/2019\/11\/Xavier_Torra_600-X-400-300x200.jpg 300w, https:\/\/eurecat.org\/wp-content\/uploads\/2019\/11\/Xavier_Torra_600-X-400-400x267.jpg 400w, https:\/\/eurecat.org\/wp-content\/uploads\/2019\/11\/Xavier_Torra_600-X-400.jpg 600w\" sizes=\"(max-width: 300px) 100vw, 300px\" \/><\/p>\n<p>El escenario actual marcado por la Covid-19 ha evidenciado <strong>la importancia de la investigaci\u00f3n, la innovaci\u00f3n y la creatividad para superar los nuevos desaf\u00edos<\/strong>, al tiempo que nos pide una visi\u00f3n m\u00e1s sostenible, digitalizada y resiliente. <strong>La fabricaci\u00f3n digital y conectada para producir nuevos productos de forma m\u00e1s eficiente, la Inteligencia Artificial y la hiperautomatizaci\u00f3n, la econom\u00eda circular y la nutrici\u00f3n personalizada son algunas de las grandes tendencias tecnol\u00f3gicas<\/strong> que se inscriben en esta l\u00ednea y que, seg\u00fan nuestras previsiones, marcar\u00e1n la pauta en los pr\u00f3ximos meses.<\/p>\n<p>En el \u00e1rea industrial se prev\u00e9 una <strong>aceleraci\u00f3n hacia las factor\u00edas digitales y conectadas<\/strong> y se espera que la Inteligencia Artificial ayude a desarrollar procesos de manufactura complejos que procesen datos en tiempo real, as\u00ed como un aumento del uso de materiales avanzados para producir productos de alto valor a\u00f1adido. En paralelo, <strong>la Inteligencia Artificial impulsar\u00e1 un gran aumento de la automatizaci\u00f3n de procesos de todo tipo<\/strong> y, como consecuencia de la pandemia, ser\u00e1 vital para ayudar a las empresas a identificar, interpretar y adaptarse a los nuevos patrones de conducta de las personas. A ra\u00edz de la Covid-19, tambi\u00e9n ser\u00e1 importante toda la tecnolog\u00eda asociada a apoyar el trabajo y las operaciones a distancia.<\/p>\n<p>Asimismo,<strong> la econom\u00eda circular ser\u00e1 estrat\u00e9gica en la recuperaci\u00f3n y en la transformaci\u00f3n del modelo econ\u00f3mico y para potenciar la calidad ambiental e incidir en la mitigaci\u00f3n del cambio clim\u00e1tico<\/strong>. En el \u00e1rea biotecnol\u00f3gica, se prev\u00e9 un incremento de la innovaci\u00f3n tecnol\u00f3gica en el \u00e1mbito de la nutrici\u00f3n personalizada como estrategia para luchar contra las patolog\u00edas infecciosas, junto con metodolog\u00edas para detectar biomarcadores de pron\u00f3stico.<\/p>\n<p>Ten\u00e9is los detalles ampliados en el presente newsletter, junto con informaciones que hablan de proyectos innovadores para impulsar la generaci\u00f3n de valor a\u00f1adido en el tejido productivo y empresarial, directamente conectados con el impulso de la recuperaci\u00f3n econ\u00f3mica y el bienestar de la sociedad en medio de los retos actuales. El 2021 ser\u00e1 un a\u00f1o decisivo para dejar atr\u00e1s muchas incertidumbres y la innovaci\u00f3n tecnol\u00f3gica tendr\u00e1 un papel fundamental. Desde Eurecat, os iremos compartiendo todas nuestras soluciones orientadas hacia esta perspectiva, en clave de reactivaci\u00f3n, progreso e inspiraci\u00f3n.<\/p>\n<p><strong>Xavier Torra<br \/>\n<\/strong><strong>Presidente de Eurecat, Centro Tecnol\u00f3gico de Catalu\u00f1a<\/strong><\/p>\n","protected":false},"excerpt":{"rendered":"<p>El escenario actual marcado por la Covid-19 ha evidenciado la importancia de la investigaci\u00f3n, la innovaci\u00f3n y la creatividad para superar los nuevos desaf\u00edos, al tiempo que nos pide una visi\u00f3n m\u00e1s sostenible, digitalizada y resiliente. La fabricaci\u00f3n digital y conectada para producir nuevos productos de forma m\u00e1s eficiente, la Inteligencia Artificial y la hiperautomatizaci\u00f3n,  [&#8230;]<\/p>\n","protected":false},"author":12,"featured_media":93310,"comment_status":"open","ping_status":"closed","sticky":false,"template":"","format":"standard","meta":{"footnotes":""},"categories":[133,2217],"tags":[],"class_list":["post-114214","post","type-post","status-publish","format-standard","has-post-thumbnail","hentry","category-blog","category-editorial"],"yoast_head":"<!-- This site is optimized with the Yoast SEO plugin v27.4 - https:\/\/yoast.com\/product\/yoast-seo-wordpress\/ -->\n<title>Editorial: Tendencias tecnol\u00f3gicas para 2021 - Eurecat<\/title>\n<meta name=\"description\" content=\"El escenario actual marcado por la Covid-19 ha evidenciado la importancia de la investigaci\u00f3n, la innovaci\u00f3n y la creatividad para superar los nuevos desaf\u00edos, al tiempo que nos pide una visi\u00f3n m\u00e1s sostenible, digitalizada y resiliente.\" \/>\n<meta name=\"robots\" content=\"index, follow, max-snippet:-1, max-image-preview:large, max-video-preview:-1\" \/>\n<link rel=\"canonical\" href=\"https:\/\/eurecat.org\/es\/editorial-tendencias-tecnologicas-para-2021\/\" \/>\n<meta property=\"og:locale\" content=\"es_ES\" \/>\n<meta property=\"og:type\" content=\"article\" \/>\n<meta property=\"og:title\" content=\"Editorial: Tendencias tecnol\u00f3gicas para 2021 - Eurecat\" \/>\n<meta property=\"og:description\" content=\"El escenario actual marcado por la Covid-19 ha evidenciado la importancia de la investigaci\u00f3n, la innovaci\u00f3n y la creatividad para superar los nuevos desaf\u00edos, al tiempo que nos pide una visi\u00f3n m\u00e1s sostenible, digitalizada y resiliente.\" \/>\n<meta property=\"og:url\" content=\"https:\/\/eurecat.org\/es\/editorial-tendencias-tecnologicas-para-2021\/\" \/>\n<meta property=\"og:site_name\" content=\"Eurecat\" \/>\n<meta property=\"article:published_time\" content=\"2021-01-29T06:45:46+00:00\" \/>\n<meta property=\"article:modified_time\" content=\"2021-05-06T06:55:03+00:00\" \/>\n<meta property=\"og:image\" content=\"https:\/\/eurecat.org\/wp-content\/uploads\/2019\/11\/Xavier_Torra_600-X-400.jpg\" \/>\n\t<meta property=\"og:image:width\" content=\"600\" \/>\n\t<meta property=\"og:image:height\" content=\"400\" \/>\n\t<meta property=\"og:image:type\" content=\"image\/jpeg\" \/>\n<meta name=\"author\" content=\"EurecatEG\" \/>\n<meta name=\"twitter:card\" content=\"summary_large_image\" \/>\n<meta name=\"twitter:label1\" content=\"Escrito por\" \/>\n\t<meta name=\"twitter:data1\" content=\"EurecatEG\" \/>\n\t<meta name=\"twitter:label2\" content=\"Tiempo de lectura\" \/>\n\t<meta name=\"twitter:data2\" content=\"2 minutos\" \/>\n<script type=\"application\/ld+json\" class=\"yoast-schema-graph\">{\"@context\":\"https:\\\/\\\/schema.org\",\"@graph\":[{\"@type\":\"Article\",\"@id\":\"https:\\\/\\\/eurecat.org\\\/es\\\/editorial-tendencias-tecnologicas-para-2021\\\/#article\",\"isPartOf\":{\"@id\":\"https:\\\/\\\/eurecat.org\\\/es\\\/editorial-tendencias-tecnologicas-para-2021\\\/\"},\"author\":{\"name\":\"EurecatEG\",\"@id\":\"https:\\\/\\\/eurecat.org\\\/es\\\/#\\\/schema\\\/person\\\/def9217eded50ee57a9dc4cf0c883f80\"},\"headline\":\"Editorial: Tendencias tecnol\u00f3gicas para 2021\",\"datePublished\":\"2021-01-29T06:45:46+00:00\",\"dateModified\":\"2021-05-06T06:55:03+00:00\",\"mainEntityOfPage\":{\"@id\":\"https:\\\/\\\/eurecat.org\\\/es\\\/editorial-tendencias-tecnologicas-para-2021\\\/\"},\"wordCount\":417,\"commentCount\":0,\"image\":{\"@id\":\"https:\\\/\\\/eurecat.org\\\/es\\\/editorial-tendencias-tecnologicas-para-2021\\\/#primaryimage\"},\"thumbnailUrl\":\"https:\\\/\\\/eurecat.org\\\/wp-content\\\/uploads\\\/2019\\\/11\\\/Xavier_Torra_600-X-400.jpg\",\"articleSection\":[\"Blog\",\"Editorial\"],\"inLanguage\":\"es\",\"potentialAction\":[{\"@type\":\"CommentAction\",\"name\":\"Comment\",\"target\":[\"https:\\\/\\\/eurecat.org\\\/es\\\/editorial-tendencias-tecnologicas-para-2021\\\/#respond\"]}]},{\"@type\":\"WebPage\",\"@id\":\"https:\\\/\\\/eurecat.org\\\/es\\\/editorial-tendencias-tecnologicas-para-2021\\\/\",\"url\":\"https:\\\/\\\/eurecat.org\\\/es\\\/editorial-tendencias-tecnologicas-para-2021\\\/\",\"name\":\"Editorial: Tendencias tecnol\u00f3gicas para 2021 - Eurecat\",\"isPartOf\":{\"@id\":\"https:\\\/\\\/eurecat.org\\\/es\\\/#website\"},\"primaryImageOfPage\":{\"@id\":\"https:\\\/\\\/eurecat.org\\\/es\\\/editorial-tendencias-tecnologicas-para-2021\\\/#primaryimage\"},\"image\":{\"@id\":\"https:\\\/\\\/eurecat.org\\\/es\\\/editorial-tendencias-tecnologicas-para-2021\\\/#primaryimage\"},\"thumbnailUrl\":\"https:\\\/\\\/eurecat.org\\\/wp-content\\\/uploads\\\/2019\\\/11\\\/Xavier_Torra_600-X-400.jpg\",\"datePublished\":\"2021-01-29T06:45:46+00:00\",\"dateModified\":\"2021-05-06T06:55:03+00:00\",\"author\":{\"@id\":\"https:\\\/\\\/eurecat.org\\\/es\\\/#\\\/schema\\\/person\\\/def9217eded50ee57a9dc4cf0c883f80\"},\"description\":\"El escenario actual marcado por la Covid-19 ha evidenciado la importancia de la investigaci\u00f3n, la innovaci\u00f3n y la creatividad para superar los nuevos desaf\u00edos, al tiempo que nos pide una visi\u00f3n m\u00e1s sostenible, digitalizada y resiliente.\",\"breadcrumb\":{\"@id\":\"https:\\\/\\\/eurecat.org\\\/es\\\/editorial-tendencias-tecnologicas-para-2021\\\/#breadcrumb\"},\"inLanguage\":\"es\",\"potentialAction\":[{\"@type\":\"ReadAction\",\"target\":[\"https:\\\/\\\/eurecat.org\\\/es\\\/editorial-tendencias-tecnologicas-para-2021\\\/\"]}]},{\"@type\":\"ImageObject\",\"inLanguage\":\"es\",\"@id\":\"https:\\\/\\\/eurecat.org\\\/es\\\/editorial-tendencias-tecnologicas-para-2021\\\/#primaryimage\",\"url\":\"https:\\\/\\\/eurecat.org\\\/wp-content\\\/uploads\\\/2019\\\/11\\\/Xavier_Torra_600-X-400.jpg\",\"contentUrl\":\"https:\\\/\\\/eurecat.org\\\/wp-content\\\/uploads\\\/2019\\\/11\\\/Xavier_Torra_600-X-400.jpg\",\"width\":600,\"height\":400,\"caption\":\"xavier torra eurecat\"},{\"@type\":\"BreadcrumbList\",\"@id\":\"https:\\\/\\\/eurecat.org\\\/es\\\/editorial-tendencias-tecnologicas-para-2021\\\/#breadcrumb\",\"itemListElement\":[{\"@type\":\"ListItem\",\"position\":1,\"name\":\"Inici\",\"item\":\"https:\\\/\\\/eurecat.org\\\/es\\\/\"},{\"@type\":\"ListItem\",\"position\":2,\"name\":\"Editorial: Tendencias tecnol\u00f3gicas para 2021\"}]},{\"@type\":\"WebSite\",\"@id\":\"https:\\\/\\\/eurecat.org\\\/es\\\/#website\",\"url\":\"https:\\\/\\\/eurecat.org\\\/es\\\/\",\"name\":\"Eurecat\",\"description\":\"Otro sitio realizado con WordPress\",\"potentialAction\":[{\"@type\":\"SearchAction\",\"target\":{\"@type\":\"EntryPoint\",\"urlTemplate\":\"https:\\\/\\\/eurecat.org\\\/es\\\/?s={search_term_string}\"},\"query-input\":{\"@type\":\"PropertyValueSpecification\",\"valueRequired\":true,\"valueName\":\"search_term_string\"}}],\"inLanguage\":\"es\"},{\"@type\":\"Person\",\"@id\":\"https:\\\/\\\/eurecat.org\\\/es\\\/#\\\/schema\\\/person\\\/def9217eded50ee57a9dc4cf0c883f80\",\"name\":\"EurecatEG\",\"image\":{\"@type\":\"ImageObject\",\"inLanguage\":\"es\",\"@id\":\"https:\\\/\\\/secure.gravatar.com\\\/avatar\\\/f40dd9b6ecd3e5c591f3c9b033e495ee0ec9877ba77249fbf268b3889350c824?s=96&d=mm&r=g\",\"url\":\"https:\\\/\\\/secure.gravatar.com\\\/avatar\\\/f40dd9b6ecd3e5c591f3c9b033e495ee0ec9877ba77249fbf268b3889350c824?s=96&d=mm&r=g\",\"contentUrl\":\"https:\\\/\\\/secure.gravatar.com\\\/avatar\\\/f40dd9b6ecd3e5c591f3c9b033e495ee0ec9877ba77249fbf268b3889350c824?s=96&d=mm&r=g\",\"caption\":\"EurecatEG\"}}]}<\/script>\n<!-- \/ Yoast SEO plugin. -->","yoast_head_json":{"title":"Editorial: Tendencias tecnol\u00f3gicas para 2021 - Eurecat","description":"El escenario actual marcado por la Covid-19 ha evidenciado la importancia de la investigaci\u00f3n, la innovaci\u00f3n y la creatividad para superar los nuevos desaf\u00edos, al tiempo que nos pide una visi\u00f3n m\u00e1s sostenible, digitalizada y resiliente.","robots":{"index":"index","follow":"follow","max-snippet":"max-snippet:-1","max-image-preview":"max-image-preview:large","max-video-preview":"max-video-preview:-1"},"canonical":"https:\/\/eurecat.org\/es\/editorial-tendencias-tecnologicas-para-2021\/","og_locale":"es_ES","og_type":"article","og_title":"Editorial: Tendencias tecnol\u00f3gicas para 2021 - Eurecat","og_description":"El escenario actual marcado por la Covid-19 ha evidenciado la importancia de la investigaci\u00f3n, la innovaci\u00f3n y la creatividad para superar los nuevos desaf\u00edos, al tiempo que nos pide una visi\u00f3n m\u00e1s sostenible, digitalizada y resiliente.","og_url":"https:\/\/eurecat.org\/es\/editorial-tendencias-tecnologicas-para-2021\/","og_site_name":"Eurecat","article_published_time":"2021-01-29T06:45:46+00:00","article_modified_time":"2021-05-06T06:55:03+00:00","og_image":[{"width":600,"height":400,"url":"https:\/\/eurecat.org\/wp-content\/uploads\/2019\/11\/Xavier_Torra_600-X-400.jpg","type":"image\/jpeg"}],"author":"EurecatEG","twitter_card":"summary_large_image","twitter_misc":{"Escrito por":"EurecatEG","Tiempo de lectura":"2 minutos"},"schema":{"@context":"https:\/\/schema.org","@graph":[{"@type":"Article","@id":"https:\/\/eurecat.org\/es\/editorial-tendencias-tecnologicas-para-2021\/#article","isPartOf":{"@id":"https:\/\/eurecat.org\/es\/editorial-tendencias-tecnologicas-para-2021\/"},"author":{"name":"EurecatEG","@id":"https:\/\/eurecat.org\/es\/#\/schema\/person\/def9217eded50ee57a9dc4cf0c883f80"},"headline":"Editorial: Tendencias tecnol\u00f3gicas para 2021","datePublished":"2021-01-29T06:45:46+00:00","dateModified":"2021-05-06T06:55:03+00:00","mainEntityOfPage":{"@id":"https:\/\/eurecat.org\/es\/editorial-tendencias-tecnologicas-para-2021\/"},"wordCount":417,"commentCount":0,"image":{"@id":"https:\/\/eurecat.org\/es\/editorial-tendencias-tecnologicas-para-2021\/#primaryimage"},"thumbnailUrl":"https:\/\/eurecat.org\/wp-content\/uploads\/2019\/11\/Xavier_Torra_600-X-400.jpg","articleSection":["Blog","Editorial"],"inLanguage":"es","potentialAction":[{"@type":"CommentAction","name":"Comment","target":["https:\/\/eurecat.org\/es\/editorial-tendencias-tecnologicas-para-2021\/#respond"]}]},{"@type":"WebPage","@id":"https:\/\/eurecat.org\/es\/editorial-tendencias-tecnologicas-para-2021\/","url":"https:\/\/eurecat.org\/es\/editorial-tendencias-tecnologicas-para-2021\/","name":"Editorial: Tendencias tecnol\u00f3gicas para 2021 - Eurecat","isPartOf":{"@id":"https:\/\/eurecat.org\/es\/#website"},"primaryImageOfPage":{"@id":"https:\/\/eurecat.org\/es\/editorial-tendencias-tecnologicas-para-2021\/#primaryimage"},"image":{"@id":"https:\/\/eurecat.org\/es\/editorial-tendencias-tecnologicas-para-2021\/#primaryimage"},"thumbnailUrl":"https:\/\/eurecat.org\/wp-content\/uploads\/2019\/11\/Xavier_Torra_600-X-400.jpg","datePublished":"2021-01-29T06:45:46+00:00","dateModified":"2021-05-06T06:55:03+00:00","author":{"@id":"https:\/\/eurecat.org\/es\/#\/schema\/person\/def9217eded50ee57a9dc4cf0c883f80"},"description":"El escenario actual marcado por la Covid-19 ha evidenciado la importancia de la investigaci\u00f3n, la innovaci\u00f3n y la creatividad para superar los nuevos desaf\u00edos, al tiempo que nos pide una visi\u00f3n m\u00e1s sostenible, digitalizada y resiliente.","breadcrumb":{"@id":"https:\/\/eurecat.org\/es\/editorial-tendencias-tecnologicas-para-2021\/#breadcrumb"},"inLanguage":"es","potentialAction":[{"@type":"ReadAction","target":["https:\/\/eurecat.org\/es\/editorial-tendencias-tecnologicas-para-2021\/"]}]},{"@type":"ImageObject","inLanguage":"es","@id":"https:\/\/eurecat.org\/es\/editorial-tendencias-tecnologicas-para-2021\/#primaryimage","url":"https:\/\/eurecat.org\/wp-content\/uploads\/2019\/11\/Xavier_Torra_600-X-400.jpg","contentUrl":"https:\/\/eurecat.org\/wp-content\/uploads\/2019\/11\/Xavier_Torra_600-X-400.jpg","width":600,"height":400,"caption":"xavier torra eurecat"},{"@type":"BreadcrumbList","@id":"https:\/\/eurecat.org\/es\/editorial-tendencias-tecnologicas-para-2021\/#breadcrumb","itemListElement":[{"@type":"ListItem","position":1,"name":"Inici","item":"https:\/\/eurecat.org\/es\/"},{"@type":"ListItem","position":2,"name":"Editorial: Tendencias tecnol\u00f3gicas para 2021"}]},{"@type":"WebSite","@id":"https:\/\/eurecat.org\/es\/#website","url":"https:\/\/eurecat.org\/es\/","name":"Eurecat","description":"Otro sitio realizado con WordPress","potentialAction":[{"@type":"SearchAction","target":{"@type":"EntryPoint","urlTemplate":"https:\/\/eurecat.org\/es\/?s={search_term_string}"},"query-input":{"@type":"PropertyValueSpecification","valueRequired":true,"valueName":"search_term_string"}}],"inLanguage":"es"},{"@type":"Person","@id":"https:\/\/eurecat.org\/es\/#\/schema\/person\/def9217eded50ee57a9dc4cf0c883f80","name":"EurecatEG","image":{"@type":"ImageObject","inLanguage":"es","@id":"https:\/\/secure.gravatar.com\/avatar\/f40dd9b6ecd3e5c591f3c9b033e495ee0ec9877ba77249fbf268b3889350c824?s=96&d=mm&r=g","url":"https:\/\/secure.gravatar.com\/avatar\/f40dd9b6ecd3e5c591f3c9b033e495ee0ec9877ba77249fbf268b3889350c824?s=96&d=mm&r=g","contentUrl":"https:\/\/secure.gravatar.com\/avatar\/f40dd9b6ecd3e5c591f3c9b033e495ee0ec9877ba77249fbf268b3889350c824?s=96&d=mm&r=g","caption":"EurecatEG"}}]}},"_links":{"self":[{"href":"https:\/\/eurecat.org\/es\/wp-json\/wp\/v2\/posts\/114214","targetHints":{"allow":["GET"]}}],"collection":[{"href":"https:\/\/eurecat.org\/es\/wp-json\/wp\/v2\/posts"}],"about":[{"href":"https:\/\/eurecat.org\/es\/wp-json\/wp\/v2\/types\/post"}],"author":[{"embeddable":true,"href":"https:\/\/eurecat.org\/es\/wp-json\/wp\/v2\/users\/12"}],"replies":[{"embeddable":true,"href":"https:\/\/eurecat.org\/es\/wp-json\/wp\/v2\/comments?post=114214"}],"version-history":[{"count":0,"href":"https:\/\/eurecat.org\/es\/wp-json\/wp\/v2\/posts\/114214\/revisions"}],"wp:featuredmedia":[{"embeddable":true,"href":"https:\/\/eurecat.org\/es\/wp-json\/wp\/v2\/media\/93310"}],"wp:attachment":[{"href":"https:\/\/eurecat.org\/es\/wp-json\/wp\/v2\/media?parent=114214"}],"wp:term":[{"taxonomy":"category","embeddable":true,"href":"https:\/\/eurecat.org\/es\/wp-json\/wp\/v2\/categories?post=114214"},{"taxonomy":"post_tag","embeddable":true,"href":"https:\/\/eurecat.org\/es\/wp-json\/wp\/v2\/tags?post=114214"}],"curies":[{"name":"wp","href":"https:\/\/api.w.org\/{rel}","templated":true}]}}