{"id":114219,"date":"2021-03-30T06:58:46","date_gmt":"2021-03-30T06:58:46","guid":{"rendered":"https:\/\/eurecat.org\/?p=114219"},"modified":"2021-05-06T07:01:08","modified_gmt":"2021-05-06T07:01:08","slug":"editorial-un-ano-de-cambios-tecnologicos-de-gran-intensidad","status":"publish","type":"post","link":"https:\/\/eurecat.org\/es\/editorial-un-ano-de-cambios-tecnologicos-de-gran-intensidad\/","title":{"rendered":"Editorial: Un a\u00f1o de cambios tecnol\u00f3gicos de gran intensidad"},"content":{"rendered":"<p><img decoding=\"async\" class=\"wp-image-93308 size-medium alignleft\" src=\"https:\/\/eurecat.org\/wp-content\/uploads\/2019\/11\/Xavier_Torra_600-X-400-300x200.jpg\" alt=\"\" width=\"300\" height=\"200\" srcset=\"https:\/\/eurecat.org\/wp-content\/uploads\/2019\/11\/Xavier_Torra_600-X-400-200x133.jpg 200w, https:\/\/eurecat.org\/wp-content\/uploads\/2019\/11\/Xavier_Torra_600-X-400-300x200.jpg 300w, https:\/\/eurecat.org\/wp-content\/uploads\/2019\/11\/Xavier_Torra_600-X-400-400x267.jpg 400w, https:\/\/eurecat.org\/wp-content\/uploads\/2019\/11\/Xavier_Torra_600-X-400.jpg 600w\" sizes=\"(max-width: 300px) 100vw, 300px\" \/><\/p>\n<p><strong>La pandemia de la Covid-19 ha supuesto un cambio tecnol\u00f3gico de gran magnitud<\/strong>, que ha acentuado la digitalizaci\u00f3n de nuestras vidas, de las empresas y de los sistemas de producci\u00f3n. <strong>Las tecnolog\u00edas digitales y la automatizaci\u00f3n han demostrado que son vitales para proteger nuestra salud<\/strong>, para seguir trabajando, para seguir conectados con nuestro entorno, para el suministro de productos b\u00e1sicos y para adaptar muchos de los negocios, as\u00ed como en \u00e1mbitos como el educaci\u00f3n, el comercio, el ocio o los tr\u00e1mites financieros.<\/p>\n<p><strong>En este \u00faltimo a\u00f1o hemos visto tambi\u00e9n como se aceleraban muchos de proyectos de I+D para dar r\u00e1pidas soluciones desde todos los \u00e1ngulos<\/strong>. En este sentido, la biotecnolog\u00eda ha sido fundamental para poder identificar el virus y encontrar una vacuna. A la vez, ha habido una gran capacidad de sumar para ayudar a prever, detectar y mitigar la propagaci\u00f3n de la epidemia, mediante tecnolog\u00edas que permiten el an\u00e1lisis de datos con Big Data e Inteligencia Artificial.<\/p>\n<p>Asimismo, la Covid-19 ha hecho evidente la necesidad de nuevas herramientas y de nuevos medios para poder tratar a los pacientes en todas sus fases, desde la prevenci\u00f3n de contagios, el diagn\u00f3stico precoz y la trazabilidad hasta el seguimiento y la atenci\u00f3n domiciliaria y las posibles transiciones del domicilio en el hospital y a la inversa.<\/p>\n<p>En paralelo, la pandemia ha situado en un primer plano la preocupaci\u00f3n por la salud del planeta y por el bienestar de las personas, que ya era una tendencia de estilo de vida creciente, donde el consumidor cada vez m\u00e1s est\u00e1 comprando en clave medioambiental y valora mucho que los productos y servicios sean respetuosos con el entorno.<\/p>\n<p>Desde la perspectiva de la recuperaci\u00f3n hay un hecho muy claro y es que <strong>la innovaci\u00f3n tecnol\u00f3gica ser\u00e1 clave para impulsar la reactivaci\u00f3n y la competitividad de todos los sectores<\/strong>. Estamos viendo c\u00f3mo se consolidar\u00e1n tecnolog\u00edas que han ido a m\u00e1s durante la pandemia, por sus aportaciones en t\u00e9rminos vinculados a la seguridad, la anticipaci\u00f3n, la agilidad, la trazabilidad o la personalizaci\u00f3n, tal como lo hemos hecho desde Eurecat en m\u00faltiples proyectos de impacto en las \u00e1reas digital, industrial, biotecnol\u00f3gica y en el campo de la sostenibilidad.<\/p>\n<p>La recuperaci\u00f3n depende de muchos factores, pero estos doce meses la innovaci\u00f3n tecnol\u00f3gica ha demostrado que puede ayudar desde muchas perspectivas a encontrar soluciones con rapidez, en un escenario extremadamente cambiante. <strong>La tecnolog\u00eda se deber\u00e1 aplicar tambi\u00e9n de forma muy innovadora para sacar el m\u00e1ximo rendimiento posible a las oportunidades y en las lecciones aprendidas y dar respuesta a los desaf\u00edos<\/strong>, con un enfoque hol\u00edstico y combinando soluciones multitecnol\u00f3gicas.<\/p>\n<p>Los retos sanitarios, de seguridad, medioambientales y econ\u00f3micos que tenemos frente nos obligan, por tanto, a ser seguir siendo creativos y resilientes y sobre todo a cooperar para dar respuestas s\u00f3lidas que nos permitan asegurar entre todos unas buenas perspectivas futuro. Y la innovaci\u00f3n tecnol\u00f3gica seguir\u00e1 siendo sin duda una gran aliada para conseguirlo.<\/p>\n<p><strong>Xavier Torra<br \/>\n<\/strong><strong>Presidente de Eurecat, Centro Tecnol\u00f3gico de Catalu\u00f1a<\/strong><\/p>\n","protected":false},"excerpt":{"rendered":"<p>La pandemia de la Covid-19 ha supuesto un cambio tecnol\u00f3gico de gran magnitud, que ha acentuado la digitalizaci\u00f3n de nuestras vidas, de las empresas y de los sistemas de producci\u00f3n. Las tecnolog\u00edas digitales y la automatizaci\u00f3n han demostrado que son vitales para proteger nuestra salud, para seguir trabajando, para seguir conectados con nuestro entorno, para  [&#8230;]<\/p>\n","protected":false},"author":12,"featured_media":93310,"comment_status":"open","ping_status":"closed","sticky":false,"template":"","format":"standard","meta":{"footnotes":""},"categories":[133,2217],"tags":[],"class_list":["post-114219","post","type-post","status-publish","format-standard","has-post-thumbnail","hentry","category-blog","category-editorial"],"yoast_head":"<!-- This site is optimized with the Yoast SEO plugin v27.4 - https:\/\/yoast.com\/product\/yoast-seo-wordpress\/ -->\n<title>Editorial: Un a\u00f1o de cambios tecnol\u00f3gicos de gran intensidad - Eurecat<\/title>\n<meta name=\"description\" content=\"La pandemia de la Covid-19 ha supuesto un cambio tecnol\u00f3gico de gran magnitud, que ha acentuado la digitalizaci\u00f3n de nuestras vidas, de las empresas y de los sistemas de producci\u00f3n.\" \/>\n<meta name=\"robots\" content=\"index, follow, max-snippet:-1, max-image-preview:large, max-video-preview:-1\" \/>\n<link rel=\"canonical\" href=\"https:\/\/eurecat.org\/es\/editorial-un-ano-de-cambios-tecnologicos-de-gran-intensidad\/\" \/>\n<meta property=\"og:locale\" content=\"es_ES\" \/>\n<meta property=\"og:type\" content=\"article\" \/>\n<meta property=\"og:title\" content=\"Editorial: Un a\u00f1o de cambios tecnol\u00f3gicos de gran intensidad - Eurecat\" \/>\n<meta property=\"og:description\" content=\"La pandemia de la Covid-19 ha supuesto un cambio tecnol\u00f3gico de gran magnitud, que ha acentuado la digitalizaci\u00f3n de nuestras vidas, de las empresas y de los sistemas de producci\u00f3n.\" \/>\n<meta property=\"og:url\" content=\"https:\/\/eurecat.org\/es\/editorial-un-ano-de-cambios-tecnologicos-de-gran-intensidad\/\" \/>\n<meta property=\"og:site_name\" content=\"Eurecat\" \/>\n<meta property=\"article:published_time\" content=\"2021-03-30T06:58:46+00:00\" \/>\n<meta property=\"article:modified_time\" content=\"2021-05-06T07:01:08+00:00\" \/>\n<meta property=\"og:image\" content=\"https:\/\/eurecat.org\/wp-content\/uploads\/2019\/11\/Xavier_Torra_600-X-400.jpg\" \/>\n\t<meta property=\"og:image:width\" content=\"600\" \/>\n\t<meta property=\"og:image:height\" content=\"400\" \/>\n\t<meta property=\"og:image:type\" content=\"image\/jpeg\" \/>\n<meta name=\"author\" content=\"EurecatEG\" \/>\n<meta name=\"twitter:card\" content=\"summary_large_image\" \/>\n<meta name=\"twitter:label1\" content=\"Escrito por\" \/>\n\t<meta name=\"twitter:data1\" content=\"EurecatEG\" \/>\n\t<meta name=\"twitter:label2\" content=\"Tiempo de lectura\" \/>\n\t<meta name=\"twitter:data2\" content=\"3 minutos\" \/>\n<script type=\"application\/ld+json\" class=\"yoast-schema-graph\">{\"@context\":\"https:\\\/\\\/schema.org\",\"@graph\":[{\"@type\":\"Article\",\"@id\":\"https:\\\/\\\/eurecat.org\\\/es\\\/editorial-un-ano-de-cambios-tecnologicos-de-gran-intensidad\\\/#article\",\"isPartOf\":{\"@id\":\"https:\\\/\\\/eurecat.org\\\/es\\\/editorial-un-ano-de-cambios-tecnologicos-de-gran-intensidad\\\/\"},\"author\":{\"name\":\"EurecatEG\",\"@id\":\"https:\\\/\\\/eurecat.org\\\/es\\\/#\\\/schema\\\/person\\\/def9217eded50ee57a9dc4cf0c883f80\"},\"headline\":\"Editorial: Un a\u00f1o de cambios tecnol\u00f3gicos de gran intensidad\",\"datePublished\":\"2021-03-30T06:58:46+00:00\",\"dateModified\":\"2021-05-06T07:01:08+00:00\",\"mainEntityOfPage\":{\"@id\":\"https:\\\/\\\/eurecat.org\\\/es\\\/editorial-un-ano-de-cambios-tecnologicos-de-gran-intensidad\\\/\"},\"wordCount\":551,\"commentCount\":0,\"image\":{\"@id\":\"https:\\\/\\\/eurecat.org\\\/es\\\/editorial-un-ano-de-cambios-tecnologicos-de-gran-intensidad\\\/#primaryimage\"},\"thumbnailUrl\":\"https:\\\/\\\/eurecat.org\\\/wp-content\\\/uploads\\\/2019\\\/11\\\/Xavier_Torra_600-X-400.jpg\",\"articleSection\":[\"Blog\",\"Editorial\"],\"inLanguage\":\"es\",\"potentialAction\":[{\"@type\":\"CommentAction\",\"name\":\"Comment\",\"target\":[\"https:\\\/\\\/eurecat.org\\\/es\\\/editorial-un-ano-de-cambios-tecnologicos-de-gran-intensidad\\\/#respond\"]}]},{\"@type\":\"WebPage\",\"@id\":\"https:\\\/\\\/eurecat.org\\\/es\\\/editorial-un-ano-de-cambios-tecnologicos-de-gran-intensidad\\\/\",\"url\":\"https:\\\/\\\/eurecat.org\\\/es\\\/editorial-un-ano-de-cambios-tecnologicos-de-gran-intensidad\\\/\",\"name\":\"Editorial: Un a\u00f1o de cambios tecnol\u00f3gicos de gran intensidad - Eurecat\",\"isPartOf\":{\"@id\":\"https:\\\/\\\/eurecat.org\\\/es\\\/#website\"},\"primaryImageOfPage\":{\"@id\":\"https:\\\/\\\/eurecat.org\\\/es\\\/editorial-un-ano-de-cambios-tecnologicos-de-gran-intensidad\\\/#primaryimage\"},\"image\":{\"@id\":\"https:\\\/\\\/eurecat.org\\\/es\\\/editorial-un-ano-de-cambios-tecnologicos-de-gran-intensidad\\\/#primaryimage\"},\"thumbnailUrl\":\"https:\\\/\\\/eurecat.org\\\/wp-content\\\/uploads\\\/2019\\\/11\\\/Xavier_Torra_600-X-400.jpg\",\"datePublished\":\"2021-03-30T06:58:46+00:00\",\"dateModified\":\"2021-05-06T07:01:08+00:00\",\"author\":{\"@id\":\"https:\\\/\\\/eurecat.org\\\/es\\\/#\\\/schema\\\/person\\\/def9217eded50ee57a9dc4cf0c883f80\"},\"description\":\"La pandemia de la Covid-19 ha supuesto un cambio tecnol\u00f3gico de gran magnitud, que ha acentuado la digitalizaci\u00f3n de nuestras vidas, de las empresas y de los sistemas de producci\u00f3n.\",\"breadcrumb\":{\"@id\":\"https:\\\/\\\/eurecat.org\\\/es\\\/editorial-un-ano-de-cambios-tecnologicos-de-gran-intensidad\\\/#breadcrumb\"},\"inLanguage\":\"es\",\"potentialAction\":[{\"@type\":\"ReadAction\",\"target\":[\"https:\\\/\\\/eurecat.org\\\/es\\\/editorial-un-ano-de-cambios-tecnologicos-de-gran-intensidad\\\/\"]}]},{\"@type\":\"ImageObject\",\"inLanguage\":\"es\",\"@id\":\"https:\\\/\\\/eurecat.org\\\/es\\\/editorial-un-ano-de-cambios-tecnologicos-de-gran-intensidad\\\/#primaryimage\",\"url\":\"https:\\\/\\\/eurecat.org\\\/wp-content\\\/uploads\\\/2019\\\/11\\\/Xavier_Torra_600-X-400.jpg\",\"contentUrl\":\"https:\\\/\\\/eurecat.org\\\/wp-content\\\/uploads\\\/2019\\\/11\\\/Xavier_Torra_600-X-400.jpg\",\"width\":600,\"height\":400,\"caption\":\"xavier torra eurecat\"},{\"@type\":\"BreadcrumbList\",\"@id\":\"https:\\\/\\\/eurecat.org\\\/es\\\/editorial-un-ano-de-cambios-tecnologicos-de-gran-intensidad\\\/#breadcrumb\",\"itemListElement\":[{\"@type\":\"ListItem\",\"position\":1,\"name\":\"Inici\",\"item\":\"https:\\\/\\\/eurecat.org\\\/es\\\/\"},{\"@type\":\"ListItem\",\"position\":2,\"name\":\"Editorial: Un a\u00f1o de cambios tecnol\u00f3gicos de gran intensidad\"}]},{\"@type\":\"WebSite\",\"@id\":\"https:\\\/\\\/eurecat.org\\\/es\\\/#website\",\"url\":\"https:\\\/\\\/eurecat.org\\\/es\\\/\",\"name\":\"Eurecat\",\"description\":\"Otro sitio realizado con WordPress\",\"potentialAction\":[{\"@type\":\"SearchAction\",\"target\":{\"@type\":\"EntryPoint\",\"urlTemplate\":\"https:\\\/\\\/eurecat.org\\\/es\\\/?s={search_term_string}\"},\"query-input\":{\"@type\":\"PropertyValueSpecification\",\"valueRequired\":true,\"valueName\":\"search_term_string\"}}],\"inLanguage\":\"es\"},{\"@type\":\"Person\",\"@id\":\"https:\\\/\\\/eurecat.org\\\/es\\\/#\\\/schema\\\/person\\\/def9217eded50ee57a9dc4cf0c883f80\",\"name\":\"EurecatEG\",\"image\":{\"@type\":\"ImageObject\",\"inLanguage\":\"es\",\"@id\":\"https:\\\/\\\/secure.gravatar.com\\\/avatar\\\/f40dd9b6ecd3e5c591f3c9b033e495ee0ec9877ba77249fbf268b3889350c824?s=96&d=mm&r=g\",\"url\":\"https:\\\/\\\/secure.gravatar.com\\\/avatar\\\/f40dd9b6ecd3e5c591f3c9b033e495ee0ec9877ba77249fbf268b3889350c824?s=96&d=mm&r=g\",\"contentUrl\":\"https:\\\/\\\/secure.gravatar.com\\\/avatar\\\/f40dd9b6ecd3e5c591f3c9b033e495ee0ec9877ba77249fbf268b3889350c824?s=96&d=mm&r=g\",\"caption\":\"EurecatEG\"}}]}<\/script>\n<!-- \/ Yoast SEO plugin. -->","yoast_head_json":{"title":"Editorial: Un a\u00f1o de cambios tecnol\u00f3gicos de gran intensidad - Eurecat","description":"La pandemia de la Covid-19 ha supuesto un cambio tecnol\u00f3gico de gran magnitud, que ha acentuado la digitalizaci\u00f3n de nuestras vidas, de las empresas y de los sistemas de producci\u00f3n.","robots":{"index":"index","follow":"follow","max-snippet":"max-snippet:-1","max-image-preview":"max-image-preview:large","max-video-preview":"max-video-preview:-1"},"canonical":"https:\/\/eurecat.org\/es\/editorial-un-ano-de-cambios-tecnologicos-de-gran-intensidad\/","og_locale":"es_ES","og_type":"article","og_title":"Editorial: Un a\u00f1o de cambios tecnol\u00f3gicos de gran intensidad - Eurecat","og_description":"La pandemia de la Covid-19 ha supuesto un cambio tecnol\u00f3gico de gran magnitud, que ha acentuado la digitalizaci\u00f3n de nuestras vidas, de las empresas y de los sistemas de producci\u00f3n.","og_url":"https:\/\/eurecat.org\/es\/editorial-un-ano-de-cambios-tecnologicos-de-gran-intensidad\/","og_site_name":"Eurecat","article_published_time":"2021-03-30T06:58:46+00:00","article_modified_time":"2021-05-06T07:01:08+00:00","og_image":[{"width":600,"height":400,"url":"https:\/\/eurecat.org\/wp-content\/uploads\/2019\/11\/Xavier_Torra_600-X-400.jpg","type":"image\/jpeg"}],"author":"EurecatEG","twitter_card":"summary_large_image","twitter_misc":{"Escrito por":"EurecatEG","Tiempo de lectura":"3 minutos"},"schema":{"@context":"https:\/\/schema.org","@graph":[{"@type":"Article","@id":"https:\/\/eurecat.org\/es\/editorial-un-ano-de-cambios-tecnologicos-de-gran-intensidad\/#article","isPartOf":{"@id":"https:\/\/eurecat.org\/es\/editorial-un-ano-de-cambios-tecnologicos-de-gran-intensidad\/"},"author":{"name":"EurecatEG","@id":"https:\/\/eurecat.org\/es\/#\/schema\/person\/def9217eded50ee57a9dc4cf0c883f80"},"headline":"Editorial: Un a\u00f1o de cambios tecnol\u00f3gicos de gran intensidad","datePublished":"2021-03-30T06:58:46+00:00","dateModified":"2021-05-06T07:01:08+00:00","mainEntityOfPage":{"@id":"https:\/\/eurecat.org\/es\/editorial-un-ano-de-cambios-tecnologicos-de-gran-intensidad\/"},"wordCount":551,"commentCount":0,"image":{"@id":"https:\/\/eurecat.org\/es\/editorial-un-ano-de-cambios-tecnologicos-de-gran-intensidad\/#primaryimage"},"thumbnailUrl":"https:\/\/eurecat.org\/wp-content\/uploads\/2019\/11\/Xavier_Torra_600-X-400.jpg","articleSection":["Blog","Editorial"],"inLanguage":"es","potentialAction":[{"@type":"CommentAction","name":"Comment","target":["https:\/\/eurecat.org\/es\/editorial-un-ano-de-cambios-tecnologicos-de-gran-intensidad\/#respond"]}]},{"@type":"WebPage","@id":"https:\/\/eurecat.org\/es\/editorial-un-ano-de-cambios-tecnologicos-de-gran-intensidad\/","url":"https:\/\/eurecat.org\/es\/editorial-un-ano-de-cambios-tecnologicos-de-gran-intensidad\/","name":"Editorial: Un a\u00f1o de cambios tecnol\u00f3gicos de gran intensidad - Eurecat","isPartOf":{"@id":"https:\/\/eurecat.org\/es\/#website"},"primaryImageOfPage":{"@id":"https:\/\/eurecat.org\/es\/editorial-un-ano-de-cambios-tecnologicos-de-gran-intensidad\/#primaryimage"},"image":{"@id":"https:\/\/eurecat.org\/es\/editorial-un-ano-de-cambios-tecnologicos-de-gran-intensidad\/#primaryimage"},"thumbnailUrl":"https:\/\/eurecat.org\/wp-content\/uploads\/2019\/11\/Xavier_Torra_600-X-400.jpg","datePublished":"2021-03-30T06:58:46+00:00","dateModified":"2021-05-06T07:01:08+00:00","author":{"@id":"https:\/\/eurecat.org\/es\/#\/schema\/person\/def9217eded50ee57a9dc4cf0c883f80"},"description":"La pandemia de la Covid-19 ha supuesto un cambio tecnol\u00f3gico de gran magnitud, que ha acentuado la digitalizaci\u00f3n de nuestras vidas, de las empresas y de los sistemas de producci\u00f3n.","breadcrumb":{"@id":"https:\/\/eurecat.org\/es\/editorial-un-ano-de-cambios-tecnologicos-de-gran-intensidad\/#breadcrumb"},"inLanguage":"es","potentialAction":[{"@type":"ReadAction","target":["https:\/\/eurecat.org\/es\/editorial-un-ano-de-cambios-tecnologicos-de-gran-intensidad\/"]}]},{"@type":"ImageObject","inLanguage":"es","@id":"https:\/\/eurecat.org\/es\/editorial-un-ano-de-cambios-tecnologicos-de-gran-intensidad\/#primaryimage","url":"https:\/\/eurecat.org\/wp-content\/uploads\/2019\/11\/Xavier_Torra_600-X-400.jpg","contentUrl":"https:\/\/eurecat.org\/wp-content\/uploads\/2019\/11\/Xavier_Torra_600-X-400.jpg","width":600,"height":400,"caption":"xavier torra eurecat"},{"@type":"BreadcrumbList","@id":"https:\/\/eurecat.org\/es\/editorial-un-ano-de-cambios-tecnologicos-de-gran-intensidad\/#breadcrumb","itemListElement":[{"@type":"ListItem","position":1,"name":"Inici","item":"https:\/\/eurecat.org\/es\/"},{"@type":"ListItem","position":2,"name":"Editorial: Un a\u00f1o de cambios tecnol\u00f3gicos de gran intensidad"}]},{"@type":"WebSite","@id":"https:\/\/eurecat.org\/es\/#website","url":"https:\/\/eurecat.org\/es\/","name":"Eurecat","description":"Otro sitio realizado con WordPress","potentialAction":[{"@type":"SearchAction","target":{"@type":"EntryPoint","urlTemplate":"https:\/\/eurecat.org\/es\/?s={search_term_string}"},"query-input":{"@type":"PropertyValueSpecification","valueRequired":true,"valueName":"search_term_string"}}],"inLanguage":"es"},{"@type":"Person","@id":"https:\/\/eurecat.org\/es\/#\/schema\/person\/def9217eded50ee57a9dc4cf0c883f80","name":"EurecatEG","image":{"@type":"ImageObject","inLanguage":"es","@id":"https:\/\/secure.gravatar.com\/avatar\/f40dd9b6ecd3e5c591f3c9b033e495ee0ec9877ba77249fbf268b3889350c824?s=96&d=mm&r=g","url":"https:\/\/secure.gravatar.com\/avatar\/f40dd9b6ecd3e5c591f3c9b033e495ee0ec9877ba77249fbf268b3889350c824?s=96&d=mm&r=g","contentUrl":"https:\/\/secure.gravatar.com\/avatar\/f40dd9b6ecd3e5c591f3c9b033e495ee0ec9877ba77249fbf268b3889350c824?s=96&d=mm&r=g","caption":"EurecatEG"}}]}},"_links":{"self":[{"href":"https:\/\/eurecat.org\/es\/wp-json\/wp\/v2\/posts\/114219","targetHints":{"allow":["GET"]}}],"collection":[{"href":"https:\/\/eurecat.org\/es\/wp-json\/wp\/v2\/posts"}],"about":[{"href":"https:\/\/eurecat.org\/es\/wp-json\/wp\/v2\/types\/post"}],"author":[{"embeddable":true,"href":"https:\/\/eurecat.org\/es\/wp-json\/wp\/v2\/users\/12"}],"replies":[{"embeddable":true,"href":"https:\/\/eurecat.org\/es\/wp-json\/wp\/v2\/comments?post=114219"}],"version-history":[{"count":0,"href":"https:\/\/eurecat.org\/es\/wp-json\/wp\/v2\/posts\/114219\/revisions"}],"wp:featuredmedia":[{"embeddable":true,"href":"https:\/\/eurecat.org\/es\/wp-json\/wp\/v2\/media\/93310"}],"wp:attachment":[{"href":"https:\/\/eurecat.org\/es\/wp-json\/wp\/v2\/media?parent=114219"}],"wp:term":[{"taxonomy":"category","embeddable":true,"href":"https:\/\/eurecat.org\/es\/wp-json\/wp\/v2\/categories?post=114219"},{"taxonomy":"post_tag","embeddable":true,"href":"https:\/\/eurecat.org\/es\/wp-json\/wp\/v2\/tags?post=114219"}],"curies":[{"name":"wp","href":"https:\/\/api.w.org\/{rel}","templated":true}]}}