{"id":114223,"date":"2019-09-26T07:01:56","date_gmt":"2019-09-26T07:01:56","guid":{"rendered":"https:\/\/eurecat.org\/?p=114223"},"modified":"2021-05-06T07:04:52","modified_gmt":"2021-05-06T07:04:52","slug":"editorial-un-equipo-preparado-clave-para-el-exito","status":"publish","type":"post","link":"https:\/\/eurecat.org\/es\/editorial-un-equipo-preparado-clave-para-el-exito\/","title":{"rendered":"Editorial: Un equipo preparado, clave para el \u00e9xito"},"content":{"rendered":"<p><img decoding=\"async\" class=\"wp-image-99544 size-medium alignleft\" src=\"https:\/\/eurecat.org\/wp-content\/uploads\/2020\/04\/xavier-torra-600-X-400-300x200.jpg\" alt=\"\" width=\"300\" height=\"200\" srcset=\"https:\/\/eurecat.org\/wp-content\/uploads\/2020\/04\/xavier-torra-600-X-400-200x133.jpg 200w, https:\/\/eurecat.org\/wp-content\/uploads\/2020\/04\/xavier-torra-600-X-400-300x200.jpg 300w, https:\/\/eurecat.org\/wp-content\/uploads\/2020\/04\/xavier-torra-600-X-400-400x267.jpg 400w, https:\/\/eurecat.org\/wp-content\/uploads\/2020\/04\/xavier-torra-600-X-400.jpg 600w\" sizes=\"(max-width: 300px) 100vw, 300px\" \/><\/p>\n<p>Impulsar la transferencia de conocimiento tecnol\u00f3gico al tejido empresarial e industrial es uno de los objetivos prioritarios que nos hemos fijado desde los inicios en Eurecat. Se trata de una pieza estrat\u00e9gica para poder fortalecer la productividad y la competitividad, en un mercado global muy din\u00e1mico y exigente, marcado por el impacto de la digitalizaci\u00f3n, de la industria 4.0 y de tecnolog\u00edas con un alto componente disruptivo. Un paso importante en este sentido es la creaci\u00f3n de Eurecat Academy, una nueva plataforma que acabamos de poner en funcionamiento para resolver los retos y las necesidades m\u00e1s inmediatas que tienen tanto las grandes como las peque\u00f1as y medianas empresas relativas a la formaci\u00f3n tecnol\u00f3gica de sus equipos, desde una \u00f3ptica muy pr\u00e1ctica y con un alto rigor acad\u00e9mico.<\/p>\n<p>La digitalizaci\u00f3n y la irrupci\u00f3n de la industria 4.0 est\u00e1n cambiando internamente las empresas y han hecho entrar de golpe casi una decena de nuevas tecnolog\u00edas que cambian los esquemas tradicionales. Ante este cambio de paradigma, es fundamental poder contar con un equipo formado en las nuevas tecnolog\u00edas y con capacidad de prever impacto en clave de negocio, para adoptar soluciones innovadoras en \u00e1reas muy nuevas y dif\u00edciles de dominar, como la anal\u00edtica de datos, la Internet de las Cosas o la ciberseguridad.<\/p>\n<p>Este nuevo paisaje establece tambi\u00e9n unas pautas y unos ritmos muy r\u00e1pidos y exigentes desde el punto de vista tecnol\u00f3gico, a la vez que incide en habilidades como el liderazgo, el trabajo en equipo, la creatividad y la adaptabilidad a los cambios. Por ello, la capacidad de formarse continuamente durante toda la carrera laboral est\u00e1 siendo una de las principales demandas de las empresas respecto a los profesionales y en Eurecat queremos estar a su lado para facilitar el camino. Nuestro director de Formaci\u00f3n, Marc Capellades, aporta reflexiones y argumentos en esta l\u00ednea en la entrevista del presente newsletter, que incluye tambi\u00e9n informaci\u00f3n sobre un nuevo hormig\u00f3n transl\u00facido que hemos desarrollado con Escofet, con un gran potencial de aplicaci\u00f3n. Tambi\u00e9n encontrar\u00e1 innovaciones relacionadas con el turismo, la salud y la gesti\u00f3n del agua y novedades vinculadas a tecnolog\u00edas como la rob\u00f3tica a\u00e9rea, el Big Data y la Inteligencia Artificial. Os aportamos, adem\u00e1s, un enlace de que pueda descargar la memoria de 2018, donde podr\u00e1 consultar nuestros proyectos y propuestas en innovaci\u00f3n tecnol\u00f3gica, un \u00e1mbito en el que crecemos continuamente gracias a la implicaci\u00f3n y el talento de nuestro equipo y a la complicidad de todas las empresas y organizaciones que nos depositan su confianza.<\/p>\n<p><strong>Xavier Torra<\/strong><\/p>\n<p><strong>Presidente de Eurecat, Centro Tecnol\u00f3gico de Catalu\u00f1a<\/strong><\/p>\n","protected":false},"excerpt":{"rendered":"<p>Impulsar la transferencia de conocimiento tecnol\u00f3gico al tejido empresarial e industrial es uno de los objetivos prioritarios que nos hemos fijado desde los inicios en Eurecat. Se trata de una pieza estrat\u00e9gica para poder fortalecer la productividad y la competitividad, en un mercado global muy din\u00e1mico y exigente, marcado por el impacto de la digitalizaci\u00f3n,  [&#8230;]<\/p>\n","protected":false},"author":12,"featured_media":99546,"comment_status":"open","ping_status":"closed","sticky":false,"template":"","format":"standard","meta":{"footnotes":""},"categories":[133,2217],"tags":[],"class_list":["post-114223","post","type-post","status-publish","format-standard","has-post-thumbnail","hentry","category-blog","category-editorial"],"yoast_head":"<!-- This site is optimized with the Yoast SEO plugin v27.4 - https:\/\/yoast.com\/product\/yoast-seo-wordpress\/ -->\n<title>Editorial: Un equipo preparado, clave para el \u00e9xito - Eurecat<\/title>\n<meta name=\"description\" content=\"Impulsar la transferencia de conocimiento tecnol\u00f3gico al tejido empresarial e industrial es uno de los objetivos prioritarios que nos hemos fijado desde los inicios en Eurecat.\" \/>\n<meta name=\"robots\" content=\"index, follow, max-snippet:-1, max-image-preview:large, max-video-preview:-1\" \/>\n<link rel=\"canonical\" href=\"https:\/\/eurecat.org\/es\/editorial-un-equipo-preparado-clave-para-el-exito\/\" \/>\n<meta property=\"og:locale\" content=\"es_ES\" \/>\n<meta property=\"og:type\" content=\"article\" \/>\n<meta property=\"og:title\" content=\"Editorial: Un equipo preparado, clave para el \u00e9xito - Eurecat\" \/>\n<meta property=\"og:description\" content=\"Impulsar la transferencia de conocimiento tecnol\u00f3gico al tejido empresarial e industrial es uno de los objetivos prioritarios que nos hemos fijado desde los inicios en Eurecat.\" \/>\n<meta property=\"og:url\" content=\"https:\/\/eurecat.org\/es\/editorial-un-equipo-preparado-clave-para-el-exito\/\" \/>\n<meta property=\"og:site_name\" content=\"Eurecat\" \/>\n<meta property=\"article:published_time\" content=\"2019-09-26T07:01:56+00:00\" \/>\n<meta property=\"article:modified_time\" content=\"2021-05-06T07:04:52+00:00\" \/>\n<meta property=\"og:image\" content=\"https:\/\/eurecat.org\/wp-content\/uploads\/2020\/04\/xavier-torra-600-X-400.jpg\" \/>\n\t<meta property=\"og:image:width\" content=\"600\" \/>\n\t<meta property=\"og:image:height\" content=\"400\" \/>\n\t<meta property=\"og:image:type\" content=\"image\/jpeg\" \/>\n<meta name=\"author\" content=\"EurecatEG\" \/>\n<meta name=\"twitter:card\" content=\"summary_large_image\" \/>\n<meta name=\"twitter:label1\" content=\"Escrito por\" \/>\n\t<meta name=\"twitter:data1\" content=\"EurecatEG\" \/>\n\t<meta name=\"twitter:label2\" content=\"Tiempo de lectura\" \/>\n\t<meta name=\"twitter:data2\" content=\"3 minutos\" \/>\n<script type=\"application\/ld+json\" class=\"yoast-schema-graph\">{\"@context\":\"https:\\\/\\\/schema.org\",\"@graph\":[{\"@type\":\"Article\",\"@id\":\"https:\\\/\\\/eurecat.org\\\/es\\\/editorial-un-equipo-preparado-clave-para-el-exito\\\/#article\",\"isPartOf\":{\"@id\":\"https:\\\/\\\/eurecat.org\\\/es\\\/editorial-un-equipo-preparado-clave-para-el-exito\\\/\"},\"author\":{\"name\":\"EurecatEG\",\"@id\":\"https:\\\/\\\/eurecat.org\\\/es\\\/#\\\/schema\\\/person\\\/def9217eded50ee57a9dc4cf0c883f80\"},\"headline\":\"Editorial: Un equipo preparado, clave para el \u00e9xito\",\"datePublished\":\"2019-09-26T07:01:56+00:00\",\"dateModified\":\"2021-05-06T07:04:52+00:00\",\"mainEntityOfPage\":{\"@id\":\"https:\\\/\\\/eurecat.org\\\/es\\\/editorial-un-equipo-preparado-clave-para-el-exito\\\/\"},\"wordCount\":468,\"commentCount\":0,\"image\":{\"@id\":\"https:\\\/\\\/eurecat.org\\\/es\\\/editorial-un-equipo-preparado-clave-para-el-exito\\\/#primaryimage\"},\"thumbnailUrl\":\"https:\\\/\\\/eurecat.org\\\/wp-content\\\/uploads\\\/2020\\\/04\\\/xavier-torra-600-X-400.jpg\",\"articleSection\":[\"Blog\",\"Editorial\"],\"inLanguage\":\"es\",\"potentialAction\":[{\"@type\":\"CommentAction\",\"name\":\"Comment\",\"target\":[\"https:\\\/\\\/eurecat.org\\\/es\\\/editorial-un-equipo-preparado-clave-para-el-exito\\\/#respond\"]}]},{\"@type\":\"WebPage\",\"@id\":\"https:\\\/\\\/eurecat.org\\\/es\\\/editorial-un-equipo-preparado-clave-para-el-exito\\\/\",\"url\":\"https:\\\/\\\/eurecat.org\\\/es\\\/editorial-un-equipo-preparado-clave-para-el-exito\\\/\",\"name\":\"Editorial: Un equipo preparado, clave para el \u00e9xito - Eurecat\",\"isPartOf\":{\"@id\":\"https:\\\/\\\/eurecat.org\\\/es\\\/#website\"},\"primaryImageOfPage\":{\"@id\":\"https:\\\/\\\/eurecat.org\\\/es\\\/editorial-un-equipo-preparado-clave-para-el-exito\\\/#primaryimage\"},\"image\":{\"@id\":\"https:\\\/\\\/eurecat.org\\\/es\\\/editorial-un-equipo-preparado-clave-para-el-exito\\\/#primaryimage\"},\"thumbnailUrl\":\"https:\\\/\\\/eurecat.org\\\/wp-content\\\/uploads\\\/2020\\\/04\\\/xavier-torra-600-X-400.jpg\",\"datePublished\":\"2019-09-26T07:01:56+00:00\",\"dateModified\":\"2021-05-06T07:04:52+00:00\",\"author\":{\"@id\":\"https:\\\/\\\/eurecat.org\\\/es\\\/#\\\/schema\\\/person\\\/def9217eded50ee57a9dc4cf0c883f80\"},\"description\":\"Impulsar la transferencia de conocimiento tecnol\u00f3gico al tejido empresarial e industrial es uno de los objetivos prioritarios que nos hemos fijado desde los inicios en Eurecat.\",\"breadcrumb\":{\"@id\":\"https:\\\/\\\/eurecat.org\\\/es\\\/editorial-un-equipo-preparado-clave-para-el-exito\\\/#breadcrumb\"},\"inLanguage\":\"es\",\"potentialAction\":[{\"@type\":\"ReadAction\",\"target\":[\"https:\\\/\\\/eurecat.org\\\/es\\\/editorial-un-equipo-preparado-clave-para-el-exito\\\/\"]}]},{\"@type\":\"ImageObject\",\"inLanguage\":\"es\",\"@id\":\"https:\\\/\\\/eurecat.org\\\/es\\\/editorial-un-equipo-preparado-clave-para-el-exito\\\/#primaryimage\",\"url\":\"https:\\\/\\\/eurecat.org\\\/wp-content\\\/uploads\\\/2020\\\/04\\\/xavier-torra-600-X-400.jpg\",\"contentUrl\":\"https:\\\/\\\/eurecat.org\\\/wp-content\\\/uploads\\\/2020\\\/04\\\/xavier-torra-600-X-400.jpg\",\"width\":600,\"height\":400},{\"@type\":\"BreadcrumbList\",\"@id\":\"https:\\\/\\\/eurecat.org\\\/es\\\/editorial-un-equipo-preparado-clave-para-el-exito\\\/#breadcrumb\",\"itemListElement\":[{\"@type\":\"ListItem\",\"position\":1,\"name\":\"Inici\",\"item\":\"https:\\\/\\\/eurecat.org\\\/es\\\/\"},{\"@type\":\"ListItem\",\"position\":2,\"name\":\"Editorial: Un equipo preparado, clave para el \u00e9xito\"}]},{\"@type\":\"WebSite\",\"@id\":\"https:\\\/\\\/eurecat.org\\\/es\\\/#website\",\"url\":\"https:\\\/\\\/eurecat.org\\\/es\\\/\",\"name\":\"Eurecat\",\"description\":\"Otro sitio realizado con WordPress\",\"potentialAction\":[{\"@type\":\"SearchAction\",\"target\":{\"@type\":\"EntryPoint\",\"urlTemplate\":\"https:\\\/\\\/eurecat.org\\\/es\\\/?s={search_term_string}\"},\"query-input\":{\"@type\":\"PropertyValueSpecification\",\"valueRequired\":true,\"valueName\":\"search_term_string\"}}],\"inLanguage\":\"es\"},{\"@type\":\"Person\",\"@id\":\"https:\\\/\\\/eurecat.org\\\/es\\\/#\\\/schema\\\/person\\\/def9217eded50ee57a9dc4cf0c883f80\",\"name\":\"EurecatEG\",\"image\":{\"@type\":\"ImageObject\",\"inLanguage\":\"es\",\"@id\":\"https:\\\/\\\/secure.gravatar.com\\\/avatar\\\/f40dd9b6ecd3e5c591f3c9b033e495ee0ec9877ba77249fbf268b3889350c824?s=96&d=mm&r=g\",\"url\":\"https:\\\/\\\/secure.gravatar.com\\\/avatar\\\/f40dd9b6ecd3e5c591f3c9b033e495ee0ec9877ba77249fbf268b3889350c824?s=96&d=mm&r=g\",\"contentUrl\":\"https:\\\/\\\/secure.gravatar.com\\\/avatar\\\/f40dd9b6ecd3e5c591f3c9b033e495ee0ec9877ba77249fbf268b3889350c824?s=96&d=mm&r=g\",\"caption\":\"EurecatEG\"}}]}<\/script>\n<!-- \/ Yoast SEO plugin. -->","yoast_head_json":{"title":"Editorial: Un equipo preparado, clave para el \u00e9xito - Eurecat","description":"Impulsar la transferencia de conocimiento tecnol\u00f3gico al tejido empresarial e industrial es uno de los objetivos prioritarios que nos hemos fijado desde los inicios en Eurecat.","robots":{"index":"index","follow":"follow","max-snippet":"max-snippet:-1","max-image-preview":"max-image-preview:large","max-video-preview":"max-video-preview:-1"},"canonical":"https:\/\/eurecat.org\/es\/editorial-un-equipo-preparado-clave-para-el-exito\/","og_locale":"es_ES","og_type":"article","og_title":"Editorial: Un equipo preparado, clave para el \u00e9xito - Eurecat","og_description":"Impulsar la transferencia de conocimiento tecnol\u00f3gico al tejido empresarial e industrial es uno de los objetivos prioritarios que nos hemos fijado desde los inicios en Eurecat.","og_url":"https:\/\/eurecat.org\/es\/editorial-un-equipo-preparado-clave-para-el-exito\/","og_site_name":"Eurecat","article_published_time":"2019-09-26T07:01:56+00:00","article_modified_time":"2021-05-06T07:04:52+00:00","og_image":[{"width":600,"height":400,"url":"https:\/\/eurecat.org\/wp-content\/uploads\/2020\/04\/xavier-torra-600-X-400.jpg","type":"image\/jpeg"}],"author":"EurecatEG","twitter_card":"summary_large_image","twitter_misc":{"Escrito por":"EurecatEG","Tiempo de lectura":"3 minutos"},"schema":{"@context":"https:\/\/schema.org","@graph":[{"@type":"Article","@id":"https:\/\/eurecat.org\/es\/editorial-un-equipo-preparado-clave-para-el-exito\/#article","isPartOf":{"@id":"https:\/\/eurecat.org\/es\/editorial-un-equipo-preparado-clave-para-el-exito\/"},"author":{"name":"EurecatEG","@id":"https:\/\/eurecat.org\/es\/#\/schema\/person\/def9217eded50ee57a9dc4cf0c883f80"},"headline":"Editorial: Un equipo preparado, clave para el \u00e9xito","datePublished":"2019-09-26T07:01:56+00:00","dateModified":"2021-05-06T07:04:52+00:00","mainEntityOfPage":{"@id":"https:\/\/eurecat.org\/es\/editorial-un-equipo-preparado-clave-para-el-exito\/"},"wordCount":468,"commentCount":0,"image":{"@id":"https:\/\/eurecat.org\/es\/editorial-un-equipo-preparado-clave-para-el-exito\/#primaryimage"},"thumbnailUrl":"https:\/\/eurecat.org\/wp-content\/uploads\/2020\/04\/xavier-torra-600-X-400.jpg","articleSection":["Blog","Editorial"],"inLanguage":"es","potentialAction":[{"@type":"CommentAction","name":"Comment","target":["https:\/\/eurecat.org\/es\/editorial-un-equipo-preparado-clave-para-el-exito\/#respond"]}]},{"@type":"WebPage","@id":"https:\/\/eurecat.org\/es\/editorial-un-equipo-preparado-clave-para-el-exito\/","url":"https:\/\/eurecat.org\/es\/editorial-un-equipo-preparado-clave-para-el-exito\/","name":"Editorial: Un equipo preparado, clave para el \u00e9xito - Eurecat","isPartOf":{"@id":"https:\/\/eurecat.org\/es\/#website"},"primaryImageOfPage":{"@id":"https:\/\/eurecat.org\/es\/editorial-un-equipo-preparado-clave-para-el-exito\/#primaryimage"},"image":{"@id":"https:\/\/eurecat.org\/es\/editorial-un-equipo-preparado-clave-para-el-exito\/#primaryimage"},"thumbnailUrl":"https:\/\/eurecat.org\/wp-content\/uploads\/2020\/04\/xavier-torra-600-X-400.jpg","datePublished":"2019-09-26T07:01:56+00:00","dateModified":"2021-05-06T07:04:52+00:00","author":{"@id":"https:\/\/eurecat.org\/es\/#\/schema\/person\/def9217eded50ee57a9dc4cf0c883f80"},"description":"Impulsar la transferencia de conocimiento tecnol\u00f3gico al tejido empresarial e industrial es uno de los objetivos prioritarios que nos hemos fijado desde los inicios en Eurecat.","breadcrumb":{"@id":"https:\/\/eurecat.org\/es\/editorial-un-equipo-preparado-clave-para-el-exito\/#breadcrumb"},"inLanguage":"es","potentialAction":[{"@type":"ReadAction","target":["https:\/\/eurecat.org\/es\/editorial-un-equipo-preparado-clave-para-el-exito\/"]}]},{"@type":"ImageObject","inLanguage":"es","@id":"https:\/\/eurecat.org\/es\/editorial-un-equipo-preparado-clave-para-el-exito\/#primaryimage","url":"https:\/\/eurecat.org\/wp-content\/uploads\/2020\/04\/xavier-torra-600-X-400.jpg","contentUrl":"https:\/\/eurecat.org\/wp-content\/uploads\/2020\/04\/xavier-torra-600-X-400.jpg","width":600,"height":400},{"@type":"BreadcrumbList","@id":"https:\/\/eurecat.org\/es\/editorial-un-equipo-preparado-clave-para-el-exito\/#breadcrumb","itemListElement":[{"@type":"ListItem","position":1,"name":"Inici","item":"https:\/\/eurecat.org\/es\/"},{"@type":"ListItem","position":2,"name":"Editorial: Un equipo preparado, clave para el \u00e9xito"}]},{"@type":"WebSite","@id":"https:\/\/eurecat.org\/es\/#website","url":"https:\/\/eurecat.org\/es\/","name":"Eurecat","description":"Otro sitio realizado con WordPress","potentialAction":[{"@type":"SearchAction","target":{"@type":"EntryPoint","urlTemplate":"https:\/\/eurecat.org\/es\/?s={search_term_string}"},"query-input":{"@type":"PropertyValueSpecification","valueRequired":true,"valueName":"search_term_string"}}],"inLanguage":"es"},{"@type":"Person","@id":"https:\/\/eurecat.org\/es\/#\/schema\/person\/def9217eded50ee57a9dc4cf0c883f80","name":"EurecatEG","image":{"@type":"ImageObject","inLanguage":"es","@id":"https:\/\/secure.gravatar.com\/avatar\/f40dd9b6ecd3e5c591f3c9b033e495ee0ec9877ba77249fbf268b3889350c824?s=96&d=mm&r=g","url":"https:\/\/secure.gravatar.com\/avatar\/f40dd9b6ecd3e5c591f3c9b033e495ee0ec9877ba77249fbf268b3889350c824?s=96&d=mm&r=g","contentUrl":"https:\/\/secure.gravatar.com\/avatar\/f40dd9b6ecd3e5c591f3c9b033e495ee0ec9877ba77249fbf268b3889350c824?s=96&d=mm&r=g","caption":"EurecatEG"}}]}},"_links":{"self":[{"href":"https:\/\/eurecat.org\/es\/wp-json\/wp\/v2\/posts\/114223","targetHints":{"allow":["GET"]}}],"collection":[{"href":"https:\/\/eurecat.org\/es\/wp-json\/wp\/v2\/posts"}],"about":[{"href":"https:\/\/eurecat.org\/es\/wp-json\/wp\/v2\/types\/post"}],"author":[{"embeddable":true,"href":"https:\/\/eurecat.org\/es\/wp-json\/wp\/v2\/users\/12"}],"replies":[{"embeddable":true,"href":"https:\/\/eurecat.org\/es\/wp-json\/wp\/v2\/comments?post=114223"}],"version-history":[{"count":0,"href":"https:\/\/eurecat.org\/es\/wp-json\/wp\/v2\/posts\/114223\/revisions"}],"wp:featuredmedia":[{"embeddable":true,"href":"https:\/\/eurecat.org\/es\/wp-json\/wp\/v2\/media\/99546"}],"wp:attachment":[{"href":"https:\/\/eurecat.org\/es\/wp-json\/wp\/v2\/media?parent=114223"}],"wp:term":[{"taxonomy":"category","embeddable":true,"href":"https:\/\/eurecat.org\/es\/wp-json\/wp\/v2\/categories?post=114223"},{"taxonomy":"post_tag","embeddable":true,"href":"https:\/\/eurecat.org\/es\/wp-json\/wp\/v2\/tags?post=114223"}],"curies":[{"name":"wp","href":"https:\/\/api.w.org\/{rel}","templated":true}]}}